{"id":20157,"date":"2020-05-14T14:12:43","date_gmt":"2020-05-14T12:12:43","guid":{"rendered":"https:\/\/www.cfpmaresme.org\/?p=20157"},"modified":"2020-05-14T14:12:43","modified_gmt":"2020-05-14T12:12:43","slug":"programas-de-formacion-e-insercion-laboral-es-momento-de-saber-cual-es-el-tuyo","status":"publish","type":"post","link":"https:\/\/cfpmaresme.org\/es\/programas-de-formacion-e-insercion-laboral-es-momento-de-saber-cual-es-el-tuyo\/","title":{"rendered":"Programas de Formaci\u00f3n e Inserci\u00f3n Laboral: es momento de saber cu\u00e1l es el tuyo"},"content":{"rendered":"<p>Sabemos que la formaci\u00f3n es clave para acceder al mercado laboral. Ahora es el momento de plantearte si quieres hacer alg\u00fan Programa de Formaci\u00f3n e Inserci\u00f3n el pr\u00f3ximo curso.<\/p>\n<p>Te presentamos <strong>algunas de les formaciones<\/strong> que se impartir\u00e1n en Matar\u00f3 y Argentona y, si todav\u00eda no tienes claro qu\u00e9 quieres hacer y d\u00f3nde, <strong>recursos que te ayudar\u00e1n a decidirlo.\u00a0<\/strong><\/p>\n<p><strong>\u00a0<\/strong><\/p>\n<p><strong>Escola Pia Santa Anna de Matar\u00f3:<\/strong><\/p>\n<p>Auxiliar de actividades de oficina y en servicios administrativos generales<\/p>\n<p>Auxiliar de montaje y mantenimiento de equipos inform\u00e1ticos<\/p>\n<p><a href=\"https:\/\/mataro.escolapia.cat\/etapes\/formacio-professional\/cas-ppa-pfi\/pfi\/\" target=\"_blank\" rel=\"noopener noreferrer\">Consulta<\/a> los detalles de los programas.<\/p>\n<p>&nbsp;<\/p>\n<p><strong>INS Miquel Biada de Matar\u00f3:\u00a0\u00a0 <\/strong><\/p>\n<ul>\n<li>Auxiliar en oficina y servicios administrativos:\u00a0 puedes hacer la formaci\u00f3n de <a href=\"https:\/\/biada.org\/wp-content\/uploads\/2020\/04\/2020-PFI-ADM-fulleto\u0301.pdf\" target=\"_blank\" rel=\"noopener noreferrer\">un a\u00f1o<\/a> o de <a href=\"http:\/\/biada.org\/wp-content\/uploads\/2015\/11\/Auxiliaractivitatsoficinaserveisadministratiusgenerals.pdf\" target=\"_blank\" rel=\"noopener noreferrer\">dos.\u00a0<\/a><\/li>\n<li>Auxiliar de <a href=\"https:\/\/biada.org\/wp-content\/uploads\/2020\/04\/2020-PFI-IMG-fulleto\u0301.pdf\" target=\"_blank\" rel=\"noopener noreferrer\">imatgen personal<\/a>. Perruquer\u00eda.<\/li>\n<li>Auxiliar de<a href=\"https:\/\/biada.org\/wp-content\/uploads\/2020\/04\/2020-PFI-VIV-fulleto\u0301.pdf\" target=\"_blank\" rel=\"noopener noreferrer\"> jardiner\u00eda<\/a> (viveros y jardines).<\/li>\n<\/ul>\n<p>&nbsp;<\/p>\n<p><strong>Escuela de Adultos\u00a0 Can No\u00e9 de Matar\u00f3:<\/strong><\/p>\n<ul>\n<li>Auxiliar de hosteler\u00eda, cocina y servicios de restauraci\u00f3n<\/li>\n<li>Auxiliar de ventas, oficina y atenci\u00f3n al p\u00fablico<\/li>\n<\/ul>\n<p><a href=\"https:\/\/cannoe.es\/\" target=\"_blank\" rel=\"noopener noreferrer\">Consulta<\/a> los detalles aqu\u00ed.<\/p>\n<p>&nbsp;<\/p>\n<p><strong>En Argentona puedes cursar los siguientes programas:\u00a0<\/strong><\/p>\n<ul>\n<li>Auxiliar de pasteler\u00eda y de horner\u00eda<\/li>\n<li>Auxiliar de oficina y servicios administrativos generales<\/li>\n<\/ul>\n<p><a href=\"http:\/\/www.argentona.cat\/PFI\" target=\"_blank\" rel=\"noopener noreferrer\">Consulta<\/a> los detalles.<\/p>\n<p>&nbsp;<\/p>\n<p>Si antes de escoger qu\u00e9 formaci\u00f3n har\u00e1s, quieres ver un conjunto de todas las opciones que hay y centros donde cursarlas, estos recursos te ser\u00e1n de mucha utilidad:<\/p>\n<p>\u00bfQu\u00e9 fam\u00edlias profesionales existen, <a href=\"http:\/\/queestudiar.gencat.cat\/ca\/estudis\/pfi\/cicles\/\" target=\"_blank\" rel=\"noopener noreferrer\">qu\u00e9 puedo estudiar?\u00a0<\/a><\/p>\n<p>Gu\u00eda de centros, <a href=\"http:\/\/ensenyament.gencat.cat\/web\/.content\/home\/departament\/publicacions\/guies-estudis\/guia_pfi_centres.pdf\" target=\"_blank\" rel=\"noopener noreferrer\">\u00bfd\u00f3nde puedo estudiar?<\/a><\/p>\n<p>Me gustar\u00eda saber la oferta por localidad, <a href=\"http:\/\/queestudiar.gencat.cat\/web\/.content\/home\/preinscripcio\/estudis\/pfi\/consulta-centre\/oferta-pfi.pdf\" target=\"_blank\" rel=\"noopener noreferrer\">\u00bfqu\u00e9 puedo estudiar y d\u00f3nde?\u00a0<\/a><\/p>\n","protected":false},"excerpt":{"rendered":"<p>Sabemos que la formaci\u00f3n es clave para acceder al mercado laboral. Ahora es el momento de plantearte si quieres hacer alg\u00fan Programa de Formaci\u00f3n e Inserci\u00f3n el pr\u00f3ximo curso. Te presentamos algunas de les formaciones que se impartir\u00e1n en Matar\u00f3 y Argentona y, si todav\u00eda&#8230;<\/p>\n","protected":false},"author":2,"featured_media":20149,"comment_status":"open","ping_status":"open","sticky":false,"template":"","format":"standard","meta":{"footnotes":""},"categories":[1197,1226],"tags":[],"class_list":["post-20157","post","type-post","status-publish","format-standard","has-post-thumbnail","hentry","category-cfp-des-de-casa","category-formacion"],"yoast_head":"<!-- This site is optimized with the Yoast SEO plugin v27.4 - https:\/\/yoast.com\/product\/yoast-seo-wordpress\/ -->\n<title>Programas de Formaci\u00f3n e Inserci\u00f3n Laboral: es momento de saber cu\u00e1l es el tuyo | CFP Maresme<\/title>\n<meta name=\"robots\" content=\"index, follow, max-snippet:-1, max-image-preview:large, max-video-preview:-1\" \/>\n<link rel=\"canonical\" href=\"https:\/\/cfpmaresme.org\/es\/programas-de-formacion-e-insercion-laboral-es-momento-de-saber-cual-es-el-tuyo\/\" \/>\n<meta property=\"og:locale\" content=\"es_ES\" \/>\n<meta property=\"og:type\" content=\"article\" \/>\n<meta property=\"og:title\" content=\"Programas de Formaci\u00f3n e Inserci\u00f3n Laboral: es momento de saber cu\u00e1l es el tuyo | CFP Maresme\" \/>\n<meta property=\"og:description\" content=\"Sabemos que la formaci\u00f3n es clave para acceder al mercado laboral. Ahora es el momento de plantearte si quieres hacer alg\u00fan Programa de Formaci\u00f3n e Inserci\u00f3n el pr\u00f3ximo curso. Te presentamos algunas de les formaciones que se impartir\u00e1n en Matar\u00f3 y Argentona y, si todav\u00eda...\" \/>\n<meta property=\"og:url\" content=\"https:\/\/cfpmaresme.org\/es\/programas-de-formacion-e-insercion-laboral-es-momento-de-saber-cual-es-el-tuyo\/\" \/>\n<meta property=\"og:site_name\" content=\"CFP Maresme\" \/>\n<meta property=\"article:published_time\" content=\"2020-05-14T12:12:43+00:00\" \/>\n<meta property=\"og:image\" content=\"https:\/\/cfpmaresme.org\/wp-content\/uploads\/2020\/05\/campanya-agraria-verd-fulles.jpg\" \/>\n\t<meta property=\"og:image:width\" content=\"883\" \/>\n\t<meta property=\"og:image:height\" content=\"484\" \/>\n\t<meta property=\"og:image:type\" content=\"image\/jpeg\" \/>\n<meta name=\"author\" content=\"CFPMaresme\" \/>\n<meta name=\"twitter:card\" content=\"summary_large_image\" \/>\n<meta name=\"twitter:creator\" content=\"@cfpmaresme\" \/>\n<meta name=\"twitter:site\" content=\"@cfpmaresme\" \/>\n<meta name=\"twitter:label1\" content=\"Escrito por\" \/>\n\t<meta name=\"twitter:data1\" content=\"CFPMaresme\" \/>\n\t<meta name=\"twitter:label2\" content=\"Tiempo de lectura\" \/>\n\t<meta name=\"twitter:data2\" content=\"1 minuto\" \/>\n<script type=\"application\/ld+json\" class=\"yoast-schema-graph\">{\"@context\":\"https:\\\/\\\/schema.org\",\"@graph\":[{\"@type\":\"Article\",\"@id\":\"https:\\\/\\\/cfpmaresme.org\\\/es\\\/programas-de-formacion-e-insercion-laboral-es-momento-de-saber-cual-es-el-tuyo\\\/#article\",\"isPartOf\":{\"@id\":\"https:\\\/\\\/cfpmaresme.org\\\/es\\\/programas-de-formacion-e-insercion-laboral-es-momento-de-saber-cual-es-el-tuyo\\\/\"},\"author\":{\"name\":\"CFPMaresme\",\"@id\":\"https:\\\/\\\/cfpmaresme.org\\\/#\\\/schema\\\/person\\\/b2634bcd796fafc667ea4055f61b9b2c\"},\"headline\":\"Programas de Formaci\u00f3n e Inserci\u00f3n Laboral: es momento de saber cu\u00e1l es el tuyo\",\"datePublished\":\"2020-05-14T12:12:43+00:00\",\"mainEntityOfPage\":{\"@id\":\"https:\\\/\\\/cfpmaresme.org\\\/es\\\/programas-de-formacion-e-insercion-laboral-es-momento-de-saber-cual-es-el-tuyo\\\/\"},\"wordCount\":273,\"commentCount\":0,\"image\":{\"@id\":\"https:\\\/\\\/cfpmaresme.org\\\/es\\\/programas-de-formacion-e-insercion-laboral-es-momento-de-saber-cual-es-el-tuyo\\\/#primaryimage\"},\"thumbnailUrl\":\"https:\\\/\\\/cfpmaresme.org\\\/wp-content\\\/uploads\\\/2020\\\/05\\\/campanya-agraria-verd-fulles.jpg\",\"articleSection\":[\"CFP desde casa\",\"Formaci\u00f3n\"],\"inLanguage\":\"es\"},{\"@type\":\"WebPage\",\"@id\":\"https:\\\/\\\/cfpmaresme.org\\\/es\\\/programas-de-formacion-e-insercion-laboral-es-momento-de-saber-cual-es-el-tuyo\\\/\",\"url\":\"https:\\\/\\\/cfpmaresme.org\\\/es\\\/programas-de-formacion-e-insercion-laboral-es-momento-de-saber-cual-es-el-tuyo\\\/\",\"name\":\"Programas de Formaci\u00f3n e Inserci\u00f3n Laboral: es momento de saber cu\u00e1l es el tuyo | CFP Maresme\",\"isPartOf\":{\"@id\":\"https:\\\/\\\/cfpmaresme.org\\\/#website\"},\"primaryImageOfPage\":{\"@id\":\"https:\\\/\\\/cfpmaresme.org\\\/es\\\/programas-de-formacion-e-insercion-laboral-es-momento-de-saber-cual-es-el-tuyo\\\/#primaryimage\"},\"image\":{\"@id\":\"https:\\\/\\\/cfpmaresme.org\\\/es\\\/programas-de-formacion-e-insercion-laboral-es-momento-de-saber-cual-es-el-tuyo\\\/#primaryimage\"},\"thumbnailUrl\":\"https:\\\/\\\/cfpmaresme.org\\\/wp-content\\\/uploads\\\/2020\\\/05\\\/campanya-agraria-verd-fulles.jpg\",\"datePublished\":\"2020-05-14T12:12:43+00:00\",\"author\":{\"@id\":\"https:\\\/\\\/cfpmaresme.org\\\/#\\\/schema\\\/person\\\/b2634bcd796fafc667ea4055f61b9b2c\"},\"breadcrumb\":{\"@id\":\"https:\\\/\\\/cfpmaresme.org\\\/es\\\/programas-de-formacion-e-insercion-laboral-es-momento-de-saber-cual-es-el-tuyo\\\/#breadcrumb\"},\"inLanguage\":\"es\",\"potentialAction\":[{\"@type\":\"ReadAction\",\"target\":[\"https:\\\/\\\/cfpmaresme.org\\\/es\\\/programas-de-formacion-e-insercion-laboral-es-momento-de-saber-cual-es-el-tuyo\\\/\"]}]},{\"@type\":\"ImageObject\",\"inLanguage\":\"es\",\"@id\":\"https:\\\/\\\/cfpmaresme.org\\\/es\\\/programas-de-formacion-e-insercion-laboral-es-momento-de-saber-cual-es-el-tuyo\\\/#primaryimage\",\"url\":\"https:\\\/\\\/cfpmaresme.org\\\/wp-content\\\/uploads\\\/2020\\\/05\\\/campanya-agraria-verd-fulles.jpg\",\"contentUrl\":\"https:\\\/\\\/cfpmaresme.org\\\/wp-content\\\/uploads\\\/2020\\\/05\\\/campanya-agraria-verd-fulles.jpg\",\"width\":883,\"height\":484},{\"@type\":\"BreadcrumbList\",\"@id\":\"https:\\\/\\\/cfpmaresme.org\\\/es\\\/programas-de-formacion-e-insercion-laboral-es-momento-de-saber-cual-es-el-tuyo\\\/#breadcrumb\",\"itemListElement\":[{\"@type\":\"ListItem\",\"position\":1,\"name\":\"Home\",\"item\":\"https:\\\/\\\/cfpmaresme.org\\\/es\\\/\"},{\"@type\":\"ListItem\",\"position\":2,\"name\":\"Programas de Formaci\u00f3n e Inserci\u00f3n Laboral: es momento de saber cu\u00e1l es el tuyo\"}]},{\"@type\":\"WebSite\",\"@id\":\"https:\\\/\\\/cfpmaresme.org\\\/#website\",\"url\":\"https:\\\/\\\/cfpmaresme.org\\\/\",\"name\":\"CFP Maresme\",\"description\":\"Centre Formaci\u00f3 Prevenci\u00f3\",\"potentialAction\":[{\"@type\":\"SearchAction\",\"target\":{\"@type\":\"EntryPoint\",\"urlTemplate\":\"https:\\\/\\\/cfpmaresme.org\\\/?s={search_term_string}\"},\"query-input\":{\"@type\":\"PropertyValueSpecification\",\"valueRequired\":true,\"valueName\":\"search_term_string\"}}],\"inLanguage\":\"es\"},{\"@type\":\"Person\",\"@id\":\"https:\\\/\\\/cfpmaresme.org\\\/#\\\/schema\\\/person\\\/b2634bcd796fafc667ea4055f61b9b2c\",\"name\":\"CFPMaresme\"}]}<\/script>\n<!-- \/ Yoast SEO plugin. -->","yoast_head_json":{"title":"Programas de Formaci\u00f3n e Inserci\u00f3n Laboral: es momento de saber cu\u00e1l es el tuyo | CFP Maresme","robots":{"index":"index","follow":"follow","max-snippet":"max-snippet:-1","max-image-preview":"max-image-preview:large","max-video-preview":"max-video-preview:-1"},"canonical":"https:\/\/cfpmaresme.org\/es\/programas-de-formacion-e-insercion-laboral-es-momento-de-saber-cual-es-el-tuyo\/","og_locale":"es_ES","og_type":"article","og_title":"Programas de Formaci\u00f3n e Inserci\u00f3n Laboral: es momento de saber cu\u00e1l es el tuyo | CFP Maresme","og_description":"Sabemos que la formaci\u00f3n es clave para acceder al mercado laboral. Ahora es el momento de plantearte si quieres hacer alg\u00fan Programa de Formaci\u00f3n e Inserci\u00f3n el pr\u00f3ximo curso. Te presentamos algunas de les formaciones que se impartir\u00e1n en Matar\u00f3 y Argentona y, si todav\u00eda...","og_url":"https:\/\/cfpmaresme.org\/es\/programas-de-formacion-e-insercion-laboral-es-momento-de-saber-cual-es-el-tuyo\/","og_site_name":"CFP Maresme","article_published_time":"2020-05-14T12:12:43+00:00","og_image":[{"width":883,"height":484,"url":"https:\/\/cfpmaresme.org\/wp-content\/uploads\/2020\/05\/campanya-agraria-verd-fulles.jpg","type":"image\/jpeg"}],"author":"CFPMaresme","twitter_card":"summary_large_image","twitter_creator":"@cfpmaresme","twitter_site":"@cfpmaresme","twitter_misc":{"Escrito por":"CFPMaresme","Tiempo de lectura":"1 minuto"},"schema":{"@context":"https:\/\/schema.org","@graph":[{"@type":"Article","@id":"https:\/\/cfpmaresme.org\/es\/programas-de-formacion-e-insercion-laboral-es-momento-de-saber-cual-es-el-tuyo\/#article","isPartOf":{"@id":"https:\/\/cfpmaresme.org\/es\/programas-de-formacion-e-insercion-laboral-es-momento-de-saber-cual-es-el-tuyo\/"},"author":{"name":"CFPMaresme","@id":"https:\/\/cfpmaresme.org\/#\/schema\/person\/b2634bcd796fafc667ea4055f61b9b2c"},"headline":"Programas de Formaci\u00f3n e Inserci\u00f3n Laboral: es momento de saber cu\u00e1l es el tuyo","datePublished":"2020-05-14T12:12:43+00:00","mainEntityOfPage":{"@id":"https:\/\/cfpmaresme.org\/es\/programas-de-formacion-e-insercion-laboral-es-momento-de-saber-cual-es-el-tuyo\/"},"wordCount":273,"commentCount":0,"image":{"@id":"https:\/\/cfpmaresme.org\/es\/programas-de-formacion-e-insercion-laboral-es-momento-de-saber-cual-es-el-tuyo\/#primaryimage"},"thumbnailUrl":"https:\/\/cfpmaresme.org\/wp-content\/uploads\/2020\/05\/campanya-agraria-verd-fulles.jpg","articleSection":["CFP desde casa","Formaci\u00f3n"],"inLanguage":"es"},{"@type":"WebPage","@id":"https:\/\/cfpmaresme.org\/es\/programas-de-formacion-e-insercion-laboral-es-momento-de-saber-cual-es-el-tuyo\/","url":"https:\/\/cfpmaresme.org\/es\/programas-de-formacion-e-insercion-laboral-es-momento-de-saber-cual-es-el-tuyo\/","name":"Programas de Formaci\u00f3n e Inserci\u00f3n Laboral: es momento de saber cu\u00e1l es el tuyo | CFP Maresme","isPartOf":{"@id":"https:\/\/cfpmaresme.org\/#website"},"primaryImageOfPage":{"@id":"https:\/\/cfpmaresme.org\/es\/programas-de-formacion-e-insercion-laboral-es-momento-de-saber-cual-es-el-tuyo\/#primaryimage"},"image":{"@id":"https:\/\/cfpmaresme.org\/es\/programas-de-formacion-e-insercion-laboral-es-momento-de-saber-cual-es-el-tuyo\/#primaryimage"},"thumbnailUrl":"https:\/\/cfpmaresme.org\/wp-content\/uploads\/2020\/05\/campanya-agraria-verd-fulles.jpg","datePublished":"2020-05-14T12:12:43+00:00","author":{"@id":"https:\/\/cfpmaresme.org\/#\/schema\/person\/b2634bcd796fafc667ea4055f61b9b2c"},"breadcrumb":{"@id":"https:\/\/cfpmaresme.org\/es\/programas-de-formacion-e-insercion-laboral-es-momento-de-saber-cual-es-el-tuyo\/#breadcrumb"},"inLanguage":"es","potentialAction":[{"@type":"ReadAction","target":["https:\/\/cfpmaresme.org\/es\/programas-de-formacion-e-insercion-laboral-es-momento-de-saber-cual-es-el-tuyo\/"]}]},{"@type":"ImageObject","inLanguage":"es","@id":"https:\/\/cfpmaresme.org\/es\/programas-de-formacion-e-insercion-laboral-es-momento-de-saber-cual-es-el-tuyo\/#primaryimage","url":"https:\/\/cfpmaresme.org\/wp-content\/uploads\/2020\/05\/campanya-agraria-verd-fulles.jpg","contentUrl":"https:\/\/cfpmaresme.org\/wp-content\/uploads\/2020\/05\/campanya-agraria-verd-fulles.jpg","width":883,"height":484},{"@type":"BreadcrumbList","@id":"https:\/\/cfpmaresme.org\/es\/programas-de-formacion-e-insercion-laboral-es-momento-de-saber-cual-es-el-tuyo\/#breadcrumb","itemListElement":[{"@type":"ListItem","position":1,"name":"Home","item":"https:\/\/cfpmaresme.org\/es\/"},{"@type":"ListItem","position":2,"name":"Programas de Formaci\u00f3n e Inserci\u00f3n Laboral: es momento de saber cu\u00e1l es el tuyo"}]},{"@type":"WebSite","@id":"https:\/\/cfpmaresme.org\/#website","url":"https:\/\/cfpmaresme.org\/","name":"CFP Maresme","description":"Centre Formaci\u00f3 Prevenci\u00f3","potentialAction":[{"@type":"SearchAction","target":{"@type":"EntryPoint","urlTemplate":"https:\/\/cfpmaresme.org\/?s={search_term_string}"},"query-input":{"@type":"PropertyValueSpecification","valueRequired":true,"valueName":"search_term_string"}}],"inLanguage":"es"},{"@type":"Person","@id":"https:\/\/cfpmaresme.org\/#\/schema\/person\/b2634bcd796fafc667ea4055f61b9b2c","name":"CFPMaresme"}]}},"_links":{"self":[{"href":"https:\/\/cfpmaresme.org\/es\/wp-json\/wp\/v2\/posts\/20157","targetHints":{"allow":["GET"]}}],"collection":[{"href":"https:\/\/cfpmaresme.org\/es\/wp-json\/wp\/v2\/posts"}],"about":[{"href":"https:\/\/cfpmaresme.org\/es\/wp-json\/wp\/v2\/types\/post"}],"author":[{"embeddable":true,"href":"https:\/\/cfpmaresme.org\/es\/wp-json\/wp\/v2\/users\/2"}],"replies":[{"embeddable":true,"href":"https:\/\/cfpmaresme.org\/es\/wp-json\/wp\/v2\/comments?post=20157"}],"version-history":[{"count":1,"href":"https:\/\/cfpmaresme.org\/es\/wp-json\/wp\/v2\/posts\/20157\/revisions"}],"predecessor-version":[{"id":20159,"href":"https:\/\/cfpmaresme.org\/es\/wp-json\/wp\/v2\/posts\/20157\/revisions\/20159"}],"wp:featuredmedia":[{"embeddable":true,"href":"https:\/\/cfpmaresme.org\/es\/wp-json\/wp\/v2\/media\/20149"}],"wp:attachment":[{"href":"https:\/\/cfpmaresme.org\/es\/wp-json\/wp\/v2\/media?parent=20157"}],"wp:term":[{"taxonomy":"category","embeddable":true,"href":"https:\/\/cfpmaresme.org\/es\/wp-json\/wp\/v2\/categories?post=20157"},{"taxonomy":"post_tag","embeddable":true,"href":"https:\/\/cfpmaresme.org\/es\/wp-json\/wp\/v2\/tags?post=20157"}],"curies":[{"name":"wp","href":"https:\/\/api.w.org\/{rel}","templated":true}]}}