{"id":20165,"date":"2020-05-14T16:58:03","date_gmt":"2020-05-14T14:58:03","guid":{"rendered":"https:\/\/www.cfpmaresme.org\/?p=20165"},"modified":"2020-05-14T17:01:08","modified_gmt":"2020-05-14T15:01:08","slug":"un-dia-mas-el-rap-de-javier-paciente-del-srcmaresme","status":"publish","type":"post","link":"https:\/\/cfpmaresme.org\/es\/un-dia-mas-el-rap-de-javier-paciente-del-srcmaresme\/","title":{"rendered":"\u00abUn d\u00eda m\u00e1s\u00bb el rap de Javier, paciente del SRC Maresme"},"content":{"rendered":"<p>Javier es un paciente del SRC Maresme. <strong>Hace canciones de Rap<\/strong> y ha aprovechado estos d\u00edas de confinamiento para escribir y grabar una canci\u00f3n describiendo <strong>lo que siente un d\u00eda normal<\/strong> y corriente.<\/p>\n<p>\u00a1Una gran iniciativa!<\/p>\n<p>&nbsp;<\/p>\n<p>Os presentamos la letra y la canci\u00f3n:<\/p>\n<p>&nbsp;<\/p>\n<p><strong>Un d\u00eda m\u00e1s<\/strong><\/p>\n<p>Sale el sol por la ventana<\/p>\n<p>me levanto rezando a cristo<\/p>\n<p>me visto crey\u00e9ndome el m\u00e1s listo<\/p>\n<p>el espejo lo afirma<\/p>\n<p>tengo por el suelo la autoestima.<\/p>\n<p>me mir\u00e9 a los ojos<\/p>\n<p>sac\u00e1ndome los despojos<\/p>\n<p>me puse a rimar sobre los piojos<\/p>\n<p>y me llen\u00e9 de glorificaci\u00f3n.<\/p>\n<p>Desayunando con pasi\u00f3n<\/p>\n<p>escrib\u00ed esta canci\u00f3n<\/p>\n<p>por la tarde y solo en mi habitaci\u00f3n<\/p>\n<p>le d\u00ed de comer a mi ego por desesperaci\u00f3n<\/p>\n<p>degoll\u00e9 un porro y lo tir\u00e9 a la basura<\/p>\n<p>porque para mi herida no hay cura<\/p>\n<p>ni parche que evite que me desangre<\/p>\n<p>cada pensamiento hace que lo vomite<\/p>\n<p>cada mensaje que tengo de equipaje<\/p>\n<p>la vida hace que afloje<\/p>\n<p>as\u00ed que me qued\u00e9 pensando en mis errores<\/p>\n<p>cuantas veces le puse cojones<\/p>\n<p>ante esos desertores<\/p>\n<p>pero el odio me llev\u00f3 a odiarme a mi mismo.<\/p>\n<p>Nunca quise salir del abismo<\/p>\n<p>y ahora quiero salir<\/p>\n<p>pero como un m\u00e1rtir<\/p>\n<p>no soy fakir<\/p>\n<p>a mi me duelen los clavos<\/p>\n<p>estoy llorando sangre<\/p>\n<p>agarrando mi ego como un soldado un tanque.<\/p>\n<p>Hoy es un d\u00eda normal<\/p>\n<p>sinti\u00e9ndome emocional<\/p>\n<p>as\u00ed que llega la noche<\/p>\n<p>y no puedo dormir<\/p>\n<p>mi cora esta en derroche<\/p>\n<p>pensando en tu cara partir<\/p>\n<p>pa que fingir<\/p>\n<p>mira c\u00f3mo se pone a latir<\/p>\n<p>ahora escupo en el beat<\/p>\n<p>y mi alma muere en el intento.<\/p>\n<p>&nbsp;<\/p>\n<p><iframe loading=\"lazy\" src=\"https:\/\/www.youtube.com\/embed\/BD06xDJaag8\" width=\"560\" height=\"315\" frameborder=\"0\" allowfullscreen=\"allowfullscreen\"><\/iframe><\/p>\n","protected":false},"excerpt":{"rendered":"<p>Javier es un paciente del SRC Maresme. Hace canciones de Rap y ha aprovechado estos d\u00edas de confinamiento para escribir y grabar una canci\u00f3n describiendo lo que siente un d\u00eda normal y corriente. \u00a1Una gran iniciativa! &nbsp; Os presentamos la letra y la canci\u00f3n: &nbsp;&#8230;<\/p>\n","protected":false},"author":2,"featured_media":19543,"comment_status":"open","ping_status":"open","sticky":false,"template":"","format":"standard","meta":{"footnotes":""},"categories":[1197,1214],"tags":[],"class_list":["post-20165","post","type-post","status-publish","format-standard","has-post-thumbnail","hentry","category-cfp-des-de-casa","category-ocio"],"yoast_head":"<!-- This site is optimized with the Yoast SEO plugin v27.4 - https:\/\/yoast.com\/product\/yoast-seo-wordpress\/ -->\n<title>&quot;Un d\u00eda m\u00e1s&quot; el rap de Javier, paciente del SRC Maresme | CFP Maresme<\/title>\n<meta name=\"robots\" content=\"index, follow, max-snippet:-1, max-image-preview:large, max-video-preview:-1\" \/>\n<link rel=\"canonical\" href=\"https:\/\/cfpmaresme.org\/es\/un-dia-mas-el-rap-de-javier-paciente-del-srcmaresme\/\" \/>\n<meta property=\"og:locale\" content=\"es_ES\" \/>\n<meta property=\"og:type\" content=\"article\" \/>\n<meta property=\"og:title\" content=\"&quot;Un d\u00eda m\u00e1s&quot; el rap de Javier, paciente del SRC Maresme | CFP Maresme\" \/>\n<meta property=\"og:description\" content=\"Javier es un paciente del SRC Maresme. Hace canciones de Rap y ha aprovechado estos d\u00edas de confinamiento para escribir y grabar una canci\u00f3n describiendo lo que siente un d\u00eda normal y corriente. \u00a1Una gran iniciativa! &nbsp; Os presentamos la letra y la canci\u00f3n: &nbsp;...\" \/>\n<meta property=\"og:url\" content=\"https:\/\/cfpmaresme.org\/es\/un-dia-mas-el-rap-de-javier-paciente-del-srcmaresme\/\" \/>\n<meta property=\"og:site_name\" content=\"CFP Maresme\" \/>\n<meta property=\"article:published_time\" content=\"2020-05-14T14:58:03+00:00\" \/>\n<meta property=\"article:modified_time\" content=\"2020-05-14T15:01:08+00:00\" \/>\n<meta property=\"og:image\" content=\"https:\/\/cfpmaresme.org\/wp-content\/uploads\/2020\/04\/retallada-banner-publicacions-r\u00e0dio.jpg\" \/>\n\t<meta property=\"og:image:width\" content=\"951\" \/>\n\t<meta property=\"og:image:height\" content=\"443\" \/>\n\t<meta property=\"og:image:type\" content=\"image\/jpeg\" \/>\n<meta name=\"author\" content=\"CFPMaresme\" \/>\n<meta name=\"twitter:card\" content=\"summary_large_image\" \/>\n<meta name=\"twitter:creator\" content=\"@cfpmaresme\" \/>\n<meta name=\"twitter:site\" content=\"@cfpmaresme\" \/>\n<meta name=\"twitter:label1\" content=\"Escrito por\" \/>\n\t<meta name=\"twitter:data1\" content=\"CFPMaresme\" \/>\n\t<meta name=\"twitter:label2\" content=\"Tiempo de lectura\" \/>\n\t<meta name=\"twitter:data2\" content=\"1 minuto\" \/>\n<script type=\"application\/ld+json\" class=\"yoast-schema-graph\">{\"@context\":\"https:\\\/\\\/schema.org\",\"@graph\":[{\"@type\":\"Article\",\"@id\":\"https:\\\/\\\/cfpmaresme.org\\\/es\\\/un-dia-mas-el-rap-de-javier-paciente-del-srcmaresme\\\/#article\",\"isPartOf\":{\"@id\":\"https:\\\/\\\/cfpmaresme.org\\\/es\\\/un-dia-mas-el-rap-de-javier-paciente-del-srcmaresme\\\/\"},\"author\":{\"name\":\"CFPMaresme\",\"@id\":\"https:\\\/\\\/cfpmaresme.org\\\/#\\\/schema\\\/person\\\/b2634bcd796fafc667ea4055f61b9b2c\"},\"headline\":\"\u00abUn d\u00eda m\u00e1s\u00bb el rap de Javier, paciente del SRC Maresme\",\"datePublished\":\"2020-05-14T14:58:03+00:00\",\"dateModified\":\"2020-05-14T15:01:08+00:00\",\"mainEntityOfPage\":{\"@id\":\"https:\\\/\\\/cfpmaresme.org\\\/es\\\/un-dia-mas-el-rap-de-javier-paciente-del-srcmaresme\\\/\"},\"wordCount\":296,\"commentCount\":0,\"image\":{\"@id\":\"https:\\\/\\\/cfpmaresme.org\\\/es\\\/un-dia-mas-el-rap-de-javier-paciente-del-srcmaresme\\\/#primaryimage\"},\"thumbnailUrl\":\"https:\\\/\\\/cfpmaresme.org\\\/wp-content\\\/uploads\\\/2020\\\/04\\\/retallada-banner-publicacions-r\u00e0dio.jpg\",\"articleSection\":[\"CFP desde casa\",\"Ocio\"],\"inLanguage\":\"es\"},{\"@type\":\"WebPage\",\"@id\":\"https:\\\/\\\/cfpmaresme.org\\\/es\\\/un-dia-mas-el-rap-de-javier-paciente-del-srcmaresme\\\/\",\"url\":\"https:\\\/\\\/cfpmaresme.org\\\/es\\\/un-dia-mas-el-rap-de-javier-paciente-del-srcmaresme\\\/\",\"name\":\"\\\"Un d\u00eda m\u00e1s\\\" el rap de Javier, paciente del SRC Maresme | CFP Maresme\",\"isPartOf\":{\"@id\":\"https:\\\/\\\/cfpmaresme.org\\\/#website\"},\"primaryImageOfPage\":{\"@id\":\"https:\\\/\\\/cfpmaresme.org\\\/es\\\/un-dia-mas-el-rap-de-javier-paciente-del-srcmaresme\\\/#primaryimage\"},\"image\":{\"@id\":\"https:\\\/\\\/cfpmaresme.org\\\/es\\\/un-dia-mas-el-rap-de-javier-paciente-del-srcmaresme\\\/#primaryimage\"},\"thumbnailUrl\":\"https:\\\/\\\/cfpmaresme.org\\\/wp-content\\\/uploads\\\/2020\\\/04\\\/retallada-banner-publicacions-r\u00e0dio.jpg\",\"datePublished\":\"2020-05-14T14:58:03+00:00\",\"dateModified\":\"2020-05-14T15:01:08+00:00\",\"author\":{\"@id\":\"https:\\\/\\\/cfpmaresme.org\\\/#\\\/schema\\\/person\\\/b2634bcd796fafc667ea4055f61b9b2c\"},\"breadcrumb\":{\"@id\":\"https:\\\/\\\/cfpmaresme.org\\\/es\\\/un-dia-mas-el-rap-de-javier-paciente-del-srcmaresme\\\/#breadcrumb\"},\"inLanguage\":\"es\",\"potentialAction\":[{\"@type\":\"ReadAction\",\"target\":[\"https:\\\/\\\/cfpmaresme.org\\\/es\\\/un-dia-mas-el-rap-de-javier-paciente-del-srcmaresme\\\/\"]}]},{\"@type\":\"ImageObject\",\"inLanguage\":\"es\",\"@id\":\"https:\\\/\\\/cfpmaresme.org\\\/es\\\/un-dia-mas-el-rap-de-javier-paciente-del-srcmaresme\\\/#primaryimage\",\"url\":\"https:\\\/\\\/cfpmaresme.org\\\/wp-content\\\/uploads\\\/2020\\\/04\\\/retallada-banner-publicacions-r\u00e0dio.jpg\",\"contentUrl\":\"https:\\\/\\\/cfpmaresme.org\\\/wp-content\\\/uploads\\\/2020\\\/04\\\/retallada-banner-publicacions-r\u00e0dio.jpg\",\"width\":951,\"height\":443},{\"@type\":\"BreadcrumbList\",\"@id\":\"https:\\\/\\\/cfpmaresme.org\\\/es\\\/un-dia-mas-el-rap-de-javier-paciente-del-srcmaresme\\\/#breadcrumb\",\"itemListElement\":[{\"@type\":\"ListItem\",\"position\":1,\"name\":\"Home\",\"item\":\"https:\\\/\\\/cfpmaresme.org\\\/es\\\/\"},{\"@type\":\"ListItem\",\"position\":2,\"name\":\"\u00abUn d\u00eda m\u00e1s\u00bb el rap de Javier, paciente del SRC Maresme\"}]},{\"@type\":\"WebSite\",\"@id\":\"https:\\\/\\\/cfpmaresme.org\\\/#website\",\"url\":\"https:\\\/\\\/cfpmaresme.org\\\/\",\"name\":\"CFP Maresme\",\"description\":\"Centre Formaci\u00f3 Prevenci\u00f3\",\"potentialAction\":[{\"@type\":\"SearchAction\",\"target\":{\"@type\":\"EntryPoint\",\"urlTemplate\":\"https:\\\/\\\/cfpmaresme.org\\\/?s={search_term_string}\"},\"query-input\":{\"@type\":\"PropertyValueSpecification\",\"valueRequired\":true,\"valueName\":\"search_term_string\"}}],\"inLanguage\":\"es\"},{\"@type\":\"Person\",\"@id\":\"https:\\\/\\\/cfpmaresme.org\\\/#\\\/schema\\\/person\\\/b2634bcd796fafc667ea4055f61b9b2c\",\"name\":\"CFPMaresme\"}]}<\/script>\n<!-- \/ Yoast SEO plugin. -->","yoast_head_json":{"title":"\"Un d\u00eda m\u00e1s\" el rap de Javier, paciente del SRC Maresme | CFP Maresme","robots":{"index":"index","follow":"follow","max-snippet":"max-snippet:-1","max-image-preview":"max-image-preview:large","max-video-preview":"max-video-preview:-1"},"canonical":"https:\/\/cfpmaresme.org\/es\/un-dia-mas-el-rap-de-javier-paciente-del-srcmaresme\/","og_locale":"es_ES","og_type":"article","og_title":"\"Un d\u00eda m\u00e1s\" el rap de Javier, paciente del SRC Maresme | CFP Maresme","og_description":"Javier es un paciente del SRC Maresme. Hace canciones de Rap y ha aprovechado estos d\u00edas de confinamiento para escribir y grabar una canci\u00f3n describiendo lo que siente un d\u00eda normal y corriente. \u00a1Una gran iniciativa! &nbsp; Os presentamos la letra y la canci\u00f3n: &nbsp;...","og_url":"https:\/\/cfpmaresme.org\/es\/un-dia-mas-el-rap-de-javier-paciente-del-srcmaresme\/","og_site_name":"CFP Maresme","article_published_time":"2020-05-14T14:58:03+00:00","article_modified_time":"2020-05-14T15:01:08+00:00","og_image":[{"width":951,"height":443,"url":"https:\/\/cfpmaresme.org\/wp-content\/uploads\/2020\/04\/retallada-banner-publicacions-r\u00e0dio.jpg","type":"image\/jpeg"}],"author":"CFPMaresme","twitter_card":"summary_large_image","twitter_creator":"@cfpmaresme","twitter_site":"@cfpmaresme","twitter_misc":{"Escrito por":"CFPMaresme","Tiempo de lectura":"1 minuto"},"schema":{"@context":"https:\/\/schema.org","@graph":[{"@type":"Article","@id":"https:\/\/cfpmaresme.org\/es\/un-dia-mas-el-rap-de-javier-paciente-del-srcmaresme\/#article","isPartOf":{"@id":"https:\/\/cfpmaresme.org\/es\/un-dia-mas-el-rap-de-javier-paciente-del-srcmaresme\/"},"author":{"name":"CFPMaresme","@id":"https:\/\/cfpmaresme.org\/#\/schema\/person\/b2634bcd796fafc667ea4055f61b9b2c"},"headline":"\u00abUn d\u00eda m\u00e1s\u00bb el rap de Javier, paciente del SRC Maresme","datePublished":"2020-05-14T14:58:03+00:00","dateModified":"2020-05-14T15:01:08+00:00","mainEntityOfPage":{"@id":"https:\/\/cfpmaresme.org\/es\/un-dia-mas-el-rap-de-javier-paciente-del-srcmaresme\/"},"wordCount":296,"commentCount":0,"image":{"@id":"https:\/\/cfpmaresme.org\/es\/un-dia-mas-el-rap-de-javier-paciente-del-srcmaresme\/#primaryimage"},"thumbnailUrl":"https:\/\/cfpmaresme.org\/wp-content\/uploads\/2020\/04\/retallada-banner-publicacions-r\u00e0dio.jpg","articleSection":["CFP desde casa","Ocio"],"inLanguage":"es"},{"@type":"WebPage","@id":"https:\/\/cfpmaresme.org\/es\/un-dia-mas-el-rap-de-javier-paciente-del-srcmaresme\/","url":"https:\/\/cfpmaresme.org\/es\/un-dia-mas-el-rap-de-javier-paciente-del-srcmaresme\/","name":"\"Un d\u00eda m\u00e1s\" el rap de Javier, paciente del SRC Maresme | CFP Maresme","isPartOf":{"@id":"https:\/\/cfpmaresme.org\/#website"},"primaryImageOfPage":{"@id":"https:\/\/cfpmaresme.org\/es\/un-dia-mas-el-rap-de-javier-paciente-del-srcmaresme\/#primaryimage"},"image":{"@id":"https:\/\/cfpmaresme.org\/es\/un-dia-mas-el-rap-de-javier-paciente-del-srcmaresme\/#primaryimage"},"thumbnailUrl":"https:\/\/cfpmaresme.org\/wp-content\/uploads\/2020\/04\/retallada-banner-publicacions-r\u00e0dio.jpg","datePublished":"2020-05-14T14:58:03+00:00","dateModified":"2020-05-14T15:01:08+00:00","author":{"@id":"https:\/\/cfpmaresme.org\/#\/schema\/person\/b2634bcd796fafc667ea4055f61b9b2c"},"breadcrumb":{"@id":"https:\/\/cfpmaresme.org\/es\/un-dia-mas-el-rap-de-javier-paciente-del-srcmaresme\/#breadcrumb"},"inLanguage":"es","potentialAction":[{"@type":"ReadAction","target":["https:\/\/cfpmaresme.org\/es\/un-dia-mas-el-rap-de-javier-paciente-del-srcmaresme\/"]}]},{"@type":"ImageObject","inLanguage":"es","@id":"https:\/\/cfpmaresme.org\/es\/un-dia-mas-el-rap-de-javier-paciente-del-srcmaresme\/#primaryimage","url":"https:\/\/cfpmaresme.org\/wp-content\/uploads\/2020\/04\/retallada-banner-publicacions-r\u00e0dio.jpg","contentUrl":"https:\/\/cfpmaresme.org\/wp-content\/uploads\/2020\/04\/retallada-banner-publicacions-r\u00e0dio.jpg","width":951,"height":443},{"@type":"BreadcrumbList","@id":"https:\/\/cfpmaresme.org\/es\/un-dia-mas-el-rap-de-javier-paciente-del-srcmaresme\/#breadcrumb","itemListElement":[{"@type":"ListItem","position":1,"name":"Home","item":"https:\/\/cfpmaresme.org\/es\/"},{"@type":"ListItem","position":2,"name":"\u00abUn d\u00eda m\u00e1s\u00bb el rap de Javier, paciente del SRC Maresme"}]},{"@type":"WebSite","@id":"https:\/\/cfpmaresme.org\/#website","url":"https:\/\/cfpmaresme.org\/","name":"CFP Maresme","description":"Centre Formaci\u00f3 Prevenci\u00f3","potentialAction":[{"@type":"SearchAction","target":{"@type":"EntryPoint","urlTemplate":"https:\/\/cfpmaresme.org\/?s={search_term_string}"},"query-input":{"@type":"PropertyValueSpecification","valueRequired":true,"valueName":"search_term_string"}}],"inLanguage":"es"},{"@type":"Person","@id":"https:\/\/cfpmaresme.org\/#\/schema\/person\/b2634bcd796fafc667ea4055f61b9b2c","name":"CFPMaresme"}]}},"_links":{"self":[{"href":"https:\/\/cfpmaresme.org\/es\/wp-json\/wp\/v2\/posts\/20165","targetHints":{"allow":["GET"]}}],"collection":[{"href":"https:\/\/cfpmaresme.org\/es\/wp-json\/wp\/v2\/posts"}],"about":[{"href":"https:\/\/cfpmaresme.org\/es\/wp-json\/wp\/v2\/types\/post"}],"author":[{"embeddable":true,"href":"https:\/\/cfpmaresme.org\/es\/wp-json\/wp\/v2\/users\/2"}],"replies":[{"embeddable":true,"href":"https:\/\/cfpmaresme.org\/es\/wp-json\/wp\/v2\/comments?post=20165"}],"version-history":[{"count":3,"href":"https:\/\/cfpmaresme.org\/es\/wp-json\/wp\/v2\/posts\/20165\/revisions"}],"predecessor-version":[{"id":20168,"href":"https:\/\/cfpmaresme.org\/es\/wp-json\/wp\/v2\/posts\/20165\/revisions\/20168"}],"wp:featuredmedia":[{"embeddable":true,"href":"https:\/\/cfpmaresme.org\/es\/wp-json\/wp\/v2\/media\/19543"}],"wp:attachment":[{"href":"https:\/\/cfpmaresme.org\/es\/wp-json\/wp\/v2\/media?parent=20165"}],"wp:term":[{"taxonomy":"category","embeddable":true,"href":"https:\/\/cfpmaresme.org\/es\/wp-json\/wp\/v2\/categories?post=20165"},{"taxonomy":"post_tag","embeddable":true,"href":"https:\/\/cfpmaresme.org\/es\/wp-json\/wp\/v2\/tags?post=20165"}],"curies":[{"name":"wp","href":"https:\/\/api.w.org\/{rel}","templated":true}]}}