{"id":20328,"date":"2020-05-22T10:18:39","date_gmt":"2020-05-22T08:18:39","guid":{"rendered":"https:\/\/www.cfpmaresme.org\/?p=20328"},"modified":"2020-05-22T10:18:39","modified_gmt":"2020-05-22T08:18:39","slug":"la-cancion-de-the-song-remains-y-su-metafora-de-la-situacion-actual","status":"publish","type":"post","link":"https:\/\/cfpmaresme.org\/es\/la-cancion-de-the-song-remains-y-su-metafora-de-la-situacion-actual\/","title":{"rendered":"La canci\u00f3n de \u201cThe Song Remains\u201d y su met\u00e1fora de la situaci\u00f3n actual"},"content":{"rendered":"<p>Emilio de <strong>Radio Bricura<\/strong> disfruta interpretando las letras de las canciones. \u00daltimamente encuentra muchas que son una met\u00e1fora de la situaci\u00f3n que estamos viviendo.<\/p>\n<p>En esta ocasi\u00f3n nos propone leer atentamente la canci\u00f3n \u201cThe Song Remais\u201d de Led Zeppelin.<\/p>\n<p>Emilio ve la crisis sanitaria como <strong>\u201cla misma canci\u00f3n\u201d<\/strong>.<\/p>\n<p>&nbsp;<\/p>\n<p>As\u00ed lo explica:<\/p>\n<p>En el exterior nada ha cambiado mucho o demasiado. No sabemos cu\u00e1nto durar\u00e1 esto.<\/p>\n<p>Esto me retrotrae a otra canci\u00f3n que tiene que ver con nuestra situaci\u00f3n, vayas donde vayas, est\u00e9s donde est\u00e9s, hagas lo que hagas, \u00abcon el bichito\u00bb.<\/p>\n<p>Lo he visto como un canto de hermandad para todos y en todo el mundo, diferentes m\u00fasicas, danzas, costumbres, pero vuelvo a repetir: la canci\u00f3n es la misma.<\/p>\n<p><iframe loading=\"lazy\" src=\"https:\/\/www.youtube.com\/embed\/Qkrc2T71MNg\" width=\"560\" height=\"315\" frameborder=\"0\" allowfullscreen=\"allowfullscreen\"><span data-mce-type=\"bookmark\" style=\"display: inline-block; width: 0px; overflow: hidden; line-height: 0;\" class=\"mce_SELRES_start\">\ufeff<\/span><\/iframe><\/p>\n","protected":false},"excerpt":{"rendered":"<p>Emilio de Radio Bricura disfruta interpretando las letras de las canciones. \u00daltimamente encuentra muchas que son una met\u00e1fora de la situaci\u00f3n que estamos viviendo. En esta ocasi\u00f3n nos propone leer atentamente la canci\u00f3n \u201cThe Song Remais\u201d de Led Zeppelin. Emilio ve la crisis sanitaria como&#8230;<\/p>\n","protected":false},"author":2,"featured_media":19902,"comment_status":"open","ping_status":"open","sticky":false,"template":"","format":"standard","meta":{"footnotes":""},"categories":[1197,1216],"tags":[],"class_list":["post-20328","post","type-post","status-publish","format-standard","has-post-thumbnail","hentry","category-cfp-des-de-casa","category-otros"],"yoast_head":"<!-- This site is optimized with the Yoast SEO plugin v27.4 - https:\/\/yoast.com\/product\/yoast-seo-wordpress\/ -->\n<title>La canci\u00f3n de \u201cThe Song Remains\u201d y su met\u00e1fora de la situaci\u00f3n actual | CFP Maresme<\/title>\n<meta name=\"robots\" content=\"index, follow, max-snippet:-1, max-image-preview:large, max-video-preview:-1\" \/>\n<link rel=\"canonical\" href=\"https:\/\/cfpmaresme.org\/es\/la-cancion-de-the-song-remains-y-su-metafora-de-la-situacion-actual\/\" \/>\n<meta property=\"og:locale\" content=\"es_ES\" \/>\n<meta property=\"og:type\" content=\"article\" \/>\n<meta property=\"og:title\" content=\"La canci\u00f3n de \u201cThe Song Remains\u201d y su met\u00e1fora de la situaci\u00f3n actual | CFP Maresme\" \/>\n<meta property=\"og:description\" content=\"Emilio de Radio Bricura disfruta interpretando las letras de las canciones. \u00daltimamente encuentra muchas que son una met\u00e1fora de la situaci\u00f3n que estamos viviendo. En esta ocasi\u00f3n nos propone leer atentamente la canci\u00f3n \u201cThe Song Remais\u201d de Led Zeppelin. Emilio ve la crisis sanitaria como...\" \/>\n<meta property=\"og:url\" content=\"https:\/\/cfpmaresme.org\/es\/la-cancion-de-the-song-remains-y-su-metafora-de-la-situacion-actual\/\" \/>\n<meta property=\"og:site_name\" content=\"CFP Maresme\" \/>\n<meta property=\"article:published_time\" content=\"2020-05-22T08:18:39+00:00\" \/>\n<meta property=\"og:image\" content=\"https:\/\/cfpmaresme.org\/wp-content\/uploads\/2020\/05\/covid-19.jpg\" \/>\n\t<meta property=\"og:image:width\" content=\"830\" \/>\n\t<meta property=\"og:image:height\" content=\"354\" \/>\n\t<meta property=\"og:image:type\" content=\"image\/jpeg\" \/>\n<meta name=\"author\" content=\"CFPMaresme\" \/>\n<meta name=\"twitter:card\" content=\"summary_large_image\" \/>\n<meta name=\"twitter:creator\" content=\"@cfpmaresme\" \/>\n<meta name=\"twitter:site\" content=\"@cfpmaresme\" \/>\n<meta name=\"twitter:label1\" content=\"Escrito por\" \/>\n\t<meta name=\"twitter:data1\" content=\"CFPMaresme\" \/>\n\t<meta name=\"twitter:label2\" content=\"Tiempo de lectura\" \/>\n\t<meta name=\"twitter:data2\" content=\"1 minuto\" \/>\n<script type=\"application\/ld+json\" class=\"yoast-schema-graph\">{\"@context\":\"https:\\\/\\\/schema.org\",\"@graph\":[{\"@type\":\"Article\",\"@id\":\"https:\\\/\\\/cfpmaresme.org\\\/es\\\/la-cancion-de-the-song-remains-y-su-metafora-de-la-situacion-actual\\\/#article\",\"isPartOf\":{\"@id\":\"https:\\\/\\\/cfpmaresme.org\\\/es\\\/la-cancion-de-the-song-remains-y-su-metafora-de-la-situacion-actual\\\/\"},\"author\":{\"name\":\"CFPMaresme\",\"@id\":\"https:\\\/\\\/cfpmaresme.org\\\/#\\\/schema\\\/person\\\/b2634bcd796fafc667ea4055f61b9b2c\"},\"headline\":\"La canci\u00f3n de \u201cThe Song Remains\u201d y su met\u00e1fora de la situaci\u00f3n actual\",\"datePublished\":\"2020-05-22T08:18:39+00:00\",\"mainEntityOfPage\":{\"@id\":\"https:\\\/\\\/cfpmaresme.org\\\/es\\\/la-cancion-de-the-song-remains-y-su-metafora-de-la-situacion-actual\\\/\"},\"wordCount\":148,\"commentCount\":0,\"image\":{\"@id\":\"https:\\\/\\\/cfpmaresme.org\\\/es\\\/la-cancion-de-the-song-remains-y-su-metafora-de-la-situacion-actual\\\/#primaryimage\"},\"thumbnailUrl\":\"https:\\\/\\\/cfpmaresme.org\\\/wp-content\\\/uploads\\\/2020\\\/05\\\/covid-19.jpg\",\"articleSection\":[\"CFP desde casa\",\"Otros\"],\"inLanguage\":\"es\"},{\"@type\":\"WebPage\",\"@id\":\"https:\\\/\\\/cfpmaresme.org\\\/es\\\/la-cancion-de-the-song-remains-y-su-metafora-de-la-situacion-actual\\\/\",\"url\":\"https:\\\/\\\/cfpmaresme.org\\\/es\\\/la-cancion-de-the-song-remains-y-su-metafora-de-la-situacion-actual\\\/\",\"name\":\"La canci\u00f3n de \u201cThe Song Remains\u201d y su met\u00e1fora de la situaci\u00f3n actual | CFP Maresme\",\"isPartOf\":{\"@id\":\"https:\\\/\\\/cfpmaresme.org\\\/#website\"},\"primaryImageOfPage\":{\"@id\":\"https:\\\/\\\/cfpmaresme.org\\\/es\\\/la-cancion-de-the-song-remains-y-su-metafora-de-la-situacion-actual\\\/#primaryimage\"},\"image\":{\"@id\":\"https:\\\/\\\/cfpmaresme.org\\\/es\\\/la-cancion-de-the-song-remains-y-su-metafora-de-la-situacion-actual\\\/#primaryimage\"},\"thumbnailUrl\":\"https:\\\/\\\/cfpmaresme.org\\\/wp-content\\\/uploads\\\/2020\\\/05\\\/covid-19.jpg\",\"datePublished\":\"2020-05-22T08:18:39+00:00\",\"author\":{\"@id\":\"https:\\\/\\\/cfpmaresme.org\\\/#\\\/schema\\\/person\\\/b2634bcd796fafc667ea4055f61b9b2c\"},\"breadcrumb\":{\"@id\":\"https:\\\/\\\/cfpmaresme.org\\\/es\\\/la-cancion-de-the-song-remains-y-su-metafora-de-la-situacion-actual\\\/#breadcrumb\"},\"inLanguage\":\"es\",\"potentialAction\":[{\"@type\":\"ReadAction\",\"target\":[\"https:\\\/\\\/cfpmaresme.org\\\/es\\\/la-cancion-de-the-song-remains-y-su-metafora-de-la-situacion-actual\\\/\"]}]},{\"@type\":\"ImageObject\",\"inLanguage\":\"es\",\"@id\":\"https:\\\/\\\/cfpmaresme.org\\\/es\\\/la-cancion-de-the-song-remains-y-su-metafora-de-la-situacion-actual\\\/#primaryimage\",\"url\":\"https:\\\/\\\/cfpmaresme.org\\\/wp-content\\\/uploads\\\/2020\\\/05\\\/covid-19.jpg\",\"contentUrl\":\"https:\\\/\\\/cfpmaresme.org\\\/wp-content\\\/uploads\\\/2020\\\/05\\\/covid-19.jpg\",\"width\":830,\"height\":354},{\"@type\":\"BreadcrumbList\",\"@id\":\"https:\\\/\\\/cfpmaresme.org\\\/es\\\/la-cancion-de-the-song-remains-y-su-metafora-de-la-situacion-actual\\\/#breadcrumb\",\"itemListElement\":[{\"@type\":\"ListItem\",\"position\":1,\"name\":\"Home\",\"item\":\"https:\\\/\\\/cfpmaresme.org\\\/es\\\/\"},{\"@type\":\"ListItem\",\"position\":2,\"name\":\"La canci\u00f3n de \u201cThe Song Remains\u201d y su met\u00e1fora de la situaci\u00f3n actual\"}]},{\"@type\":\"WebSite\",\"@id\":\"https:\\\/\\\/cfpmaresme.org\\\/#website\",\"url\":\"https:\\\/\\\/cfpmaresme.org\\\/\",\"name\":\"CFP Maresme\",\"description\":\"Centre Formaci\u00f3 Prevenci\u00f3\",\"potentialAction\":[{\"@type\":\"SearchAction\",\"target\":{\"@type\":\"EntryPoint\",\"urlTemplate\":\"https:\\\/\\\/cfpmaresme.org\\\/?s={search_term_string}\"},\"query-input\":{\"@type\":\"PropertyValueSpecification\",\"valueRequired\":true,\"valueName\":\"search_term_string\"}}],\"inLanguage\":\"es\"},{\"@type\":\"Person\",\"@id\":\"https:\\\/\\\/cfpmaresme.org\\\/#\\\/schema\\\/person\\\/b2634bcd796fafc667ea4055f61b9b2c\",\"name\":\"CFPMaresme\"}]}<\/script>\n<!-- \/ Yoast SEO plugin. -->","yoast_head_json":{"title":"La canci\u00f3n de \u201cThe Song Remains\u201d y su met\u00e1fora de la situaci\u00f3n actual | CFP Maresme","robots":{"index":"index","follow":"follow","max-snippet":"max-snippet:-1","max-image-preview":"max-image-preview:large","max-video-preview":"max-video-preview:-1"},"canonical":"https:\/\/cfpmaresme.org\/es\/la-cancion-de-the-song-remains-y-su-metafora-de-la-situacion-actual\/","og_locale":"es_ES","og_type":"article","og_title":"La canci\u00f3n de \u201cThe Song Remains\u201d y su met\u00e1fora de la situaci\u00f3n actual | CFP Maresme","og_description":"Emilio de Radio Bricura disfruta interpretando las letras de las canciones. \u00daltimamente encuentra muchas que son una met\u00e1fora de la situaci\u00f3n que estamos viviendo. En esta ocasi\u00f3n nos propone leer atentamente la canci\u00f3n \u201cThe Song Remais\u201d de Led Zeppelin. Emilio ve la crisis sanitaria como...","og_url":"https:\/\/cfpmaresme.org\/es\/la-cancion-de-the-song-remains-y-su-metafora-de-la-situacion-actual\/","og_site_name":"CFP Maresme","article_published_time":"2020-05-22T08:18:39+00:00","og_image":[{"width":830,"height":354,"url":"https:\/\/cfpmaresme.org\/wp-content\/uploads\/2020\/05\/covid-19.jpg","type":"image\/jpeg"}],"author":"CFPMaresme","twitter_card":"summary_large_image","twitter_creator":"@cfpmaresme","twitter_site":"@cfpmaresme","twitter_misc":{"Escrito por":"CFPMaresme","Tiempo de lectura":"1 minuto"},"schema":{"@context":"https:\/\/schema.org","@graph":[{"@type":"Article","@id":"https:\/\/cfpmaresme.org\/es\/la-cancion-de-the-song-remains-y-su-metafora-de-la-situacion-actual\/#article","isPartOf":{"@id":"https:\/\/cfpmaresme.org\/es\/la-cancion-de-the-song-remains-y-su-metafora-de-la-situacion-actual\/"},"author":{"name":"CFPMaresme","@id":"https:\/\/cfpmaresme.org\/#\/schema\/person\/b2634bcd796fafc667ea4055f61b9b2c"},"headline":"La canci\u00f3n de \u201cThe Song Remains\u201d y su met\u00e1fora de la situaci\u00f3n actual","datePublished":"2020-05-22T08:18:39+00:00","mainEntityOfPage":{"@id":"https:\/\/cfpmaresme.org\/es\/la-cancion-de-the-song-remains-y-su-metafora-de-la-situacion-actual\/"},"wordCount":148,"commentCount":0,"image":{"@id":"https:\/\/cfpmaresme.org\/es\/la-cancion-de-the-song-remains-y-su-metafora-de-la-situacion-actual\/#primaryimage"},"thumbnailUrl":"https:\/\/cfpmaresme.org\/wp-content\/uploads\/2020\/05\/covid-19.jpg","articleSection":["CFP desde casa","Otros"],"inLanguage":"es"},{"@type":"WebPage","@id":"https:\/\/cfpmaresme.org\/es\/la-cancion-de-the-song-remains-y-su-metafora-de-la-situacion-actual\/","url":"https:\/\/cfpmaresme.org\/es\/la-cancion-de-the-song-remains-y-su-metafora-de-la-situacion-actual\/","name":"La canci\u00f3n de \u201cThe Song Remains\u201d y su met\u00e1fora de la situaci\u00f3n actual | CFP Maresme","isPartOf":{"@id":"https:\/\/cfpmaresme.org\/#website"},"primaryImageOfPage":{"@id":"https:\/\/cfpmaresme.org\/es\/la-cancion-de-the-song-remains-y-su-metafora-de-la-situacion-actual\/#primaryimage"},"image":{"@id":"https:\/\/cfpmaresme.org\/es\/la-cancion-de-the-song-remains-y-su-metafora-de-la-situacion-actual\/#primaryimage"},"thumbnailUrl":"https:\/\/cfpmaresme.org\/wp-content\/uploads\/2020\/05\/covid-19.jpg","datePublished":"2020-05-22T08:18:39+00:00","author":{"@id":"https:\/\/cfpmaresme.org\/#\/schema\/person\/b2634bcd796fafc667ea4055f61b9b2c"},"breadcrumb":{"@id":"https:\/\/cfpmaresme.org\/es\/la-cancion-de-the-song-remains-y-su-metafora-de-la-situacion-actual\/#breadcrumb"},"inLanguage":"es","potentialAction":[{"@type":"ReadAction","target":["https:\/\/cfpmaresme.org\/es\/la-cancion-de-the-song-remains-y-su-metafora-de-la-situacion-actual\/"]}]},{"@type":"ImageObject","inLanguage":"es","@id":"https:\/\/cfpmaresme.org\/es\/la-cancion-de-the-song-remains-y-su-metafora-de-la-situacion-actual\/#primaryimage","url":"https:\/\/cfpmaresme.org\/wp-content\/uploads\/2020\/05\/covid-19.jpg","contentUrl":"https:\/\/cfpmaresme.org\/wp-content\/uploads\/2020\/05\/covid-19.jpg","width":830,"height":354},{"@type":"BreadcrumbList","@id":"https:\/\/cfpmaresme.org\/es\/la-cancion-de-the-song-remains-y-su-metafora-de-la-situacion-actual\/#breadcrumb","itemListElement":[{"@type":"ListItem","position":1,"name":"Home","item":"https:\/\/cfpmaresme.org\/es\/"},{"@type":"ListItem","position":2,"name":"La canci\u00f3n de \u201cThe Song Remains\u201d y su met\u00e1fora de la situaci\u00f3n actual"}]},{"@type":"WebSite","@id":"https:\/\/cfpmaresme.org\/#website","url":"https:\/\/cfpmaresme.org\/","name":"CFP Maresme","description":"Centre Formaci\u00f3 Prevenci\u00f3","potentialAction":[{"@type":"SearchAction","target":{"@type":"EntryPoint","urlTemplate":"https:\/\/cfpmaresme.org\/?s={search_term_string}"},"query-input":{"@type":"PropertyValueSpecification","valueRequired":true,"valueName":"search_term_string"}}],"inLanguage":"es"},{"@type":"Person","@id":"https:\/\/cfpmaresme.org\/#\/schema\/person\/b2634bcd796fafc667ea4055f61b9b2c","name":"CFPMaresme"}]}},"_links":{"self":[{"href":"https:\/\/cfpmaresme.org\/es\/wp-json\/wp\/v2\/posts\/20328","targetHints":{"allow":["GET"]}}],"collection":[{"href":"https:\/\/cfpmaresme.org\/es\/wp-json\/wp\/v2\/posts"}],"about":[{"href":"https:\/\/cfpmaresme.org\/es\/wp-json\/wp\/v2\/types\/post"}],"author":[{"embeddable":true,"href":"https:\/\/cfpmaresme.org\/es\/wp-json\/wp\/v2\/users\/2"}],"replies":[{"embeddable":true,"href":"https:\/\/cfpmaresme.org\/es\/wp-json\/wp\/v2\/comments?post=20328"}],"version-history":[{"count":1,"href":"https:\/\/cfpmaresme.org\/es\/wp-json\/wp\/v2\/posts\/20328\/revisions"}],"predecessor-version":[{"id":20329,"href":"https:\/\/cfpmaresme.org\/es\/wp-json\/wp\/v2\/posts\/20328\/revisions\/20329"}],"wp:featuredmedia":[{"embeddable":true,"href":"https:\/\/cfpmaresme.org\/es\/wp-json\/wp\/v2\/media\/19902"}],"wp:attachment":[{"href":"https:\/\/cfpmaresme.org\/es\/wp-json\/wp\/v2\/media?parent=20328"}],"wp:term":[{"taxonomy":"category","embeddable":true,"href":"https:\/\/cfpmaresme.org\/es\/wp-json\/wp\/v2\/categories?post=20328"},{"taxonomy":"post_tag","embeddable":true,"href":"https:\/\/cfpmaresme.org\/es\/wp-json\/wp\/v2\/tags?post=20328"}],"curies":[{"name":"wp","href":"https:\/\/api.w.org\/{rel}","templated":true}]}}