{"id":20388,"date":"2020-05-28T12:14:53","date_gmt":"2020-05-28T10:14:53","guid":{"rendered":"https:\/\/www.cfpmaresme.org\/?p=20388"},"modified":"2020-05-28T12:22:12","modified_gmt":"2020-05-28T10:22:12","slug":"la-intermediacion-laboral-en-tiempo-de-covid-19","status":"publish","type":"post","link":"https:\/\/cfpmaresme.org\/es\/la-intermediacion-laboral-en-tiempo-de-covid-19\/","title":{"rendered":"La Intermediaci\u00f3n Laboral en tiempo de Covid-19"},"content":{"rendered":"<p>El servivio de <strong>Intermediaci\u00f3n Laboral\u00a0<\/strong>ha tenido que realizar un re enfocamiento total debido a la crisis sanitaria que estamos viviendo.<\/p>\n<p>Durante las semanas en que toda la actividad qued\u00f3 parada el servicio continu\u00f3 activo, telem\u00e1ticamente, en la medida de lo posible y teniendo que afrontar imprevistos como que algunos cursos no se pudieron realizar tal y como estaba previsto. Esto provoc\u00f3 una calendarizaci\u00f3n y <strong>reestructuraci\u00f3n total<\/strong> <strong>complicada<\/strong> para la instituci\u00f3n y para los\/as profesionales implicados y afectados.<\/p>\n<p>&nbsp;<\/p>\n<h3>La Intermediaci\u00f3n Laboral del CFP durante el confinamiento<\/h3>\n<p>El acompa\u00f1amiento y la atenci\u00f3n a usuarios\/as se ha seguido realizando de forma telef\u00f3nica as\u00ed como la de sus fam\u00edlias, cuando ha sido necesario.<\/p>\n<p>Tambi\u00e9n se ha mantenido el seguimiento con empresas, con el departamento de Trabajo y con otras entidades como el CSMA y el SOM y el Trabajo con Soporte (TAS).<\/p>\n<p>La gesti\u00f3n de ofertas laborales y el soporte a usuarios\/as para presentar candidaturas han seguido activos durante el paro generalizado de las empresas.<\/p>\n<p>Asimismo, se han preparado <strong>convocatorias para el 2020<\/strong>. Entre ellas, la de Inserci\u00f3n Sociolaboral para personas especialmente vulnerables de Obra Social La Caixa, la del programa <a href=\"\/?page_id=16553\" target=\"_blank\" rel=\"noopener noreferrer\">MAIS<\/a> i la del <a href=\"\/?page_id=16547\" target=\"_blank\" rel=\"noopener noreferrer\">SIOAS.<\/a><\/p>\n<p>Estos dos \u00faltimos programas finalizaron el 30 de abril y, es por esto, que ya estamos preparando nuevas convocatorias. En este sentido, podemos estar positivos de la realidad de los\/as usuarios\/as durante las semanas de confinamiento. En el caso del MAIS, una persona continu\u00f3 trabajando y cuatro entraron a procesos de selecci\u00f3n. Y, de los 20 usuarios\/as de SIOAS, una decena que est\u00e1n en el sector de la limpieza y de la atenci\u00f3n a las personas siguieron trabajando. As\u00ed mismo, se ha conseguido una contrataci\u00f3n nueva en el sector agrario.<\/p>\n<p>Actualmente el equipo t\u00e9cnico se ha organizado para abrir todo el servicio tres d\u00edas a la semana. Las actividades grupales no se iniciar\u00e1n de momento, aunque ya se est\u00e1 trabajando con la realizaci\u00f3n de un <strong>Plan de desescalada <\/strong>que se implementar\u00e1 juntamente con protocolos de seguridad para la COVID-19 de todo el CFP.<\/p>\n<p>A d\u00eda de hoy el servicio continua manteniendo la atenci\u00f3n telem\u00e1tica de forma prioritaria y se ofrece atenci\u00f3n presencial con cita previa.<\/p>\n<h3>La primera experiencia de formaci\u00f3n online , un cambio de paradigma<\/h3>\n<p>Para dar continuidad al programa <strong>\u201cTelefonista Recepcionista de Oficina\u201d<\/strong> se ha elaborado un plan de trabajo nuevo para realizar el m\u00f3dulo de comunicaci\u00f3n telem\u00e1ticamente. Para poderlo hacer se ha solicitado al <a href=\"https:\/\/serveiocupacio.gencat.cat\/ca\/inici\" target=\"_blank\" rel=\"noopener noreferrer\">\u00a0SOC<\/a> \u00a0el cambio de la modalidad presencial a telem\u00e1tica y al alumnado y al profesorado su consentimiento. Todos ellos han estado de acuerdo. Si esta experiencia es positiva, en septiembre finalizaremos el curso e iniciaremos el de Auxiliar de Servicios de limpieza, que tambi\u00e9n est\u00e1 pendiente.<\/p>\n<p>Nos planteamos crear herramientas telem\u00e1ticas propias que nos permitan realizar toda la tarea en este formato, adelant\u00e1ndonos, as\u00ed, a futuras necesidades y aprovechando las ventajas que \u00e9ste nos ofrece. El objetivo es realizar la formaci\u00f3n, la solicitud de citas presenciales y la comunicaci\u00f3n con usuarios\/as online. <strong>Una nueva manera de trabajar<\/strong> que puede aportar una flexiblidad <strong>nunca vista hasta el momento.\u00a0<\/strong><\/p>\n<p>M\u00edriam P\u00e9rez, responsable del servicio de Intermediaci\u00f3n Laboral comenta que este cambio de modalidad ha supuesto un reto por parte de los\/as profesionales y tambi\u00e9n de las personas usuarias ya que algunas de ellas no dispon\u00edan de las herramientas telem\u00e1ticas adecuadas y\/o de las competencias inform\u00e1ticas necesarias. Todo un reto para empoderarlas en la utilizaci\u00f3n de las <strong>nuevas tecnolog\u00edas<\/strong>.<\/p>\n<p>Los profesionales contin\u00faan aprendiendo nuevas herramientas para poder preparar la formaci\u00f3n telem\u00e1tica con el prop\u00f3sito de que nuestros usuarios no se queden atr\u00e1s en estos tiempos de cambios. M\u00edriam enfatiza en que \u00abEs importante destacar que tanto profesionales como usuarios\/as han hecho un <strong>gran esfuerzo de flexibilidad <\/strong>para adaptarse a la <strong>nueva realidad<\/strong>.\u201d<\/p>\n<p>&nbsp;<\/p>\n<h3>Procesos de inserci\u00f3n parados y cambios en la situaci\u00f3n laboral<\/h3>\n<p>La llegada del confinamiento coincidi\u00f3 con un momento de gran actividad en cuanto a procesos de inserci\u00f3n laboral. Entre ellos:<\/p>\n<ul>\n<li>La contrataci\u00f3n de persones con <a href=\"https:\/\/www.fundaciomaresme.cat\/\" target=\"_blank\" rel=\"noopener noreferrer\">Fundaci\u00f3 Maresme<\/a> para realizar mantenimiento de playas, que todav\u00eda no se han podido ofrecer.<\/li>\n<li>La realizaci\u00f3n de convenios de pr\u00e1cticas para realizar tareas de log\u00edstica en NACEX y de limpieza en la Residencia Can Boada que se han visto interrumpidos.<\/li>\n<li>La interrupci\u00f3n de procesos de selecci\u00f3n en que estaban usuarios\/as.<\/li>\n<\/ul>\n<p>As\u00ed mismo, algunos pacientes han sido despedidos de sus sitios de trabajo debido a la crisis sanitaria.\u00a0Tal\u00a0 y como afirma Dom\u00e8nec L\u00f3pez, miembro del equipo \u00abSon situaciones decepcionantes para personas que hab\u00edan conseguido su inserci\u00f3n laboral\u00bb.<\/p>\n<p>&nbsp;<\/p>\n<h3>M\u00e1s all\u00e1 de la inserci\u00f3n laboral, la atenci\u00f3n a personas<\/h3>\n<p>Durante estos momentos de incertidumbre, en que no sab\u00edamos como quedar\u00eda la <strong>situaci\u00f3n del mercado laboral<\/strong> y la continuidad de los programas de inserci\u00f3n sociolaboral, nos tuvimos que reinventar y adaptarnos a las nuevas necesidades para dar respuesta a nuestros usuarios\/as. Sab\u00edamos que la situaci\u00f3n de los\/as usuarios\/as era extrema, en muchos casos, debido a las dificultados econ\u00f3micas que viven muchos de ellos, sumadas a la incertidumbre del mercado laboral. As\u00ed pues, la desmotivaci\u00f3n y la desesperanza de nuestros usuarios\/as se ha hecho m\u00e1s evidente durante este tiempo.<\/p>\n<p>El equipo t\u00e9cnico de inserci\u00f3n laboral se ha dedicado de forma intensa a la atenci\u00f3n personalizada para trabajar la motivaci\u00f3n y la angustia que muchos sufren, adaptando este acompa\u00f1amiento a las necesidades y a los recursos de los que dispone cada paciente. Cuando se vio que las personas usuarias respond\u00edan bien a esta nueva manera de trabajar, introducimos la atenci\u00f3n en grupos reducidos a trav\u00e9s de v\u00eddeollamadas.<\/p>\n<p>As\u00ed pues, el seguimiento de los\/as usuarios\/as ha ido <strong>m\u00e1s all\u00e1 del laboral y\/o de la inserci\u00f3n. <\/strong>Las llamadas de seguimiento se han convertido muchas veces en un espacio de <strong>escucha activa<\/strong> y\u00a0<strong>acompa\u00f1amiento a la situaci\u00f3n de incertidumbre<\/strong> que se estaba viviendo. Un espacio donde los\/as usuarios\/as pod\u00edan expresar sus sentimientos marcados por la situaci\u00f3n de confinamiento, algunos nuevos y desconocidos para todos.<\/p>\n<p>Actualmente, el trabajo del equipo de Intermediaci\u00f3n Laboral est\u00e1 en promover, todav\u00eda m\u00e1s, la <strong>prospecci\u00f3n a medida de las personas a las que atendemos.<\/strong> No nos podemos quedar solamente con la experiencia laboral, sino que tenemos que intentar que las empresas valoren m\u00e1s las competencias propias de las personas, prioriz\u00e1ndolas por encima de las t\u00e9cnico-profesionales, siempre que sea posible.<\/p>\n<p>Una tarea de <strong>promoci\u00f3n laboral <\/strong>y, a su vez, de mantenimiento de la <strong>estabilidad emocional <\/strong>de los pacientes y de soporte para que vivan la nueva realidad que se nos plantea de la <strong>mejor manera posible.\u00a0<\/strong><\/p>\n","protected":false},"excerpt":{"rendered":"<p>El servivio de Intermediaci\u00f3n Laboral\u00a0ha tenido que realizar un re enfocamiento total debido a la crisis sanitaria que estamos viviendo. Durante las semanas en que toda la actividad qued\u00f3 parada el servicio continu\u00f3 activo, telem\u00e1ticamente, en la medida de lo posible y teniendo que afrontar&#8230;<\/p>\n","protected":false},"author":2,"featured_media":20384,"comment_status":"open","ping_status":"open","sticky":false,"template":"","format":"standard","meta":{"footnotes":""},"categories":[1193],"tags":[],"class_list":["post-20388","post","type-post","status-publish","format-standard","has-post-thumbnail","hentry","category-servicio-de-formacion-e-intermediacion-laboral"],"yoast_head":"<!-- This site is optimized with the Yoast SEO plugin v27.4 - https:\/\/yoast.com\/product\/yoast-seo-wordpress\/ -->\n<title>La Intermediaci\u00f3n Laboral en tiempo de Covid-19 | CFP Maresme<\/title>\n<meta name=\"robots\" content=\"index, follow, max-snippet:-1, max-image-preview:large, max-video-preview:-1\" \/>\n<link rel=\"canonical\" href=\"https:\/\/cfpmaresme.org\/es\/la-intermediacion-laboral-en-tiempo-de-covid-19\/\" \/>\n<meta property=\"og:locale\" content=\"es_ES\" \/>\n<meta property=\"og:type\" content=\"article\" \/>\n<meta property=\"og:title\" content=\"La Intermediaci\u00f3n Laboral en tiempo de Covid-19 | CFP Maresme\" \/>\n<meta property=\"og:description\" content=\"El servivio de Intermediaci\u00f3n Laboral\u00a0ha tenido que realizar un re enfocamiento total debido a la crisis sanitaria que estamos viviendo. Durante las semanas en que toda la actividad qued\u00f3 parada el servicio continu\u00f3 activo, telem\u00e1ticamente, en la medida de lo posible y teniendo que afrontar...\" \/>\n<meta property=\"og:url\" content=\"https:\/\/cfpmaresme.org\/es\/la-intermediacion-laboral-en-tiempo-de-covid-19\/\" \/>\n<meta property=\"og:site_name\" content=\"CFP Maresme\" \/>\n<meta property=\"article:published_time\" content=\"2020-05-28T10:14:53+00:00\" \/>\n<meta property=\"article:modified_time\" content=\"2020-05-28T10:22:12+00:00\" \/>\n<meta property=\"og:image\" content=\"https:\/\/cfpmaresme.org\/wp-content\/uploads\/2020\/05\/banner-intermediaci\u00f3-laboral.jpg\" \/>\n\t<meta property=\"og:image:width\" content=\"929\" \/>\n\t<meta property=\"og:image:height\" content=\"447\" \/>\n\t<meta property=\"og:image:type\" content=\"image\/jpeg\" \/>\n<meta name=\"author\" content=\"CFPMaresme\" \/>\n<meta name=\"twitter:card\" content=\"summary_large_image\" \/>\n<meta name=\"twitter:creator\" content=\"@cfpmaresme\" \/>\n<meta name=\"twitter:site\" content=\"@cfpmaresme\" \/>\n<meta name=\"twitter:label1\" content=\"Escrito por\" \/>\n\t<meta name=\"twitter:data1\" content=\"CFPMaresme\" \/>\n\t<meta name=\"twitter:label2\" content=\"Tiempo de lectura\" \/>\n\t<meta name=\"twitter:data2\" content=\"6 minutos\" \/>\n<script type=\"application\/ld+json\" class=\"yoast-schema-graph\">{\"@context\":\"https:\\\/\\\/schema.org\",\"@graph\":[{\"@type\":\"Article\",\"@id\":\"https:\\\/\\\/cfpmaresme.org\\\/es\\\/la-intermediacion-laboral-en-tiempo-de-covid-19\\\/#article\",\"isPartOf\":{\"@id\":\"https:\\\/\\\/cfpmaresme.org\\\/es\\\/la-intermediacion-laboral-en-tiempo-de-covid-19\\\/\"},\"author\":{\"name\":\"CFPMaresme\",\"@id\":\"https:\\\/\\\/cfpmaresme.org\\\/#\\\/schema\\\/person\\\/b2634bcd796fafc667ea4055f61b9b2c\"},\"headline\":\"La Intermediaci\u00f3n Laboral en tiempo de Covid-19\",\"datePublished\":\"2020-05-28T10:14:53+00:00\",\"dateModified\":\"2020-05-28T10:22:12+00:00\",\"mainEntityOfPage\":{\"@id\":\"https:\\\/\\\/cfpmaresme.org\\\/es\\\/la-intermediacion-laboral-en-tiempo-de-covid-19\\\/\"},\"wordCount\":1191,\"commentCount\":0,\"image\":{\"@id\":\"https:\\\/\\\/cfpmaresme.org\\\/es\\\/la-intermediacion-laboral-en-tiempo-de-covid-19\\\/#primaryimage\"},\"thumbnailUrl\":\"https:\\\/\\\/cfpmaresme.org\\\/wp-content\\\/uploads\\\/2020\\\/05\\\/banner-intermediaci\u00f3-laboral.jpg\",\"articleSection\":[\"Formaci\u00f3n e Intermediaci\u00f3n Laboral\"],\"inLanguage\":\"es\"},{\"@type\":\"WebPage\",\"@id\":\"https:\\\/\\\/cfpmaresme.org\\\/es\\\/la-intermediacion-laboral-en-tiempo-de-covid-19\\\/\",\"url\":\"https:\\\/\\\/cfpmaresme.org\\\/es\\\/la-intermediacion-laboral-en-tiempo-de-covid-19\\\/\",\"name\":\"La Intermediaci\u00f3n Laboral en tiempo de Covid-19 | CFP Maresme\",\"isPartOf\":{\"@id\":\"https:\\\/\\\/cfpmaresme.org\\\/#website\"},\"primaryImageOfPage\":{\"@id\":\"https:\\\/\\\/cfpmaresme.org\\\/es\\\/la-intermediacion-laboral-en-tiempo-de-covid-19\\\/#primaryimage\"},\"image\":{\"@id\":\"https:\\\/\\\/cfpmaresme.org\\\/es\\\/la-intermediacion-laboral-en-tiempo-de-covid-19\\\/#primaryimage\"},\"thumbnailUrl\":\"https:\\\/\\\/cfpmaresme.org\\\/wp-content\\\/uploads\\\/2020\\\/05\\\/banner-intermediaci\u00f3-laboral.jpg\",\"datePublished\":\"2020-05-28T10:14:53+00:00\",\"dateModified\":\"2020-05-28T10:22:12+00:00\",\"author\":{\"@id\":\"https:\\\/\\\/cfpmaresme.org\\\/#\\\/schema\\\/person\\\/b2634bcd796fafc667ea4055f61b9b2c\"},\"breadcrumb\":{\"@id\":\"https:\\\/\\\/cfpmaresme.org\\\/es\\\/la-intermediacion-laboral-en-tiempo-de-covid-19\\\/#breadcrumb\"},\"inLanguage\":\"es\",\"potentialAction\":[{\"@type\":\"ReadAction\",\"target\":[\"https:\\\/\\\/cfpmaresme.org\\\/es\\\/la-intermediacion-laboral-en-tiempo-de-covid-19\\\/\"]}]},{\"@type\":\"ImageObject\",\"inLanguage\":\"es\",\"@id\":\"https:\\\/\\\/cfpmaresme.org\\\/es\\\/la-intermediacion-laboral-en-tiempo-de-covid-19\\\/#primaryimage\",\"url\":\"https:\\\/\\\/cfpmaresme.org\\\/wp-content\\\/uploads\\\/2020\\\/05\\\/banner-intermediaci\u00f3-laboral.jpg\",\"contentUrl\":\"https:\\\/\\\/cfpmaresme.org\\\/wp-content\\\/uploads\\\/2020\\\/05\\\/banner-intermediaci\u00f3-laboral.jpg\",\"width\":929,\"height\":447},{\"@type\":\"BreadcrumbList\",\"@id\":\"https:\\\/\\\/cfpmaresme.org\\\/es\\\/la-intermediacion-laboral-en-tiempo-de-covid-19\\\/#breadcrumb\",\"itemListElement\":[{\"@type\":\"ListItem\",\"position\":1,\"name\":\"Home\",\"item\":\"https:\\\/\\\/cfpmaresme.org\\\/es\\\/\"},{\"@type\":\"ListItem\",\"position\":2,\"name\":\"La Intermediaci\u00f3n Laboral en tiempo de Covid-19\"}]},{\"@type\":\"WebSite\",\"@id\":\"https:\\\/\\\/cfpmaresme.org\\\/#website\",\"url\":\"https:\\\/\\\/cfpmaresme.org\\\/\",\"name\":\"CFP Maresme\",\"description\":\"Centre Formaci\u00f3 Prevenci\u00f3\",\"potentialAction\":[{\"@type\":\"SearchAction\",\"target\":{\"@type\":\"EntryPoint\",\"urlTemplate\":\"https:\\\/\\\/cfpmaresme.org\\\/?s={search_term_string}\"},\"query-input\":{\"@type\":\"PropertyValueSpecification\",\"valueRequired\":true,\"valueName\":\"search_term_string\"}}],\"inLanguage\":\"es\"},{\"@type\":\"Person\",\"@id\":\"https:\\\/\\\/cfpmaresme.org\\\/#\\\/schema\\\/person\\\/b2634bcd796fafc667ea4055f61b9b2c\",\"name\":\"CFPMaresme\"}]}<\/script>\n<!-- \/ Yoast SEO plugin. -->","yoast_head_json":{"title":"La Intermediaci\u00f3n Laboral en tiempo de Covid-19 | CFP Maresme","robots":{"index":"index","follow":"follow","max-snippet":"max-snippet:-1","max-image-preview":"max-image-preview:large","max-video-preview":"max-video-preview:-1"},"canonical":"https:\/\/cfpmaresme.org\/es\/la-intermediacion-laboral-en-tiempo-de-covid-19\/","og_locale":"es_ES","og_type":"article","og_title":"La Intermediaci\u00f3n Laboral en tiempo de Covid-19 | CFP Maresme","og_description":"El servivio de Intermediaci\u00f3n Laboral\u00a0ha tenido que realizar un re enfocamiento total debido a la crisis sanitaria que estamos viviendo. Durante las semanas en que toda la actividad qued\u00f3 parada el servicio continu\u00f3 activo, telem\u00e1ticamente, en la medida de lo posible y teniendo que afrontar...","og_url":"https:\/\/cfpmaresme.org\/es\/la-intermediacion-laboral-en-tiempo-de-covid-19\/","og_site_name":"CFP Maresme","article_published_time":"2020-05-28T10:14:53+00:00","article_modified_time":"2020-05-28T10:22:12+00:00","og_image":[{"width":929,"height":447,"url":"https:\/\/cfpmaresme.org\/wp-content\/uploads\/2020\/05\/banner-intermediaci\u00f3-laboral.jpg","type":"image\/jpeg"}],"author":"CFPMaresme","twitter_card":"summary_large_image","twitter_creator":"@cfpmaresme","twitter_site":"@cfpmaresme","twitter_misc":{"Escrito por":"CFPMaresme","Tiempo de lectura":"6 minutos"},"schema":{"@context":"https:\/\/schema.org","@graph":[{"@type":"Article","@id":"https:\/\/cfpmaresme.org\/es\/la-intermediacion-laboral-en-tiempo-de-covid-19\/#article","isPartOf":{"@id":"https:\/\/cfpmaresme.org\/es\/la-intermediacion-laboral-en-tiempo-de-covid-19\/"},"author":{"name":"CFPMaresme","@id":"https:\/\/cfpmaresme.org\/#\/schema\/person\/b2634bcd796fafc667ea4055f61b9b2c"},"headline":"La Intermediaci\u00f3n Laboral en tiempo de Covid-19","datePublished":"2020-05-28T10:14:53+00:00","dateModified":"2020-05-28T10:22:12+00:00","mainEntityOfPage":{"@id":"https:\/\/cfpmaresme.org\/es\/la-intermediacion-laboral-en-tiempo-de-covid-19\/"},"wordCount":1191,"commentCount":0,"image":{"@id":"https:\/\/cfpmaresme.org\/es\/la-intermediacion-laboral-en-tiempo-de-covid-19\/#primaryimage"},"thumbnailUrl":"https:\/\/cfpmaresme.org\/wp-content\/uploads\/2020\/05\/banner-intermediaci\u00f3-laboral.jpg","articleSection":["Formaci\u00f3n e Intermediaci\u00f3n Laboral"],"inLanguage":"es"},{"@type":"WebPage","@id":"https:\/\/cfpmaresme.org\/es\/la-intermediacion-laboral-en-tiempo-de-covid-19\/","url":"https:\/\/cfpmaresme.org\/es\/la-intermediacion-laboral-en-tiempo-de-covid-19\/","name":"La Intermediaci\u00f3n Laboral en tiempo de Covid-19 | CFP Maresme","isPartOf":{"@id":"https:\/\/cfpmaresme.org\/#website"},"primaryImageOfPage":{"@id":"https:\/\/cfpmaresme.org\/es\/la-intermediacion-laboral-en-tiempo-de-covid-19\/#primaryimage"},"image":{"@id":"https:\/\/cfpmaresme.org\/es\/la-intermediacion-laboral-en-tiempo-de-covid-19\/#primaryimage"},"thumbnailUrl":"https:\/\/cfpmaresme.org\/wp-content\/uploads\/2020\/05\/banner-intermediaci\u00f3-laboral.jpg","datePublished":"2020-05-28T10:14:53+00:00","dateModified":"2020-05-28T10:22:12+00:00","author":{"@id":"https:\/\/cfpmaresme.org\/#\/schema\/person\/b2634bcd796fafc667ea4055f61b9b2c"},"breadcrumb":{"@id":"https:\/\/cfpmaresme.org\/es\/la-intermediacion-laboral-en-tiempo-de-covid-19\/#breadcrumb"},"inLanguage":"es","potentialAction":[{"@type":"ReadAction","target":["https:\/\/cfpmaresme.org\/es\/la-intermediacion-laboral-en-tiempo-de-covid-19\/"]}]},{"@type":"ImageObject","inLanguage":"es","@id":"https:\/\/cfpmaresme.org\/es\/la-intermediacion-laboral-en-tiempo-de-covid-19\/#primaryimage","url":"https:\/\/cfpmaresme.org\/wp-content\/uploads\/2020\/05\/banner-intermediaci\u00f3-laboral.jpg","contentUrl":"https:\/\/cfpmaresme.org\/wp-content\/uploads\/2020\/05\/banner-intermediaci\u00f3-laboral.jpg","width":929,"height":447},{"@type":"BreadcrumbList","@id":"https:\/\/cfpmaresme.org\/es\/la-intermediacion-laboral-en-tiempo-de-covid-19\/#breadcrumb","itemListElement":[{"@type":"ListItem","position":1,"name":"Home","item":"https:\/\/cfpmaresme.org\/es\/"},{"@type":"ListItem","position":2,"name":"La Intermediaci\u00f3n Laboral en tiempo de Covid-19"}]},{"@type":"WebSite","@id":"https:\/\/cfpmaresme.org\/#website","url":"https:\/\/cfpmaresme.org\/","name":"CFP Maresme","description":"Centre Formaci\u00f3 Prevenci\u00f3","potentialAction":[{"@type":"SearchAction","target":{"@type":"EntryPoint","urlTemplate":"https:\/\/cfpmaresme.org\/?s={search_term_string}"},"query-input":{"@type":"PropertyValueSpecification","valueRequired":true,"valueName":"search_term_string"}}],"inLanguage":"es"},{"@type":"Person","@id":"https:\/\/cfpmaresme.org\/#\/schema\/person\/b2634bcd796fafc667ea4055f61b9b2c","name":"CFPMaresme"}]}},"_links":{"self":[{"href":"https:\/\/cfpmaresme.org\/es\/wp-json\/wp\/v2\/posts\/20388","targetHints":{"allow":["GET"]}}],"collection":[{"href":"https:\/\/cfpmaresme.org\/es\/wp-json\/wp\/v2\/posts"}],"about":[{"href":"https:\/\/cfpmaresme.org\/es\/wp-json\/wp\/v2\/types\/post"}],"author":[{"embeddable":true,"href":"https:\/\/cfpmaresme.org\/es\/wp-json\/wp\/v2\/users\/2"}],"replies":[{"embeddable":true,"href":"https:\/\/cfpmaresme.org\/es\/wp-json\/wp\/v2\/comments?post=20388"}],"version-history":[{"count":3,"href":"https:\/\/cfpmaresme.org\/es\/wp-json\/wp\/v2\/posts\/20388\/revisions"}],"predecessor-version":[{"id":20394,"href":"https:\/\/cfpmaresme.org\/es\/wp-json\/wp\/v2\/posts\/20388\/revisions\/20394"}],"wp:featuredmedia":[{"embeddable":true,"href":"https:\/\/cfpmaresme.org\/es\/wp-json\/wp\/v2\/media\/20384"}],"wp:attachment":[{"href":"https:\/\/cfpmaresme.org\/es\/wp-json\/wp\/v2\/media?parent=20388"}],"wp:term":[{"taxonomy":"category","embeddable":true,"href":"https:\/\/cfpmaresme.org\/es\/wp-json\/wp\/v2\/categories?post=20388"},{"taxonomy":"post_tag","embeddable":true,"href":"https:\/\/cfpmaresme.org\/es\/wp-json\/wp\/v2\/tags?post=20388"}],"curies":[{"name":"wp","href":"https:\/\/api.w.org\/{rel}","templated":true}]}}