{"id":20633,"date":"2020-06-17T10:07:01","date_gmt":"2020-06-17T08:07:01","guid":{"rendered":"https:\/\/www.cfpmaresme.org\/?p=20633"},"modified":"2020-06-17T10:07:01","modified_gmt":"2020-06-17T08:07:01","slug":"lecturas-para-reflexionar-sobre-los-tiempos-la-igualdad-y-el-poder-de-los-deseos","status":"publish","type":"post","link":"https:\/\/cfpmaresme.org\/es\/lecturas-para-reflexionar-sobre-los-tiempos-la-igualdad-y-el-poder-de-los-deseos\/","title":{"rendered":"Lecturas para reflexionar sobre los tiempos, la igualdad y el poder de los deseos"},"content":{"rendered":"<p>Maribel, de la<a href=\"https:\/\/bibliotecavirtual.diba.cat\/es\/premia-de-mar-biblioteca-marti-rossello-i-lloveras\" target=\"_blank\" rel=\"noopener noreferrer\"> Biblioteca Mart\u00ed i Rossell\u00f3<\/a> de Premi\u00e0 lee tres relatos que hacen reflexionar sobre la necesidad de respetar el tiempo de todo proceso, sobre la igualdad entre personas y sobre el poder de los deseos.<\/p>\n<p>Ocho minutos de escucha activa, calma y reflexi\u00f3n:<\/p>\n<p><iframe loading=\"lazy\" src=\"https:\/\/www.youtube.com\/embed\/EnTkhLj0ONk\" width=\"560\" height=\"315\" frameborder=\"0\" allowfullscreen=\"allowfullscreen\"><\/iframe><\/p>\n","protected":false},"excerpt":{"rendered":"<p>Maribel, de la Biblioteca Mart\u00ed i Rossell\u00f3 de Premi\u00e0 lee tres relatos que hacen reflexionar sobre la necesidad de respetar el tiempo de todo proceso, sobre la igualdad entre personas y sobre el poder de los deseos. Ocho minutos de escucha activa, calma y reflexi\u00f3n:<\/p>\n","protected":false},"author":2,"featured_media":20031,"comment_status":"open","ping_status":"open","sticky":false,"template":"","format":"standard","meta":{"footnotes":""},"categories":[1197,1209],"tags":[],"class_list":["post-20633","post","type-post","status-publish","format-standard","has-post-thumbnail","hentry","category-cfp-des-de-casa","category-cultura"],"yoast_head":"<!-- This site is optimized with the Yoast SEO plugin v27.4 - https:\/\/yoast.com\/product\/yoast-seo-wordpress\/ -->\n<title>Lecturas para reflexionar sobre los tiempos, la igualdad y el poder de los deseos | CFP Maresme<\/title>\n<meta name=\"robots\" content=\"index, follow, max-snippet:-1, max-image-preview:large, max-video-preview:-1\" \/>\n<link rel=\"canonical\" href=\"https:\/\/cfpmaresme.org\/es\/lecturas-para-reflexionar-sobre-los-tiempos-la-igualdad-y-el-poder-de-los-deseos\/\" \/>\n<meta property=\"og:locale\" content=\"es_ES\" \/>\n<meta property=\"og:type\" content=\"article\" \/>\n<meta property=\"og:title\" content=\"Lecturas para reflexionar sobre los tiempos, la igualdad y el poder de los deseos | CFP Maresme\" \/>\n<meta property=\"og:description\" content=\"Maribel, de la Biblioteca Mart\u00ed i Rossell\u00f3 de Premi\u00e0 lee tres relatos que hacen reflexionar sobre la necesidad de respetar el tiempo de todo proceso, sobre la igualdad entre personas y sobre el poder de los deseos. Ocho minutos de escucha activa, calma y reflexi\u00f3n:\" \/>\n<meta property=\"og:url\" content=\"https:\/\/cfpmaresme.org\/es\/lecturas-para-reflexionar-sobre-los-tiempos-la-igualdad-y-el-poder-de-los-deseos\/\" \/>\n<meta property=\"og:site_name\" content=\"CFP Maresme\" \/>\n<meta property=\"article:published_time\" content=\"2020-06-17T08:07:01+00:00\" \/>\n<meta property=\"og:image\" content=\"https:\/\/cfpmaresme.org\/wp-content\/uploads\/2020\/05\/banner-lectura.jpg\" \/>\n\t<meta property=\"og:image:width\" content=\"712\" \/>\n\t<meta property=\"og:image:height\" content=\"371\" \/>\n\t<meta property=\"og:image:type\" content=\"image\/jpeg\" \/>\n<meta name=\"author\" content=\"CFPMaresme\" \/>\n<meta name=\"twitter:card\" content=\"summary_large_image\" \/>\n<meta name=\"twitter:creator\" content=\"@cfpmaresme\" \/>\n<meta name=\"twitter:site\" content=\"@cfpmaresme\" \/>\n<meta name=\"twitter:label1\" content=\"Escrito por\" \/>\n\t<meta name=\"twitter:data1\" content=\"CFPMaresme\" \/>\n<script type=\"application\/ld+json\" class=\"yoast-schema-graph\">{\"@context\":\"https:\\\/\\\/schema.org\",\"@graph\":[{\"@type\":\"Article\",\"@id\":\"https:\\\/\\\/cfpmaresme.org\\\/es\\\/lecturas-para-reflexionar-sobre-los-tiempos-la-igualdad-y-el-poder-de-los-deseos\\\/#article\",\"isPartOf\":{\"@id\":\"https:\\\/\\\/cfpmaresme.org\\\/es\\\/lecturas-para-reflexionar-sobre-los-tiempos-la-igualdad-y-el-poder-de-los-deseos\\\/\"},\"author\":{\"name\":\"CFPMaresme\",\"@id\":\"https:\\\/\\\/cfpmaresme.org\\\/#\\\/schema\\\/person\\\/b2634bcd796fafc667ea4055f61b9b2c\"},\"headline\":\"Lecturas para reflexionar sobre los tiempos, la igualdad y el poder de los deseos\",\"datePublished\":\"2020-06-17T08:07:01+00:00\",\"mainEntityOfPage\":{\"@id\":\"https:\\\/\\\/cfpmaresme.org\\\/es\\\/lecturas-para-reflexionar-sobre-los-tiempos-la-igualdad-y-el-poder-de-los-deseos\\\/\"},\"wordCount\":60,\"commentCount\":0,\"image\":{\"@id\":\"https:\\\/\\\/cfpmaresme.org\\\/es\\\/lecturas-para-reflexionar-sobre-los-tiempos-la-igualdad-y-el-poder-de-los-deseos\\\/#primaryimage\"},\"thumbnailUrl\":\"https:\\\/\\\/cfpmaresme.org\\\/wp-content\\\/uploads\\\/2020\\\/05\\\/banner-lectura.jpg\",\"articleSection\":[\"CFP desde casa\",\"Cultura\"],\"inLanguage\":\"es\"},{\"@type\":\"WebPage\",\"@id\":\"https:\\\/\\\/cfpmaresme.org\\\/es\\\/lecturas-para-reflexionar-sobre-los-tiempos-la-igualdad-y-el-poder-de-los-deseos\\\/\",\"url\":\"https:\\\/\\\/cfpmaresme.org\\\/es\\\/lecturas-para-reflexionar-sobre-los-tiempos-la-igualdad-y-el-poder-de-los-deseos\\\/\",\"name\":\"Lecturas para reflexionar sobre los tiempos, la igualdad y el poder de los deseos | CFP Maresme\",\"isPartOf\":{\"@id\":\"https:\\\/\\\/cfpmaresme.org\\\/#website\"},\"primaryImageOfPage\":{\"@id\":\"https:\\\/\\\/cfpmaresme.org\\\/es\\\/lecturas-para-reflexionar-sobre-los-tiempos-la-igualdad-y-el-poder-de-los-deseos\\\/#primaryimage\"},\"image\":{\"@id\":\"https:\\\/\\\/cfpmaresme.org\\\/es\\\/lecturas-para-reflexionar-sobre-los-tiempos-la-igualdad-y-el-poder-de-los-deseos\\\/#primaryimage\"},\"thumbnailUrl\":\"https:\\\/\\\/cfpmaresme.org\\\/wp-content\\\/uploads\\\/2020\\\/05\\\/banner-lectura.jpg\",\"datePublished\":\"2020-06-17T08:07:01+00:00\",\"author\":{\"@id\":\"https:\\\/\\\/cfpmaresme.org\\\/#\\\/schema\\\/person\\\/b2634bcd796fafc667ea4055f61b9b2c\"},\"breadcrumb\":{\"@id\":\"https:\\\/\\\/cfpmaresme.org\\\/es\\\/lecturas-para-reflexionar-sobre-los-tiempos-la-igualdad-y-el-poder-de-los-deseos\\\/#breadcrumb\"},\"inLanguage\":\"es\",\"potentialAction\":[{\"@type\":\"ReadAction\",\"target\":[\"https:\\\/\\\/cfpmaresme.org\\\/es\\\/lecturas-para-reflexionar-sobre-los-tiempos-la-igualdad-y-el-poder-de-los-deseos\\\/\"]}]},{\"@type\":\"ImageObject\",\"inLanguage\":\"es\",\"@id\":\"https:\\\/\\\/cfpmaresme.org\\\/es\\\/lecturas-para-reflexionar-sobre-los-tiempos-la-igualdad-y-el-poder-de-los-deseos\\\/#primaryimage\",\"url\":\"https:\\\/\\\/cfpmaresme.org\\\/wp-content\\\/uploads\\\/2020\\\/05\\\/banner-lectura.jpg\",\"contentUrl\":\"https:\\\/\\\/cfpmaresme.org\\\/wp-content\\\/uploads\\\/2020\\\/05\\\/banner-lectura.jpg\",\"width\":712,\"height\":371},{\"@type\":\"BreadcrumbList\",\"@id\":\"https:\\\/\\\/cfpmaresme.org\\\/es\\\/lecturas-para-reflexionar-sobre-los-tiempos-la-igualdad-y-el-poder-de-los-deseos\\\/#breadcrumb\",\"itemListElement\":[{\"@type\":\"ListItem\",\"position\":1,\"name\":\"Home\",\"item\":\"https:\\\/\\\/cfpmaresme.org\\\/es\\\/\"},{\"@type\":\"ListItem\",\"position\":2,\"name\":\"Lecturas para reflexionar sobre los tiempos, la igualdad y el poder de los deseos\"}]},{\"@type\":\"WebSite\",\"@id\":\"https:\\\/\\\/cfpmaresme.org\\\/#website\",\"url\":\"https:\\\/\\\/cfpmaresme.org\\\/\",\"name\":\"CFP Maresme\",\"description\":\"Centre Formaci\u00f3 Prevenci\u00f3\",\"potentialAction\":[{\"@type\":\"SearchAction\",\"target\":{\"@type\":\"EntryPoint\",\"urlTemplate\":\"https:\\\/\\\/cfpmaresme.org\\\/?s={search_term_string}\"},\"query-input\":{\"@type\":\"PropertyValueSpecification\",\"valueRequired\":true,\"valueName\":\"search_term_string\"}}],\"inLanguage\":\"es\"},{\"@type\":\"Person\",\"@id\":\"https:\\\/\\\/cfpmaresme.org\\\/#\\\/schema\\\/person\\\/b2634bcd796fafc667ea4055f61b9b2c\",\"name\":\"CFPMaresme\"}]}<\/script>\n<!-- \/ Yoast SEO plugin. -->","yoast_head_json":{"title":"Lecturas para reflexionar sobre los tiempos, la igualdad y el poder de los deseos | CFP Maresme","robots":{"index":"index","follow":"follow","max-snippet":"max-snippet:-1","max-image-preview":"max-image-preview:large","max-video-preview":"max-video-preview:-1"},"canonical":"https:\/\/cfpmaresme.org\/es\/lecturas-para-reflexionar-sobre-los-tiempos-la-igualdad-y-el-poder-de-los-deseos\/","og_locale":"es_ES","og_type":"article","og_title":"Lecturas para reflexionar sobre los tiempos, la igualdad y el poder de los deseos | CFP Maresme","og_description":"Maribel, de la Biblioteca Mart\u00ed i Rossell\u00f3 de Premi\u00e0 lee tres relatos que hacen reflexionar sobre la necesidad de respetar el tiempo de todo proceso, sobre la igualdad entre personas y sobre el poder de los deseos. Ocho minutos de escucha activa, calma y reflexi\u00f3n:","og_url":"https:\/\/cfpmaresme.org\/es\/lecturas-para-reflexionar-sobre-los-tiempos-la-igualdad-y-el-poder-de-los-deseos\/","og_site_name":"CFP Maresme","article_published_time":"2020-06-17T08:07:01+00:00","og_image":[{"width":712,"height":371,"url":"https:\/\/cfpmaresme.org\/wp-content\/uploads\/2020\/05\/banner-lectura.jpg","type":"image\/jpeg"}],"author":"CFPMaresme","twitter_card":"summary_large_image","twitter_creator":"@cfpmaresme","twitter_site":"@cfpmaresme","twitter_misc":{"Escrito por":"CFPMaresme"},"schema":{"@context":"https:\/\/schema.org","@graph":[{"@type":"Article","@id":"https:\/\/cfpmaresme.org\/es\/lecturas-para-reflexionar-sobre-los-tiempos-la-igualdad-y-el-poder-de-los-deseos\/#article","isPartOf":{"@id":"https:\/\/cfpmaresme.org\/es\/lecturas-para-reflexionar-sobre-los-tiempos-la-igualdad-y-el-poder-de-los-deseos\/"},"author":{"name":"CFPMaresme","@id":"https:\/\/cfpmaresme.org\/#\/schema\/person\/b2634bcd796fafc667ea4055f61b9b2c"},"headline":"Lecturas para reflexionar sobre los tiempos, la igualdad y el poder de los deseos","datePublished":"2020-06-17T08:07:01+00:00","mainEntityOfPage":{"@id":"https:\/\/cfpmaresme.org\/es\/lecturas-para-reflexionar-sobre-los-tiempos-la-igualdad-y-el-poder-de-los-deseos\/"},"wordCount":60,"commentCount":0,"image":{"@id":"https:\/\/cfpmaresme.org\/es\/lecturas-para-reflexionar-sobre-los-tiempos-la-igualdad-y-el-poder-de-los-deseos\/#primaryimage"},"thumbnailUrl":"https:\/\/cfpmaresme.org\/wp-content\/uploads\/2020\/05\/banner-lectura.jpg","articleSection":["CFP desde casa","Cultura"],"inLanguage":"es"},{"@type":"WebPage","@id":"https:\/\/cfpmaresme.org\/es\/lecturas-para-reflexionar-sobre-los-tiempos-la-igualdad-y-el-poder-de-los-deseos\/","url":"https:\/\/cfpmaresme.org\/es\/lecturas-para-reflexionar-sobre-los-tiempos-la-igualdad-y-el-poder-de-los-deseos\/","name":"Lecturas para reflexionar sobre los tiempos, la igualdad y el poder de los deseos | CFP Maresme","isPartOf":{"@id":"https:\/\/cfpmaresme.org\/#website"},"primaryImageOfPage":{"@id":"https:\/\/cfpmaresme.org\/es\/lecturas-para-reflexionar-sobre-los-tiempos-la-igualdad-y-el-poder-de-los-deseos\/#primaryimage"},"image":{"@id":"https:\/\/cfpmaresme.org\/es\/lecturas-para-reflexionar-sobre-los-tiempos-la-igualdad-y-el-poder-de-los-deseos\/#primaryimage"},"thumbnailUrl":"https:\/\/cfpmaresme.org\/wp-content\/uploads\/2020\/05\/banner-lectura.jpg","datePublished":"2020-06-17T08:07:01+00:00","author":{"@id":"https:\/\/cfpmaresme.org\/#\/schema\/person\/b2634bcd796fafc667ea4055f61b9b2c"},"breadcrumb":{"@id":"https:\/\/cfpmaresme.org\/es\/lecturas-para-reflexionar-sobre-los-tiempos-la-igualdad-y-el-poder-de-los-deseos\/#breadcrumb"},"inLanguage":"es","potentialAction":[{"@type":"ReadAction","target":["https:\/\/cfpmaresme.org\/es\/lecturas-para-reflexionar-sobre-los-tiempos-la-igualdad-y-el-poder-de-los-deseos\/"]}]},{"@type":"ImageObject","inLanguage":"es","@id":"https:\/\/cfpmaresme.org\/es\/lecturas-para-reflexionar-sobre-los-tiempos-la-igualdad-y-el-poder-de-los-deseos\/#primaryimage","url":"https:\/\/cfpmaresme.org\/wp-content\/uploads\/2020\/05\/banner-lectura.jpg","contentUrl":"https:\/\/cfpmaresme.org\/wp-content\/uploads\/2020\/05\/banner-lectura.jpg","width":712,"height":371},{"@type":"BreadcrumbList","@id":"https:\/\/cfpmaresme.org\/es\/lecturas-para-reflexionar-sobre-los-tiempos-la-igualdad-y-el-poder-de-los-deseos\/#breadcrumb","itemListElement":[{"@type":"ListItem","position":1,"name":"Home","item":"https:\/\/cfpmaresme.org\/es\/"},{"@type":"ListItem","position":2,"name":"Lecturas para reflexionar sobre los tiempos, la igualdad y el poder de los deseos"}]},{"@type":"WebSite","@id":"https:\/\/cfpmaresme.org\/#website","url":"https:\/\/cfpmaresme.org\/","name":"CFP Maresme","description":"Centre Formaci\u00f3 Prevenci\u00f3","potentialAction":[{"@type":"SearchAction","target":{"@type":"EntryPoint","urlTemplate":"https:\/\/cfpmaresme.org\/?s={search_term_string}"},"query-input":{"@type":"PropertyValueSpecification","valueRequired":true,"valueName":"search_term_string"}}],"inLanguage":"es"},{"@type":"Person","@id":"https:\/\/cfpmaresme.org\/#\/schema\/person\/b2634bcd796fafc667ea4055f61b9b2c","name":"CFPMaresme"}]}},"_links":{"self":[{"href":"https:\/\/cfpmaresme.org\/es\/wp-json\/wp\/v2\/posts\/20633","targetHints":{"allow":["GET"]}}],"collection":[{"href":"https:\/\/cfpmaresme.org\/es\/wp-json\/wp\/v2\/posts"}],"about":[{"href":"https:\/\/cfpmaresme.org\/es\/wp-json\/wp\/v2\/types\/post"}],"author":[{"embeddable":true,"href":"https:\/\/cfpmaresme.org\/es\/wp-json\/wp\/v2\/users\/2"}],"replies":[{"embeddable":true,"href":"https:\/\/cfpmaresme.org\/es\/wp-json\/wp\/v2\/comments?post=20633"}],"version-history":[{"count":1,"href":"https:\/\/cfpmaresme.org\/es\/wp-json\/wp\/v2\/posts\/20633\/revisions"}],"predecessor-version":[{"id":20634,"href":"https:\/\/cfpmaresme.org\/es\/wp-json\/wp\/v2\/posts\/20633\/revisions\/20634"}],"wp:featuredmedia":[{"embeddable":true,"href":"https:\/\/cfpmaresme.org\/es\/wp-json\/wp\/v2\/media\/20031"}],"wp:attachment":[{"href":"https:\/\/cfpmaresme.org\/es\/wp-json\/wp\/v2\/media?parent=20633"}],"wp:term":[{"taxonomy":"category","embeddable":true,"href":"https:\/\/cfpmaresme.org\/es\/wp-json\/wp\/v2\/categories?post=20633"},{"taxonomy":"post_tag","embeddable":true,"href":"https:\/\/cfpmaresme.org\/es\/wp-json\/wp\/v2\/tags?post=20633"}],"curies":[{"name":"wp","href":"https:\/\/api.w.org\/{rel}","templated":true}]}}