{"id":20789,"date":"2020-07-02T11:31:40","date_gmt":"2020-07-02T09:31:40","guid":{"rendered":"https:\/\/www.cfpmaresme.org\/?p=20789"},"modified":"2020-07-02T11:35:56","modified_gmt":"2020-07-02T09:35:56","slug":"dar-una-segunda-vida-a-los-libros-y-facilitar-el-acceso-a-la-cultura-el-hito-de-llibre-actiu","status":"publish","type":"post","link":"https:\/\/cfpmaresme.org\/es\/dar-una-segunda-vida-a-los-libros-y-facilitar-el-acceso-a-la-cultura-el-hito-de-llibre-actiu\/","title":{"rendered":"Dar una segunda vida a los libros y facilitar el acceso a la cultura, el hito de Llibre Actiu"},"content":{"rendered":"<p>&nbsp;<\/p>\n<p>Llibre Actiu es uno de aquellos programas del CFP que cumple con la funci\u00f3n de atenci\u00f3n comunitaria y transversal de la entidad. Es un servicio de\u00a0<strong>intercambio de libros gratuitos<\/strong> gestionado por personas con problem\u00e1tica de salud mental.<\/p>\n<p>Combina la vertiente <strong>social<\/strong>, la <strong>cultural<\/strong> y la <strong>solidaria<\/strong>. Da la oportunidad a usuarios\/as del CFP de ser protagonistas de la gesti\u00f3n de la librer\u00eda, ofrece una segunda vida a los libros y la posibilidad de adquirirlos a coste 0. Es una muestra de la <strong>econom\u00eda social<\/strong>, una puesta en com\u00fan de recursos que permite ser tan proveedor como beneficiario a todos los interesados.<\/p>\n<p>Este programa est\u00e1 en funcionamiento desde hace una d\u00e9cada y ha contado con todo tipo de libros de tem\u00e1ticas y categor\u00edas variadas. Desde historia, pasando por salud, arte, biograf\u00edas y literatura, hasta geograf\u00eda y turismo, entre otras.<\/p>\n<p>Lo gestionan <strong>5 personas<\/strong> de los <strong><a href=\"\/?page_id=16510\" target=\"_blank\" rel=\"noopener noreferrer\">Servicios de Rehabilitaci\u00f3n <\/a><\/strong>\u00a0del <strong>CFP,<\/strong> que han hecho suya la librer\u00eda y dan lo mejor de s\u00ed mismas para ofrecer una atenci\u00f3n cercana y de calidad al p\u00fablico que dona o viene a buscar libros.<\/p>\n<p>Son personas muy vinculadas con la entidad, algunas de ellas desde el inicio del programa y que han crecido con el recurso. Todas ellas ofrecen su tiempo y trabajo de forma <strong>voluntaria<\/strong>.\u00a0 Las tareas del d\u00eda a d\u00eda se fundamentan en recibir a los clientes, dar de alta los libros que llegan, previamente clasificados, y dar de baja los que se llevan. Tambi\u00e9n sellan y categorizan los vol\u00famenes y se encargan del orden y del mantenimiento de las estanter\u00edas.<\/p>\n<p><strong> <img loading=\"lazy\" decoding=\"async\" class=\"wp-image-20781 size-medium alignright\" src=\"https:\/\/www.cfpmaresme.org\/wp-content\/uploads\/2020\/07\/LLIBRE-ACTIU-300x200.jpg\" alt=\"\" width=\"300\" height=\"200\" srcset=\"https:\/\/cfpmaresme.org\/wp-content\/uploads\/2020\/07\/LLIBRE-ACTIU-300x200.jpg 300w, https:\/\/cfpmaresme.org\/wp-content\/uploads\/2020\/07\/LLIBRE-ACTIU-1024x683.jpg 1024w, https:\/\/cfpmaresme.org\/wp-content\/uploads\/2020\/07\/LLIBRE-ACTIU-768x512.jpg 768w, https:\/\/cfpmaresme.org\/wp-content\/uploads\/2020\/07\/LLIBRE-ACTIU-700x467.jpg 700w, https:\/\/cfpmaresme.org\/wp-content\/uploads\/2020\/07\/LLIBRE-ACTIU.jpg 1500w\" sizes=\"auto, (max-width: 300px) 100vw, 300px\" \/><\/strong><\/p>\n<h3>Llibre Actiu en tiempos de Covid-19<\/h3>\n<p>La librer\u00eda ha estado cerrada durante las semanas de confinamiento y el personal de servicios del CFP ha aprovechado para hacer una puesta a punto antes de poder abrir las puertas. Han pintado y amueblado de nuevo la zona para darle una imagen m\u00e1s moderna y dar cabida a la gran cantidad de libros con los que cuenta.\u00a0<strong><br \/>\n<\/strong><\/p>\n<p>Recientemente ha abierto de nuevo sus puertas con la introducci\u00f3n de todos los protocolos necesarios a seguir marcados por las autoridades en este tipo de establecimientos. El apunte m\u00e1s curioso es que los libros que lleguen tendr\u00e1n que estar 14 d\u00edas confinados antes de poderse exponer para que, quien quiera, los pueda adquirir.<\/p>\n<p>Asimismo, las personas que vayan a la librer\u00eda tendr\u00e1n que llevar mascarilla, ponerse gel hidrol\u00f3gico y pasar los pies por una alfombra desinfectante. El <strong>aforo m\u00e1ximo ser\u00e1 de tres personas.\u00a0<\/strong><\/p>\n<p>Llibre Actiu est\u00e1 abierto de 9 a 13.00h. de lunes a viernes y las personas que est\u00e9n interesadas en dar o recoger libros pueden ir directamente a la Calle Muntanya 79 de Matar\u00f3 o bien llamar al tel\u00e9fono 93.757.40.74. Encontrar\u00e1n vol\u00famenes de todo tipo excepto enciclopedias y libros de texto escolares.<\/p>\n<p>Llibre Actiu consigue hacer <strong>part\u00edcipes del mundo cultural y de la vida comunitaria <\/strong>a personas con problem\u00e1ticas de salud mental y colaborar en preservar la posiblidad de que, quien quiera, pueda <strong>acceder a recursos culturales de forma gratuita<\/strong>. Un bien tan necesario hoy en d\u00eda.<\/p>\n<p>&nbsp;<\/p>\n","protected":false},"excerpt":{"rendered":"<p>&nbsp; Llibre Actiu es uno de aquellos programas del CFP que cumple con la funci\u00f3n de atenci\u00f3n comunitaria y transversal de la entidad. Es un servicio de\u00a0intercambio de libros gratuitos gestionado por personas con problem\u00e1tica de salud mental. Combina la vertiente social, la cultural y&#8230;<\/p>\n","protected":false},"author":2,"featured_media":20780,"comment_status":"open","ping_status":"open","sticky":false,"template":"","format":"standard","meta":{"footnotes":""},"categories":[599],"tags":[],"class_list":["post-20789","post","type-post","status-publish","format-standard","has-post-thumbnail","hentry","category-llibre-actiu-es"],"yoast_head":"<!-- This site is optimized with the Yoast SEO plugin v27.4 - https:\/\/yoast.com\/product\/yoast-seo-wordpress\/ -->\n<title>Dar una segunda vida a los libros y facilitar el acceso a la cultura, el hito de Llibre Actiu | CFP Maresme<\/title>\n<meta name=\"robots\" content=\"index, follow, max-snippet:-1, max-image-preview:large, max-video-preview:-1\" \/>\n<link rel=\"canonical\" href=\"https:\/\/cfpmaresme.org\/es\/dar-una-segunda-vida-a-los-libros-y-facilitar-el-acceso-a-la-cultura-el-hito-de-llibre-actiu\/\" \/>\n<meta property=\"og:locale\" content=\"es_ES\" \/>\n<meta property=\"og:type\" content=\"article\" \/>\n<meta property=\"og:title\" content=\"Dar una segunda vida a los libros y facilitar el acceso a la cultura, el hito de Llibre Actiu | CFP Maresme\" \/>\n<meta property=\"og:description\" content=\"&nbsp; Llibre Actiu es uno de aquellos programas del CFP que cumple con la funci\u00f3n de atenci\u00f3n comunitaria y transversal de la entidad. Es un servicio de\u00a0intercambio de libros gratuitos gestionado por personas con problem\u00e1tica de salud mental. Combina la vertiente social, la cultural y...\" \/>\n<meta property=\"og:url\" content=\"https:\/\/cfpmaresme.org\/es\/dar-una-segunda-vida-a-los-libros-y-facilitar-el-acceso-a-la-cultura-el-hito-de-llibre-actiu\/\" \/>\n<meta property=\"og:site_name\" content=\"CFP Maresme\" \/>\n<meta property=\"article:published_time\" content=\"2020-07-02T09:31:40+00:00\" \/>\n<meta property=\"article:modified_time\" content=\"2020-07-02T09:35:56+00:00\" \/>\n<meta property=\"og:image\" content=\"https:\/\/cfpmaresme.org\/wp-content\/uploads\/2020\/07\/banner-Llibre-Actiu.jpg\" \/>\n\t<meta property=\"og:image:width\" content=\"656\" \/>\n\t<meta property=\"og:image:height\" content=\"359\" \/>\n\t<meta property=\"og:image:type\" content=\"image\/jpeg\" \/>\n<meta name=\"author\" content=\"CFPMaresme\" \/>\n<meta name=\"twitter:card\" content=\"summary_large_image\" \/>\n<meta name=\"twitter:creator\" content=\"@cfpmaresme\" \/>\n<meta name=\"twitter:site\" content=\"@cfpmaresme\" \/>\n<meta name=\"twitter:label1\" content=\"Escrito por\" \/>\n\t<meta name=\"twitter:data1\" content=\"CFPMaresme\" \/>\n\t<meta name=\"twitter:label2\" content=\"Tiempo de lectura\" \/>\n\t<meta name=\"twitter:data2\" content=\"3 minutos\" \/>\n<script type=\"application\/ld+json\" class=\"yoast-schema-graph\">{\"@context\":\"https:\\\/\\\/schema.org\",\"@graph\":[{\"@type\":\"Article\",\"@id\":\"https:\\\/\\\/cfpmaresme.org\\\/es\\\/dar-una-segunda-vida-a-los-libros-y-facilitar-el-acceso-a-la-cultura-el-hito-de-llibre-actiu\\\/#article\",\"isPartOf\":{\"@id\":\"https:\\\/\\\/cfpmaresme.org\\\/es\\\/dar-una-segunda-vida-a-los-libros-y-facilitar-el-acceso-a-la-cultura-el-hito-de-llibre-actiu\\\/\"},\"author\":{\"name\":\"CFPMaresme\",\"@id\":\"https:\\\/\\\/cfpmaresme.org\\\/#\\\/schema\\\/person\\\/b2634bcd796fafc667ea4055f61b9b2c\"},\"headline\":\"Dar una segunda vida a los libros y facilitar el acceso a la cultura, el hito de Llibre Actiu\",\"datePublished\":\"2020-07-02T09:31:40+00:00\",\"dateModified\":\"2020-07-02T09:35:56+00:00\",\"mainEntityOfPage\":{\"@id\":\"https:\\\/\\\/cfpmaresme.org\\\/es\\\/dar-una-segunda-vida-a-los-libros-y-facilitar-el-acceso-a-la-cultura-el-hito-de-llibre-actiu\\\/\"},\"wordCount\":556,\"commentCount\":0,\"image\":{\"@id\":\"https:\\\/\\\/cfpmaresme.org\\\/es\\\/dar-una-segunda-vida-a-los-libros-y-facilitar-el-acceso-a-la-cultura-el-hito-de-llibre-actiu\\\/#primaryimage\"},\"thumbnailUrl\":\"https:\\\/\\\/cfpmaresme.org\\\/wp-content\\\/uploads\\\/2020\\\/07\\\/banner-Llibre-Actiu.jpg\",\"articleSection\":[\"Llibre Actiu\"],\"inLanguage\":\"es\"},{\"@type\":\"WebPage\",\"@id\":\"https:\\\/\\\/cfpmaresme.org\\\/es\\\/dar-una-segunda-vida-a-los-libros-y-facilitar-el-acceso-a-la-cultura-el-hito-de-llibre-actiu\\\/\",\"url\":\"https:\\\/\\\/cfpmaresme.org\\\/es\\\/dar-una-segunda-vida-a-los-libros-y-facilitar-el-acceso-a-la-cultura-el-hito-de-llibre-actiu\\\/\",\"name\":\"Dar una segunda vida a los libros y facilitar el acceso a la cultura, el hito de Llibre Actiu | CFP Maresme\",\"isPartOf\":{\"@id\":\"https:\\\/\\\/cfpmaresme.org\\\/#website\"},\"primaryImageOfPage\":{\"@id\":\"https:\\\/\\\/cfpmaresme.org\\\/es\\\/dar-una-segunda-vida-a-los-libros-y-facilitar-el-acceso-a-la-cultura-el-hito-de-llibre-actiu\\\/#primaryimage\"},\"image\":{\"@id\":\"https:\\\/\\\/cfpmaresme.org\\\/es\\\/dar-una-segunda-vida-a-los-libros-y-facilitar-el-acceso-a-la-cultura-el-hito-de-llibre-actiu\\\/#primaryimage\"},\"thumbnailUrl\":\"https:\\\/\\\/cfpmaresme.org\\\/wp-content\\\/uploads\\\/2020\\\/07\\\/banner-Llibre-Actiu.jpg\",\"datePublished\":\"2020-07-02T09:31:40+00:00\",\"dateModified\":\"2020-07-02T09:35:56+00:00\",\"author\":{\"@id\":\"https:\\\/\\\/cfpmaresme.org\\\/#\\\/schema\\\/person\\\/b2634bcd796fafc667ea4055f61b9b2c\"},\"breadcrumb\":{\"@id\":\"https:\\\/\\\/cfpmaresme.org\\\/es\\\/dar-una-segunda-vida-a-los-libros-y-facilitar-el-acceso-a-la-cultura-el-hito-de-llibre-actiu\\\/#breadcrumb\"},\"inLanguage\":\"es\",\"potentialAction\":[{\"@type\":\"ReadAction\",\"target\":[\"https:\\\/\\\/cfpmaresme.org\\\/es\\\/dar-una-segunda-vida-a-los-libros-y-facilitar-el-acceso-a-la-cultura-el-hito-de-llibre-actiu\\\/\"]}]},{\"@type\":\"ImageObject\",\"inLanguage\":\"es\",\"@id\":\"https:\\\/\\\/cfpmaresme.org\\\/es\\\/dar-una-segunda-vida-a-los-libros-y-facilitar-el-acceso-a-la-cultura-el-hito-de-llibre-actiu\\\/#primaryimage\",\"url\":\"https:\\\/\\\/cfpmaresme.org\\\/wp-content\\\/uploads\\\/2020\\\/07\\\/banner-Llibre-Actiu.jpg\",\"contentUrl\":\"https:\\\/\\\/cfpmaresme.org\\\/wp-content\\\/uploads\\\/2020\\\/07\\\/banner-Llibre-Actiu.jpg\",\"width\":656,\"height\":359},{\"@type\":\"BreadcrumbList\",\"@id\":\"https:\\\/\\\/cfpmaresme.org\\\/es\\\/dar-una-segunda-vida-a-los-libros-y-facilitar-el-acceso-a-la-cultura-el-hito-de-llibre-actiu\\\/#breadcrumb\",\"itemListElement\":[{\"@type\":\"ListItem\",\"position\":1,\"name\":\"Home\",\"item\":\"https:\\\/\\\/cfpmaresme.org\\\/es\\\/\"},{\"@type\":\"ListItem\",\"position\":2,\"name\":\"Dar una segunda vida a los libros y facilitar el acceso a la cultura, el hito de Llibre Actiu\"}]},{\"@type\":\"WebSite\",\"@id\":\"https:\\\/\\\/cfpmaresme.org\\\/#website\",\"url\":\"https:\\\/\\\/cfpmaresme.org\\\/\",\"name\":\"CFP Maresme\",\"description\":\"Centre Formaci\u00f3 Prevenci\u00f3\",\"potentialAction\":[{\"@type\":\"SearchAction\",\"target\":{\"@type\":\"EntryPoint\",\"urlTemplate\":\"https:\\\/\\\/cfpmaresme.org\\\/?s={search_term_string}\"},\"query-input\":{\"@type\":\"PropertyValueSpecification\",\"valueRequired\":true,\"valueName\":\"search_term_string\"}}],\"inLanguage\":\"es\"},{\"@type\":\"Person\",\"@id\":\"https:\\\/\\\/cfpmaresme.org\\\/#\\\/schema\\\/person\\\/b2634bcd796fafc667ea4055f61b9b2c\",\"name\":\"CFPMaresme\"}]}<\/script>\n<!-- \/ Yoast SEO plugin. -->","yoast_head_json":{"title":"Dar una segunda vida a los libros y facilitar el acceso a la cultura, el hito de Llibre Actiu | CFP Maresme","robots":{"index":"index","follow":"follow","max-snippet":"max-snippet:-1","max-image-preview":"max-image-preview:large","max-video-preview":"max-video-preview:-1"},"canonical":"https:\/\/cfpmaresme.org\/es\/dar-una-segunda-vida-a-los-libros-y-facilitar-el-acceso-a-la-cultura-el-hito-de-llibre-actiu\/","og_locale":"es_ES","og_type":"article","og_title":"Dar una segunda vida a los libros y facilitar el acceso a la cultura, el hito de Llibre Actiu | CFP Maresme","og_description":"&nbsp; Llibre Actiu es uno de aquellos programas del CFP que cumple con la funci\u00f3n de atenci\u00f3n comunitaria y transversal de la entidad. Es un servicio de\u00a0intercambio de libros gratuitos gestionado por personas con problem\u00e1tica de salud mental. Combina la vertiente social, la cultural y...","og_url":"https:\/\/cfpmaresme.org\/es\/dar-una-segunda-vida-a-los-libros-y-facilitar-el-acceso-a-la-cultura-el-hito-de-llibre-actiu\/","og_site_name":"CFP Maresme","article_published_time":"2020-07-02T09:31:40+00:00","article_modified_time":"2020-07-02T09:35:56+00:00","og_image":[{"width":656,"height":359,"url":"https:\/\/cfpmaresme.org\/wp-content\/uploads\/2020\/07\/banner-Llibre-Actiu.jpg","type":"image\/jpeg"}],"author":"CFPMaresme","twitter_card":"summary_large_image","twitter_creator":"@cfpmaresme","twitter_site":"@cfpmaresme","twitter_misc":{"Escrito por":"CFPMaresme","Tiempo de lectura":"3 minutos"},"schema":{"@context":"https:\/\/schema.org","@graph":[{"@type":"Article","@id":"https:\/\/cfpmaresme.org\/es\/dar-una-segunda-vida-a-los-libros-y-facilitar-el-acceso-a-la-cultura-el-hito-de-llibre-actiu\/#article","isPartOf":{"@id":"https:\/\/cfpmaresme.org\/es\/dar-una-segunda-vida-a-los-libros-y-facilitar-el-acceso-a-la-cultura-el-hito-de-llibre-actiu\/"},"author":{"name":"CFPMaresme","@id":"https:\/\/cfpmaresme.org\/#\/schema\/person\/b2634bcd796fafc667ea4055f61b9b2c"},"headline":"Dar una segunda vida a los libros y facilitar el acceso a la cultura, el hito de Llibre Actiu","datePublished":"2020-07-02T09:31:40+00:00","dateModified":"2020-07-02T09:35:56+00:00","mainEntityOfPage":{"@id":"https:\/\/cfpmaresme.org\/es\/dar-una-segunda-vida-a-los-libros-y-facilitar-el-acceso-a-la-cultura-el-hito-de-llibre-actiu\/"},"wordCount":556,"commentCount":0,"image":{"@id":"https:\/\/cfpmaresme.org\/es\/dar-una-segunda-vida-a-los-libros-y-facilitar-el-acceso-a-la-cultura-el-hito-de-llibre-actiu\/#primaryimage"},"thumbnailUrl":"https:\/\/cfpmaresme.org\/wp-content\/uploads\/2020\/07\/banner-Llibre-Actiu.jpg","articleSection":["Llibre Actiu"],"inLanguage":"es"},{"@type":"WebPage","@id":"https:\/\/cfpmaresme.org\/es\/dar-una-segunda-vida-a-los-libros-y-facilitar-el-acceso-a-la-cultura-el-hito-de-llibre-actiu\/","url":"https:\/\/cfpmaresme.org\/es\/dar-una-segunda-vida-a-los-libros-y-facilitar-el-acceso-a-la-cultura-el-hito-de-llibre-actiu\/","name":"Dar una segunda vida a los libros y facilitar el acceso a la cultura, el hito de Llibre Actiu | CFP Maresme","isPartOf":{"@id":"https:\/\/cfpmaresme.org\/#website"},"primaryImageOfPage":{"@id":"https:\/\/cfpmaresme.org\/es\/dar-una-segunda-vida-a-los-libros-y-facilitar-el-acceso-a-la-cultura-el-hito-de-llibre-actiu\/#primaryimage"},"image":{"@id":"https:\/\/cfpmaresme.org\/es\/dar-una-segunda-vida-a-los-libros-y-facilitar-el-acceso-a-la-cultura-el-hito-de-llibre-actiu\/#primaryimage"},"thumbnailUrl":"https:\/\/cfpmaresme.org\/wp-content\/uploads\/2020\/07\/banner-Llibre-Actiu.jpg","datePublished":"2020-07-02T09:31:40+00:00","dateModified":"2020-07-02T09:35:56+00:00","author":{"@id":"https:\/\/cfpmaresme.org\/#\/schema\/person\/b2634bcd796fafc667ea4055f61b9b2c"},"breadcrumb":{"@id":"https:\/\/cfpmaresme.org\/es\/dar-una-segunda-vida-a-los-libros-y-facilitar-el-acceso-a-la-cultura-el-hito-de-llibre-actiu\/#breadcrumb"},"inLanguage":"es","potentialAction":[{"@type":"ReadAction","target":["https:\/\/cfpmaresme.org\/es\/dar-una-segunda-vida-a-los-libros-y-facilitar-el-acceso-a-la-cultura-el-hito-de-llibre-actiu\/"]}]},{"@type":"ImageObject","inLanguage":"es","@id":"https:\/\/cfpmaresme.org\/es\/dar-una-segunda-vida-a-los-libros-y-facilitar-el-acceso-a-la-cultura-el-hito-de-llibre-actiu\/#primaryimage","url":"https:\/\/cfpmaresme.org\/wp-content\/uploads\/2020\/07\/banner-Llibre-Actiu.jpg","contentUrl":"https:\/\/cfpmaresme.org\/wp-content\/uploads\/2020\/07\/banner-Llibre-Actiu.jpg","width":656,"height":359},{"@type":"BreadcrumbList","@id":"https:\/\/cfpmaresme.org\/es\/dar-una-segunda-vida-a-los-libros-y-facilitar-el-acceso-a-la-cultura-el-hito-de-llibre-actiu\/#breadcrumb","itemListElement":[{"@type":"ListItem","position":1,"name":"Home","item":"https:\/\/cfpmaresme.org\/es\/"},{"@type":"ListItem","position":2,"name":"Dar una segunda vida a los libros y facilitar el acceso a la cultura, el hito de Llibre Actiu"}]},{"@type":"WebSite","@id":"https:\/\/cfpmaresme.org\/#website","url":"https:\/\/cfpmaresme.org\/","name":"CFP Maresme","description":"Centre Formaci\u00f3 Prevenci\u00f3","potentialAction":[{"@type":"SearchAction","target":{"@type":"EntryPoint","urlTemplate":"https:\/\/cfpmaresme.org\/?s={search_term_string}"},"query-input":{"@type":"PropertyValueSpecification","valueRequired":true,"valueName":"search_term_string"}}],"inLanguage":"es"},{"@type":"Person","@id":"https:\/\/cfpmaresme.org\/#\/schema\/person\/b2634bcd796fafc667ea4055f61b9b2c","name":"CFPMaresme"}]}},"_links":{"self":[{"href":"https:\/\/cfpmaresme.org\/es\/wp-json\/wp\/v2\/posts\/20789","targetHints":{"allow":["GET"]}}],"collection":[{"href":"https:\/\/cfpmaresme.org\/es\/wp-json\/wp\/v2\/posts"}],"about":[{"href":"https:\/\/cfpmaresme.org\/es\/wp-json\/wp\/v2\/types\/post"}],"author":[{"embeddable":true,"href":"https:\/\/cfpmaresme.org\/es\/wp-json\/wp\/v2\/users\/2"}],"replies":[{"embeddable":true,"href":"https:\/\/cfpmaresme.org\/es\/wp-json\/wp\/v2\/comments?post=20789"}],"version-history":[{"count":3,"href":"https:\/\/cfpmaresme.org\/es\/wp-json\/wp\/v2\/posts\/20789\/revisions"}],"predecessor-version":[{"id":20792,"href":"https:\/\/cfpmaresme.org\/es\/wp-json\/wp\/v2\/posts\/20789\/revisions\/20792"}],"wp:featuredmedia":[{"embeddable":true,"href":"https:\/\/cfpmaresme.org\/es\/wp-json\/wp\/v2\/media\/20780"}],"wp:attachment":[{"href":"https:\/\/cfpmaresme.org\/es\/wp-json\/wp\/v2\/media?parent=20789"}],"wp:term":[{"taxonomy":"category","embeddable":true,"href":"https:\/\/cfpmaresme.org\/es\/wp-json\/wp\/v2\/categories?post=20789"},{"taxonomy":"post_tag","embeddable":true,"href":"https:\/\/cfpmaresme.org\/es\/wp-json\/wp\/v2\/tags?post=20789"}],"curies":[{"name":"wp","href":"https:\/\/api.w.org\/{rel}","templated":true}]}}