{"id":21144,"date":"2020-07-29T11:03:42","date_gmt":"2020-07-29T09:03:42","guid":{"rendered":"https:\/\/www.cfpmaresme.org\/?p=21144"},"modified":"2021-09-07T11:37:25","modified_gmt":"2021-09-07T09:37:25","slug":"el-centro-alfar-y-el-cfp-sumamos-esfuerzos-para-ofrecer-mas-oportunidades-a-los-jovenes","status":"publish","type":"post","link":"https:\/\/cfpmaresme.org\/es\/el-centro-alfar-y-el-cfp-sumamos-esfuerzos-para-ofrecer-mas-oportunidades-a-los-jovenes\/","title":{"rendered":"El centro Alfar y el CFP sumamos esfuerzos para ofrecer m\u00e1s oportunidades a los j\u00f3venes"},"content":{"rendered":"<p>Desde hace un tiempo, el centro de primera acogida Alfar de la<a href=\"https:\/\/www.peretarres.org\/es\" target=\"_blank\" rel=\"noopener noreferrer\"> Fundaci\u00f3 Pere Tarr\u00e9s<\/a> y el CFP colaboramos creando sinergias con el objetivo de mejorar las oportunidades de los j\u00f3venes migrantes que acompa\u00f1amos.<\/p>\n<p>Son chicos y chicas que llegan a nuestro pa\u00eds con el deseo de trabajar y establecerse aqu\u00ed. El paso m\u00e1s relevante para que esto sea posible es conseguir la documentaci\u00f3n &#8211; permiso de residencia y\u00a0 de trabajo, sobretodo \u2013 para poder ser ciudadanos con todos los derechos.<\/p>\n<p>Las entidades como Alfar y el CFP ofrecen recursos formativos, orientadores, de vivienda, etc. para ayudarlos en este proceso. As\u00ed, si sumamos esfuerzos podemos darles m\u00e1s opciones y m\u00e1s diversas.<\/p>\n<p>Hay usuarios de Alfar que asisten a el <a href=\"\/?page_id=16537\" target=\"_blank\" rel=\"noopener noreferrer\">Area Diurna del CFP<\/a> y, algunos de ellos, hacen el <strong>taller de reparaci\u00f3n y mantenimiento de bicicletas.\u00a0<\/strong><\/p>\n<p>\u00daltimamente Alfar nos ha proporcionado bicicletas para que se las arreglemos desde este recurso. La semana pasada Ernest, el Director del centro de acogida, y tres j\u00f3venes vinieron a recoger una\u00a0de las bicicletas que nos hab\u00edan dado y que los miembros <a href=\"\/?page_id=16541\" target=\"_blank\" rel=\"noopener noreferrer\">Prelaboral<\/a> hab\u00edan arreglado. Este material nos ayuda mucho porque es necesario tenerlo para que los j\u00f3venes puedan <strong>aprender el <img loading=\"lazy\" decoding=\"async\" class=\"wp-image-21134 alignright\" src=\"https:\/\/www.cfpmaresme.org\/wp-content\/uploads\/2020\/07\/recollida-bicis-retallada.jpg\" alt=\"\" width=\"400\" height=\"241\" srcset=\"https:\/\/cfpmaresme.org\/wp-content\/uploads\/2020\/07\/recollida-bicis-retallada.jpg 994w, https:\/\/cfpmaresme.org\/wp-content\/uploads\/2020\/07\/recollida-bicis-retallada-300x180.jpg 300w, https:\/\/cfpmaresme.org\/wp-content\/uploads\/2020\/07\/recollida-bicis-retallada-768x462.jpg 768w, https:\/\/cfpmaresme.org\/wp-content\/uploads\/2020\/07\/recollida-bicis-retallada-700x421.jpg 700w\" sizes=\"auto, (max-width: 400px) 100vw, 400px\" \/>oficio <\/strong>y mejorar sus competencias, cosa que les dar\u00e1 <strong>m\u00e1s posibilidades de encontrar trabaj<\/strong><strong>o.\u00a0<\/strong><\/p>\n<p>As\u00ed, pudieron visitar el taller de bicicletas, carpinter\u00eda y cerrajer\u00eda, compartir opiniones y propuestas de nuevas colaboraciones con Jaume Rodon y Toni Garcia, responsable y educador del servicio.<\/p>\n<p>Ernest, director de Alfar explicaba: <strong>\u201ctenemos un caso que le han ofrecido trabajo y no puede aceptarlo por el permiso\u201d<\/strong>. Una problem\u00e1tica que continua vigente y que es necesario que las autoridades pertinentes encuentren la f\u00f3rmula para desatascarla.<\/p>\n<p>Con todo, <strong>la colaboraci\u00f3n<\/strong> entre Alfar y el CFP <strong>es enriquecedora<\/strong>, permite a los j\u00f3venes ampliar su c\u00edrculo social y sus habilidades profesionales y nos abre la puerta a <strong>nuevas oportunidades<\/strong> y formas de ayudarlos <strong>conseguir su inserci\u00f3n laboral e integraci\u00f3n comunitaria.\u00a0<\/strong><\/p>\n","protected":false},"excerpt":{"rendered":"<p>Desde hace un tiempo, el centro de primera acogida Alfar de la Fundaci\u00f3 Pere Tarr\u00e9s y el CFP colaboramos creando sinergias con el objetivo de mejorar las oportunidades de los j\u00f3venes migrantes que acompa\u00f1amos. Son chicos y chicas que llegan a nuestro pa\u00eds con el&#8230;<\/p>\n","protected":false},"author":2,"featured_media":21136,"comment_status":"open","ping_status":"open","sticky":false,"template":"","format":"standard","meta":{"footnotes":""},"categories":[1238,1195],"tags":[],"class_list":["post-21144","post","type-post","status-publish","format-standard","has-post-thumbnail","hentry","category-area-diurna-sociolaboral-es","category-servicio-prelaboral"],"yoast_head":"<!-- This site is optimized with the Yoast SEO plugin v27.4 - https:\/\/yoast.com\/product\/yoast-seo-wordpress\/ -->\n<title>El centro Alfar y el CFP sumamos esfuerzos para ofrecer m\u00e1s oportunidades a los j\u00f3venes | CFP Maresme<\/title>\n<meta name=\"robots\" content=\"index, follow, max-snippet:-1, max-image-preview:large, max-video-preview:-1\" \/>\n<link rel=\"canonical\" href=\"https:\/\/cfpmaresme.org\/es\/el-centro-alfar-y-el-cfp-sumamos-esfuerzos-para-ofrecer-mas-oportunidades-a-los-jovenes\/\" \/>\n<meta property=\"og:locale\" content=\"es_ES\" \/>\n<meta property=\"og:type\" content=\"article\" \/>\n<meta property=\"og:title\" content=\"El centro Alfar y el CFP sumamos esfuerzos para ofrecer m\u00e1s oportunidades a los j\u00f3venes | CFP Maresme\" \/>\n<meta property=\"og:description\" content=\"Desde hace un tiempo, el centro de primera acogida Alfar de la Fundaci\u00f3 Pere Tarr\u00e9s y el CFP colaboramos creando sinergias con el objetivo de mejorar las oportunidades de los j\u00f3venes migrantes que acompa\u00f1amos. Son chicos y chicas que llegan a nuestro pa\u00eds con el...\" \/>\n<meta property=\"og:url\" content=\"https:\/\/cfpmaresme.org\/es\/el-centro-alfar-y-el-cfp-sumamos-esfuerzos-para-ofrecer-mas-oportunidades-a-los-jovenes\/\" \/>\n<meta property=\"og:site_name\" content=\"CFP Maresme\" \/>\n<meta property=\"article:published_time\" content=\"2020-07-29T09:03:42+00:00\" \/>\n<meta property=\"article:modified_time\" content=\"2021-09-07T09:37:25+00:00\" \/>\n<meta property=\"og:image\" content=\"https:\/\/cfpmaresme.org\/wp-content\/uploads\/2020\/07\/banner.jpg\" \/>\n\t<meta property=\"og:image:width\" content=\"1175\" \/>\n\t<meta property=\"og:image:height\" content=\"723\" \/>\n\t<meta property=\"og:image:type\" content=\"image\/jpeg\" \/>\n<meta name=\"author\" content=\"CFPMaresme\" \/>\n<meta name=\"twitter:card\" content=\"summary_large_image\" \/>\n<meta name=\"twitter:creator\" content=\"@cfpmaresme\" \/>\n<meta name=\"twitter:site\" content=\"@cfpmaresme\" \/>\n<meta name=\"twitter:label1\" content=\"Escrito por\" \/>\n\t<meta name=\"twitter:data1\" content=\"CFPMaresme\" \/>\n\t<meta name=\"twitter:label2\" content=\"Tiempo de lectura\" \/>\n\t<meta name=\"twitter:data2\" content=\"2 minutos\" \/>\n<script type=\"application\/ld+json\" class=\"yoast-schema-graph\">{\"@context\":\"https:\\\/\\\/schema.org\",\"@graph\":[{\"@type\":\"Article\",\"@id\":\"https:\\\/\\\/cfpmaresme.org\\\/es\\\/el-centro-alfar-y-el-cfp-sumamos-esfuerzos-para-ofrecer-mas-oportunidades-a-los-jovenes\\\/#article\",\"isPartOf\":{\"@id\":\"https:\\\/\\\/cfpmaresme.org\\\/es\\\/el-centro-alfar-y-el-cfp-sumamos-esfuerzos-para-ofrecer-mas-oportunidades-a-los-jovenes\\\/\"},\"author\":{\"name\":\"CFPMaresme\",\"@id\":\"https:\\\/\\\/cfpmaresme.org\\\/#\\\/schema\\\/person\\\/b2634bcd796fafc667ea4055f61b9b2c\"},\"headline\":\"El centro Alfar y el CFP sumamos esfuerzos para ofrecer m\u00e1s oportunidades a los j\u00f3venes\",\"datePublished\":\"2020-07-29T09:03:42+00:00\",\"dateModified\":\"2021-09-07T09:37:25+00:00\",\"mainEntityOfPage\":{\"@id\":\"https:\\\/\\\/cfpmaresme.org\\\/es\\\/el-centro-alfar-y-el-cfp-sumamos-esfuerzos-para-ofrecer-mas-oportunidades-a-los-jovenes\\\/\"},\"wordCount\":359,\"commentCount\":0,\"image\":{\"@id\":\"https:\\\/\\\/cfpmaresme.org\\\/es\\\/el-centro-alfar-y-el-cfp-sumamos-esfuerzos-para-ofrecer-mas-oportunidades-a-los-jovenes\\\/#primaryimage\"},\"thumbnailUrl\":\"https:\\\/\\\/cfpmaresme.org\\\/wp-content\\\/uploads\\\/2020\\\/07\\\/banner.jpg\",\"articleSection\":[\"\u00c1rea Diurna\",\"Servicio Prelaboral\"],\"inLanguage\":\"es\"},{\"@type\":\"WebPage\",\"@id\":\"https:\\\/\\\/cfpmaresme.org\\\/es\\\/el-centro-alfar-y-el-cfp-sumamos-esfuerzos-para-ofrecer-mas-oportunidades-a-los-jovenes\\\/\",\"url\":\"https:\\\/\\\/cfpmaresme.org\\\/es\\\/el-centro-alfar-y-el-cfp-sumamos-esfuerzos-para-ofrecer-mas-oportunidades-a-los-jovenes\\\/\",\"name\":\"El centro Alfar y el CFP sumamos esfuerzos para ofrecer m\u00e1s oportunidades a los j\u00f3venes | CFP Maresme\",\"isPartOf\":{\"@id\":\"https:\\\/\\\/cfpmaresme.org\\\/#website\"},\"primaryImageOfPage\":{\"@id\":\"https:\\\/\\\/cfpmaresme.org\\\/es\\\/el-centro-alfar-y-el-cfp-sumamos-esfuerzos-para-ofrecer-mas-oportunidades-a-los-jovenes\\\/#primaryimage\"},\"image\":{\"@id\":\"https:\\\/\\\/cfpmaresme.org\\\/es\\\/el-centro-alfar-y-el-cfp-sumamos-esfuerzos-para-ofrecer-mas-oportunidades-a-los-jovenes\\\/#primaryimage\"},\"thumbnailUrl\":\"https:\\\/\\\/cfpmaresme.org\\\/wp-content\\\/uploads\\\/2020\\\/07\\\/banner.jpg\",\"datePublished\":\"2020-07-29T09:03:42+00:00\",\"dateModified\":\"2021-09-07T09:37:25+00:00\",\"author\":{\"@id\":\"https:\\\/\\\/cfpmaresme.org\\\/#\\\/schema\\\/person\\\/b2634bcd796fafc667ea4055f61b9b2c\"},\"breadcrumb\":{\"@id\":\"https:\\\/\\\/cfpmaresme.org\\\/es\\\/el-centro-alfar-y-el-cfp-sumamos-esfuerzos-para-ofrecer-mas-oportunidades-a-los-jovenes\\\/#breadcrumb\"},\"inLanguage\":\"es\",\"potentialAction\":[{\"@type\":\"ReadAction\",\"target\":[\"https:\\\/\\\/cfpmaresme.org\\\/es\\\/el-centro-alfar-y-el-cfp-sumamos-esfuerzos-para-ofrecer-mas-oportunidades-a-los-jovenes\\\/\"]}]},{\"@type\":\"ImageObject\",\"inLanguage\":\"es\",\"@id\":\"https:\\\/\\\/cfpmaresme.org\\\/es\\\/el-centro-alfar-y-el-cfp-sumamos-esfuerzos-para-ofrecer-mas-oportunidades-a-los-jovenes\\\/#primaryimage\",\"url\":\"https:\\\/\\\/cfpmaresme.org\\\/wp-content\\\/uploads\\\/2020\\\/07\\\/banner.jpg\",\"contentUrl\":\"https:\\\/\\\/cfpmaresme.org\\\/wp-content\\\/uploads\\\/2020\\\/07\\\/banner.jpg\",\"width\":1175,\"height\":723},{\"@type\":\"BreadcrumbList\",\"@id\":\"https:\\\/\\\/cfpmaresme.org\\\/es\\\/el-centro-alfar-y-el-cfp-sumamos-esfuerzos-para-ofrecer-mas-oportunidades-a-los-jovenes\\\/#breadcrumb\",\"itemListElement\":[{\"@type\":\"ListItem\",\"position\":1,\"name\":\"Home\",\"item\":\"https:\\\/\\\/cfpmaresme.org\\\/es\\\/\"},{\"@type\":\"ListItem\",\"position\":2,\"name\":\"El centro Alfar y el CFP sumamos esfuerzos para ofrecer m\u00e1s oportunidades a los j\u00f3venes\"}]},{\"@type\":\"WebSite\",\"@id\":\"https:\\\/\\\/cfpmaresme.org\\\/#website\",\"url\":\"https:\\\/\\\/cfpmaresme.org\\\/\",\"name\":\"CFP Maresme\",\"description\":\"Centre Formaci\u00f3 Prevenci\u00f3\",\"potentialAction\":[{\"@type\":\"SearchAction\",\"target\":{\"@type\":\"EntryPoint\",\"urlTemplate\":\"https:\\\/\\\/cfpmaresme.org\\\/?s={search_term_string}\"},\"query-input\":{\"@type\":\"PropertyValueSpecification\",\"valueRequired\":true,\"valueName\":\"search_term_string\"}}],\"inLanguage\":\"es\"},{\"@type\":\"Person\",\"@id\":\"https:\\\/\\\/cfpmaresme.org\\\/#\\\/schema\\\/person\\\/b2634bcd796fafc667ea4055f61b9b2c\",\"name\":\"CFPMaresme\"}]}<\/script>\n<!-- \/ Yoast SEO plugin. -->","yoast_head_json":{"title":"El centro Alfar y el CFP sumamos esfuerzos para ofrecer m\u00e1s oportunidades a los j\u00f3venes | CFP Maresme","robots":{"index":"index","follow":"follow","max-snippet":"max-snippet:-1","max-image-preview":"max-image-preview:large","max-video-preview":"max-video-preview:-1"},"canonical":"https:\/\/cfpmaresme.org\/es\/el-centro-alfar-y-el-cfp-sumamos-esfuerzos-para-ofrecer-mas-oportunidades-a-los-jovenes\/","og_locale":"es_ES","og_type":"article","og_title":"El centro Alfar y el CFP sumamos esfuerzos para ofrecer m\u00e1s oportunidades a los j\u00f3venes | CFP Maresme","og_description":"Desde hace un tiempo, el centro de primera acogida Alfar de la Fundaci\u00f3 Pere Tarr\u00e9s y el CFP colaboramos creando sinergias con el objetivo de mejorar las oportunidades de los j\u00f3venes migrantes que acompa\u00f1amos. Son chicos y chicas que llegan a nuestro pa\u00eds con el...","og_url":"https:\/\/cfpmaresme.org\/es\/el-centro-alfar-y-el-cfp-sumamos-esfuerzos-para-ofrecer-mas-oportunidades-a-los-jovenes\/","og_site_name":"CFP Maresme","article_published_time":"2020-07-29T09:03:42+00:00","article_modified_time":"2021-09-07T09:37:25+00:00","og_image":[{"width":1175,"height":723,"url":"https:\/\/cfpmaresme.org\/wp-content\/uploads\/2020\/07\/banner.jpg","type":"image\/jpeg"}],"author":"CFPMaresme","twitter_card":"summary_large_image","twitter_creator":"@cfpmaresme","twitter_site":"@cfpmaresme","twitter_misc":{"Escrito por":"CFPMaresme","Tiempo de lectura":"2 minutos"},"schema":{"@context":"https:\/\/schema.org","@graph":[{"@type":"Article","@id":"https:\/\/cfpmaresme.org\/es\/el-centro-alfar-y-el-cfp-sumamos-esfuerzos-para-ofrecer-mas-oportunidades-a-los-jovenes\/#article","isPartOf":{"@id":"https:\/\/cfpmaresme.org\/es\/el-centro-alfar-y-el-cfp-sumamos-esfuerzos-para-ofrecer-mas-oportunidades-a-los-jovenes\/"},"author":{"name":"CFPMaresme","@id":"https:\/\/cfpmaresme.org\/#\/schema\/person\/b2634bcd796fafc667ea4055f61b9b2c"},"headline":"El centro Alfar y el CFP sumamos esfuerzos para ofrecer m\u00e1s oportunidades a los j\u00f3venes","datePublished":"2020-07-29T09:03:42+00:00","dateModified":"2021-09-07T09:37:25+00:00","mainEntityOfPage":{"@id":"https:\/\/cfpmaresme.org\/es\/el-centro-alfar-y-el-cfp-sumamos-esfuerzos-para-ofrecer-mas-oportunidades-a-los-jovenes\/"},"wordCount":359,"commentCount":0,"image":{"@id":"https:\/\/cfpmaresme.org\/es\/el-centro-alfar-y-el-cfp-sumamos-esfuerzos-para-ofrecer-mas-oportunidades-a-los-jovenes\/#primaryimage"},"thumbnailUrl":"https:\/\/cfpmaresme.org\/wp-content\/uploads\/2020\/07\/banner.jpg","articleSection":["\u00c1rea Diurna","Servicio Prelaboral"],"inLanguage":"es"},{"@type":"WebPage","@id":"https:\/\/cfpmaresme.org\/es\/el-centro-alfar-y-el-cfp-sumamos-esfuerzos-para-ofrecer-mas-oportunidades-a-los-jovenes\/","url":"https:\/\/cfpmaresme.org\/es\/el-centro-alfar-y-el-cfp-sumamos-esfuerzos-para-ofrecer-mas-oportunidades-a-los-jovenes\/","name":"El centro Alfar y el CFP sumamos esfuerzos para ofrecer m\u00e1s oportunidades a los j\u00f3venes | CFP Maresme","isPartOf":{"@id":"https:\/\/cfpmaresme.org\/#website"},"primaryImageOfPage":{"@id":"https:\/\/cfpmaresme.org\/es\/el-centro-alfar-y-el-cfp-sumamos-esfuerzos-para-ofrecer-mas-oportunidades-a-los-jovenes\/#primaryimage"},"image":{"@id":"https:\/\/cfpmaresme.org\/es\/el-centro-alfar-y-el-cfp-sumamos-esfuerzos-para-ofrecer-mas-oportunidades-a-los-jovenes\/#primaryimage"},"thumbnailUrl":"https:\/\/cfpmaresme.org\/wp-content\/uploads\/2020\/07\/banner.jpg","datePublished":"2020-07-29T09:03:42+00:00","dateModified":"2021-09-07T09:37:25+00:00","author":{"@id":"https:\/\/cfpmaresme.org\/#\/schema\/person\/b2634bcd796fafc667ea4055f61b9b2c"},"breadcrumb":{"@id":"https:\/\/cfpmaresme.org\/es\/el-centro-alfar-y-el-cfp-sumamos-esfuerzos-para-ofrecer-mas-oportunidades-a-los-jovenes\/#breadcrumb"},"inLanguage":"es","potentialAction":[{"@type":"ReadAction","target":["https:\/\/cfpmaresme.org\/es\/el-centro-alfar-y-el-cfp-sumamos-esfuerzos-para-ofrecer-mas-oportunidades-a-los-jovenes\/"]}]},{"@type":"ImageObject","inLanguage":"es","@id":"https:\/\/cfpmaresme.org\/es\/el-centro-alfar-y-el-cfp-sumamos-esfuerzos-para-ofrecer-mas-oportunidades-a-los-jovenes\/#primaryimage","url":"https:\/\/cfpmaresme.org\/wp-content\/uploads\/2020\/07\/banner.jpg","contentUrl":"https:\/\/cfpmaresme.org\/wp-content\/uploads\/2020\/07\/banner.jpg","width":1175,"height":723},{"@type":"BreadcrumbList","@id":"https:\/\/cfpmaresme.org\/es\/el-centro-alfar-y-el-cfp-sumamos-esfuerzos-para-ofrecer-mas-oportunidades-a-los-jovenes\/#breadcrumb","itemListElement":[{"@type":"ListItem","position":1,"name":"Home","item":"https:\/\/cfpmaresme.org\/es\/"},{"@type":"ListItem","position":2,"name":"El centro Alfar y el CFP sumamos esfuerzos para ofrecer m\u00e1s oportunidades a los j\u00f3venes"}]},{"@type":"WebSite","@id":"https:\/\/cfpmaresme.org\/#website","url":"https:\/\/cfpmaresme.org\/","name":"CFP Maresme","description":"Centre Formaci\u00f3 Prevenci\u00f3","potentialAction":[{"@type":"SearchAction","target":{"@type":"EntryPoint","urlTemplate":"https:\/\/cfpmaresme.org\/?s={search_term_string}"},"query-input":{"@type":"PropertyValueSpecification","valueRequired":true,"valueName":"search_term_string"}}],"inLanguage":"es"},{"@type":"Person","@id":"https:\/\/cfpmaresme.org\/#\/schema\/person\/b2634bcd796fafc667ea4055f61b9b2c","name":"CFPMaresme"}]}},"_links":{"self":[{"href":"https:\/\/cfpmaresme.org\/es\/wp-json\/wp\/v2\/posts\/21144","targetHints":{"allow":["GET"]}}],"collection":[{"href":"https:\/\/cfpmaresme.org\/es\/wp-json\/wp\/v2\/posts"}],"about":[{"href":"https:\/\/cfpmaresme.org\/es\/wp-json\/wp\/v2\/types\/post"}],"author":[{"embeddable":true,"href":"https:\/\/cfpmaresme.org\/es\/wp-json\/wp\/v2\/users\/2"}],"replies":[{"embeddable":true,"href":"https:\/\/cfpmaresme.org\/es\/wp-json\/wp\/v2\/comments?post=21144"}],"version-history":[{"count":2,"href":"https:\/\/cfpmaresme.org\/es\/wp-json\/wp\/v2\/posts\/21144\/revisions"}],"predecessor-version":[{"id":25851,"href":"https:\/\/cfpmaresme.org\/es\/wp-json\/wp\/v2\/posts\/21144\/revisions\/25851"}],"wp:featuredmedia":[{"embeddable":true,"href":"https:\/\/cfpmaresme.org\/es\/wp-json\/wp\/v2\/media\/21136"}],"wp:attachment":[{"href":"https:\/\/cfpmaresme.org\/es\/wp-json\/wp\/v2\/media?parent=21144"}],"wp:term":[{"taxonomy":"category","embeddable":true,"href":"https:\/\/cfpmaresme.org\/es\/wp-json\/wp\/v2\/categories?post=21144"},{"taxonomy":"post_tag","embeddable":true,"href":"https:\/\/cfpmaresme.org\/es\/wp-json\/wp\/v2\/tags?post=21144"}],"curies":[{"name":"wp","href":"https:\/\/api.w.org\/{rel}","templated":true}]}}