{"id":21175,"date":"2020-08-03T10:43:04","date_gmt":"2020-08-03T08:43:04","guid":{"rendered":"https:\/\/www.cfpmaresme.org\/?p=21175"},"modified":"2022-05-24T09:54:41","modified_gmt":"2022-05-24T07:54:41","slug":"las-situaciones-como-la-actual-operan-como-desencadenantes-de-conflictos-previos-no-resueltos","status":"publish","type":"post","link":"https:\/\/cfpmaresme.org\/es\/las-situaciones-como-la-actual-operan-como-desencadenantes-de-conflictos-previos-no-resueltos\/","title":{"rendered":"\u00abLas situaciones como la actual operan como desencadenantes de conflictos previos no resueltos\u00bb"},"content":{"rendered":"<p><strong>Marcelo Edwards<\/strong> es <strong>Psic\u00f3logo<\/strong> y Psicoanalista, <strong>miembro de la Fundaci\u00f3n Europea para el Psicoan\u00e1lisis<\/strong>. Desde el inicio del CFP ha estado muy vinculado a la asociaci\u00f3n. Actualmente es el <strong>responsable de<\/strong> hacer <strong>supervisiones de casos<\/strong> con los equipos de Vivienda, SRC, Intermediaci\u00f3n Laboral y CRAE.<\/p>\n<p>&nbsp;<\/p>\n<p><strong>Se prev\u00e9 que, debido a la crisis sanitaria, habr\u00e1 otro aumento de personas con una problem\u00e1tica de salud mental. \u00bfCu\u00e1les son los s\u00edntomas que crees que ha desarrollado esta situaci\u00f3n?\u00a0<\/strong><\/p>\n<p>Las consultas m\u00e1s frecuentes son por estados de ansiedad, depresi\u00f3n y por el duelo en los casos de p\u00e9rdida de alg\u00fan familiar o amigo. <img loading=\"lazy\" decoding=\"async\" class=\"size-full wp-image-21169 alignright\" src=\"https:\/\/www.cfpmaresme.org\/wp-content\/uploads\/2020\/08\/FOTO-MARCELO-JPG.jpg\" alt=\"\" width=\"230\" height=\"306\" srcset=\"https:\/\/cfpmaresme.org\/wp-content\/uploads\/2020\/08\/FOTO-MARCELO-JPG.jpg 230w, https:\/\/cfpmaresme.org\/wp-content\/uploads\/2020\/08\/FOTO-MARCELO-JPG-225x300.jpg 225w\" sizes=\"auto, (max-width: 230px) 100vw, 230px\" \/><\/p>\n<p><strong>Si los sentimos, \u00bfCu\u00e1ndo crees que es el momento de pedir ayuda?<\/strong><\/p>\n<p>Siempre es un buen momento para pedir ayuda. Hay mucha gente que se resiste a hacerlo por diversas razones, pero muchas vecces es por pensar que los que consultan no tienen una voluntad suficiente para afrontar sus conflictos. Pero el yo no siempre es capaz de hacerlo. Las situaciones como la actual operan como desencadenantes de conflictos previos no resueltos.<\/p>\n<p><strong>Durante el confinamiento se pusieron a disposici\u00f3n de la poblaci\u00f3n m\u00faltiples tel\u00e9fonos de soporte a las personas que lo necesitasen. Es cierto que en aquel momento no hab\u00eda otra opci\u00f3n pero, \u00bfQu\u00e9 consideraci\u00f3n tienes de este formato de terapia? \u00bfQu\u00e9 se pierde sin el lenguaje corporal? \u00bfCrees que puede ser efectiva?\u00a0<\/strong><\/p>\n<p>Siempre es mejor una atenci\u00f3n presencial pero, en determinadas circunstancias, las sesiones online son \u00fatiles. El mundo est\u00e1 cambiando mucho r\u00e1pidamente. Hay pacientes que tienen que viajar frecuentemente por razones laborales o que no pueden venir a la consulta por una enfermedad o una situaci\u00f3n familiar. Tambi\u00e9n hay pacientes f\u00f3bicos o psic\u00f3ticos que, a veces, no pueden asistir y estos medios facilitan la continuidad de los tratamientos.<\/p>\n<p><strong>En l\u00edneas generales, \u00bfC\u00f3mo han pasado el confinamiento las personas a las que atend\u00e9is?\u00a0<\/strong><\/p>\n<p>Esto varia mucho: los que no lo han soportado bien son los que estaban solos, los que se han infectado, los que han perdido el trabajo o negocio, la gente mayor, los que ten\u00edan patolog\u00edas previas y, tambi\u00e9n, los que no ten\u00edan nada a hacer o no fueron capaces de organizarse una rutina de actividades. Muchos ni\u00f1os han perdido el sentido del tiempo por la imposibilidad de ir a la escuela y se ha multiplicado el uso de v\u00eddeojuegos.<\/p>\n<p><strong>\u00bfCu\u00e1les son los sentimientos que m\u00e1s se han despertado entre ellos\/as?<\/strong><\/p>\n<p>La angustia, la depresi\u00f3n y la inseguridad.<\/p>\n<p><strong>Ha habido algunos casos de personas atendidas por el CFP que han vivido el confinamiento con m\u00e1s tranquilidad que antes, para ellos\/as ha sido una mejora. \u00bfC\u00f3mo explicas este fen\u00f3meno?\u00a0<\/strong><\/p>\n<p>Es dif\u00edcil hacer generalizaciones: cada caso es un mundo pero es cierto que, para algunos ni\u00f1os, el distanciamiento de sus familias ha disminuido sus angustias. As\u00ed mismo, para algunos pacientes f\u00f3bicos o psic\u00f3ticos, el contacto con gente de la calle o con situaciones de exigencia social o laboral les genera ansiedades persecutorias y, el confinamiento, ha producido el efecto contrario.<\/p>\n<p><strong>Algunos servicios ya est\u00e1n atendiendo a grupos reducidos. \u00bfC\u00f3mo han vivido la vuelta los y las usuarios\/as? \u00bfTienen miedo de reprender la actividad presencial?\u00a0<\/strong><\/p>\n<p>Hay qui\u00e9n se siente mucho mejor porque el aislamiento ha sido muy duro y, en cambio, tal y como dec\u00eda antes, en otros casos el contacto presencial con los otros despierta ansiedad.<\/p>\n<p><strong>Es posible que pronto vuelva a haber medidas de distanciamiento social. \u00bfC\u00f3mo crees que puede afectar emocionalmente el hecho de que, despu\u00e9s de meses confinados y de vivir una sensaci\u00f3n de que cada vez estamos mejor, volvemos atr\u00e1s en este proceso?\u00a0<\/strong><\/p>\n<p>No tengo la impresi\u00f3n de que volveremos a un confinamiento como el que hemos pasado. Los rebrotes son parciales y est\u00e1n m\u00e1s o menos localizados. Tal y como dicen los expertos de la OMS la situaci\u00f3n actual en Espa\u00f1a est\u00e1 mejor de la anterior. Las medidas incidir\u00e1n sobre el ocio nocturno, las reuniones masivas y la continuidad con las medidas de prevenci\u00f3n.<\/p>\n<p><strong>\u00bfQu\u00e9 secuelas psicol\u00f3gicas crees que puede ocasionar haber vivido esta pandemia y el aislamiento social?\u00a0<\/strong><\/p>\n<p>No creo que se produzca un cambio sustancial. Aquellos que se han descompensado por la situaci\u00f3n es porque tienen problemas previos o bien porque han tenido una p\u00e9rdida importante: de familiares y amigos, o de trabajo.<\/p>\n<p><strong> \u00bfQu\u00e9 medidas personales podemos tomar para mantener nuestra estabilidad emocional en orden?\u00a0<\/strong><\/p>\n<p>Las de siempre: amar y trabajar, tal y como dec\u00eda Freud. La pasividad enferma.<\/p>\n","protected":false},"excerpt":{"rendered":"<p>Marcelo Edwards es Psic\u00f3logo y Psicoanalista, miembro de la Fundaci\u00f3n Europea para el Psicoan\u00e1lisis. Desde el inicio del CFP ha estado muy vinculado a la asociaci\u00f3n. Actualmente es el responsable de hacer supervisiones de casos con los equipos de Vivienda, SRC, Intermediaci\u00f3n Laboral y CRAE&#8230;.<\/p>\n","protected":false},"author":2,"featured_media":21176,"comment_status":"open","ping_status":"open","sticky":false,"template":"","format":"standard","meta":{"footnotes":""},"categories":[1258],"tags":[],"class_list":["post-21175","post","type-post","status-publish","format-standard","has-post-thumbnail","hentry","category-entrevistas"],"yoast_head":"<!-- This site is optimized with the Yoast SEO plugin v27.4 - https:\/\/yoast.com\/product\/yoast-seo-wordpress\/ -->\n<title>&quot;Las situaciones como la actual operan como desencadenantes de conflictos previos no resueltos&quot; | CFP Maresme<\/title>\n<meta name=\"robots\" content=\"index, follow, max-snippet:-1, max-image-preview:large, max-video-preview:-1\" \/>\n<link rel=\"canonical\" href=\"https:\/\/cfpmaresme.org\/es\/las-situaciones-como-la-actual-operan-como-desencadenantes-de-conflictos-previos-no-resueltos\/\" \/>\n<meta property=\"og:locale\" content=\"es_ES\" \/>\n<meta property=\"og:type\" content=\"article\" \/>\n<meta property=\"og:title\" content=\"&quot;Las situaciones como la actual operan como desencadenantes de conflictos previos no resueltos&quot; | CFP Maresme\" \/>\n<meta property=\"og:description\" content=\"Marcelo Edwards es Psic\u00f3logo y Psicoanalista, miembro de la Fundaci\u00f3n Europea para el Psicoan\u00e1lisis. Desde el inicio del CFP ha estado muy vinculado a la asociaci\u00f3n. Actualmente es el responsable de hacer supervisiones de casos con los equipos de Vivienda, SRC, Intermediaci\u00f3n Laboral y CRAE....\" \/>\n<meta property=\"og:url\" content=\"https:\/\/cfpmaresme.org\/es\/las-situaciones-como-la-actual-operan-como-desencadenantes-de-conflictos-previos-no-resueltos\/\" \/>\n<meta property=\"og:site_name\" content=\"CFP Maresme\" \/>\n<meta property=\"article:published_time\" content=\"2020-08-03T08:43:04+00:00\" \/>\n<meta property=\"article:modified_time\" content=\"2022-05-24T07:54:41+00:00\" \/>\n<meta property=\"og:image\" content=\"https:\/\/cfpmaresme.org\/wp-content\/uploads\/2020\/08\/banner-cast..jpg\" \/>\n\t<meta property=\"og:image:width\" content=\"934\" \/>\n\t<meta property=\"og:image:height\" content=\"151\" \/>\n\t<meta property=\"og:image:type\" content=\"image\/jpeg\" \/>\n<meta name=\"author\" content=\"CFPMaresme\" \/>\n<meta name=\"twitter:card\" content=\"summary_large_image\" \/>\n<meta name=\"twitter:creator\" content=\"@cfpmaresme\" \/>\n<meta name=\"twitter:site\" content=\"@cfpmaresme\" \/>\n<meta name=\"twitter:label1\" content=\"Escrito por\" \/>\n\t<meta name=\"twitter:data1\" content=\"CFPMaresme\" \/>\n\t<meta name=\"twitter:label2\" content=\"Tiempo de lectura\" \/>\n\t<meta name=\"twitter:data2\" content=\"4 minutos\" \/>\n<script type=\"application\/ld+json\" class=\"yoast-schema-graph\">{\"@context\":\"https:\\\/\\\/schema.org\",\"@graph\":[{\"@type\":\"Article\",\"@id\":\"https:\\\/\\\/cfpmaresme.org\\\/es\\\/las-situaciones-como-la-actual-operan-como-desencadenantes-de-conflictos-previos-no-resueltos\\\/#article\",\"isPartOf\":{\"@id\":\"https:\\\/\\\/cfpmaresme.org\\\/es\\\/las-situaciones-como-la-actual-operan-como-desencadenantes-de-conflictos-previos-no-resueltos\\\/\"},\"author\":{\"name\":\"CFPMaresme\",\"@id\":\"https:\\\/\\\/cfpmaresme.org\\\/#\\\/schema\\\/person\\\/b2634bcd796fafc667ea4055f61b9b2c\"},\"headline\":\"\u00abLas situaciones como la actual operan como desencadenantes de conflictos previos no resueltos\u00bb\",\"datePublished\":\"2020-08-03T08:43:04+00:00\",\"dateModified\":\"2022-05-24T07:54:41+00:00\",\"mainEntityOfPage\":{\"@id\":\"https:\\\/\\\/cfpmaresme.org\\\/es\\\/las-situaciones-como-la-actual-operan-como-desencadenantes-de-conflictos-previos-no-resueltos\\\/\"},\"wordCount\":808,\"commentCount\":0,\"image\":{\"@id\":\"https:\\\/\\\/cfpmaresme.org\\\/es\\\/las-situaciones-como-la-actual-operan-como-desencadenantes-de-conflictos-previos-no-resueltos\\\/#primaryimage\"},\"thumbnailUrl\":\"https:\\\/\\\/cfpmaresme.org\\\/wp-content\\\/uploads\\\/2020\\\/08\\\/banner-cast..jpg\",\"articleSection\":[\"Entrevistas\"],\"inLanguage\":\"es\"},{\"@type\":\"WebPage\",\"@id\":\"https:\\\/\\\/cfpmaresme.org\\\/es\\\/las-situaciones-como-la-actual-operan-como-desencadenantes-de-conflictos-previos-no-resueltos\\\/\",\"url\":\"https:\\\/\\\/cfpmaresme.org\\\/es\\\/las-situaciones-como-la-actual-operan-como-desencadenantes-de-conflictos-previos-no-resueltos\\\/\",\"name\":\"\\\"Las situaciones como la actual operan como desencadenantes de conflictos previos no resueltos\\\" | CFP Maresme\",\"isPartOf\":{\"@id\":\"https:\\\/\\\/cfpmaresme.org\\\/#website\"},\"primaryImageOfPage\":{\"@id\":\"https:\\\/\\\/cfpmaresme.org\\\/es\\\/las-situaciones-como-la-actual-operan-como-desencadenantes-de-conflictos-previos-no-resueltos\\\/#primaryimage\"},\"image\":{\"@id\":\"https:\\\/\\\/cfpmaresme.org\\\/es\\\/las-situaciones-como-la-actual-operan-como-desencadenantes-de-conflictos-previos-no-resueltos\\\/#primaryimage\"},\"thumbnailUrl\":\"https:\\\/\\\/cfpmaresme.org\\\/wp-content\\\/uploads\\\/2020\\\/08\\\/banner-cast..jpg\",\"datePublished\":\"2020-08-03T08:43:04+00:00\",\"dateModified\":\"2022-05-24T07:54:41+00:00\",\"author\":{\"@id\":\"https:\\\/\\\/cfpmaresme.org\\\/#\\\/schema\\\/person\\\/b2634bcd796fafc667ea4055f61b9b2c\"},\"breadcrumb\":{\"@id\":\"https:\\\/\\\/cfpmaresme.org\\\/es\\\/las-situaciones-como-la-actual-operan-como-desencadenantes-de-conflictos-previos-no-resueltos\\\/#breadcrumb\"},\"inLanguage\":\"es\",\"potentialAction\":[{\"@type\":\"ReadAction\",\"target\":[\"https:\\\/\\\/cfpmaresme.org\\\/es\\\/las-situaciones-como-la-actual-operan-como-desencadenantes-de-conflictos-previos-no-resueltos\\\/\"]}]},{\"@type\":\"ImageObject\",\"inLanguage\":\"es\",\"@id\":\"https:\\\/\\\/cfpmaresme.org\\\/es\\\/las-situaciones-como-la-actual-operan-como-desencadenantes-de-conflictos-previos-no-resueltos\\\/#primaryimage\",\"url\":\"https:\\\/\\\/cfpmaresme.org\\\/wp-content\\\/uploads\\\/2020\\\/08\\\/banner-cast..jpg\",\"contentUrl\":\"https:\\\/\\\/cfpmaresme.org\\\/wp-content\\\/uploads\\\/2020\\\/08\\\/banner-cast..jpg\",\"width\":934,\"height\":151},{\"@type\":\"BreadcrumbList\",\"@id\":\"https:\\\/\\\/cfpmaresme.org\\\/es\\\/las-situaciones-como-la-actual-operan-como-desencadenantes-de-conflictos-previos-no-resueltos\\\/#breadcrumb\",\"itemListElement\":[{\"@type\":\"ListItem\",\"position\":1,\"name\":\"Home\",\"item\":\"https:\\\/\\\/cfpmaresme.org\\\/es\\\/\"},{\"@type\":\"ListItem\",\"position\":2,\"name\":\"\u00abLas situaciones como la actual operan como desencadenantes de conflictos previos no resueltos\u00bb\"}]},{\"@type\":\"WebSite\",\"@id\":\"https:\\\/\\\/cfpmaresme.org\\\/#website\",\"url\":\"https:\\\/\\\/cfpmaresme.org\\\/\",\"name\":\"CFP Maresme\",\"description\":\"Centre Formaci\u00f3 Prevenci\u00f3\",\"potentialAction\":[{\"@type\":\"SearchAction\",\"target\":{\"@type\":\"EntryPoint\",\"urlTemplate\":\"https:\\\/\\\/cfpmaresme.org\\\/?s={search_term_string}\"},\"query-input\":{\"@type\":\"PropertyValueSpecification\",\"valueRequired\":true,\"valueName\":\"search_term_string\"}}],\"inLanguage\":\"es\"},{\"@type\":\"Person\",\"@id\":\"https:\\\/\\\/cfpmaresme.org\\\/#\\\/schema\\\/person\\\/b2634bcd796fafc667ea4055f61b9b2c\",\"name\":\"CFPMaresme\"}]}<\/script>\n<!-- \/ Yoast SEO plugin. -->","yoast_head_json":{"title":"\"Las situaciones como la actual operan como desencadenantes de conflictos previos no resueltos\" | CFP Maresme","robots":{"index":"index","follow":"follow","max-snippet":"max-snippet:-1","max-image-preview":"max-image-preview:large","max-video-preview":"max-video-preview:-1"},"canonical":"https:\/\/cfpmaresme.org\/es\/las-situaciones-como-la-actual-operan-como-desencadenantes-de-conflictos-previos-no-resueltos\/","og_locale":"es_ES","og_type":"article","og_title":"\"Las situaciones como la actual operan como desencadenantes de conflictos previos no resueltos\" | CFP Maresme","og_description":"Marcelo Edwards es Psic\u00f3logo y Psicoanalista, miembro de la Fundaci\u00f3n Europea para el Psicoan\u00e1lisis. Desde el inicio del CFP ha estado muy vinculado a la asociaci\u00f3n. Actualmente es el responsable de hacer supervisiones de casos con los equipos de Vivienda, SRC, Intermediaci\u00f3n Laboral y CRAE....","og_url":"https:\/\/cfpmaresme.org\/es\/las-situaciones-como-la-actual-operan-como-desencadenantes-de-conflictos-previos-no-resueltos\/","og_site_name":"CFP Maresme","article_published_time":"2020-08-03T08:43:04+00:00","article_modified_time":"2022-05-24T07:54:41+00:00","og_image":[{"width":934,"height":151,"url":"https:\/\/cfpmaresme.org\/wp-content\/uploads\/2020\/08\/banner-cast..jpg","type":"image\/jpeg"}],"author":"CFPMaresme","twitter_card":"summary_large_image","twitter_creator":"@cfpmaresme","twitter_site":"@cfpmaresme","twitter_misc":{"Escrito por":"CFPMaresme","Tiempo de lectura":"4 minutos"},"schema":{"@context":"https:\/\/schema.org","@graph":[{"@type":"Article","@id":"https:\/\/cfpmaresme.org\/es\/las-situaciones-como-la-actual-operan-como-desencadenantes-de-conflictos-previos-no-resueltos\/#article","isPartOf":{"@id":"https:\/\/cfpmaresme.org\/es\/las-situaciones-como-la-actual-operan-como-desencadenantes-de-conflictos-previos-no-resueltos\/"},"author":{"name":"CFPMaresme","@id":"https:\/\/cfpmaresme.org\/#\/schema\/person\/b2634bcd796fafc667ea4055f61b9b2c"},"headline":"\u00abLas situaciones como la actual operan como desencadenantes de conflictos previos no resueltos\u00bb","datePublished":"2020-08-03T08:43:04+00:00","dateModified":"2022-05-24T07:54:41+00:00","mainEntityOfPage":{"@id":"https:\/\/cfpmaresme.org\/es\/las-situaciones-como-la-actual-operan-como-desencadenantes-de-conflictos-previos-no-resueltos\/"},"wordCount":808,"commentCount":0,"image":{"@id":"https:\/\/cfpmaresme.org\/es\/las-situaciones-como-la-actual-operan-como-desencadenantes-de-conflictos-previos-no-resueltos\/#primaryimage"},"thumbnailUrl":"https:\/\/cfpmaresme.org\/wp-content\/uploads\/2020\/08\/banner-cast..jpg","articleSection":["Entrevistas"],"inLanguage":"es"},{"@type":"WebPage","@id":"https:\/\/cfpmaresme.org\/es\/las-situaciones-como-la-actual-operan-como-desencadenantes-de-conflictos-previos-no-resueltos\/","url":"https:\/\/cfpmaresme.org\/es\/las-situaciones-como-la-actual-operan-como-desencadenantes-de-conflictos-previos-no-resueltos\/","name":"\"Las situaciones como la actual operan como desencadenantes de conflictos previos no resueltos\" | CFP Maresme","isPartOf":{"@id":"https:\/\/cfpmaresme.org\/#website"},"primaryImageOfPage":{"@id":"https:\/\/cfpmaresme.org\/es\/las-situaciones-como-la-actual-operan-como-desencadenantes-de-conflictos-previos-no-resueltos\/#primaryimage"},"image":{"@id":"https:\/\/cfpmaresme.org\/es\/las-situaciones-como-la-actual-operan-como-desencadenantes-de-conflictos-previos-no-resueltos\/#primaryimage"},"thumbnailUrl":"https:\/\/cfpmaresme.org\/wp-content\/uploads\/2020\/08\/banner-cast..jpg","datePublished":"2020-08-03T08:43:04+00:00","dateModified":"2022-05-24T07:54:41+00:00","author":{"@id":"https:\/\/cfpmaresme.org\/#\/schema\/person\/b2634bcd796fafc667ea4055f61b9b2c"},"breadcrumb":{"@id":"https:\/\/cfpmaresme.org\/es\/las-situaciones-como-la-actual-operan-como-desencadenantes-de-conflictos-previos-no-resueltos\/#breadcrumb"},"inLanguage":"es","potentialAction":[{"@type":"ReadAction","target":["https:\/\/cfpmaresme.org\/es\/las-situaciones-como-la-actual-operan-como-desencadenantes-de-conflictos-previos-no-resueltos\/"]}]},{"@type":"ImageObject","inLanguage":"es","@id":"https:\/\/cfpmaresme.org\/es\/las-situaciones-como-la-actual-operan-como-desencadenantes-de-conflictos-previos-no-resueltos\/#primaryimage","url":"https:\/\/cfpmaresme.org\/wp-content\/uploads\/2020\/08\/banner-cast..jpg","contentUrl":"https:\/\/cfpmaresme.org\/wp-content\/uploads\/2020\/08\/banner-cast..jpg","width":934,"height":151},{"@type":"BreadcrumbList","@id":"https:\/\/cfpmaresme.org\/es\/las-situaciones-como-la-actual-operan-como-desencadenantes-de-conflictos-previos-no-resueltos\/#breadcrumb","itemListElement":[{"@type":"ListItem","position":1,"name":"Home","item":"https:\/\/cfpmaresme.org\/es\/"},{"@type":"ListItem","position":2,"name":"\u00abLas situaciones como la actual operan como desencadenantes de conflictos previos no resueltos\u00bb"}]},{"@type":"WebSite","@id":"https:\/\/cfpmaresme.org\/#website","url":"https:\/\/cfpmaresme.org\/","name":"CFP Maresme","description":"Centre Formaci\u00f3 Prevenci\u00f3","potentialAction":[{"@type":"SearchAction","target":{"@type":"EntryPoint","urlTemplate":"https:\/\/cfpmaresme.org\/?s={search_term_string}"},"query-input":{"@type":"PropertyValueSpecification","valueRequired":true,"valueName":"search_term_string"}}],"inLanguage":"es"},{"@type":"Person","@id":"https:\/\/cfpmaresme.org\/#\/schema\/person\/b2634bcd796fafc667ea4055f61b9b2c","name":"CFPMaresme"}]}},"_links":{"self":[{"href":"https:\/\/cfpmaresme.org\/es\/wp-json\/wp\/v2\/posts\/21175","targetHints":{"allow":["GET"]}}],"collection":[{"href":"https:\/\/cfpmaresme.org\/es\/wp-json\/wp\/v2\/posts"}],"about":[{"href":"https:\/\/cfpmaresme.org\/es\/wp-json\/wp\/v2\/types\/post"}],"author":[{"embeddable":true,"href":"https:\/\/cfpmaresme.org\/es\/wp-json\/wp\/v2\/users\/2"}],"replies":[{"embeddable":true,"href":"https:\/\/cfpmaresme.org\/es\/wp-json\/wp\/v2\/comments?post=21175"}],"version-history":[{"count":6,"href":"https:\/\/cfpmaresme.org\/es\/wp-json\/wp\/v2\/posts\/21175\/revisions"}],"predecessor-version":[{"id":21183,"href":"https:\/\/cfpmaresme.org\/es\/wp-json\/wp\/v2\/posts\/21175\/revisions\/21183"}],"wp:featuredmedia":[{"embeddable":true,"href":"https:\/\/cfpmaresme.org\/es\/wp-json\/wp\/v2\/media\/21176"}],"wp:attachment":[{"href":"https:\/\/cfpmaresme.org\/es\/wp-json\/wp\/v2\/media?parent=21175"}],"wp:term":[{"taxonomy":"category","embeddable":true,"href":"https:\/\/cfpmaresme.org\/es\/wp-json\/wp\/v2\/categories?post=21175"},{"taxonomy":"post_tag","embeddable":true,"href":"https:\/\/cfpmaresme.org\/es\/wp-json\/wp\/v2\/tags?post=21175"}],"curies":[{"name":"wp","href":"https:\/\/api.w.org\/{rel}","templated":true}]}}