{"id":21204,"date":"2020-08-05T10:53:03","date_gmt":"2020-08-05T08:53:03","guid":{"rendered":"https:\/\/www.cfpmaresme.org\/?p=21204"},"modified":"2020-11-09T17:54:42","modified_gmt":"2020-11-09T15:54:42","slug":"el-crae-se-reinventa-y-vive-un-verano-de-casal-creado-por-infantes-y-educadores-as","status":"publish","type":"post","link":"https:\/\/cfpmaresme.org\/es\/el-crae-se-reinventa-y-vive-un-verano-de-casal-creado-por-infantes-y-educadores-as\/","title":{"rendered":"EL CRAE se reinventa y vive un verano de casal creado por infantes y educadores\/as"},"content":{"rendered":"<p>Poder disfrutar de actividades al aire libre durante este verano ha sido lo m\u00e1s esperado para todos\/as, especialmente para los m\u00e1s peque\u00f1os\/as. En el caso del CFP son los veinte infantes y adolescentes que viven en el CRAE.<\/p>\n<p>Debido a la situaci\u00f3n sanitaria, el CRAE se ha tenido que reinventar durante Julio y Agosto por prevenci\u00f3n y porque muchas entidades no han hecho casal durante este verano. As\u00ed pues, el equipo educativo decidi\u00f3 <strong>crear un casal propio<\/strong> con la particularidad de que <strong>los ni\u00f1os y ni\u00f1as han participado de la planificaci\u00f3n de la programaci\u00f3n <\/strong>proponiendo talleres y salidas que les gustaban. El palabras de Irene, subdirectora del CRAE: \u00abHa sido un \u00e9xito y nos ha hecho pensar de continuar as\u00ed de aqu\u00ed en adelante\u00bb. Seg\u00fan comenta, la relaci\u00f3n y el v\u00ednculo que se est\u00e1 creando entre educadores\/as e infantes y adolescentes est\u00e1 siendo muy positivo y enriquecedor.<\/p>\n<p>Las<strong> actividades<\/strong> y salidas que realizan son muchas y <strong>variadas<\/strong>. Algunas de ellas tienen que ver con la <strong>mejora de las instalaciones<\/strong>, como el hecho de pintar la terraza del CRAE. Otras son\u00a0 <img loading=\"lazy\" decoding=\"async\" class=\"alignright wp-image-21195 size-medium\" src=\"https:\/\/www.cfpmaresme.org\/wp-content\/uploads\/2020\/08\/b26b56e7-bc4e-4b59-922f-98fc373a0447-225x300.jpg\" alt=\"\" width=\"225\" height=\"300\" srcset=\"https:\/\/cfpmaresme.org\/wp-content\/uploads\/2020\/08\/b26b56e7-bc4e-4b59-922f-98fc373a0447-225x300.jpg 225w, https:\/\/cfpmaresme.org\/wp-content\/uploads\/2020\/08\/b26b56e7-bc4e-4b59-922f-98fc373a0447-600x800.jpg 600w, https:\/\/cfpmaresme.org\/wp-content\/uploads\/2020\/08\/b26b56e7-bc4e-4b59-922f-98fc373a0447-700x933.jpg 700w, https:\/\/cfpmaresme.org\/wp-content\/uploads\/2020\/08\/b26b56e7-bc4e-4b59-922f-98fc373a0447.jpg 768w\" sizes=\"auto, (max-width: 225px) 100vw, 225px\" \/><strong>salidas de todo tipo<\/strong>, a d\u00eda de hoy ya han ido al laberinto de Horta, al Cosmocaixa, al Cap de Creus y a Water World, entre otros. As\u00ed, conocen m\u00e1s la diversidad del territorio. Tambi\u00e9n pasan <strong>ratos en casa<\/strong>, tomando el sol y descansando, hacen salidas en bicicleta, van a la piscina, a pescar, etc. En definitiva, actividades diarias para hacer cultura, descansar y disfrutar de un verano distinto.<\/p>\n<p>Todos\/as ellos\/as han pasado el confinamiento juntos, acompa\u00f1ados\/as por el equipo educativo y el personal de servicios y sin ver a sus familias durante semanas. Un a\u00f1adido a la situaci\u00f3n vivida por la mayor\u00eda de la poblaci\u00f3n dif\u00edcil de gestionar. Si bien es cierto que el confinamiento y posterior desescalada y aprendizaje de todas las medidas a tomar ha sido complicado de entender para la mayor\u00eda de infantes, los ni\u00f1os y ni\u00f1as del CRAE han estado sometidos a m\u00e1s presi\u00f3n por su realidad y estas semanas de ocio est\u00e1n siendo un elixir para todos\/as ellos\/as.<\/p>\n<p>Este <strong>per\u00edodo de diversi\u00f3n y desconexi\u00f3n <\/strong>les servir\u00e1 para empezar la nueva etapa escolar con energ\u00eda positiva. En cuanto al equipo profesional, el hecho de ver que hacer participes a los infantes de la planificaci\u00f3n ha sido un \u00e9xito abre la puerta a <strong>un nuevo camino para dar respuesta a futuros escenarios <\/strong>en que se puedan encontrar.<\/p>\n","protected":false},"excerpt":{"rendered":"<p>Poder disfrutar de actividades al aire libre durante este verano ha sido lo m\u00e1s esperado para todos\/as, especialmente para los m\u00e1s peque\u00f1os\/as. En el caso del CFP son los veinte infantes y adolescentes que viven en el CRAE. Debido a la situaci\u00f3n sanitaria, el CRAE&#8230;<\/p>\n","protected":false},"author":2,"featured_media":21201,"comment_status":"open","ping_status":"open","sticky":false,"template":"","format":"standard","meta":{"footnotes":""},"categories":[1144,1243],"tags":[],"class_list":["post-21204","post","type-post","status-publish","format-standard","has-post-thumbnail","hentry","category-infancia-y-familia","category-crae"],"yoast_head":"<!-- This site is optimized with the Yoast SEO plugin v27.4 - https:\/\/yoast.com\/product\/yoast-seo-wordpress\/ -->\n<title>EL CRAE se reinventa y vive un verano de casal creado por infantes y educadores\/as | CFP Maresme<\/title>\n<meta name=\"robots\" content=\"index, follow, max-snippet:-1, max-image-preview:large, max-video-preview:-1\" \/>\n<link rel=\"canonical\" href=\"https:\/\/cfpmaresme.org\/es\/el-crae-se-reinventa-y-vive-un-verano-de-casal-creado-por-infantes-y-educadores-as\/\" \/>\n<meta property=\"og:locale\" content=\"es_ES\" \/>\n<meta property=\"og:type\" content=\"article\" \/>\n<meta property=\"og:title\" content=\"EL CRAE se reinventa y vive un verano de casal creado por infantes y educadores\/as | CFP Maresme\" \/>\n<meta property=\"og:description\" content=\"Poder disfrutar de actividades al aire libre durante este verano ha sido lo m\u00e1s esperado para todos\/as, especialmente para los m\u00e1s peque\u00f1os\/as. En el caso del CFP son los veinte infantes y adolescentes que viven en el CRAE. Debido a la situaci\u00f3n sanitaria, el CRAE...\" \/>\n<meta property=\"og:url\" content=\"https:\/\/cfpmaresme.org\/es\/el-crae-se-reinventa-y-vive-un-verano-de-casal-creado-por-infantes-y-educadores-as\/\" \/>\n<meta property=\"og:site_name\" content=\"CFP Maresme\" \/>\n<meta property=\"article:published_time\" content=\"2020-08-05T08:53:03+00:00\" \/>\n<meta property=\"article:modified_time\" content=\"2020-11-09T15:54:42+00:00\" \/>\n<meta property=\"og:image\" content=\"https:\/\/cfpmaresme.org\/wp-content\/uploads\/2020\/08\/CRAE-piscina-retallada.jpg\" \/>\n\t<meta property=\"og:image:width\" content=\"981\" \/>\n\t<meta property=\"og:image:height\" content=\"437\" \/>\n\t<meta property=\"og:image:type\" content=\"image\/jpeg\" \/>\n<meta name=\"author\" content=\"CFPMaresme\" \/>\n<meta name=\"twitter:card\" content=\"summary_large_image\" \/>\n<meta name=\"twitter:creator\" content=\"@cfpmaresme\" \/>\n<meta name=\"twitter:site\" content=\"@cfpmaresme\" \/>\n<meta name=\"twitter:label1\" content=\"Escrito por\" \/>\n\t<meta name=\"twitter:data1\" content=\"CFPMaresme\" \/>\n\t<meta name=\"twitter:label2\" content=\"Tiempo de lectura\" \/>\n\t<meta name=\"twitter:data2\" content=\"2 minutos\" \/>\n<script type=\"application\/ld+json\" class=\"yoast-schema-graph\">{\"@context\":\"https:\\\/\\\/schema.org\",\"@graph\":[{\"@type\":\"Article\",\"@id\":\"https:\\\/\\\/cfpmaresme.org\\\/es\\\/el-crae-se-reinventa-y-vive-un-verano-de-casal-creado-por-infantes-y-educadores-as\\\/#article\",\"isPartOf\":{\"@id\":\"https:\\\/\\\/cfpmaresme.org\\\/es\\\/el-crae-se-reinventa-y-vive-un-verano-de-casal-creado-por-infantes-y-educadores-as\\\/\"},\"author\":{\"name\":\"CFPMaresme\",\"@id\":\"https:\\\/\\\/cfpmaresme.org\\\/#\\\/schema\\\/person\\\/b2634bcd796fafc667ea4055f61b9b2c\"},\"headline\":\"EL CRAE se reinventa y vive un verano de casal creado por infantes y educadores\\\/as\",\"datePublished\":\"2020-08-05T08:53:03+00:00\",\"dateModified\":\"2020-11-09T15:54:42+00:00\",\"mainEntityOfPage\":{\"@id\":\"https:\\\/\\\/cfpmaresme.org\\\/es\\\/el-crae-se-reinventa-y-vive-un-verano-de-casal-creado-por-infantes-y-educadores-as\\\/\"},\"wordCount\":457,\"commentCount\":0,\"image\":{\"@id\":\"https:\\\/\\\/cfpmaresme.org\\\/es\\\/el-crae-se-reinventa-y-vive-un-verano-de-casal-creado-por-infantes-y-educadores-as\\\/#primaryimage\"},\"thumbnailUrl\":\"https:\\\/\\\/cfpmaresme.org\\\/wp-content\\\/uploads\\\/2020\\\/08\\\/CRAE-piscina-retallada.jpg\",\"articleSection\":[\"\u00c1rea de infancia, adolescencia y fam\u00edlia\",\"CRAE\"],\"inLanguage\":\"es\"},{\"@type\":\"WebPage\",\"@id\":\"https:\\\/\\\/cfpmaresme.org\\\/es\\\/el-crae-se-reinventa-y-vive-un-verano-de-casal-creado-por-infantes-y-educadores-as\\\/\",\"url\":\"https:\\\/\\\/cfpmaresme.org\\\/es\\\/el-crae-se-reinventa-y-vive-un-verano-de-casal-creado-por-infantes-y-educadores-as\\\/\",\"name\":\"EL CRAE se reinventa y vive un verano de casal creado por infantes y educadores\\\/as | CFP Maresme\",\"isPartOf\":{\"@id\":\"https:\\\/\\\/cfpmaresme.org\\\/#website\"},\"primaryImageOfPage\":{\"@id\":\"https:\\\/\\\/cfpmaresme.org\\\/es\\\/el-crae-se-reinventa-y-vive-un-verano-de-casal-creado-por-infantes-y-educadores-as\\\/#primaryimage\"},\"image\":{\"@id\":\"https:\\\/\\\/cfpmaresme.org\\\/es\\\/el-crae-se-reinventa-y-vive-un-verano-de-casal-creado-por-infantes-y-educadores-as\\\/#primaryimage\"},\"thumbnailUrl\":\"https:\\\/\\\/cfpmaresme.org\\\/wp-content\\\/uploads\\\/2020\\\/08\\\/CRAE-piscina-retallada.jpg\",\"datePublished\":\"2020-08-05T08:53:03+00:00\",\"dateModified\":\"2020-11-09T15:54:42+00:00\",\"author\":{\"@id\":\"https:\\\/\\\/cfpmaresme.org\\\/#\\\/schema\\\/person\\\/b2634bcd796fafc667ea4055f61b9b2c\"},\"breadcrumb\":{\"@id\":\"https:\\\/\\\/cfpmaresme.org\\\/es\\\/el-crae-se-reinventa-y-vive-un-verano-de-casal-creado-por-infantes-y-educadores-as\\\/#breadcrumb\"},\"inLanguage\":\"es\",\"potentialAction\":[{\"@type\":\"ReadAction\",\"target\":[\"https:\\\/\\\/cfpmaresme.org\\\/es\\\/el-crae-se-reinventa-y-vive-un-verano-de-casal-creado-por-infantes-y-educadores-as\\\/\"]}]},{\"@type\":\"ImageObject\",\"inLanguage\":\"es\",\"@id\":\"https:\\\/\\\/cfpmaresme.org\\\/es\\\/el-crae-se-reinventa-y-vive-un-verano-de-casal-creado-por-infantes-y-educadores-as\\\/#primaryimage\",\"url\":\"https:\\\/\\\/cfpmaresme.org\\\/wp-content\\\/uploads\\\/2020\\\/08\\\/CRAE-piscina-retallada.jpg\",\"contentUrl\":\"https:\\\/\\\/cfpmaresme.org\\\/wp-content\\\/uploads\\\/2020\\\/08\\\/CRAE-piscina-retallada.jpg\",\"width\":981,\"height\":437},{\"@type\":\"BreadcrumbList\",\"@id\":\"https:\\\/\\\/cfpmaresme.org\\\/es\\\/el-crae-se-reinventa-y-vive-un-verano-de-casal-creado-por-infantes-y-educadores-as\\\/#breadcrumb\",\"itemListElement\":[{\"@type\":\"ListItem\",\"position\":1,\"name\":\"Home\",\"item\":\"https:\\\/\\\/cfpmaresme.org\\\/es\\\/\"},{\"@type\":\"ListItem\",\"position\":2,\"name\":\"EL CRAE se reinventa y vive un verano de casal creado por infantes y educadores\\\/as\"}]},{\"@type\":\"WebSite\",\"@id\":\"https:\\\/\\\/cfpmaresme.org\\\/#website\",\"url\":\"https:\\\/\\\/cfpmaresme.org\\\/\",\"name\":\"CFP Maresme\",\"description\":\"Centre Formaci\u00f3 Prevenci\u00f3\",\"potentialAction\":[{\"@type\":\"SearchAction\",\"target\":{\"@type\":\"EntryPoint\",\"urlTemplate\":\"https:\\\/\\\/cfpmaresme.org\\\/?s={search_term_string}\"},\"query-input\":{\"@type\":\"PropertyValueSpecification\",\"valueRequired\":true,\"valueName\":\"search_term_string\"}}],\"inLanguage\":\"es\"},{\"@type\":\"Person\",\"@id\":\"https:\\\/\\\/cfpmaresme.org\\\/#\\\/schema\\\/person\\\/b2634bcd796fafc667ea4055f61b9b2c\",\"name\":\"CFPMaresme\"}]}<\/script>\n<!-- \/ Yoast SEO plugin. -->","yoast_head_json":{"title":"EL CRAE se reinventa y vive un verano de casal creado por infantes y educadores\/as | CFP Maresme","robots":{"index":"index","follow":"follow","max-snippet":"max-snippet:-1","max-image-preview":"max-image-preview:large","max-video-preview":"max-video-preview:-1"},"canonical":"https:\/\/cfpmaresme.org\/es\/el-crae-se-reinventa-y-vive-un-verano-de-casal-creado-por-infantes-y-educadores-as\/","og_locale":"es_ES","og_type":"article","og_title":"EL CRAE se reinventa y vive un verano de casal creado por infantes y educadores\/as | CFP Maresme","og_description":"Poder disfrutar de actividades al aire libre durante este verano ha sido lo m\u00e1s esperado para todos\/as, especialmente para los m\u00e1s peque\u00f1os\/as. En el caso del CFP son los veinte infantes y adolescentes que viven en el CRAE. Debido a la situaci\u00f3n sanitaria, el CRAE...","og_url":"https:\/\/cfpmaresme.org\/es\/el-crae-se-reinventa-y-vive-un-verano-de-casal-creado-por-infantes-y-educadores-as\/","og_site_name":"CFP Maresme","article_published_time":"2020-08-05T08:53:03+00:00","article_modified_time":"2020-11-09T15:54:42+00:00","og_image":[{"width":981,"height":437,"url":"https:\/\/cfpmaresme.org\/wp-content\/uploads\/2020\/08\/CRAE-piscina-retallada.jpg","type":"image\/jpeg"}],"author":"CFPMaresme","twitter_card":"summary_large_image","twitter_creator":"@cfpmaresme","twitter_site":"@cfpmaresme","twitter_misc":{"Escrito por":"CFPMaresme","Tiempo de lectura":"2 minutos"},"schema":{"@context":"https:\/\/schema.org","@graph":[{"@type":"Article","@id":"https:\/\/cfpmaresme.org\/es\/el-crae-se-reinventa-y-vive-un-verano-de-casal-creado-por-infantes-y-educadores-as\/#article","isPartOf":{"@id":"https:\/\/cfpmaresme.org\/es\/el-crae-se-reinventa-y-vive-un-verano-de-casal-creado-por-infantes-y-educadores-as\/"},"author":{"name":"CFPMaresme","@id":"https:\/\/cfpmaresme.org\/#\/schema\/person\/b2634bcd796fafc667ea4055f61b9b2c"},"headline":"EL CRAE se reinventa y vive un verano de casal creado por infantes y educadores\/as","datePublished":"2020-08-05T08:53:03+00:00","dateModified":"2020-11-09T15:54:42+00:00","mainEntityOfPage":{"@id":"https:\/\/cfpmaresme.org\/es\/el-crae-se-reinventa-y-vive-un-verano-de-casal-creado-por-infantes-y-educadores-as\/"},"wordCount":457,"commentCount":0,"image":{"@id":"https:\/\/cfpmaresme.org\/es\/el-crae-se-reinventa-y-vive-un-verano-de-casal-creado-por-infantes-y-educadores-as\/#primaryimage"},"thumbnailUrl":"https:\/\/cfpmaresme.org\/wp-content\/uploads\/2020\/08\/CRAE-piscina-retallada.jpg","articleSection":["\u00c1rea de infancia, adolescencia y fam\u00edlia","CRAE"],"inLanguage":"es"},{"@type":"WebPage","@id":"https:\/\/cfpmaresme.org\/es\/el-crae-se-reinventa-y-vive-un-verano-de-casal-creado-por-infantes-y-educadores-as\/","url":"https:\/\/cfpmaresme.org\/es\/el-crae-se-reinventa-y-vive-un-verano-de-casal-creado-por-infantes-y-educadores-as\/","name":"EL CRAE se reinventa y vive un verano de casal creado por infantes y educadores\/as | CFP Maresme","isPartOf":{"@id":"https:\/\/cfpmaresme.org\/#website"},"primaryImageOfPage":{"@id":"https:\/\/cfpmaresme.org\/es\/el-crae-se-reinventa-y-vive-un-verano-de-casal-creado-por-infantes-y-educadores-as\/#primaryimage"},"image":{"@id":"https:\/\/cfpmaresme.org\/es\/el-crae-se-reinventa-y-vive-un-verano-de-casal-creado-por-infantes-y-educadores-as\/#primaryimage"},"thumbnailUrl":"https:\/\/cfpmaresme.org\/wp-content\/uploads\/2020\/08\/CRAE-piscina-retallada.jpg","datePublished":"2020-08-05T08:53:03+00:00","dateModified":"2020-11-09T15:54:42+00:00","author":{"@id":"https:\/\/cfpmaresme.org\/#\/schema\/person\/b2634bcd796fafc667ea4055f61b9b2c"},"breadcrumb":{"@id":"https:\/\/cfpmaresme.org\/es\/el-crae-se-reinventa-y-vive-un-verano-de-casal-creado-por-infantes-y-educadores-as\/#breadcrumb"},"inLanguage":"es","potentialAction":[{"@type":"ReadAction","target":["https:\/\/cfpmaresme.org\/es\/el-crae-se-reinventa-y-vive-un-verano-de-casal-creado-por-infantes-y-educadores-as\/"]}]},{"@type":"ImageObject","inLanguage":"es","@id":"https:\/\/cfpmaresme.org\/es\/el-crae-se-reinventa-y-vive-un-verano-de-casal-creado-por-infantes-y-educadores-as\/#primaryimage","url":"https:\/\/cfpmaresme.org\/wp-content\/uploads\/2020\/08\/CRAE-piscina-retallada.jpg","contentUrl":"https:\/\/cfpmaresme.org\/wp-content\/uploads\/2020\/08\/CRAE-piscina-retallada.jpg","width":981,"height":437},{"@type":"BreadcrumbList","@id":"https:\/\/cfpmaresme.org\/es\/el-crae-se-reinventa-y-vive-un-verano-de-casal-creado-por-infantes-y-educadores-as\/#breadcrumb","itemListElement":[{"@type":"ListItem","position":1,"name":"Home","item":"https:\/\/cfpmaresme.org\/es\/"},{"@type":"ListItem","position":2,"name":"EL CRAE se reinventa y vive un verano de casal creado por infantes y educadores\/as"}]},{"@type":"WebSite","@id":"https:\/\/cfpmaresme.org\/#website","url":"https:\/\/cfpmaresme.org\/","name":"CFP Maresme","description":"Centre Formaci\u00f3 Prevenci\u00f3","potentialAction":[{"@type":"SearchAction","target":{"@type":"EntryPoint","urlTemplate":"https:\/\/cfpmaresme.org\/?s={search_term_string}"},"query-input":{"@type":"PropertyValueSpecification","valueRequired":true,"valueName":"search_term_string"}}],"inLanguage":"es"},{"@type":"Person","@id":"https:\/\/cfpmaresme.org\/#\/schema\/person\/b2634bcd796fafc667ea4055f61b9b2c","name":"CFPMaresme"}]}},"_links":{"self":[{"href":"https:\/\/cfpmaresme.org\/es\/wp-json\/wp\/v2\/posts\/21204","targetHints":{"allow":["GET"]}}],"collection":[{"href":"https:\/\/cfpmaresme.org\/es\/wp-json\/wp\/v2\/posts"}],"about":[{"href":"https:\/\/cfpmaresme.org\/es\/wp-json\/wp\/v2\/types\/post"}],"author":[{"embeddable":true,"href":"https:\/\/cfpmaresme.org\/es\/wp-json\/wp\/v2\/users\/2"}],"replies":[{"embeddable":true,"href":"https:\/\/cfpmaresme.org\/es\/wp-json\/wp\/v2\/comments?post=21204"}],"version-history":[{"count":4,"href":"https:\/\/cfpmaresme.org\/es\/wp-json\/wp\/v2\/posts\/21204\/revisions"}],"predecessor-version":[{"id":21208,"href":"https:\/\/cfpmaresme.org\/es\/wp-json\/wp\/v2\/posts\/21204\/revisions\/21208"}],"wp:featuredmedia":[{"embeddable":true,"href":"https:\/\/cfpmaresme.org\/es\/wp-json\/wp\/v2\/media\/21201"}],"wp:attachment":[{"href":"https:\/\/cfpmaresme.org\/es\/wp-json\/wp\/v2\/media?parent=21204"}],"wp:term":[{"taxonomy":"category","embeddable":true,"href":"https:\/\/cfpmaresme.org\/es\/wp-json\/wp\/v2\/categories?post=21204"},{"taxonomy":"post_tag","embeddable":true,"href":"https:\/\/cfpmaresme.org\/es\/wp-json\/wp\/v2\/tags?post=21204"}],"curies":[{"name":"wp","href":"https:\/\/api.w.org\/{rel}","templated":true}]}}