{"id":21583,"date":"2020-09-10T10:18:23","date_gmt":"2020-09-10T08:18:23","guid":{"rendered":"https:\/\/www.cfpmaresme.org\/?p=21583"},"modified":"2022-05-24T10:02:26","modified_gmt":"2022-05-24T08:02:26","slug":"el-suicidio-una-realidad-que-no-para","status":"publish","type":"post","link":"https:\/\/cfpmaresme.org\/es\/el-suicidio-una-realidad-que-no-para\/","title":{"rendered":"\u00abEl suicidio, una realidad que no para\u00bb Jordi Escrig, Director T\u00e9cnico Servicios de Rehabilitaci\u00f3n Comunitaria"},"content":{"rendered":"<p>Desde nuestro centro tenemos muy presente este problema que persiste en el tiempo.<\/p>\n<p><img loading=\"lazy\" decoding=\"async\" class=\"wp-image-21579 size-medium alignright\" src=\"https:\/\/www.cfpmaresme.org\/wp-content\/uploads\/2020\/09\/toti-300x228.jpg\" alt=\"\" width=\"300\" height=\"228\" srcset=\"https:\/\/cfpmaresme.org\/wp-content\/uploads\/2020\/09\/toti-300x228.jpg 300w, https:\/\/cfpmaresme.org\/wp-content\/uploads\/2020\/09\/toti-1024x779.jpg 1024w, https:\/\/cfpmaresme.org\/wp-content\/uploads\/2020\/09\/toti-768x584.jpg 768w, https:\/\/cfpmaresme.org\/wp-content\/uploads\/2020\/09\/toti-500x380.jpg 500w, https:\/\/cfpmaresme.org\/wp-content\/uploads\/2020\/09\/toti-700x533.jpg 700w, https:\/\/cfpmaresme.org\/wp-content\/uploads\/2020\/09\/toti.jpg 1414w\" sizes=\"auto, (max-width: 300px) 100vw, 300px\" \/><\/p>\n<p>Las personas con una problem\u00e1tica de salud mental pueden sufrir muchos riesgos que atenten contra su salud, su estabilidad, su seguridad, e incluso, sobre su vida. Es evidente que la esperanza de vida de las personas con Trastornos Mentales Graves es menor a la de la poblaci\u00f3n en general.<\/p>\n<p>Por este motivo, desde hace unos cuantos a\u00f1os que implementamos un <strong>Plan de\u00a0 Intervenci\u00f3n ante los riesgos asociados a la seguridad de los pacientes. <\/strong>Consiste en una avaluaci\u00f3n constante de los posibles peligros mediante varias metodolog\u00edas como ahora las escalas de riegos, entrevistas individuales y una curada coordinaci\u00f3n con los CSMA de referencia ante cualquier circunstancia que nos enciede la alarma sobre posibles intentos de suicidio.<\/p>\n<p>Es importante decir que con la implementaci\u00f3n por parte del <a href=\"https:\/\/catsalut.gencat.cat\/ca\/inici\/index.html#googtrans(ca|es)\" target=\"_blank\" rel=\"noopener noreferrer\">CatSalut<\/a> del\u00a0<strong>C\u00f3digo Riesgo de Suicidio <\/strong>todos los equipos profesionales de la Salud Mental estamos m\u00e1s atentos\/as a los posibles casos que detectamos.<\/p>\n<p>&nbsp;<\/p>\n<h3>Introducci\u00f3n del C\u00f3digo Riesgo de Suicidio. Exposici\u00f3n de los motivos<\/h3>\n<p>El suicidio es un problema de salud p\u00fablica de primera magnitud y la Organizaci\u00f3n Mundial de la Salud (OMS) estima que el 2020 representar\u00e1 un 2,4% de la carga total de problemas de salud.<\/p>\n<p>Se estima que cada a\u00f1o un mill\u00f3n de personas se suicidan en el mundo y preocupa especialmente porque es<strong> una de las primeras causas de mortalidad prematura<\/strong> en personas j\u00f3venes de ambos sexos (el grupo de 25 a 44 a\u00f1os constituye el primer grupo de riesgo). Asimismo, es necesario tener en cuenta que las estad\u00edsticas no registran las tentativas o intentos de suicidio, aunque se estima que se producen <strong>unas 20 tentativas para cada suicidio <\/strong>consumado.<\/p>\n<p>La mortalidad por suicidio podr\u00eda ser, en gran parte, evitable y existe un importante margen de mejora en cuanto a las medidas preventivas a implantar mediante la responsabilizaci\u00f3n y la colaboraci\u00f3n intersectorial, a la vez que se dispone de suficiente evidencia sobre la existencia de intervenciones sanitarias y de salud p\u00fablica efectivas para prevenirla.<\/p>\n<p>El Departamento de Salud ya recogi\u00f3 las prioridades establecidas por la OMS (programa SUPRE) en el Plan de salud de Catalu\u00f1a de 2004, impulsando proyectos asistenciales orientados espec\u00edficamente en este sentido. As\u00ed, promovi\u00f3 la participaci\u00f3n de Catalu\u00f1a en el Proyecto europeo contra la depresi\u00f3n, promovido por la Liga Europea contra la Depresi\u00f3n (European Alliance Against Depression) y ha desarrollado dos experiencias, la primera en Barcelona (a la derecha del Ensanche) y la segunda en Sabadell. Este programa desarrolla una serie de estrategias y programas contra la depresi\u00f3n y el riesgo de suicidio, con un enfoque global y de atenci\u00f3n integral, y ha mostrado muy buenos resultados en cuanto al incremento de la supervivencia, la disminuci\u00f3n de los re-intentos de suicidio y la reducci\u00f3n del n\u00famero de suicidios consumados.<\/p>\n<p>En este sentido, debemos destacar tambi\u00e9n el <strong>papel clave de la atenci\u00f3n primaria<\/strong>, la cual ya dispone de la Gu\u00eda de pr\u00e1ctica cl\u00ednica (GPC) de la depresi\u00f3n, que facilita la detecci\u00f3n del riesgo de suicidio, la avaluaci\u00f3n de la gravedad y el registro a la historia cl\u00ednica. Tambi\u00e9n prev\u00e9 buscar y potenciar aquellas estrategias asistenciales que puedan ser m\u00e1s efectivas para detectar a tiempo el riesgo de suicidio, mejorar la respuesta asistencial y evitar su repetici\u00f3n.<\/p>\n<p>&nbsp;<\/p>\n<p>As\u00ed pues, desde los recursos que atendemos personas con una problem\u00e1tica de salud mental el CFP estamos muy atentos\/as al estado de cada una de las personas usuarias y establecemos un protocolo exhaustivo para conseguir<strong> evitar que alguna de ellas pierda la vida<\/strong> de forma prematura a trav\u00e9s de un suicidio.<\/p>\n<p>&nbsp;<\/p>\n","protected":false},"excerpt":{"rendered":"<p>Desde nuestro centro tenemos muy presente este problema que persiste en el tiempo. Las personas con una problem\u00e1tica de salud mental pueden sufrir muchos riesgos que atenten contra su salud, su estabilidad, su seguridad, e incluso, sobre su vida. Es evidente que la esperanza de&#8230;<\/p>\n","protected":false},"author":2,"featured_media":21566,"comment_status":"open","ping_status":"open","sticky":false,"template":"","format":"standard","meta":{"footnotes":""},"categories":[1256],"tags":[],"class_list":["post-21583","post","type-post","status-publish","format-standard","has-post-thumbnail","hentry","category-articulos-profesionales"],"yoast_head":"<!-- This site is optimized with the Yoast SEO plugin v27.4 - https:\/\/yoast.com\/product\/yoast-seo-wordpress\/ -->\n<title>&quot;El suicidio, una realidad que no para&quot; Jordi Escrig, Director T\u00e9cnico Servicios de Rehabilitaci\u00f3n Comunitaria | CFP Maresme<\/title>\n<meta name=\"robots\" content=\"index, follow, max-snippet:-1, max-image-preview:large, max-video-preview:-1\" \/>\n<link rel=\"canonical\" href=\"https:\/\/cfpmaresme.org\/es\/el-suicidio-una-realidad-que-no-para\/\" \/>\n<meta property=\"og:locale\" content=\"es_ES\" \/>\n<meta property=\"og:type\" content=\"article\" \/>\n<meta property=\"og:title\" content=\"&quot;El suicidio, una realidad que no para&quot; Jordi Escrig, Director T\u00e9cnico Servicios de Rehabilitaci\u00f3n Comunitaria | CFP Maresme\" \/>\n<meta property=\"og:description\" content=\"Desde nuestro centro tenemos muy presente este problema que persiste en el tiempo. Las personas con una problem\u00e1tica de salud mental pueden sufrir muchos riesgos que atenten contra su salud, su estabilidad, su seguridad, e incluso, sobre su vida. Es evidente que la esperanza de...\" \/>\n<meta property=\"og:url\" content=\"https:\/\/cfpmaresme.org\/es\/el-suicidio-una-realidad-que-no-para\/\" \/>\n<meta property=\"og:site_name\" content=\"CFP Maresme\" \/>\n<meta property=\"article:published_time\" content=\"2020-09-10T08:18:23+00:00\" \/>\n<meta property=\"article:modified_time\" content=\"2022-05-24T08:02:26+00:00\" \/>\n<meta property=\"og:image\" content=\"https:\/\/cfpmaresme.org\/wp-content\/uploads\/2020\/09\/foto-cap\u00e7alera-1.jpg\" \/>\n\t<meta property=\"og:image:width\" content=\"1143\" \/>\n\t<meta property=\"og:image:height\" content=\"590\" \/>\n\t<meta property=\"og:image:type\" content=\"image\/jpeg\" \/>\n<meta name=\"author\" content=\"CFPMaresme\" \/>\n<meta name=\"twitter:card\" content=\"summary_large_image\" \/>\n<meta name=\"twitter:creator\" content=\"@cfpmaresme\" \/>\n<meta name=\"twitter:site\" content=\"@cfpmaresme\" \/>\n<meta name=\"twitter:label1\" content=\"Escrito por\" \/>\n\t<meta name=\"twitter:data1\" content=\"CFPMaresme\" \/>\n\t<meta name=\"twitter:label2\" content=\"Tiempo de lectura\" \/>\n\t<meta name=\"twitter:data2\" content=\"3 minutos\" \/>\n<script type=\"application\/ld+json\" class=\"yoast-schema-graph\">{\"@context\":\"https:\\\/\\\/schema.org\",\"@graph\":[{\"@type\":\"Article\",\"@id\":\"https:\\\/\\\/cfpmaresme.org\\\/es\\\/el-suicidio-una-realidad-que-no-para\\\/#article\",\"isPartOf\":{\"@id\":\"https:\\\/\\\/cfpmaresme.org\\\/es\\\/el-suicidio-una-realidad-que-no-para\\\/\"},\"author\":{\"name\":\"CFPMaresme\",\"@id\":\"https:\\\/\\\/cfpmaresme.org\\\/#\\\/schema\\\/person\\\/b2634bcd796fafc667ea4055f61b9b2c\"},\"headline\":\"\u00abEl suicidio, una realidad que no para\u00bb Jordi Escrig, Director T\u00e9cnico Servicios de Rehabilitaci\u00f3n Comunitaria\",\"datePublished\":\"2020-09-10T08:18:23+00:00\",\"dateModified\":\"2022-05-24T08:02:26+00:00\",\"mainEntityOfPage\":{\"@id\":\"https:\\\/\\\/cfpmaresme.org\\\/es\\\/el-suicidio-una-realidad-que-no-para\\\/\"},\"wordCount\":655,\"commentCount\":0,\"image\":{\"@id\":\"https:\\\/\\\/cfpmaresme.org\\\/es\\\/el-suicidio-una-realidad-que-no-para\\\/#primaryimage\"},\"thumbnailUrl\":\"https:\\\/\\\/cfpmaresme.org\\\/wp-content\\\/uploads\\\/2020\\\/09\\\/foto-cap\u00e7alera-1.jpg\",\"articleSection\":[\"Art\u00edculos profesionales\"],\"inLanguage\":\"es\"},{\"@type\":\"WebPage\",\"@id\":\"https:\\\/\\\/cfpmaresme.org\\\/es\\\/el-suicidio-una-realidad-que-no-para\\\/\",\"url\":\"https:\\\/\\\/cfpmaresme.org\\\/es\\\/el-suicidio-una-realidad-que-no-para\\\/\",\"name\":\"\\\"El suicidio, una realidad que no para\\\" Jordi Escrig, Director T\u00e9cnico Servicios de Rehabilitaci\u00f3n Comunitaria | CFP Maresme\",\"isPartOf\":{\"@id\":\"https:\\\/\\\/cfpmaresme.org\\\/#website\"},\"primaryImageOfPage\":{\"@id\":\"https:\\\/\\\/cfpmaresme.org\\\/es\\\/el-suicidio-una-realidad-que-no-para\\\/#primaryimage\"},\"image\":{\"@id\":\"https:\\\/\\\/cfpmaresme.org\\\/es\\\/el-suicidio-una-realidad-que-no-para\\\/#primaryimage\"},\"thumbnailUrl\":\"https:\\\/\\\/cfpmaresme.org\\\/wp-content\\\/uploads\\\/2020\\\/09\\\/foto-cap\u00e7alera-1.jpg\",\"datePublished\":\"2020-09-10T08:18:23+00:00\",\"dateModified\":\"2022-05-24T08:02:26+00:00\",\"author\":{\"@id\":\"https:\\\/\\\/cfpmaresme.org\\\/#\\\/schema\\\/person\\\/b2634bcd796fafc667ea4055f61b9b2c\"},\"breadcrumb\":{\"@id\":\"https:\\\/\\\/cfpmaresme.org\\\/es\\\/el-suicidio-una-realidad-que-no-para\\\/#breadcrumb\"},\"inLanguage\":\"es\",\"potentialAction\":[{\"@type\":\"ReadAction\",\"target\":[\"https:\\\/\\\/cfpmaresme.org\\\/es\\\/el-suicidio-una-realidad-que-no-para\\\/\"]}]},{\"@type\":\"ImageObject\",\"inLanguage\":\"es\",\"@id\":\"https:\\\/\\\/cfpmaresme.org\\\/es\\\/el-suicidio-una-realidad-que-no-para\\\/#primaryimage\",\"url\":\"https:\\\/\\\/cfpmaresme.org\\\/wp-content\\\/uploads\\\/2020\\\/09\\\/foto-cap\u00e7alera-1.jpg\",\"contentUrl\":\"https:\\\/\\\/cfpmaresme.org\\\/wp-content\\\/uploads\\\/2020\\\/09\\\/foto-cap\u00e7alera-1.jpg\",\"width\":1143,\"height\":590},{\"@type\":\"BreadcrumbList\",\"@id\":\"https:\\\/\\\/cfpmaresme.org\\\/es\\\/el-suicidio-una-realidad-que-no-para\\\/#breadcrumb\",\"itemListElement\":[{\"@type\":\"ListItem\",\"position\":1,\"name\":\"Home\",\"item\":\"https:\\\/\\\/cfpmaresme.org\\\/es\\\/\"},{\"@type\":\"ListItem\",\"position\":2,\"name\":\"\u00abEl suicidio, una realidad que no para\u00bb Jordi Escrig, Director T\u00e9cnico Servicios de Rehabilitaci\u00f3n Comunitaria\"}]},{\"@type\":\"WebSite\",\"@id\":\"https:\\\/\\\/cfpmaresme.org\\\/#website\",\"url\":\"https:\\\/\\\/cfpmaresme.org\\\/\",\"name\":\"CFP Maresme\",\"description\":\"Centre Formaci\u00f3 Prevenci\u00f3\",\"potentialAction\":[{\"@type\":\"SearchAction\",\"target\":{\"@type\":\"EntryPoint\",\"urlTemplate\":\"https:\\\/\\\/cfpmaresme.org\\\/?s={search_term_string}\"},\"query-input\":{\"@type\":\"PropertyValueSpecification\",\"valueRequired\":true,\"valueName\":\"search_term_string\"}}],\"inLanguage\":\"es\"},{\"@type\":\"Person\",\"@id\":\"https:\\\/\\\/cfpmaresme.org\\\/#\\\/schema\\\/person\\\/b2634bcd796fafc667ea4055f61b9b2c\",\"name\":\"CFPMaresme\"}]}<\/script>\n<!-- \/ Yoast SEO plugin. -->","yoast_head_json":{"title":"\"El suicidio, una realidad que no para\" Jordi Escrig, Director T\u00e9cnico Servicios de Rehabilitaci\u00f3n Comunitaria | CFP Maresme","robots":{"index":"index","follow":"follow","max-snippet":"max-snippet:-1","max-image-preview":"max-image-preview:large","max-video-preview":"max-video-preview:-1"},"canonical":"https:\/\/cfpmaresme.org\/es\/el-suicidio-una-realidad-que-no-para\/","og_locale":"es_ES","og_type":"article","og_title":"\"El suicidio, una realidad que no para\" Jordi Escrig, Director T\u00e9cnico Servicios de Rehabilitaci\u00f3n Comunitaria | CFP Maresme","og_description":"Desde nuestro centro tenemos muy presente este problema que persiste en el tiempo. Las personas con una problem\u00e1tica de salud mental pueden sufrir muchos riesgos que atenten contra su salud, su estabilidad, su seguridad, e incluso, sobre su vida. Es evidente que la esperanza de...","og_url":"https:\/\/cfpmaresme.org\/es\/el-suicidio-una-realidad-que-no-para\/","og_site_name":"CFP Maresme","article_published_time":"2020-09-10T08:18:23+00:00","article_modified_time":"2022-05-24T08:02:26+00:00","og_image":[{"width":1143,"height":590,"url":"https:\/\/cfpmaresme.org\/wp-content\/uploads\/2020\/09\/foto-cap\u00e7alera-1.jpg","type":"image\/jpeg"}],"author":"CFPMaresme","twitter_card":"summary_large_image","twitter_creator":"@cfpmaresme","twitter_site":"@cfpmaresme","twitter_misc":{"Escrito por":"CFPMaresme","Tiempo de lectura":"3 minutos"},"schema":{"@context":"https:\/\/schema.org","@graph":[{"@type":"Article","@id":"https:\/\/cfpmaresme.org\/es\/el-suicidio-una-realidad-que-no-para\/#article","isPartOf":{"@id":"https:\/\/cfpmaresme.org\/es\/el-suicidio-una-realidad-que-no-para\/"},"author":{"name":"CFPMaresme","@id":"https:\/\/cfpmaresme.org\/#\/schema\/person\/b2634bcd796fafc667ea4055f61b9b2c"},"headline":"\u00abEl suicidio, una realidad que no para\u00bb Jordi Escrig, Director T\u00e9cnico Servicios de Rehabilitaci\u00f3n Comunitaria","datePublished":"2020-09-10T08:18:23+00:00","dateModified":"2022-05-24T08:02:26+00:00","mainEntityOfPage":{"@id":"https:\/\/cfpmaresme.org\/es\/el-suicidio-una-realidad-que-no-para\/"},"wordCount":655,"commentCount":0,"image":{"@id":"https:\/\/cfpmaresme.org\/es\/el-suicidio-una-realidad-que-no-para\/#primaryimage"},"thumbnailUrl":"https:\/\/cfpmaresme.org\/wp-content\/uploads\/2020\/09\/foto-cap\u00e7alera-1.jpg","articleSection":["Art\u00edculos profesionales"],"inLanguage":"es"},{"@type":"WebPage","@id":"https:\/\/cfpmaresme.org\/es\/el-suicidio-una-realidad-que-no-para\/","url":"https:\/\/cfpmaresme.org\/es\/el-suicidio-una-realidad-que-no-para\/","name":"\"El suicidio, una realidad que no para\" Jordi Escrig, Director T\u00e9cnico Servicios de Rehabilitaci\u00f3n Comunitaria | CFP Maresme","isPartOf":{"@id":"https:\/\/cfpmaresme.org\/#website"},"primaryImageOfPage":{"@id":"https:\/\/cfpmaresme.org\/es\/el-suicidio-una-realidad-que-no-para\/#primaryimage"},"image":{"@id":"https:\/\/cfpmaresme.org\/es\/el-suicidio-una-realidad-que-no-para\/#primaryimage"},"thumbnailUrl":"https:\/\/cfpmaresme.org\/wp-content\/uploads\/2020\/09\/foto-cap\u00e7alera-1.jpg","datePublished":"2020-09-10T08:18:23+00:00","dateModified":"2022-05-24T08:02:26+00:00","author":{"@id":"https:\/\/cfpmaresme.org\/#\/schema\/person\/b2634bcd796fafc667ea4055f61b9b2c"},"breadcrumb":{"@id":"https:\/\/cfpmaresme.org\/es\/el-suicidio-una-realidad-que-no-para\/#breadcrumb"},"inLanguage":"es","potentialAction":[{"@type":"ReadAction","target":["https:\/\/cfpmaresme.org\/es\/el-suicidio-una-realidad-que-no-para\/"]}]},{"@type":"ImageObject","inLanguage":"es","@id":"https:\/\/cfpmaresme.org\/es\/el-suicidio-una-realidad-que-no-para\/#primaryimage","url":"https:\/\/cfpmaresme.org\/wp-content\/uploads\/2020\/09\/foto-cap\u00e7alera-1.jpg","contentUrl":"https:\/\/cfpmaresme.org\/wp-content\/uploads\/2020\/09\/foto-cap\u00e7alera-1.jpg","width":1143,"height":590},{"@type":"BreadcrumbList","@id":"https:\/\/cfpmaresme.org\/es\/el-suicidio-una-realidad-que-no-para\/#breadcrumb","itemListElement":[{"@type":"ListItem","position":1,"name":"Home","item":"https:\/\/cfpmaresme.org\/es\/"},{"@type":"ListItem","position":2,"name":"\u00abEl suicidio, una realidad que no para\u00bb Jordi Escrig, Director T\u00e9cnico Servicios de Rehabilitaci\u00f3n Comunitaria"}]},{"@type":"WebSite","@id":"https:\/\/cfpmaresme.org\/#website","url":"https:\/\/cfpmaresme.org\/","name":"CFP Maresme","description":"Centre Formaci\u00f3 Prevenci\u00f3","potentialAction":[{"@type":"SearchAction","target":{"@type":"EntryPoint","urlTemplate":"https:\/\/cfpmaresme.org\/?s={search_term_string}"},"query-input":{"@type":"PropertyValueSpecification","valueRequired":true,"valueName":"search_term_string"}}],"inLanguage":"es"},{"@type":"Person","@id":"https:\/\/cfpmaresme.org\/#\/schema\/person\/b2634bcd796fafc667ea4055f61b9b2c","name":"CFPMaresme"}]}},"_links":{"self":[{"href":"https:\/\/cfpmaresme.org\/es\/wp-json\/wp\/v2\/posts\/21583","targetHints":{"allow":["GET"]}}],"collection":[{"href":"https:\/\/cfpmaresme.org\/es\/wp-json\/wp\/v2\/posts"}],"about":[{"href":"https:\/\/cfpmaresme.org\/es\/wp-json\/wp\/v2\/types\/post"}],"author":[{"embeddable":true,"href":"https:\/\/cfpmaresme.org\/es\/wp-json\/wp\/v2\/users\/2"}],"replies":[{"embeddable":true,"href":"https:\/\/cfpmaresme.org\/es\/wp-json\/wp\/v2\/comments?post=21583"}],"version-history":[{"count":12,"href":"https:\/\/cfpmaresme.org\/es\/wp-json\/wp\/v2\/posts\/21583\/revisions"}],"predecessor-version":[{"id":21595,"href":"https:\/\/cfpmaresme.org\/es\/wp-json\/wp\/v2\/posts\/21583\/revisions\/21595"}],"wp:featuredmedia":[{"embeddable":true,"href":"https:\/\/cfpmaresme.org\/es\/wp-json\/wp\/v2\/media\/21566"}],"wp:attachment":[{"href":"https:\/\/cfpmaresme.org\/es\/wp-json\/wp\/v2\/media?parent=21583"}],"wp:term":[{"taxonomy":"category","embeddable":true,"href":"https:\/\/cfpmaresme.org\/es\/wp-json\/wp\/v2\/categories?post=21583"},{"taxonomy":"post_tag","embeddable":true,"href":"https:\/\/cfpmaresme.org\/es\/wp-json\/wp\/v2\/tags?post=21583"}],"curies":[{"name":"wp","href":"https:\/\/api.w.org\/{rel}","templated":true}]}}