{"id":21725,"date":"2020-10-05T12:49:41","date_gmt":"2020-10-05T10:49:41","guid":{"rendered":"https:\/\/www.cfpmaresme.org\/?p=21725"},"modified":"2022-05-24T09:54:00","modified_gmt":"2022-05-24T07:54:00","slug":"el-primer-dia-los-tenias-que-ver-todos-das-con-mascarillas-pero-con-una-gran-ilusion-de-ver-a-los-amigos","status":"publish","type":"post","link":"https:\/\/cfpmaresme.org\/es\/el-primer-dia-los-tenias-que-ver-todos-das-con-mascarillas-pero-con-una-gran-ilusion-de-ver-a-los-amigos\/","title":{"rendered":"El primer d\u00eda los ten\u00edas que ver: todos\/das con mascarillas pero con una gran ilusi\u00f3n de ver a los amigos"},"content":{"rendered":"<p><strong>Salva Ar\u00e9valo<\/strong> es el <strong>Director del CRAE<\/strong> desde hace <strong>m\u00e1s de una d\u00e9cada<\/strong>. Su vinculaci\u00f3n con el CFP Maresme se inici\u00f3 el a\u00f1o 1995, cuando estaba terminando Educaci\u00f3n Social y consigui\u00f3 hacer pr\u00e1cticas a la entidad. Despu\u00e9s fue educador y, posteriormente, subdirector. Toda una vida de trabajo con infancia a la entidad. Se form\u00f3 en Psicoan\u00e1lisis y ha participado en distintas Mesas de infancia, como la del Ayuntamiento de Matar\u00f3 y es miembro de la Comisi\u00f3n de CRAEs de la Fedaia.\u00a0 \u00a0 <img loading=\"lazy\" decoding=\"async\" class=\"wp-image-21712 size-medium alignright\" src=\"https:\/\/www.cfpmaresme.org\/wp-content\/uploads\/2020\/09\/salva-214x300.jpg\" alt=\"\" width=\"214\" height=\"300\" srcset=\"https:\/\/cfpmaresme.org\/wp-content\/uploads\/2020\/09\/salva-214x300.jpg 214w, https:\/\/cfpmaresme.org\/wp-content\/uploads\/2020\/09\/salva.jpg 473w\" sizes=\"auto, (max-width: 214px) 100vw, 214px\" \/><\/p>\n<p>&nbsp;<\/p>\n<p><strong>Este verano el CRAE se ha reinventado y ha hecho un casal donde los infantes y adolescentes han participado de la programaci\u00f3n. \u00bfC\u00f3mo surgi\u00f3 la iniciativa?\u00a0\u00a0<\/strong><\/p>\n<p>Los ni\u00f1os y ni\u00f1as de hasta 14 a\u00f1os siempre han ido a casales de verano vinculados a recursos de ocio a los que van durante todo el a\u00f1o. Los diferentes sitios donde los hab\u00edamos apuntado durante este verano nos dec\u00edan que <strong>cerraban el casa<\/strong>l y,\u00a0 solo dos de los 20 infantes, pudieron ir a uno de deportivo.<\/p>\n<p>As\u00ed pues, ten\u00edamos que organizar <strong>un mes de Julio con 18 ni\u00f1os\/as<\/strong> en el CRAE y, como ya est\u00e1bamos organizados\/as en dos grupos de edades y con educadores\/as referentes por el confinamiento, decidimos mantenerlos y preparar actividades y hacer part\u00edcipes a los peque\u00f1os y peque\u00f1as a trav\u00e9s de las asambleas. Las asambleas en que intervienen los\u00a0 infantes y adolescentes son recurrentes en el CRAE y responden al encargo de la administraci\u00f3n de que puedan participar de su vida cotidiana.\u00a0 Por lo tanto,\u00a0 <strong>mantuvimos la organizaci\u00f3n <\/strong>que ten\u00edamos <strong>haciendo actividades a fuera.\u00a0<\/strong><\/p>\n<p>&nbsp;<\/p>\n<p><strong>\u00bfQu\u00e9 tipo de actividades fueron las m\u00e1s demandadas?\u00a0<\/strong><\/p>\n<p>Les encant\u00f3 hacer<strong> salidas fuera <\/strong>como al r\u00edo, a la costa o al parque tem\u00e1tico Water World. Son actividades que se hacen muy de vez en cuando durante el a\u00f1o y que est\u00e1n dirigidas por educadores\/as: disfrutan mucho y tener un\/a adulto\/a que muestre ganas es importante. Cuando tienes <strong>un\/a educador\/a que muestra deseo <\/strong>por lo que est\u00e1 haciendo, que anima el grupo, los ni\u00f1os y ni\u00f1as ya van solos.<\/p>\n<p><strong>\u00bfC\u00f3mo valoras el resultado?\u00a0\u00a0<\/strong><\/p>\n<p>El <strong>resultado es positivo<\/strong> porque nos ha permitido oxigenarnos despu\u00e9s del confinamiento, a los infantes y tambi\u00e9n al equipo educativo. Hemos tenido el soporte del CAP de Ronda Prim de Matar\u00f3 que, ya desde el confinamiento, nos ha hecho seguimiento con la visita de m\u00e9dicos e infermeros\/as que han estado en todo momento atentos\/as a como est\u00e1bamos todos\/as. Estamos muy agradecidos.<\/p>\n<p>El inconveniente principal ha sido el hecho de que los ni\u00f1os y las ni\u00f1as <strong>no hayan podido sociabilizar en otros entornos.<\/strong> Aun as\u00ed, el mes de agosto, sobretodo los que no han tenido permiso con las fam\u00edlias, han hecho colonias y esto ha ido muy bien en este sentido.<\/p>\n<p>El punt m\u00e9s positiu \u00e9s que <strong>els vincles s\u2019han enfortit<\/strong> i hem creat grup durant aquestes setmanes. Ha coincidit amb que hi havia dos nens nous i suplents i l\u2019acompanyament de l\u2019equip educatiu i veure la seva motivaci\u00f3 ha fet que els nens i nenes responguin molt b\u00e9.<\/p>\n<p>&nbsp;<\/p>\n<p><strong>I ara&#8230;la tornada a l\u2019escola. Com l\u2019estan vivint els infants i adolescents? <\/strong><\/p>\n<p>TOTS ten\u00edem <strong>moltes ganes d\u2019anar a l\u2019escola<\/strong>. Potser d\u2019aqu\u00ed dues setmanes ens confinen i ells\/es seran els primers de dir que preferien quedar-se com estan ara ja que, ens agradi o no,\u00a0 l\u2019exig\u00e8ncia de l\u2019escola \u00e9s posar-te a fer deures i tornar a treballar. \u00a0Jo penso que tamb\u00e9 els calia rutina i relacionar-se amb els seus companys i companyes que feia molt de temps que no es veien. Tenim nenes de quart que ens demanaven quedar amb les amigues i sortir soles. El primer dia els havies de veure: tots\/es amb mascaretes per\u00f2 amb una il\u00b7lusi\u00f3 de trobar-se amb els amics i amigues.<\/p>\n<p>&nbsp;<\/p>\n<p><strong>Quin canvi de rutina suposa per l\u2019equip educatiu i pel personal de serveis iniciar l\u2019etapa escolar?<\/strong><\/p>\n<p>Durant el confinament vam adaptar l\u2019horari de l\u2019equip educatiu fent torns perqu\u00e8 no coincidissin molts en un mateix dia, aix\u00ed mateix, tamb\u00e9 ens vam coordinar amb l\u2019Irene, subdirectora del CRAE, per si passava alguna cosa. Aquesta organitzaci\u00f3 l\u2019hem mantingut fins el primer dia de l\u2019escola, que <strong>hem repr\u00e8s l\u2019horari que ten\u00edem abans del confinament<\/strong>. Aix\u00f2 ens ha donat certa tranquil\u00b7litat, necessit\u00e0vem tornar a la rutina.<\/p>\n<p>L\u2019altra canvi m\u00e9s destacat \u00e9s el de mesures que cal seguir. Cada nen\/a ha de dur una cosa o altra segons l\u2019escola a la que va, hem de revisar que tots\/es porten la mascareta a la corresponent bosseta, etc. L\u2019equip d\u2019<strong>administraci\u00f3 del CFP<\/strong> ha fet una <strong>gran tasca<\/strong> en aquest sentit ja que les escoles han estat, en tot moment, a l\u2019expectativa del que els hi dictava el Ministeri d\u2019Educaci\u00f3 i el Departament d\u2019Ensenyament. Aix\u00ed doncs, les compres de material i pagaments s\u2019han fet a \u00faltima hora, quan ho sol\u00b7licitava cada escola. En el nostre cas aix\u00f2 suposa molta feina ja que tenim 20 nens\/es. \u00a0Tenim molta sort de que administraci\u00f3 respongui tan r\u00e0pid.<\/p>\n<p>&nbsp;<\/p>\n<p><strong>Davant la possible necessitat de confinament d\u2019algun dels infants. Quin protocol teniu previst seguir? <\/strong><\/p>\n<p>Tot est\u00e0 treballat amb Salut, amb el CAP de refer\u00e8ncia. En principi si a la classe d\u2019algun\/a nen\/a surt un positiu, aquella classe es confina i el nen o nena tamb\u00e9 i se li faria un PCR. Si fos positiu, ens confinarien a tots. Tot i aix\u00f2, arribat el moment, parlar\u00edem amb Salut que s\u00f3n els que ens donarien indicacions i ells parlarien amb el Servei d\u2019 Epidemiologia. Jo com a Director cada dia he d\u2019elaborar una enquesta per Salut on poso els nens que tinc, els professionals, si hi ha algun nano confinat, etc. i ells porten una estad\u00edstica.<\/p>\n<p><strong>\u00a0<\/strong><\/p>\n<p><strong>Com plantegeu les activitats extraescolar? Les manteniu com sempre o les heu restringit? <\/strong><\/p>\n<p>Ara per ara estem en el temps que ens marquen per mirar quines activitats farem. Els nanos en volen fer i nosaltres estem oberts a normalitzar al m\u00e0xim, prenent les mesures, <strong>volem que, si en feien, en continu\u00efn fent<\/strong>. Amb el que som m\u00e9s curosos \u00e9s quan ens demanen dormir a casa d\u2019un amic o amiga, per exemple. Si podem evitar certes situacions, ho fem. Durant el mes de setembre i octubre \u00e9s quan tancarem les activitats extraescolars.<\/p>\n<p><strong>\u00a0<\/strong><\/p>\n<p><strong>Com viuen el canvi de paradigma general. S\u2019hi estan adaptant b\u00e9? <\/strong><\/p>\n<p>Estan <strong>cansats i cansades<\/strong>. La sort que tenen \u00e9s que dins del CRAE els que prenen m\u00e9s mesures s\u00f3n l\u2019equip educatiu, els nens i nenes no cal que portin mascareta. Aix\u00f2 \u00e9s com a qualsevol casa. Els que venen m\u00e9s cansats de l\u2019escola s\u00f3n els m\u00e9s grans ja que han de dur mascareta, no es poden dutxar quan fan educaci\u00f3 f\u00edsica, etc. Estan molt cansats. \u00a0Estem molt <strong>agra\u00efts\/des amb l\u2019equip educatiu<\/strong> per la<strong> implicaci\u00f3<\/strong> i amb <strong>els nanos<\/strong> per la seva<strong> voluntat d\u2019adaptaci\u00f3<\/strong>.<\/p>\n","protected":false},"excerpt":{"rendered":"<p>Salva Ar\u00e9valo es el Director del CRAE desde hace m\u00e1s de una d\u00e9cada. Su vinculaci\u00f3n con el CFP Maresme se inici\u00f3 el a\u00f1o 1995, cuando estaba terminando Educaci\u00f3n Social y consigui\u00f3 hacer pr\u00e1cticas a la entidad. Despu\u00e9s fue educador y, posteriormente, subdirector. Toda una vida&#8230;<\/p>\n","protected":false},"author":2,"featured_media":21711,"comment_status":"open","ping_status":"open","sticky":false,"template":"","format":"standard","meta":{"footnotes":""},"categories":[1258],"tags":[],"class_list":["post-21725","post","type-post","status-publish","format-standard","has-post-thumbnail","hentry","category-entrevistas"],"yoast_head":"<!-- This site is optimized with the Yoast SEO plugin v27.4 - https:\/\/yoast.com\/product\/yoast-seo-wordpress\/ -->\n<title>El primer d\u00eda los ten\u00edas que ver: todos\/das con mascarillas pero con una gran ilusi\u00f3n de ver a los amigos | CFP Maresme<\/title>\n<meta name=\"robots\" content=\"index, follow, max-snippet:-1, max-image-preview:large, max-video-preview:-1\" \/>\n<link rel=\"canonical\" href=\"https:\/\/cfpmaresme.org\/es\/el-primer-dia-los-tenias-que-ver-todos-das-con-mascarillas-pero-con-una-gran-ilusion-de-ver-a-los-amigos\/\" \/>\n<meta property=\"og:locale\" content=\"es_ES\" \/>\n<meta property=\"og:type\" content=\"article\" \/>\n<meta property=\"og:title\" content=\"El primer d\u00eda los ten\u00edas que ver: todos\/das con mascarillas pero con una gran ilusi\u00f3n de ver a los amigos | CFP Maresme\" \/>\n<meta property=\"og:description\" content=\"Salva Ar\u00e9valo es el Director del CRAE desde hace m\u00e1s de una d\u00e9cada. Su vinculaci\u00f3n con el CFP Maresme se inici\u00f3 el a\u00f1o 1995, cuando estaba terminando Educaci\u00f3n Social y consigui\u00f3 hacer pr\u00e1cticas a la entidad. Despu\u00e9s fue educador y, posteriormente, subdirector. Toda una vida...\" \/>\n<meta property=\"og:url\" content=\"https:\/\/cfpmaresme.org\/es\/el-primer-dia-los-tenias-que-ver-todos-das-con-mascarillas-pero-con-una-gran-ilusion-de-ver-a-los-amigos\/\" \/>\n<meta property=\"og:site_name\" content=\"CFP Maresme\" \/>\n<meta property=\"article:published_time\" content=\"2020-10-05T10:49:41+00:00\" \/>\n<meta property=\"article:modified_time\" content=\"2022-05-24T07:54:00+00:00\" \/>\n<meta property=\"og:image\" content=\"https:\/\/cfpmaresme.org\/wp-content\/uploads\/2020\/09\/Banner-catal\u00e0.jpg\" \/>\n\t<meta property=\"og:image:width\" content=\"970\" \/>\n\t<meta property=\"og:image:height\" content=\"181\" \/>\n\t<meta property=\"og:image:type\" content=\"image\/jpeg\" \/>\n<meta name=\"author\" content=\"CFPMaresme\" \/>\n<meta name=\"twitter:card\" content=\"summary_large_image\" \/>\n<meta name=\"twitter:creator\" content=\"@cfpmaresme\" \/>\n<meta name=\"twitter:site\" content=\"@cfpmaresme\" \/>\n<meta name=\"twitter:label1\" content=\"Escrito por\" \/>\n\t<meta name=\"twitter:data1\" content=\"CFPMaresme\" \/>\n\t<meta name=\"twitter:label2\" content=\"Tiempo de lectura\" \/>\n\t<meta name=\"twitter:data2\" content=\"6 minutos\" \/>\n<script type=\"application\/ld+json\" class=\"yoast-schema-graph\">{\"@context\":\"https:\\\/\\\/schema.org\",\"@graph\":[{\"@type\":\"Article\",\"@id\":\"https:\\\/\\\/cfpmaresme.org\\\/es\\\/el-primer-dia-los-tenias-que-ver-todos-das-con-mascarillas-pero-con-una-gran-ilusion-de-ver-a-los-amigos\\\/#article\",\"isPartOf\":{\"@id\":\"https:\\\/\\\/cfpmaresme.org\\\/es\\\/el-primer-dia-los-tenias-que-ver-todos-das-con-mascarillas-pero-con-una-gran-ilusion-de-ver-a-los-amigos\\\/\"},\"author\":{\"name\":\"CFPMaresme\",\"@id\":\"https:\\\/\\\/cfpmaresme.org\\\/#\\\/schema\\\/person\\\/b2634bcd796fafc667ea4055f61b9b2c\"},\"headline\":\"El primer d\u00eda los ten\u00edas que ver: todos\\\/das con mascarillas pero con una gran ilusi\u00f3n de ver a los amigos\",\"datePublished\":\"2020-10-05T10:49:41+00:00\",\"dateModified\":\"2022-05-24T07:54:00+00:00\",\"mainEntityOfPage\":{\"@id\":\"https:\\\/\\\/cfpmaresme.org\\\/es\\\/el-primer-dia-los-tenias-que-ver-todos-das-con-mascarillas-pero-con-una-gran-ilusion-de-ver-a-los-amigos\\\/\"},\"wordCount\":1251,\"commentCount\":0,\"image\":{\"@id\":\"https:\\\/\\\/cfpmaresme.org\\\/es\\\/el-primer-dia-los-tenias-que-ver-todos-das-con-mascarillas-pero-con-una-gran-ilusion-de-ver-a-los-amigos\\\/#primaryimage\"},\"thumbnailUrl\":\"https:\\\/\\\/cfpmaresme.org\\\/wp-content\\\/uploads\\\/2020\\\/09\\\/Banner-catal\u00e0.jpg\",\"articleSection\":[\"Entrevistas\"],\"inLanguage\":\"es\"},{\"@type\":\"WebPage\",\"@id\":\"https:\\\/\\\/cfpmaresme.org\\\/es\\\/el-primer-dia-los-tenias-que-ver-todos-das-con-mascarillas-pero-con-una-gran-ilusion-de-ver-a-los-amigos\\\/\",\"url\":\"https:\\\/\\\/cfpmaresme.org\\\/es\\\/el-primer-dia-los-tenias-que-ver-todos-das-con-mascarillas-pero-con-una-gran-ilusion-de-ver-a-los-amigos\\\/\",\"name\":\"El primer d\u00eda los ten\u00edas que ver: todos\\\/das con mascarillas pero con una gran ilusi\u00f3n de ver a los amigos | CFP Maresme\",\"isPartOf\":{\"@id\":\"https:\\\/\\\/cfpmaresme.org\\\/#website\"},\"primaryImageOfPage\":{\"@id\":\"https:\\\/\\\/cfpmaresme.org\\\/es\\\/el-primer-dia-los-tenias-que-ver-todos-das-con-mascarillas-pero-con-una-gran-ilusion-de-ver-a-los-amigos\\\/#primaryimage\"},\"image\":{\"@id\":\"https:\\\/\\\/cfpmaresme.org\\\/es\\\/el-primer-dia-los-tenias-que-ver-todos-das-con-mascarillas-pero-con-una-gran-ilusion-de-ver-a-los-amigos\\\/#primaryimage\"},\"thumbnailUrl\":\"https:\\\/\\\/cfpmaresme.org\\\/wp-content\\\/uploads\\\/2020\\\/09\\\/Banner-catal\u00e0.jpg\",\"datePublished\":\"2020-10-05T10:49:41+00:00\",\"dateModified\":\"2022-05-24T07:54:00+00:00\",\"author\":{\"@id\":\"https:\\\/\\\/cfpmaresme.org\\\/#\\\/schema\\\/person\\\/b2634bcd796fafc667ea4055f61b9b2c\"},\"breadcrumb\":{\"@id\":\"https:\\\/\\\/cfpmaresme.org\\\/es\\\/el-primer-dia-los-tenias-que-ver-todos-das-con-mascarillas-pero-con-una-gran-ilusion-de-ver-a-los-amigos\\\/#breadcrumb\"},\"inLanguage\":\"es\",\"potentialAction\":[{\"@type\":\"ReadAction\",\"target\":[\"https:\\\/\\\/cfpmaresme.org\\\/es\\\/el-primer-dia-los-tenias-que-ver-todos-das-con-mascarillas-pero-con-una-gran-ilusion-de-ver-a-los-amigos\\\/\"]}]},{\"@type\":\"ImageObject\",\"inLanguage\":\"es\",\"@id\":\"https:\\\/\\\/cfpmaresme.org\\\/es\\\/el-primer-dia-los-tenias-que-ver-todos-das-con-mascarillas-pero-con-una-gran-ilusion-de-ver-a-los-amigos\\\/#primaryimage\",\"url\":\"https:\\\/\\\/cfpmaresme.org\\\/wp-content\\\/uploads\\\/2020\\\/09\\\/Banner-catal\u00e0.jpg\",\"contentUrl\":\"https:\\\/\\\/cfpmaresme.org\\\/wp-content\\\/uploads\\\/2020\\\/09\\\/Banner-catal\u00e0.jpg\",\"width\":970,\"height\":181},{\"@type\":\"BreadcrumbList\",\"@id\":\"https:\\\/\\\/cfpmaresme.org\\\/es\\\/el-primer-dia-los-tenias-que-ver-todos-das-con-mascarillas-pero-con-una-gran-ilusion-de-ver-a-los-amigos\\\/#breadcrumb\",\"itemListElement\":[{\"@type\":\"ListItem\",\"position\":1,\"name\":\"Home\",\"item\":\"https:\\\/\\\/cfpmaresme.org\\\/es\\\/\"},{\"@type\":\"ListItem\",\"position\":2,\"name\":\"El primer d\u00eda los ten\u00edas que ver: todos\\\/das con mascarillas pero con una gran ilusi\u00f3n de ver a los amigos\"}]},{\"@type\":\"WebSite\",\"@id\":\"https:\\\/\\\/cfpmaresme.org\\\/#website\",\"url\":\"https:\\\/\\\/cfpmaresme.org\\\/\",\"name\":\"CFP Maresme\",\"description\":\"Centre Formaci\u00f3 Prevenci\u00f3\",\"potentialAction\":[{\"@type\":\"SearchAction\",\"target\":{\"@type\":\"EntryPoint\",\"urlTemplate\":\"https:\\\/\\\/cfpmaresme.org\\\/?s={search_term_string}\"},\"query-input\":{\"@type\":\"PropertyValueSpecification\",\"valueRequired\":true,\"valueName\":\"search_term_string\"}}],\"inLanguage\":\"es\"},{\"@type\":\"Person\",\"@id\":\"https:\\\/\\\/cfpmaresme.org\\\/#\\\/schema\\\/person\\\/b2634bcd796fafc667ea4055f61b9b2c\",\"name\":\"CFPMaresme\"}]}<\/script>\n<!-- \/ Yoast SEO plugin. -->","yoast_head_json":{"title":"El primer d\u00eda los ten\u00edas que ver: todos\/das con mascarillas pero con una gran ilusi\u00f3n de ver a los amigos | CFP Maresme","robots":{"index":"index","follow":"follow","max-snippet":"max-snippet:-1","max-image-preview":"max-image-preview:large","max-video-preview":"max-video-preview:-1"},"canonical":"https:\/\/cfpmaresme.org\/es\/el-primer-dia-los-tenias-que-ver-todos-das-con-mascarillas-pero-con-una-gran-ilusion-de-ver-a-los-amigos\/","og_locale":"es_ES","og_type":"article","og_title":"El primer d\u00eda los ten\u00edas que ver: todos\/das con mascarillas pero con una gran ilusi\u00f3n de ver a los amigos | CFP Maresme","og_description":"Salva Ar\u00e9valo es el Director del CRAE desde hace m\u00e1s de una d\u00e9cada. Su vinculaci\u00f3n con el CFP Maresme se inici\u00f3 el a\u00f1o 1995, cuando estaba terminando Educaci\u00f3n Social y consigui\u00f3 hacer pr\u00e1cticas a la entidad. Despu\u00e9s fue educador y, posteriormente, subdirector. Toda una vida...","og_url":"https:\/\/cfpmaresme.org\/es\/el-primer-dia-los-tenias-que-ver-todos-das-con-mascarillas-pero-con-una-gran-ilusion-de-ver-a-los-amigos\/","og_site_name":"CFP Maresme","article_published_time":"2020-10-05T10:49:41+00:00","article_modified_time":"2022-05-24T07:54:00+00:00","og_image":[{"width":970,"height":181,"url":"https:\/\/cfpmaresme.org\/wp-content\/uploads\/2020\/09\/Banner-catal\u00e0.jpg","type":"image\/jpeg"}],"author":"CFPMaresme","twitter_card":"summary_large_image","twitter_creator":"@cfpmaresme","twitter_site":"@cfpmaresme","twitter_misc":{"Escrito por":"CFPMaresme","Tiempo de lectura":"6 minutos"},"schema":{"@context":"https:\/\/schema.org","@graph":[{"@type":"Article","@id":"https:\/\/cfpmaresme.org\/es\/el-primer-dia-los-tenias-que-ver-todos-das-con-mascarillas-pero-con-una-gran-ilusion-de-ver-a-los-amigos\/#article","isPartOf":{"@id":"https:\/\/cfpmaresme.org\/es\/el-primer-dia-los-tenias-que-ver-todos-das-con-mascarillas-pero-con-una-gran-ilusion-de-ver-a-los-amigos\/"},"author":{"name":"CFPMaresme","@id":"https:\/\/cfpmaresme.org\/#\/schema\/person\/b2634bcd796fafc667ea4055f61b9b2c"},"headline":"El primer d\u00eda los ten\u00edas que ver: todos\/das con mascarillas pero con una gran ilusi\u00f3n de ver a los amigos","datePublished":"2020-10-05T10:49:41+00:00","dateModified":"2022-05-24T07:54:00+00:00","mainEntityOfPage":{"@id":"https:\/\/cfpmaresme.org\/es\/el-primer-dia-los-tenias-que-ver-todos-das-con-mascarillas-pero-con-una-gran-ilusion-de-ver-a-los-amigos\/"},"wordCount":1251,"commentCount":0,"image":{"@id":"https:\/\/cfpmaresme.org\/es\/el-primer-dia-los-tenias-que-ver-todos-das-con-mascarillas-pero-con-una-gran-ilusion-de-ver-a-los-amigos\/#primaryimage"},"thumbnailUrl":"https:\/\/cfpmaresme.org\/wp-content\/uploads\/2020\/09\/Banner-catal\u00e0.jpg","articleSection":["Entrevistas"],"inLanguage":"es"},{"@type":"WebPage","@id":"https:\/\/cfpmaresme.org\/es\/el-primer-dia-los-tenias-que-ver-todos-das-con-mascarillas-pero-con-una-gran-ilusion-de-ver-a-los-amigos\/","url":"https:\/\/cfpmaresme.org\/es\/el-primer-dia-los-tenias-que-ver-todos-das-con-mascarillas-pero-con-una-gran-ilusion-de-ver-a-los-amigos\/","name":"El primer d\u00eda los ten\u00edas que ver: todos\/das con mascarillas pero con una gran ilusi\u00f3n de ver a los amigos | CFP Maresme","isPartOf":{"@id":"https:\/\/cfpmaresme.org\/#website"},"primaryImageOfPage":{"@id":"https:\/\/cfpmaresme.org\/es\/el-primer-dia-los-tenias-que-ver-todos-das-con-mascarillas-pero-con-una-gran-ilusion-de-ver-a-los-amigos\/#primaryimage"},"image":{"@id":"https:\/\/cfpmaresme.org\/es\/el-primer-dia-los-tenias-que-ver-todos-das-con-mascarillas-pero-con-una-gran-ilusion-de-ver-a-los-amigos\/#primaryimage"},"thumbnailUrl":"https:\/\/cfpmaresme.org\/wp-content\/uploads\/2020\/09\/Banner-catal\u00e0.jpg","datePublished":"2020-10-05T10:49:41+00:00","dateModified":"2022-05-24T07:54:00+00:00","author":{"@id":"https:\/\/cfpmaresme.org\/#\/schema\/person\/b2634bcd796fafc667ea4055f61b9b2c"},"breadcrumb":{"@id":"https:\/\/cfpmaresme.org\/es\/el-primer-dia-los-tenias-que-ver-todos-das-con-mascarillas-pero-con-una-gran-ilusion-de-ver-a-los-amigos\/#breadcrumb"},"inLanguage":"es","potentialAction":[{"@type":"ReadAction","target":["https:\/\/cfpmaresme.org\/es\/el-primer-dia-los-tenias-que-ver-todos-das-con-mascarillas-pero-con-una-gran-ilusion-de-ver-a-los-amigos\/"]}]},{"@type":"ImageObject","inLanguage":"es","@id":"https:\/\/cfpmaresme.org\/es\/el-primer-dia-los-tenias-que-ver-todos-das-con-mascarillas-pero-con-una-gran-ilusion-de-ver-a-los-amigos\/#primaryimage","url":"https:\/\/cfpmaresme.org\/wp-content\/uploads\/2020\/09\/Banner-catal\u00e0.jpg","contentUrl":"https:\/\/cfpmaresme.org\/wp-content\/uploads\/2020\/09\/Banner-catal\u00e0.jpg","width":970,"height":181},{"@type":"BreadcrumbList","@id":"https:\/\/cfpmaresme.org\/es\/el-primer-dia-los-tenias-que-ver-todos-das-con-mascarillas-pero-con-una-gran-ilusion-de-ver-a-los-amigos\/#breadcrumb","itemListElement":[{"@type":"ListItem","position":1,"name":"Home","item":"https:\/\/cfpmaresme.org\/es\/"},{"@type":"ListItem","position":2,"name":"El primer d\u00eda los ten\u00edas que ver: todos\/das con mascarillas pero con una gran ilusi\u00f3n de ver a los amigos"}]},{"@type":"WebSite","@id":"https:\/\/cfpmaresme.org\/#website","url":"https:\/\/cfpmaresme.org\/","name":"CFP Maresme","description":"Centre Formaci\u00f3 Prevenci\u00f3","potentialAction":[{"@type":"SearchAction","target":{"@type":"EntryPoint","urlTemplate":"https:\/\/cfpmaresme.org\/?s={search_term_string}"},"query-input":{"@type":"PropertyValueSpecification","valueRequired":true,"valueName":"search_term_string"}}],"inLanguage":"es"},{"@type":"Person","@id":"https:\/\/cfpmaresme.org\/#\/schema\/person\/b2634bcd796fafc667ea4055f61b9b2c","name":"CFPMaresme"}]}},"_links":{"self":[{"href":"https:\/\/cfpmaresme.org\/es\/wp-json\/wp\/v2\/posts\/21725","targetHints":{"allow":["GET"]}}],"collection":[{"href":"https:\/\/cfpmaresme.org\/es\/wp-json\/wp\/v2\/posts"}],"about":[{"href":"https:\/\/cfpmaresme.org\/es\/wp-json\/wp\/v2\/types\/post"}],"author":[{"embeddable":true,"href":"https:\/\/cfpmaresme.org\/es\/wp-json\/wp\/v2\/users\/2"}],"replies":[{"embeddable":true,"href":"https:\/\/cfpmaresme.org\/es\/wp-json\/wp\/v2\/comments?post=21725"}],"version-history":[{"count":1,"href":"https:\/\/cfpmaresme.org\/es\/wp-json\/wp\/v2\/posts\/21725\/revisions"}],"predecessor-version":[{"id":21837,"href":"https:\/\/cfpmaresme.org\/es\/wp-json\/wp\/v2\/posts\/21725\/revisions\/21837"}],"wp:featuredmedia":[{"embeddable":true,"href":"https:\/\/cfpmaresme.org\/es\/wp-json\/wp\/v2\/media\/21711"}],"wp:attachment":[{"href":"https:\/\/cfpmaresme.org\/es\/wp-json\/wp\/v2\/media?parent=21725"}],"wp:term":[{"taxonomy":"category","embeddable":true,"href":"https:\/\/cfpmaresme.org\/es\/wp-json\/wp\/v2\/categories?post=21725"},{"taxonomy":"post_tag","embeddable":true,"href":"https:\/\/cfpmaresme.org\/es\/wp-json\/wp\/v2\/tags?post=21725"}],"curies":[{"name":"wp","href":"https:\/\/api.w.org\/{rel}","templated":true}]}}