{"id":21748,"date":"2020-09-25T09:22:24","date_gmt":"2020-09-25T07:22:24","guid":{"rendered":"https:\/\/www.cfpmaresme.org\/?p=21748"},"modified":"2020-09-25T10:12:09","modified_gmt":"2020-09-25T08:12:09","slug":"caixa-proinfancia-cierra-el-curso-con-un-balance-positivo-de-la-adaptacion-a-la-realidad-actual","status":"publish","type":"post","link":"https:\/\/cfpmaresme.org\/es\/caixa-proinfancia-cierra-el-curso-con-un-balance-positivo-de-la-adaptacion-a-la-realidad-actual\/","title":{"rendered":"Caixa Proinf\u00e0ncia cierra el curso con un balance positivo de la adaptaci\u00f3n a la realidad actual"},"content":{"rendered":"<p>El CFP participa, desde el a\u00f1o 2011, al <a href=\"\/?page_id=14978\" target=\"_blank\" rel=\"noopener noreferrer\">programa Caixa Proinf\u00e0ncia<\/a> . Actualmente como entidad prestadora de los servicios de logopedia y refuerzo escolar para infantes y terapia psicol\u00f3gica para estos\/as y sus familias.<\/p>\n<p>El <strong>equipo profesional <\/strong>est\u00e1 formado por personas que dediquen parte de su tiempo a la atenci\u00f3n a estos ni\u00f1os y ni\u00f1as, que provienen de familias que tienen dificultades econ\u00f3micas para poder adquirir este tipo de ayudas.<\/p>\n<p><img loading=\"lazy\" decoding=\"async\" class=\"wp-image-21741 alignright\" src=\"https:\/\/www.cfpmaresme.org\/wp-content\/uploads\/2020\/09\/foto-equip-1024x624.jpg\" alt=\"\" width=\"400\" height=\"244\" srcset=\"https:\/\/cfpmaresme.org\/wp-content\/uploads\/2020\/09\/foto-equip-1024x624.jpg 1024w, https:\/\/cfpmaresme.org\/wp-content\/uploads\/2020\/09\/foto-equip-300x183.jpg 300w, https:\/\/cfpmaresme.org\/wp-content\/uploads\/2020\/09\/foto-equip-768x468.jpg 768w, https:\/\/cfpmaresme.org\/wp-content\/uploads\/2020\/09\/foto-equip-1536x936.jpg 1536w, https:\/\/cfpmaresme.org\/wp-content\/uploads\/2020\/09\/foto-equip-2048x1249.jpg 2048w, https:\/\/cfpmaresme.org\/wp-content\/uploads\/2020\/09\/foto-equip-700x427.jpg 700w\" sizes=\"auto, (max-width: 400px) 100vw, 400px\" \/><\/p>\n<p>Elisenda es maestra y logopeda y, durante el curso entrante, realizar\u00e1 el servicio de logopedia y de refuerzo escolar. El equipo de psic\u00f3logos formado por Marcelo, Luciana y Maria Eugenia se encargar\u00e1 de la atenci\u00f3n terap\u00e9utica a infantes y a sus fam\u00edlias. Maria Eugenia se incorpora en este nuevo curso al equipo y tiene una larga experiencia laboral en el programa Caixa Proinfancia. Irene, psic\u00f3loga y subdirectora del CRAE del CFP Maresme, por su lado, se encarga de la coordinaci\u00f3n del programa. Ha estado atendiendo durante a\u00f1os a ni\u00f1os\/as y fam\u00edlias del programa paralelamente a la coordinaci\u00f3n.<\/p>\n<p>&nbsp;<\/p>\n<h3>El programa Caixa Proinfancia y la evoluci\u00f3n de la tarea del CFP<\/h3>\n<p>Caixa Proinfancia pertenece a la<a href=\"https:\/\/fundacionlacaixa.org\/es\/caixaproinfancia-la-caixa-contra-pobreza-infantil\" target=\"_blank\" rel=\"noopener noreferrer\"> Fundaci\u00f3 La Caixa<\/a>. Es un programa muy amplio que incluye gran variedad de recursos y servicios para infantes y fam\u00edlias en riesgo de exclusi\u00f3n, desde campamentos o talleres educativos familiares hasta los servicios que presta CFP Maresme. Hay un total de 400 entidades vinculadas a todo el estado espa\u00f1ol.<\/p>\n<p>Durante los primeros a\u00f1os de participaci\u00f3n en el programa, nuestra entidad realizaba la acci\u00f3n social. El a\u00f1o 2017, la Fundaci\u00f3 La Caixa decidi\u00f3 hacer una reorganizaci\u00f3n del programa en distintas redes a nivel estatal definiendo tres roles diferenciados entre las entidades part\u00edcipes. A partir de aqu\u00ed se crearon los roles de coordinaci\u00f3n, referentes y prestadoras de servicios.<\/p>\n<p>Actualmente el CFP Maresme pertenece a la Red Proinfancia de Matar\u00f3 y es una de las entidades prestadoras de los servicios. La entidad coordinadora de la red, que es a la vez una de las referentes, es<a href=\"https:\/\/mataro.salesians.cat\/\" target=\"_blank\" rel=\"noopener noreferrer\"> Salesians de Matar\u00f3<\/a>. Las otras referentes son <a href=\"https:\/\/mataro.salesians.cat\/\" target=\"_blank\" rel=\"noopener noreferrer\">Caritas<\/a>, <a href=\"http:\/\/www.fundacioagi.org\/\" target=\"_blank\" rel=\"noopener noreferrer\">Fundaci\u00f3 AGI<\/a> i <a href=\"https:\/\/eduvic.coop\/es\/\" target=\"_blank\" rel=\"noopener noreferrer\">Eduvic<\/a>. \u00c9stas tambi\u00e9n prestan diferentes servicios de la amplia cartera que ofrece el programa.<\/p>\n<p>A la atenci\u00f3n que se hace a los infantes y a sus familias se procura coordinar las horas de participaci\u00f3n al programa con la vida personal de los ni\u00f1os y ni\u00f1as de manera que tengan tiempo para realizar actividades, como ara deportivas y que no sufran demasiada exigencia.<\/p>\n<p>El Programa Caixa Proinfancia cierra el curso el mes de septiembre para iniciar nuevamente en octubre el nuevo, con nuevas derivaciones o dando continuidad a ni\u00f1os y familias que as\u00ed lo necesiten.<\/p>\n<p>&nbsp;<\/p>\n<h3>Caixa Proinf\u00e0ncia en tiempo de Covid19<\/h3>\n<p>Este programa es de aquellos que vieron totalmente alterada su rutina durante el confinamiento y los meses posteriores, pues se lleva a cabo de manera presencial. Cuando se inici\u00f3 el confinamiento y durante 20 d\u00edas estuvo parado y pendiente de directrices. El equipo del CFP Maresme decidi\u00f3 re emprenderlo telem\u00e1ticamente pasado este per\u00edodo para seguir atendiendo a los infantes y a sus familias.<\/p>\n<p>Tal y como comenta Elisenda, logopeda del programa \u201c A veces m\u00e1s que logopedia, tambi\u00e9n hemos hecho soporte emocional\u00bb y a\u00f1ade que \u00ablas familias est\u00e1n muy agradecidas y han seguido preguntado durante el verano\u00bb. Irene, coordinadora del programa, per su lado, valora muy positivamente el resultado de la atenci\u00f3n online, pues \u00e9sta ha posibilitado un <strong>acompa\u00f1amiento muy necesario <\/strong>en estos tiempos tan complicados, sobretodo para los perfiles de familias que se atienden en el programa. Por otro lado, destacac la respuesta y la positiva coordinaci\u00f3n de todas las entidades de la red.<\/p>\n<p>&nbsp;<\/p>\n<h3>El nuevo curso: adaptaci\u00f3n a la nueva realidad manteniendo la atenci\u00f3n presencial<\/h3>\n<p>El inicio del nuevo curso se plantea con el m\u00e1ximo de normalidad que permite la situaci\u00f3n que vivimos.<\/p>\n<p>Este a\u00f1o se ha solicitado poder atender a 17 usuarios\/as en logopedia, 10 en refuerzo escolar y 12 en psicoterapia. Estas pr\u00f3ximas semanas se ir\u00e1n ultimando los \u00faltimos detalles para el inicio del nuevo curso, con algunas personas atendidas y otras de nuevas.<\/p>\n<p>Desde el CFP Maresme se ha estudiado como adaptar el programa para seguir todas las indicaciones para prevenir el m\u00e1ximo los contagios de la Covid-19. As\u00ed, entre otras medidas, las fam\u00edlias no podr\u00e1n entrar en el centro para acompa\u00f1ar a los ni\u00f1os y ni\u00f1as y se han modificado los espacios donde se har\u00e1n las actividades que el a\u00f1o pasado eran m\u00e1s reducidos y con menos ventilaci\u00f3n.<\/p>\n<p>As\u00ed pues, iniciamos una nueva etapa del Programa Caixa Proinfancia marcados por la situaci\u00f3n que vivimos pero con una muy buena experiencia de c\u00f3mo gestionamos los meses m\u00e1s complicados, con la ilusi\u00f3n de poder atender a los infantes y sus familias presencialmente y siguiendo todas las medidas de prevenci\u00f3n que sean necesarias.<\/p>\n","protected":false},"excerpt":{"rendered":"<p>El CFP participa, desde el a\u00f1o 2011, al programa Caixa Proinf\u00e0ncia . Actualmente como entidad prestadora de los servicios de logopedia y refuerzo escolar para infantes y terapia psicol\u00f3gica para estos\/as y sus familias. El equipo profesional est\u00e1 formado por personas que dediquen parte de&#8230;<\/p>\n","protected":false},"author":2,"featured_media":21744,"comment_status":"open","ping_status":"open","sticky":false,"template":"","format":"standard","meta":{"footnotes":""},"categories":[1242],"tags":[],"class_list":["post-21748","post","type-post","status-publish","format-standard","has-post-thumbnail","hentry","category-programa-caixa-proinfancia-es"],"yoast_head":"<!-- This site is optimized with the Yoast SEO plugin v27.4 - https:\/\/yoast.com\/product\/yoast-seo-wordpress\/ -->\n<title>Caixa Proinf\u00e0ncia cierra el curso con un balance positivo de la adaptaci\u00f3n a la realidad actual | CFP Maresme<\/title>\n<meta name=\"robots\" content=\"index, follow, max-snippet:-1, max-image-preview:large, max-video-preview:-1\" \/>\n<link rel=\"canonical\" href=\"https:\/\/cfpmaresme.org\/es\/caixa-proinfancia-cierra-el-curso-con-un-balance-positivo-de-la-adaptacion-a-la-realidad-actual\/\" \/>\n<meta property=\"og:locale\" content=\"es_ES\" \/>\n<meta property=\"og:type\" content=\"article\" \/>\n<meta property=\"og:title\" content=\"Caixa Proinf\u00e0ncia cierra el curso con un balance positivo de la adaptaci\u00f3n a la realidad actual | CFP Maresme\" \/>\n<meta property=\"og:description\" content=\"El CFP participa, desde el a\u00f1o 2011, al programa Caixa Proinf\u00e0ncia . Actualmente como entidad prestadora de los servicios de logopedia y refuerzo escolar para infantes y terapia psicol\u00f3gica para estos\/as y sus familias. El equipo profesional est\u00e1 formado por personas que dediquen parte de...\" \/>\n<meta property=\"og:url\" content=\"https:\/\/cfpmaresme.org\/es\/caixa-proinfancia-cierra-el-curso-con-un-balance-positivo-de-la-adaptacion-a-la-realidad-actual\/\" \/>\n<meta property=\"og:site_name\" content=\"CFP Maresme\" \/>\n<meta property=\"article:published_time\" content=\"2020-09-25T07:22:24+00:00\" \/>\n<meta property=\"article:modified_time\" content=\"2020-09-25T08:12:09+00:00\" \/>\n<meta property=\"og:image\" content=\"https:\/\/cfpmaresme.org\/wp-content\/uploads\/2020\/09\/proinf\u00e0ncia-logo.jpg\" \/>\n\t<meta property=\"og:image:width\" content=\"416\" \/>\n\t<meta property=\"og:image:height\" content=\"151\" \/>\n\t<meta property=\"og:image:type\" content=\"image\/jpeg\" \/>\n<meta name=\"author\" content=\"CFPMaresme\" \/>\n<meta name=\"twitter:card\" content=\"summary_large_image\" \/>\n<meta name=\"twitter:creator\" content=\"@cfpmaresme\" \/>\n<meta name=\"twitter:site\" content=\"@cfpmaresme\" \/>\n<meta name=\"twitter:label1\" content=\"Escrito por\" \/>\n\t<meta name=\"twitter:data1\" content=\"CFPMaresme\" \/>\n\t<meta name=\"twitter:label2\" content=\"Tiempo de lectura\" \/>\n\t<meta name=\"twitter:data2\" content=\"4 minutos\" \/>\n<script type=\"application\/ld+json\" class=\"yoast-schema-graph\">{\"@context\":\"https:\\\/\\\/schema.org\",\"@graph\":[{\"@type\":\"Article\",\"@id\":\"https:\\\/\\\/cfpmaresme.org\\\/es\\\/caixa-proinfancia-cierra-el-curso-con-un-balance-positivo-de-la-adaptacion-a-la-realidad-actual\\\/#article\",\"isPartOf\":{\"@id\":\"https:\\\/\\\/cfpmaresme.org\\\/es\\\/caixa-proinfancia-cierra-el-curso-con-un-balance-positivo-de-la-adaptacion-a-la-realidad-actual\\\/\"},\"author\":{\"name\":\"CFPMaresme\",\"@id\":\"https:\\\/\\\/cfpmaresme.org\\\/#\\\/schema\\\/person\\\/b2634bcd796fafc667ea4055f61b9b2c\"},\"headline\":\"Caixa Proinf\u00e0ncia cierra el curso con un balance positivo de la adaptaci\u00f3n a la realidad actual\",\"datePublished\":\"2020-09-25T07:22:24+00:00\",\"dateModified\":\"2020-09-25T08:12:09+00:00\",\"mainEntityOfPage\":{\"@id\":\"https:\\\/\\\/cfpmaresme.org\\\/es\\\/caixa-proinfancia-cierra-el-curso-con-un-balance-positivo-de-la-adaptacion-a-la-realidad-actual\\\/\"},\"wordCount\":866,\"commentCount\":0,\"image\":{\"@id\":\"https:\\\/\\\/cfpmaresme.org\\\/es\\\/caixa-proinfancia-cierra-el-curso-con-un-balance-positivo-de-la-adaptacion-a-la-realidad-actual\\\/#primaryimage\"},\"thumbnailUrl\":\"https:\\\/\\\/cfpmaresme.org\\\/wp-content\\\/uploads\\\/2020\\\/09\\\/proinf\u00e0ncia-logo.jpg\",\"articleSection\":[\"Programa Caixa Proinfancia\"],\"inLanguage\":\"es\"},{\"@type\":\"WebPage\",\"@id\":\"https:\\\/\\\/cfpmaresme.org\\\/es\\\/caixa-proinfancia-cierra-el-curso-con-un-balance-positivo-de-la-adaptacion-a-la-realidad-actual\\\/\",\"url\":\"https:\\\/\\\/cfpmaresme.org\\\/es\\\/caixa-proinfancia-cierra-el-curso-con-un-balance-positivo-de-la-adaptacion-a-la-realidad-actual\\\/\",\"name\":\"Caixa Proinf\u00e0ncia cierra el curso con un balance positivo de la adaptaci\u00f3n a la realidad actual | CFP Maresme\",\"isPartOf\":{\"@id\":\"https:\\\/\\\/cfpmaresme.org\\\/#website\"},\"primaryImageOfPage\":{\"@id\":\"https:\\\/\\\/cfpmaresme.org\\\/es\\\/caixa-proinfancia-cierra-el-curso-con-un-balance-positivo-de-la-adaptacion-a-la-realidad-actual\\\/#primaryimage\"},\"image\":{\"@id\":\"https:\\\/\\\/cfpmaresme.org\\\/es\\\/caixa-proinfancia-cierra-el-curso-con-un-balance-positivo-de-la-adaptacion-a-la-realidad-actual\\\/#primaryimage\"},\"thumbnailUrl\":\"https:\\\/\\\/cfpmaresme.org\\\/wp-content\\\/uploads\\\/2020\\\/09\\\/proinf\u00e0ncia-logo.jpg\",\"datePublished\":\"2020-09-25T07:22:24+00:00\",\"dateModified\":\"2020-09-25T08:12:09+00:00\",\"author\":{\"@id\":\"https:\\\/\\\/cfpmaresme.org\\\/#\\\/schema\\\/person\\\/b2634bcd796fafc667ea4055f61b9b2c\"},\"breadcrumb\":{\"@id\":\"https:\\\/\\\/cfpmaresme.org\\\/es\\\/caixa-proinfancia-cierra-el-curso-con-un-balance-positivo-de-la-adaptacion-a-la-realidad-actual\\\/#breadcrumb\"},\"inLanguage\":\"es\",\"potentialAction\":[{\"@type\":\"ReadAction\",\"target\":[\"https:\\\/\\\/cfpmaresme.org\\\/es\\\/caixa-proinfancia-cierra-el-curso-con-un-balance-positivo-de-la-adaptacion-a-la-realidad-actual\\\/\"]}]},{\"@type\":\"ImageObject\",\"inLanguage\":\"es\",\"@id\":\"https:\\\/\\\/cfpmaresme.org\\\/es\\\/caixa-proinfancia-cierra-el-curso-con-un-balance-positivo-de-la-adaptacion-a-la-realidad-actual\\\/#primaryimage\",\"url\":\"https:\\\/\\\/cfpmaresme.org\\\/wp-content\\\/uploads\\\/2020\\\/09\\\/proinf\u00e0ncia-logo.jpg\",\"contentUrl\":\"https:\\\/\\\/cfpmaresme.org\\\/wp-content\\\/uploads\\\/2020\\\/09\\\/proinf\u00e0ncia-logo.jpg\",\"width\":416,\"height\":151},{\"@type\":\"BreadcrumbList\",\"@id\":\"https:\\\/\\\/cfpmaresme.org\\\/es\\\/caixa-proinfancia-cierra-el-curso-con-un-balance-positivo-de-la-adaptacion-a-la-realidad-actual\\\/#breadcrumb\",\"itemListElement\":[{\"@type\":\"ListItem\",\"position\":1,\"name\":\"Home\",\"item\":\"https:\\\/\\\/cfpmaresme.org\\\/es\\\/\"},{\"@type\":\"ListItem\",\"position\":2,\"name\":\"Caixa Proinf\u00e0ncia cierra el curso con un balance positivo de la adaptaci\u00f3n a la realidad actual\"}]},{\"@type\":\"WebSite\",\"@id\":\"https:\\\/\\\/cfpmaresme.org\\\/#website\",\"url\":\"https:\\\/\\\/cfpmaresme.org\\\/\",\"name\":\"CFP Maresme\",\"description\":\"Centre Formaci\u00f3 Prevenci\u00f3\",\"potentialAction\":[{\"@type\":\"SearchAction\",\"target\":{\"@type\":\"EntryPoint\",\"urlTemplate\":\"https:\\\/\\\/cfpmaresme.org\\\/?s={search_term_string}\"},\"query-input\":{\"@type\":\"PropertyValueSpecification\",\"valueRequired\":true,\"valueName\":\"search_term_string\"}}],\"inLanguage\":\"es\"},{\"@type\":\"Person\",\"@id\":\"https:\\\/\\\/cfpmaresme.org\\\/#\\\/schema\\\/person\\\/b2634bcd796fafc667ea4055f61b9b2c\",\"name\":\"CFPMaresme\"}]}<\/script>\n<!-- \/ Yoast SEO plugin. -->","yoast_head_json":{"title":"Caixa Proinf\u00e0ncia cierra el curso con un balance positivo de la adaptaci\u00f3n a la realidad actual | CFP Maresme","robots":{"index":"index","follow":"follow","max-snippet":"max-snippet:-1","max-image-preview":"max-image-preview:large","max-video-preview":"max-video-preview:-1"},"canonical":"https:\/\/cfpmaresme.org\/es\/caixa-proinfancia-cierra-el-curso-con-un-balance-positivo-de-la-adaptacion-a-la-realidad-actual\/","og_locale":"es_ES","og_type":"article","og_title":"Caixa Proinf\u00e0ncia cierra el curso con un balance positivo de la adaptaci\u00f3n a la realidad actual | CFP Maresme","og_description":"El CFP participa, desde el a\u00f1o 2011, al programa Caixa Proinf\u00e0ncia . Actualmente como entidad prestadora de los servicios de logopedia y refuerzo escolar para infantes y terapia psicol\u00f3gica para estos\/as y sus familias. El equipo profesional est\u00e1 formado por personas que dediquen parte de...","og_url":"https:\/\/cfpmaresme.org\/es\/caixa-proinfancia-cierra-el-curso-con-un-balance-positivo-de-la-adaptacion-a-la-realidad-actual\/","og_site_name":"CFP Maresme","article_published_time":"2020-09-25T07:22:24+00:00","article_modified_time":"2020-09-25T08:12:09+00:00","og_image":[{"width":416,"height":151,"url":"https:\/\/cfpmaresme.org\/wp-content\/uploads\/2020\/09\/proinf\u00e0ncia-logo.jpg","type":"image\/jpeg"}],"author":"CFPMaresme","twitter_card":"summary_large_image","twitter_creator":"@cfpmaresme","twitter_site":"@cfpmaresme","twitter_misc":{"Escrito por":"CFPMaresme","Tiempo de lectura":"4 minutos"},"schema":{"@context":"https:\/\/schema.org","@graph":[{"@type":"Article","@id":"https:\/\/cfpmaresme.org\/es\/caixa-proinfancia-cierra-el-curso-con-un-balance-positivo-de-la-adaptacion-a-la-realidad-actual\/#article","isPartOf":{"@id":"https:\/\/cfpmaresme.org\/es\/caixa-proinfancia-cierra-el-curso-con-un-balance-positivo-de-la-adaptacion-a-la-realidad-actual\/"},"author":{"name":"CFPMaresme","@id":"https:\/\/cfpmaresme.org\/#\/schema\/person\/b2634bcd796fafc667ea4055f61b9b2c"},"headline":"Caixa Proinf\u00e0ncia cierra el curso con un balance positivo de la adaptaci\u00f3n a la realidad actual","datePublished":"2020-09-25T07:22:24+00:00","dateModified":"2020-09-25T08:12:09+00:00","mainEntityOfPage":{"@id":"https:\/\/cfpmaresme.org\/es\/caixa-proinfancia-cierra-el-curso-con-un-balance-positivo-de-la-adaptacion-a-la-realidad-actual\/"},"wordCount":866,"commentCount":0,"image":{"@id":"https:\/\/cfpmaresme.org\/es\/caixa-proinfancia-cierra-el-curso-con-un-balance-positivo-de-la-adaptacion-a-la-realidad-actual\/#primaryimage"},"thumbnailUrl":"https:\/\/cfpmaresme.org\/wp-content\/uploads\/2020\/09\/proinf\u00e0ncia-logo.jpg","articleSection":["Programa Caixa Proinfancia"],"inLanguage":"es"},{"@type":"WebPage","@id":"https:\/\/cfpmaresme.org\/es\/caixa-proinfancia-cierra-el-curso-con-un-balance-positivo-de-la-adaptacion-a-la-realidad-actual\/","url":"https:\/\/cfpmaresme.org\/es\/caixa-proinfancia-cierra-el-curso-con-un-balance-positivo-de-la-adaptacion-a-la-realidad-actual\/","name":"Caixa Proinf\u00e0ncia cierra el curso con un balance positivo de la adaptaci\u00f3n a la realidad actual | CFP Maresme","isPartOf":{"@id":"https:\/\/cfpmaresme.org\/#website"},"primaryImageOfPage":{"@id":"https:\/\/cfpmaresme.org\/es\/caixa-proinfancia-cierra-el-curso-con-un-balance-positivo-de-la-adaptacion-a-la-realidad-actual\/#primaryimage"},"image":{"@id":"https:\/\/cfpmaresme.org\/es\/caixa-proinfancia-cierra-el-curso-con-un-balance-positivo-de-la-adaptacion-a-la-realidad-actual\/#primaryimage"},"thumbnailUrl":"https:\/\/cfpmaresme.org\/wp-content\/uploads\/2020\/09\/proinf\u00e0ncia-logo.jpg","datePublished":"2020-09-25T07:22:24+00:00","dateModified":"2020-09-25T08:12:09+00:00","author":{"@id":"https:\/\/cfpmaresme.org\/#\/schema\/person\/b2634bcd796fafc667ea4055f61b9b2c"},"breadcrumb":{"@id":"https:\/\/cfpmaresme.org\/es\/caixa-proinfancia-cierra-el-curso-con-un-balance-positivo-de-la-adaptacion-a-la-realidad-actual\/#breadcrumb"},"inLanguage":"es","potentialAction":[{"@type":"ReadAction","target":["https:\/\/cfpmaresme.org\/es\/caixa-proinfancia-cierra-el-curso-con-un-balance-positivo-de-la-adaptacion-a-la-realidad-actual\/"]}]},{"@type":"ImageObject","inLanguage":"es","@id":"https:\/\/cfpmaresme.org\/es\/caixa-proinfancia-cierra-el-curso-con-un-balance-positivo-de-la-adaptacion-a-la-realidad-actual\/#primaryimage","url":"https:\/\/cfpmaresme.org\/wp-content\/uploads\/2020\/09\/proinf\u00e0ncia-logo.jpg","contentUrl":"https:\/\/cfpmaresme.org\/wp-content\/uploads\/2020\/09\/proinf\u00e0ncia-logo.jpg","width":416,"height":151},{"@type":"BreadcrumbList","@id":"https:\/\/cfpmaresme.org\/es\/caixa-proinfancia-cierra-el-curso-con-un-balance-positivo-de-la-adaptacion-a-la-realidad-actual\/#breadcrumb","itemListElement":[{"@type":"ListItem","position":1,"name":"Home","item":"https:\/\/cfpmaresme.org\/es\/"},{"@type":"ListItem","position":2,"name":"Caixa Proinf\u00e0ncia cierra el curso con un balance positivo de la adaptaci\u00f3n a la realidad actual"}]},{"@type":"WebSite","@id":"https:\/\/cfpmaresme.org\/#website","url":"https:\/\/cfpmaresme.org\/","name":"CFP Maresme","description":"Centre Formaci\u00f3 Prevenci\u00f3","potentialAction":[{"@type":"SearchAction","target":{"@type":"EntryPoint","urlTemplate":"https:\/\/cfpmaresme.org\/?s={search_term_string}"},"query-input":{"@type":"PropertyValueSpecification","valueRequired":true,"valueName":"search_term_string"}}],"inLanguage":"es"},{"@type":"Person","@id":"https:\/\/cfpmaresme.org\/#\/schema\/person\/b2634bcd796fafc667ea4055f61b9b2c","name":"CFPMaresme"}]}},"_links":{"self":[{"href":"https:\/\/cfpmaresme.org\/es\/wp-json\/wp\/v2\/posts\/21748","targetHints":{"allow":["GET"]}}],"collection":[{"href":"https:\/\/cfpmaresme.org\/es\/wp-json\/wp\/v2\/posts"}],"about":[{"href":"https:\/\/cfpmaresme.org\/es\/wp-json\/wp\/v2\/types\/post"}],"author":[{"embeddable":true,"href":"https:\/\/cfpmaresme.org\/es\/wp-json\/wp\/v2\/users\/2"}],"replies":[{"embeddable":true,"href":"https:\/\/cfpmaresme.org\/es\/wp-json\/wp\/v2\/comments?post=21748"}],"version-history":[{"count":5,"href":"https:\/\/cfpmaresme.org\/es\/wp-json\/wp\/v2\/posts\/21748\/revisions"}],"predecessor-version":[{"id":21754,"href":"https:\/\/cfpmaresme.org\/es\/wp-json\/wp\/v2\/posts\/21748\/revisions\/21754"}],"wp:featuredmedia":[{"embeddable":true,"href":"https:\/\/cfpmaresme.org\/es\/wp-json\/wp\/v2\/media\/21744"}],"wp:attachment":[{"href":"https:\/\/cfpmaresme.org\/es\/wp-json\/wp\/v2\/media?parent=21748"}],"wp:term":[{"taxonomy":"category","embeddable":true,"href":"https:\/\/cfpmaresme.org\/es\/wp-json\/wp\/v2\/categories?post=21748"},{"taxonomy":"post_tag","embeddable":true,"href":"https:\/\/cfpmaresme.org\/es\/wp-json\/wp\/v2\/tags?post=21748"}],"curies":[{"name":"wp","href":"https:\/\/api.w.org\/{rel}","templated":true}]}}