{"id":21921,"date":"2018-10-04T16:46:34","date_gmt":"2018-10-04T14:46:34","guid":{"rendered":"https:\/\/www.cfpmaresme.org\/?p=21921"},"modified":"2020-10-13T14:29:55","modified_gmt":"2020-10-13T12:29:55","slug":"milcaps-el-nuevo-proyecto-de-alterarte-con-el-artista-marcelli-antunez","status":"publish","type":"post","link":"https:\/\/cfpmaresme.org\/es\/milcaps-el-nuevo-proyecto-de-alterarte-con-el-artista-marcelli-antunez\/","title":{"rendered":"Milcaps, el nuevo proyecto de Alterarte con el artista Marcel\u00b7l\u00ed Ant\u00fanez"},"content":{"rendered":"<p><strong>El programa art\u00edstico del CFP y el cofundador de La Fura dels Baus presentan una nueva acci\u00f3n art\u00edstica con la participaci\u00f3n de estudiantes de bachillerato\u00a0<\/strong><\/p>\n<p>&nbsp;<\/p>\n<p>Este juevevs 4 de octubre se ha presentado en el nuevo\u00a0 Centro Alterarte el proyecto Milcaps, una colaboraci\u00f3n entre el programa Alterarte del Centre de Formaci\u00f3 i Prevenci\u00f3 juntamente con el artista de tecnolog\u00edas digitales y cofundador de la famosa compa\u00f1\u00eda de Teatre La Fura dels Baus. Este proyecto cuenta tambi\u00e9n con la participaci\u00f3n del Centre d\u2019Higiene Mental Les Corts y de estudiantes de bachillerato art\u00edstico del instituto\u00a0 Alexandre Satorras de Matar\u00f3.<\/p>\n<p>&nbsp;<\/p>\n<p>Tal como indica el nombre Milcaps, esta nueva acci\u00f3n art\u00edstica tendr\u00e1 como objetivo la creaci\u00f3n de una figura entre todos los participantes hecha a partir de cabezas construidas con distintas t\u00e9cnicas, entre ellas botellas de pl\u00e1stico. Esto culminar\u00e1 con una performance en la que la obra se consumir\u00e1 en llamas, simbolizando la libertad de pensamiento.<\/p>\n<p>&nbsp;<\/p>\n<p>Durante la presentaci\u00f3n Marcel\u00b7l\u00ed Ant\u00fanez ha repasado con escenas de v\u00eddeo las distintas funciones que interpret\u00f3 con la Fura dels Baus y m\u00e1s adelante en solitario. Tambi\u00e9n ha mostrado sus dibujos y borradores como m\u00e9todo de inspiraci\u00f3n para los artistas que despu\u00e9s crear\u00e1n\u00a0 los Milcaps.<\/p>\n<p>&nbsp;<\/p>\n<p>Este proyecto tiene la peculiaridad que reunir\u00e1 en un trabajo conjunto a personas con problemas de salud mental y estudiantes de disciplinas art\u00edsticas de nuestra ciudad. Esto dar\u00e1 como resultado una interesante interpretaci\u00f3n de nuestra identidad como personas y como colectivos, ya que como dice Ant\u00fanez, \u201clas cabezas y las caras son la manera con la que nos reconocemos los unos a los otros\u201d.<\/p>\n","protected":false},"excerpt":{"rendered":"<p>El programa art\u00edstico del CFP y el cofundador de La Fura dels Baus presentan una nueva acci\u00f3n art\u00edstica con la participaci\u00f3n de estudiantes de bachillerato\u00a0 &nbsp; Este juevevs 4 de octubre se ha presentado en el nuevo\u00a0 Centro Alterarte el proyecto Milcaps, una colaboraci\u00f3n entre&#8230;<\/p>\n","protected":false},"author":2,"featured_media":17264,"comment_status":"open","ping_status":"open","sticky":false,"template":"","format":"standard","meta":{"footnotes":""},"categories":[1234],"tags":[709,643,726,630,635,638,954],"class_list":["post-21921","post","type-post","status-publish","format-standard","has-post-thumbnail","hentry","category-alterarte-es","tag-alterarte-es","tag-art-es","tag-artistic-es","tag-centre-es","tag-formacio-es","tag-prevencio-es","tag-programa-es"],"yoast_head":"<!-- This site is optimized with the Yoast SEO plugin v27.4 - https:\/\/yoast.com\/product\/yoast-seo-wordpress\/ -->\n<title>Milcaps, el nuevo proyecto de Alterarte con el artista Marcel\u00b7l\u00ed Ant\u00fanez | CFP Maresme<\/title>\n<meta name=\"robots\" content=\"index, follow, max-snippet:-1, max-image-preview:large, max-video-preview:-1\" \/>\n<link rel=\"canonical\" href=\"https:\/\/cfpmaresme.org\/es\/milcaps-el-nuevo-proyecto-de-alterarte-con-el-artista-marcelli-antunez\/\" \/>\n<meta property=\"og:locale\" content=\"es_ES\" \/>\n<meta property=\"og:type\" content=\"article\" \/>\n<meta property=\"og:title\" content=\"Milcaps, el nuevo proyecto de Alterarte con el artista Marcel\u00b7l\u00ed Ant\u00fanez | CFP Maresme\" \/>\n<meta property=\"og:description\" content=\"El programa art\u00edstico del CFP y el cofundador de La Fura dels Baus presentan una nueva acci\u00f3n art\u00edstica con la participaci\u00f3n de estudiantes de bachillerato\u00a0 &nbsp; Este juevevs 4 de octubre se ha presentado en el nuevo\u00a0 Centro Alterarte el proyecto Milcaps, una colaboraci\u00f3n entre...\" \/>\n<meta property=\"og:url\" content=\"https:\/\/cfpmaresme.org\/es\/milcaps-el-nuevo-proyecto-de-alterarte-con-el-artista-marcelli-antunez\/\" \/>\n<meta property=\"og:site_name\" content=\"CFP Maresme\" \/>\n<meta property=\"article:published_time\" content=\"2018-10-04T14:46:34+00:00\" \/>\n<meta property=\"article:modified_time\" content=\"2020-10-13T12:29:55+00:00\" \/>\n<meta property=\"og:image\" content=\"https:\/\/cfpmaresme.org\/wp-content\/uploads\/2019\/01\/2018-10-04.jpg\" \/>\n\t<meta property=\"og:image:width\" content=\"584\" \/>\n\t<meta property=\"og:image:height\" content=\"330\" \/>\n\t<meta property=\"og:image:type\" content=\"image\/jpeg\" \/>\n<meta name=\"author\" content=\"CFPMaresme\" \/>\n<meta name=\"twitter:card\" content=\"summary_large_image\" \/>\n<meta name=\"twitter:creator\" content=\"@cfpmaresme\" \/>\n<meta name=\"twitter:site\" content=\"@cfpmaresme\" \/>\n<meta name=\"twitter:label1\" content=\"Escrito por\" \/>\n\t<meta name=\"twitter:data1\" content=\"CFPMaresme\" \/>\n\t<meta name=\"twitter:label2\" content=\"Tiempo de lectura\" \/>\n\t<meta name=\"twitter:data2\" content=\"1 minuto\" \/>\n<script type=\"application\/ld+json\" class=\"yoast-schema-graph\">{\"@context\":\"https:\\\/\\\/schema.org\",\"@graph\":[{\"@type\":\"Article\",\"@id\":\"https:\\\/\\\/cfpmaresme.org\\\/es\\\/milcaps-el-nuevo-proyecto-de-alterarte-con-el-artista-marcelli-antunez\\\/#article\",\"isPartOf\":{\"@id\":\"https:\\\/\\\/cfpmaresme.org\\\/es\\\/milcaps-el-nuevo-proyecto-de-alterarte-con-el-artista-marcelli-antunez\\\/\"},\"author\":{\"name\":\"CFPMaresme\",\"@id\":\"https:\\\/\\\/cfpmaresme.org\\\/#\\\/schema\\\/person\\\/b2634bcd796fafc667ea4055f61b9b2c\"},\"headline\":\"Milcaps, el nuevo proyecto de Alterarte con el artista Marcel\u00b7l\u00ed Ant\u00fanez\",\"datePublished\":\"2018-10-04T14:46:34+00:00\",\"dateModified\":\"2020-10-13T12:29:55+00:00\",\"mainEntityOfPage\":{\"@id\":\"https:\\\/\\\/cfpmaresme.org\\\/es\\\/milcaps-el-nuevo-proyecto-de-alterarte-con-el-artista-marcelli-antunez\\\/\"},\"wordCount\":306,\"commentCount\":0,\"image\":{\"@id\":\"https:\\\/\\\/cfpmaresme.org\\\/es\\\/milcaps-el-nuevo-proyecto-de-alterarte-con-el-artista-marcelli-antunez\\\/#primaryimage\"},\"thumbnailUrl\":\"https:\\\/\\\/cfpmaresme.org\\\/wp-content\\\/uploads\\\/2019\\\/01\\\/2018-10-04.jpg\",\"keywords\":[\"alterarte\",\"Art\",\"art\u00edstic\",\"centre\",\"formaci\u00f3\",\"prevenci\u00f3\",\"programa\"],\"articleSection\":[\"Alterarte\"],\"inLanguage\":\"es\"},{\"@type\":\"WebPage\",\"@id\":\"https:\\\/\\\/cfpmaresme.org\\\/es\\\/milcaps-el-nuevo-proyecto-de-alterarte-con-el-artista-marcelli-antunez\\\/\",\"url\":\"https:\\\/\\\/cfpmaresme.org\\\/es\\\/milcaps-el-nuevo-proyecto-de-alterarte-con-el-artista-marcelli-antunez\\\/\",\"name\":\"Milcaps, el nuevo proyecto de Alterarte con el artista Marcel\u00b7l\u00ed Ant\u00fanez | CFP Maresme\",\"isPartOf\":{\"@id\":\"https:\\\/\\\/cfpmaresme.org\\\/#website\"},\"primaryImageOfPage\":{\"@id\":\"https:\\\/\\\/cfpmaresme.org\\\/es\\\/milcaps-el-nuevo-proyecto-de-alterarte-con-el-artista-marcelli-antunez\\\/#primaryimage\"},\"image\":{\"@id\":\"https:\\\/\\\/cfpmaresme.org\\\/es\\\/milcaps-el-nuevo-proyecto-de-alterarte-con-el-artista-marcelli-antunez\\\/#primaryimage\"},\"thumbnailUrl\":\"https:\\\/\\\/cfpmaresme.org\\\/wp-content\\\/uploads\\\/2019\\\/01\\\/2018-10-04.jpg\",\"datePublished\":\"2018-10-04T14:46:34+00:00\",\"dateModified\":\"2020-10-13T12:29:55+00:00\",\"author\":{\"@id\":\"https:\\\/\\\/cfpmaresme.org\\\/#\\\/schema\\\/person\\\/b2634bcd796fafc667ea4055f61b9b2c\"},\"breadcrumb\":{\"@id\":\"https:\\\/\\\/cfpmaresme.org\\\/es\\\/milcaps-el-nuevo-proyecto-de-alterarte-con-el-artista-marcelli-antunez\\\/#breadcrumb\"},\"inLanguage\":\"es\",\"potentialAction\":[{\"@type\":\"ReadAction\",\"target\":[\"https:\\\/\\\/cfpmaresme.org\\\/es\\\/milcaps-el-nuevo-proyecto-de-alterarte-con-el-artista-marcelli-antunez\\\/\"]}]},{\"@type\":\"ImageObject\",\"inLanguage\":\"es\",\"@id\":\"https:\\\/\\\/cfpmaresme.org\\\/es\\\/milcaps-el-nuevo-proyecto-de-alterarte-con-el-artista-marcelli-antunez\\\/#primaryimage\",\"url\":\"https:\\\/\\\/cfpmaresme.org\\\/wp-content\\\/uploads\\\/2019\\\/01\\\/2018-10-04.jpg\",\"contentUrl\":\"https:\\\/\\\/cfpmaresme.org\\\/wp-content\\\/uploads\\\/2019\\\/01\\\/2018-10-04.jpg\",\"width\":584,\"height\":330,\"caption\":\"sdr\"},{\"@type\":\"BreadcrumbList\",\"@id\":\"https:\\\/\\\/cfpmaresme.org\\\/es\\\/milcaps-el-nuevo-proyecto-de-alterarte-con-el-artista-marcelli-antunez\\\/#breadcrumb\",\"itemListElement\":[{\"@type\":\"ListItem\",\"position\":1,\"name\":\"Home\",\"item\":\"https:\\\/\\\/cfpmaresme.org\\\/es\\\/\"},{\"@type\":\"ListItem\",\"position\":2,\"name\":\"Milcaps, el nuevo proyecto de Alterarte con el artista Marcel\u00b7l\u00ed Ant\u00fanez\"}]},{\"@type\":\"WebSite\",\"@id\":\"https:\\\/\\\/cfpmaresme.org\\\/#website\",\"url\":\"https:\\\/\\\/cfpmaresme.org\\\/\",\"name\":\"CFP Maresme\",\"description\":\"Centre Formaci\u00f3 Prevenci\u00f3\",\"potentialAction\":[{\"@type\":\"SearchAction\",\"target\":{\"@type\":\"EntryPoint\",\"urlTemplate\":\"https:\\\/\\\/cfpmaresme.org\\\/?s={search_term_string}\"},\"query-input\":{\"@type\":\"PropertyValueSpecification\",\"valueRequired\":true,\"valueName\":\"search_term_string\"}}],\"inLanguage\":\"es\"},{\"@type\":\"Person\",\"@id\":\"https:\\\/\\\/cfpmaresme.org\\\/#\\\/schema\\\/person\\\/b2634bcd796fafc667ea4055f61b9b2c\",\"name\":\"CFPMaresme\"}]}<\/script>\n<!-- \/ Yoast SEO plugin. -->","yoast_head_json":{"title":"Milcaps, el nuevo proyecto de Alterarte con el artista Marcel\u00b7l\u00ed Ant\u00fanez | CFP Maresme","robots":{"index":"index","follow":"follow","max-snippet":"max-snippet:-1","max-image-preview":"max-image-preview:large","max-video-preview":"max-video-preview:-1"},"canonical":"https:\/\/cfpmaresme.org\/es\/milcaps-el-nuevo-proyecto-de-alterarte-con-el-artista-marcelli-antunez\/","og_locale":"es_ES","og_type":"article","og_title":"Milcaps, el nuevo proyecto de Alterarte con el artista Marcel\u00b7l\u00ed Ant\u00fanez | CFP Maresme","og_description":"El programa art\u00edstico del CFP y el cofundador de La Fura dels Baus presentan una nueva acci\u00f3n art\u00edstica con la participaci\u00f3n de estudiantes de bachillerato\u00a0 &nbsp; Este juevevs 4 de octubre se ha presentado en el nuevo\u00a0 Centro Alterarte el proyecto Milcaps, una colaboraci\u00f3n entre...","og_url":"https:\/\/cfpmaresme.org\/es\/milcaps-el-nuevo-proyecto-de-alterarte-con-el-artista-marcelli-antunez\/","og_site_name":"CFP Maresme","article_published_time":"2018-10-04T14:46:34+00:00","article_modified_time":"2020-10-13T12:29:55+00:00","og_image":[{"width":584,"height":330,"url":"https:\/\/cfpmaresme.org\/wp-content\/uploads\/2019\/01\/2018-10-04.jpg","type":"image\/jpeg"}],"author":"CFPMaresme","twitter_card":"summary_large_image","twitter_creator":"@cfpmaresme","twitter_site":"@cfpmaresme","twitter_misc":{"Escrito por":"CFPMaresme","Tiempo de lectura":"1 minuto"},"schema":{"@context":"https:\/\/schema.org","@graph":[{"@type":"Article","@id":"https:\/\/cfpmaresme.org\/es\/milcaps-el-nuevo-proyecto-de-alterarte-con-el-artista-marcelli-antunez\/#article","isPartOf":{"@id":"https:\/\/cfpmaresme.org\/es\/milcaps-el-nuevo-proyecto-de-alterarte-con-el-artista-marcelli-antunez\/"},"author":{"name":"CFPMaresme","@id":"https:\/\/cfpmaresme.org\/#\/schema\/person\/b2634bcd796fafc667ea4055f61b9b2c"},"headline":"Milcaps, el nuevo proyecto de Alterarte con el artista Marcel\u00b7l\u00ed Ant\u00fanez","datePublished":"2018-10-04T14:46:34+00:00","dateModified":"2020-10-13T12:29:55+00:00","mainEntityOfPage":{"@id":"https:\/\/cfpmaresme.org\/es\/milcaps-el-nuevo-proyecto-de-alterarte-con-el-artista-marcelli-antunez\/"},"wordCount":306,"commentCount":0,"image":{"@id":"https:\/\/cfpmaresme.org\/es\/milcaps-el-nuevo-proyecto-de-alterarte-con-el-artista-marcelli-antunez\/#primaryimage"},"thumbnailUrl":"https:\/\/cfpmaresme.org\/wp-content\/uploads\/2019\/01\/2018-10-04.jpg","keywords":["alterarte","Art","art\u00edstic","centre","formaci\u00f3","prevenci\u00f3","programa"],"articleSection":["Alterarte"],"inLanguage":"es"},{"@type":"WebPage","@id":"https:\/\/cfpmaresme.org\/es\/milcaps-el-nuevo-proyecto-de-alterarte-con-el-artista-marcelli-antunez\/","url":"https:\/\/cfpmaresme.org\/es\/milcaps-el-nuevo-proyecto-de-alterarte-con-el-artista-marcelli-antunez\/","name":"Milcaps, el nuevo proyecto de Alterarte con el artista Marcel\u00b7l\u00ed Ant\u00fanez | CFP Maresme","isPartOf":{"@id":"https:\/\/cfpmaresme.org\/#website"},"primaryImageOfPage":{"@id":"https:\/\/cfpmaresme.org\/es\/milcaps-el-nuevo-proyecto-de-alterarte-con-el-artista-marcelli-antunez\/#primaryimage"},"image":{"@id":"https:\/\/cfpmaresme.org\/es\/milcaps-el-nuevo-proyecto-de-alterarte-con-el-artista-marcelli-antunez\/#primaryimage"},"thumbnailUrl":"https:\/\/cfpmaresme.org\/wp-content\/uploads\/2019\/01\/2018-10-04.jpg","datePublished":"2018-10-04T14:46:34+00:00","dateModified":"2020-10-13T12:29:55+00:00","author":{"@id":"https:\/\/cfpmaresme.org\/#\/schema\/person\/b2634bcd796fafc667ea4055f61b9b2c"},"breadcrumb":{"@id":"https:\/\/cfpmaresme.org\/es\/milcaps-el-nuevo-proyecto-de-alterarte-con-el-artista-marcelli-antunez\/#breadcrumb"},"inLanguage":"es","potentialAction":[{"@type":"ReadAction","target":["https:\/\/cfpmaresme.org\/es\/milcaps-el-nuevo-proyecto-de-alterarte-con-el-artista-marcelli-antunez\/"]}]},{"@type":"ImageObject","inLanguage":"es","@id":"https:\/\/cfpmaresme.org\/es\/milcaps-el-nuevo-proyecto-de-alterarte-con-el-artista-marcelli-antunez\/#primaryimage","url":"https:\/\/cfpmaresme.org\/wp-content\/uploads\/2019\/01\/2018-10-04.jpg","contentUrl":"https:\/\/cfpmaresme.org\/wp-content\/uploads\/2019\/01\/2018-10-04.jpg","width":584,"height":330,"caption":"sdr"},{"@type":"BreadcrumbList","@id":"https:\/\/cfpmaresme.org\/es\/milcaps-el-nuevo-proyecto-de-alterarte-con-el-artista-marcelli-antunez\/#breadcrumb","itemListElement":[{"@type":"ListItem","position":1,"name":"Home","item":"https:\/\/cfpmaresme.org\/es\/"},{"@type":"ListItem","position":2,"name":"Milcaps, el nuevo proyecto de Alterarte con el artista Marcel\u00b7l\u00ed Ant\u00fanez"}]},{"@type":"WebSite","@id":"https:\/\/cfpmaresme.org\/#website","url":"https:\/\/cfpmaresme.org\/","name":"CFP Maresme","description":"Centre Formaci\u00f3 Prevenci\u00f3","potentialAction":[{"@type":"SearchAction","target":{"@type":"EntryPoint","urlTemplate":"https:\/\/cfpmaresme.org\/?s={search_term_string}"},"query-input":{"@type":"PropertyValueSpecification","valueRequired":true,"valueName":"search_term_string"}}],"inLanguage":"es"},{"@type":"Person","@id":"https:\/\/cfpmaresme.org\/#\/schema\/person\/b2634bcd796fafc667ea4055f61b9b2c","name":"CFPMaresme"}]}},"_links":{"self":[{"href":"https:\/\/cfpmaresme.org\/es\/wp-json\/wp\/v2\/posts\/21921","targetHints":{"allow":["GET"]}}],"collection":[{"href":"https:\/\/cfpmaresme.org\/es\/wp-json\/wp\/v2\/posts"}],"about":[{"href":"https:\/\/cfpmaresme.org\/es\/wp-json\/wp\/v2\/types\/post"}],"author":[{"embeddable":true,"href":"https:\/\/cfpmaresme.org\/es\/wp-json\/wp\/v2\/users\/2"}],"replies":[{"embeddable":true,"href":"https:\/\/cfpmaresme.org\/es\/wp-json\/wp\/v2\/comments?post=21921"}],"version-history":[{"count":4,"href":"https:\/\/cfpmaresme.org\/es\/wp-json\/wp\/v2\/posts\/21921\/revisions"}],"predecessor-version":[{"id":21975,"href":"https:\/\/cfpmaresme.org\/es\/wp-json\/wp\/v2\/posts\/21921\/revisions\/21975"}],"wp:featuredmedia":[{"embeddable":true,"href":"https:\/\/cfpmaresme.org\/es\/wp-json\/wp\/v2\/media\/17264"}],"wp:attachment":[{"href":"https:\/\/cfpmaresme.org\/es\/wp-json\/wp\/v2\/media?parent=21921"}],"wp:term":[{"taxonomy":"category","embeddable":true,"href":"https:\/\/cfpmaresme.org\/es\/wp-json\/wp\/v2\/categories?post=21921"},{"taxonomy":"post_tag","embeddable":true,"href":"https:\/\/cfpmaresme.org\/es\/wp-json\/wp\/v2\/tags?post=21921"}],"curies":[{"name":"wp","href":"https:\/\/api.w.org\/{rel}","templated":true}]}}