{"id":21925,"date":"2018-09-28T16:54:08","date_gmt":"2018-09-28T14:54:08","guid":{"rendered":"https:\/\/www.cfpmaresme.org\/?p=21925"},"modified":"2020-10-20T15:00:21","modified_gmt":"2020-10-20T13:00:21","slug":"alterarte-visita-lexposicio-collectiva-sant-lluc-denguany","status":"publish","type":"post","link":"https:\/\/cfpmaresme.org\/es\/alterarte-visita-lexposicio-collectiva-sant-lluc-denguany\/","title":{"rendered":"Alterarte visita la exposici\u00f3n Col\u00b7lectiva Sant Lluc de este a\u00f1o"},"content":{"rendered":"<p><strong>Los compa\u00f1eros del programa art\u00edstico del CFP pudieron ver esta muestra multidisciplinar con m\u00e1s de 100 obras de autores de la comarca en el Ateneu de la Fundaci\u00f3 Iluro<\/strong><\/p>\n<p>&nbsp;<\/p>\n<p>Los y las artistas del programa Alterarte se acercaron el pasado 27 de septiembre al Ateneu de la Fundaci\u00f3 Iluro de Matar\u00f3 para visitar la exposici\u00f3n Col\u00b7lectiva Sant Lluc 2018 de la Associaci\u00f3n Sant Lluc per l\u2019Art. Se trata de m\u00e1s de un centenar de obras realizadas con diferentes t\u00e9cnicas y representativas de la creaci\u00f3n de los autores de la comarca del Maresme.<\/p>\n<p>&nbsp;<\/p>\n<p>Fue muy especial para los visitantes poder asistir a esta muestra por la especial relaci\u00f3n de la Associaci\u00f3 Sant Lluc per l\u2019Art con Alterarte, sobretodo a ra\u00edz de la anterior experiencia de Parelles Art\u00edstiques. Este proyecto in\u00e9dito en Matar\u00f3 uni\u00f3 a las dos agrupaciones el a\u00f1o pasado para desarrollas obras conjuntas que forjaron una buena relaci\u00f3n entre los artistas.<\/p>\n<p>&nbsp;<\/p>\n<p>La exposici\u00f3n Col\u00b7lectiva Sant Lluc est\u00e1 abierta a todo el mundo y cualquier artista puede exponer su obra. De hecho, incluso hay un espacio reservado a estudiantes de los bachilleratos art\u00edsticos de la ciudad que tambi\u00e9n han podido colgar sus cuadros en el Ateneu de la Fundaci\u00f3n Iluro. Algunos de los creadores de Alterarte, al conocer este hecho, no descartaron poder participar con alguna de sus pinturas en una pr\u00f3xima edici\u00f3n.<\/p>\n","protected":false},"excerpt":{"rendered":"<p>Los compa\u00f1eros del programa art\u00edstico del CFP pudieron ver esta muestra multidisciplinar con m\u00e1s de 100 obras de autores de la comarca en el Ateneu de la Fundaci\u00f3 Iluro &nbsp; Los y las artistas del programa Alterarte se acercaron el pasado 27 de septiembre al&#8230;<\/p>\n","protected":false},"author":2,"featured_media":17256,"comment_status":"open","ping_status":"open","sticky":false,"template":"","format":"standard","meta":{"footnotes":""},"categories":[1234],"tags":[709,643,840,841,711,766,794,843,714,844,793],"class_list":["post-21925","post","type-post","status-publish","format-standard","has-post-thumbnail","hentry","category-alterarte-es","tag-alterarte-es","tag-art-es","tag-artistiques-es","tag-ateneu-es","tag-exposicio-es","tag-fundacio-es","tag-iluro-es","tag-lluc-es","tag-mostra-es","tag-parelles-es","tag-sant-es"],"yoast_head":"<!-- This site is optimized with the Yoast SEO plugin v27.4 - https:\/\/yoast.com\/product\/yoast-seo-wordpress\/ -->\n<title>Alterarte visita la exposici\u00f3n Col\u00b7lectiva Sant Lluc de este a\u00f1o | CFP Maresme<\/title>\n<meta name=\"robots\" content=\"index, follow, max-snippet:-1, max-image-preview:large, max-video-preview:-1\" \/>\n<link rel=\"canonical\" href=\"https:\/\/cfpmaresme.org\/es\/alterarte-visita-lexposicio-collectiva-sant-lluc-denguany\/\" \/>\n<meta property=\"og:locale\" content=\"es_ES\" \/>\n<meta property=\"og:type\" content=\"article\" \/>\n<meta property=\"og:title\" content=\"Alterarte visita la exposici\u00f3n Col\u00b7lectiva Sant Lluc de este a\u00f1o | CFP Maresme\" \/>\n<meta property=\"og:description\" content=\"Los compa\u00f1eros del programa art\u00edstico del CFP pudieron ver esta muestra multidisciplinar con m\u00e1s de 100 obras de autores de la comarca en el Ateneu de la Fundaci\u00f3 Iluro &nbsp; Los y las artistas del programa Alterarte se acercaron el pasado 27 de septiembre al...\" \/>\n<meta property=\"og:url\" content=\"https:\/\/cfpmaresme.org\/es\/alterarte-visita-lexposicio-collectiva-sant-lluc-denguany\/\" \/>\n<meta property=\"og:site_name\" content=\"CFP Maresme\" \/>\n<meta property=\"article:published_time\" content=\"2018-09-28T14:54:08+00:00\" \/>\n<meta property=\"article:modified_time\" content=\"2020-10-20T13:00:21+00:00\" \/>\n<meta property=\"og:image\" content=\"https:\/\/cfpmaresme.org\/wp-content\/uploads\/2019\/01\/2018-09-28.jpg\" \/>\n\t<meta property=\"og:image:width\" content=\"584\" \/>\n\t<meta property=\"og:image:height\" content=\"330\" \/>\n\t<meta property=\"og:image:type\" content=\"image\/jpeg\" \/>\n<meta name=\"author\" content=\"CFPMaresme\" \/>\n<meta name=\"twitter:card\" content=\"summary_large_image\" \/>\n<meta name=\"twitter:creator\" content=\"@cfpmaresme\" \/>\n<meta name=\"twitter:site\" content=\"@cfpmaresme\" \/>\n<meta name=\"twitter:label1\" content=\"Escrito por\" \/>\n\t<meta name=\"twitter:data1\" content=\"CFPMaresme\" \/>\n\t<meta name=\"twitter:label2\" content=\"Tiempo de lectura\" \/>\n\t<meta name=\"twitter:data2\" content=\"1 minuto\" \/>\n<script type=\"application\/ld+json\" class=\"yoast-schema-graph\">{\"@context\":\"https:\\\/\\\/schema.org\",\"@graph\":[{\"@type\":\"Article\",\"@id\":\"https:\\\/\\\/cfpmaresme.org\\\/es\\\/alterarte-visita-lexposicio-collectiva-sant-lluc-denguany\\\/#article\",\"isPartOf\":{\"@id\":\"https:\\\/\\\/cfpmaresme.org\\\/es\\\/alterarte-visita-lexposicio-collectiva-sant-lluc-denguany\\\/\"},\"author\":{\"name\":\"CFPMaresme\",\"@id\":\"https:\\\/\\\/cfpmaresme.org\\\/#\\\/schema\\\/person\\\/b2634bcd796fafc667ea4055f61b9b2c\"},\"headline\":\"Alterarte visita la exposici\u00f3n Col\u00b7lectiva Sant Lluc de este a\u00f1o\",\"datePublished\":\"2018-09-28T14:54:08+00:00\",\"dateModified\":\"2020-10-20T13:00:21+00:00\",\"mainEntityOfPage\":{\"@id\":\"https:\\\/\\\/cfpmaresme.org\\\/es\\\/alterarte-visita-lexposicio-collectiva-sant-lluc-denguany\\\/\"},\"wordCount\":259,\"commentCount\":0,\"image\":{\"@id\":\"https:\\\/\\\/cfpmaresme.org\\\/es\\\/alterarte-visita-lexposicio-collectiva-sant-lluc-denguany\\\/#primaryimage\"},\"thumbnailUrl\":\"https:\\\/\\\/cfpmaresme.org\\\/wp-content\\\/uploads\\\/2019\\\/01\\\/2018-09-28.jpg\",\"keywords\":[\"alterarte\",\"Art\",\"art\u00edstiques\",\"ateneu\",\"exposicio\",\"fundaci\u00f3\",\"iluro\",\"lluc\",\"mostra\",\"parelles\",\"sant\"],\"articleSection\":[\"Alterarte\"],\"inLanguage\":\"es\"},{\"@type\":\"WebPage\",\"@id\":\"https:\\\/\\\/cfpmaresme.org\\\/es\\\/alterarte-visita-lexposicio-collectiva-sant-lluc-denguany\\\/\",\"url\":\"https:\\\/\\\/cfpmaresme.org\\\/es\\\/alterarte-visita-lexposicio-collectiva-sant-lluc-denguany\\\/\",\"name\":\"Alterarte visita la exposici\u00f3n Col\u00b7lectiva Sant Lluc de este a\u00f1o | CFP Maresme\",\"isPartOf\":{\"@id\":\"https:\\\/\\\/cfpmaresme.org\\\/#website\"},\"primaryImageOfPage\":{\"@id\":\"https:\\\/\\\/cfpmaresme.org\\\/es\\\/alterarte-visita-lexposicio-collectiva-sant-lluc-denguany\\\/#primaryimage\"},\"image\":{\"@id\":\"https:\\\/\\\/cfpmaresme.org\\\/es\\\/alterarte-visita-lexposicio-collectiva-sant-lluc-denguany\\\/#primaryimage\"},\"thumbnailUrl\":\"https:\\\/\\\/cfpmaresme.org\\\/wp-content\\\/uploads\\\/2019\\\/01\\\/2018-09-28.jpg\",\"datePublished\":\"2018-09-28T14:54:08+00:00\",\"dateModified\":\"2020-10-20T13:00:21+00:00\",\"author\":{\"@id\":\"https:\\\/\\\/cfpmaresme.org\\\/#\\\/schema\\\/person\\\/b2634bcd796fafc667ea4055f61b9b2c\"},\"breadcrumb\":{\"@id\":\"https:\\\/\\\/cfpmaresme.org\\\/es\\\/alterarte-visita-lexposicio-collectiva-sant-lluc-denguany\\\/#breadcrumb\"},\"inLanguage\":\"es\",\"potentialAction\":[{\"@type\":\"ReadAction\",\"target\":[\"https:\\\/\\\/cfpmaresme.org\\\/es\\\/alterarte-visita-lexposicio-collectiva-sant-lluc-denguany\\\/\"]}]},{\"@type\":\"ImageObject\",\"inLanguage\":\"es\",\"@id\":\"https:\\\/\\\/cfpmaresme.org\\\/es\\\/alterarte-visita-lexposicio-collectiva-sant-lluc-denguany\\\/#primaryimage\",\"url\":\"https:\\\/\\\/cfpmaresme.org\\\/wp-content\\\/uploads\\\/2019\\\/01\\\/2018-09-28.jpg\",\"contentUrl\":\"https:\\\/\\\/cfpmaresme.org\\\/wp-content\\\/uploads\\\/2019\\\/01\\\/2018-09-28.jpg\",\"width\":584,\"height\":330},{\"@type\":\"BreadcrumbList\",\"@id\":\"https:\\\/\\\/cfpmaresme.org\\\/es\\\/alterarte-visita-lexposicio-collectiva-sant-lluc-denguany\\\/#breadcrumb\",\"itemListElement\":[{\"@type\":\"ListItem\",\"position\":1,\"name\":\"Home\",\"item\":\"https:\\\/\\\/cfpmaresme.org\\\/es\\\/\"},{\"@type\":\"ListItem\",\"position\":2,\"name\":\"Alterarte visita la exposici\u00f3n Col\u00b7lectiva Sant Lluc de este a\u00f1o\"}]},{\"@type\":\"WebSite\",\"@id\":\"https:\\\/\\\/cfpmaresme.org\\\/#website\",\"url\":\"https:\\\/\\\/cfpmaresme.org\\\/\",\"name\":\"CFP Maresme\",\"description\":\"Centre Formaci\u00f3 Prevenci\u00f3\",\"potentialAction\":[{\"@type\":\"SearchAction\",\"target\":{\"@type\":\"EntryPoint\",\"urlTemplate\":\"https:\\\/\\\/cfpmaresme.org\\\/?s={search_term_string}\"},\"query-input\":{\"@type\":\"PropertyValueSpecification\",\"valueRequired\":true,\"valueName\":\"search_term_string\"}}],\"inLanguage\":\"es\"},{\"@type\":\"Person\",\"@id\":\"https:\\\/\\\/cfpmaresme.org\\\/#\\\/schema\\\/person\\\/b2634bcd796fafc667ea4055f61b9b2c\",\"name\":\"CFPMaresme\"}]}<\/script>\n<!-- \/ Yoast SEO plugin. -->","yoast_head_json":{"title":"Alterarte visita la exposici\u00f3n Col\u00b7lectiva Sant Lluc de este a\u00f1o | CFP Maresme","robots":{"index":"index","follow":"follow","max-snippet":"max-snippet:-1","max-image-preview":"max-image-preview:large","max-video-preview":"max-video-preview:-1"},"canonical":"https:\/\/cfpmaresme.org\/es\/alterarte-visita-lexposicio-collectiva-sant-lluc-denguany\/","og_locale":"es_ES","og_type":"article","og_title":"Alterarte visita la exposici\u00f3n Col\u00b7lectiva Sant Lluc de este a\u00f1o | CFP Maresme","og_description":"Los compa\u00f1eros del programa art\u00edstico del CFP pudieron ver esta muestra multidisciplinar con m\u00e1s de 100 obras de autores de la comarca en el Ateneu de la Fundaci\u00f3 Iluro &nbsp; Los y las artistas del programa Alterarte se acercaron el pasado 27 de septiembre al...","og_url":"https:\/\/cfpmaresme.org\/es\/alterarte-visita-lexposicio-collectiva-sant-lluc-denguany\/","og_site_name":"CFP Maresme","article_published_time":"2018-09-28T14:54:08+00:00","article_modified_time":"2020-10-20T13:00:21+00:00","og_image":[{"width":584,"height":330,"url":"https:\/\/cfpmaresme.org\/wp-content\/uploads\/2019\/01\/2018-09-28.jpg","type":"image\/jpeg"}],"author":"CFPMaresme","twitter_card":"summary_large_image","twitter_creator":"@cfpmaresme","twitter_site":"@cfpmaresme","twitter_misc":{"Escrito por":"CFPMaresme","Tiempo de lectura":"1 minuto"},"schema":{"@context":"https:\/\/schema.org","@graph":[{"@type":"Article","@id":"https:\/\/cfpmaresme.org\/es\/alterarte-visita-lexposicio-collectiva-sant-lluc-denguany\/#article","isPartOf":{"@id":"https:\/\/cfpmaresme.org\/es\/alterarte-visita-lexposicio-collectiva-sant-lluc-denguany\/"},"author":{"name":"CFPMaresme","@id":"https:\/\/cfpmaresme.org\/#\/schema\/person\/b2634bcd796fafc667ea4055f61b9b2c"},"headline":"Alterarte visita la exposici\u00f3n Col\u00b7lectiva Sant Lluc de este a\u00f1o","datePublished":"2018-09-28T14:54:08+00:00","dateModified":"2020-10-20T13:00:21+00:00","mainEntityOfPage":{"@id":"https:\/\/cfpmaresme.org\/es\/alterarte-visita-lexposicio-collectiva-sant-lluc-denguany\/"},"wordCount":259,"commentCount":0,"image":{"@id":"https:\/\/cfpmaresme.org\/es\/alterarte-visita-lexposicio-collectiva-sant-lluc-denguany\/#primaryimage"},"thumbnailUrl":"https:\/\/cfpmaresme.org\/wp-content\/uploads\/2019\/01\/2018-09-28.jpg","keywords":["alterarte","Art","art\u00edstiques","ateneu","exposicio","fundaci\u00f3","iluro","lluc","mostra","parelles","sant"],"articleSection":["Alterarte"],"inLanguage":"es"},{"@type":"WebPage","@id":"https:\/\/cfpmaresme.org\/es\/alterarte-visita-lexposicio-collectiva-sant-lluc-denguany\/","url":"https:\/\/cfpmaresme.org\/es\/alterarte-visita-lexposicio-collectiva-sant-lluc-denguany\/","name":"Alterarte visita la exposici\u00f3n Col\u00b7lectiva Sant Lluc de este a\u00f1o | CFP Maresme","isPartOf":{"@id":"https:\/\/cfpmaresme.org\/#website"},"primaryImageOfPage":{"@id":"https:\/\/cfpmaresme.org\/es\/alterarte-visita-lexposicio-collectiva-sant-lluc-denguany\/#primaryimage"},"image":{"@id":"https:\/\/cfpmaresme.org\/es\/alterarte-visita-lexposicio-collectiva-sant-lluc-denguany\/#primaryimage"},"thumbnailUrl":"https:\/\/cfpmaresme.org\/wp-content\/uploads\/2019\/01\/2018-09-28.jpg","datePublished":"2018-09-28T14:54:08+00:00","dateModified":"2020-10-20T13:00:21+00:00","author":{"@id":"https:\/\/cfpmaresme.org\/#\/schema\/person\/b2634bcd796fafc667ea4055f61b9b2c"},"breadcrumb":{"@id":"https:\/\/cfpmaresme.org\/es\/alterarte-visita-lexposicio-collectiva-sant-lluc-denguany\/#breadcrumb"},"inLanguage":"es","potentialAction":[{"@type":"ReadAction","target":["https:\/\/cfpmaresme.org\/es\/alterarte-visita-lexposicio-collectiva-sant-lluc-denguany\/"]}]},{"@type":"ImageObject","inLanguage":"es","@id":"https:\/\/cfpmaresme.org\/es\/alterarte-visita-lexposicio-collectiva-sant-lluc-denguany\/#primaryimage","url":"https:\/\/cfpmaresme.org\/wp-content\/uploads\/2019\/01\/2018-09-28.jpg","contentUrl":"https:\/\/cfpmaresme.org\/wp-content\/uploads\/2019\/01\/2018-09-28.jpg","width":584,"height":330},{"@type":"BreadcrumbList","@id":"https:\/\/cfpmaresme.org\/es\/alterarte-visita-lexposicio-collectiva-sant-lluc-denguany\/#breadcrumb","itemListElement":[{"@type":"ListItem","position":1,"name":"Home","item":"https:\/\/cfpmaresme.org\/es\/"},{"@type":"ListItem","position":2,"name":"Alterarte visita la exposici\u00f3n Col\u00b7lectiva Sant Lluc de este a\u00f1o"}]},{"@type":"WebSite","@id":"https:\/\/cfpmaresme.org\/#website","url":"https:\/\/cfpmaresme.org\/","name":"CFP Maresme","description":"Centre Formaci\u00f3 Prevenci\u00f3","potentialAction":[{"@type":"SearchAction","target":{"@type":"EntryPoint","urlTemplate":"https:\/\/cfpmaresme.org\/?s={search_term_string}"},"query-input":{"@type":"PropertyValueSpecification","valueRequired":true,"valueName":"search_term_string"}}],"inLanguage":"es"},{"@type":"Person","@id":"https:\/\/cfpmaresme.org\/#\/schema\/person\/b2634bcd796fafc667ea4055f61b9b2c","name":"CFPMaresme"}]}},"_links":{"self":[{"href":"https:\/\/cfpmaresme.org\/es\/wp-json\/wp\/v2\/posts\/21925","targetHints":{"allow":["GET"]}}],"collection":[{"href":"https:\/\/cfpmaresme.org\/es\/wp-json\/wp\/v2\/posts"}],"about":[{"href":"https:\/\/cfpmaresme.org\/es\/wp-json\/wp\/v2\/types\/post"}],"author":[{"embeddable":true,"href":"https:\/\/cfpmaresme.org\/es\/wp-json\/wp\/v2\/users\/2"}],"replies":[{"embeddable":true,"href":"https:\/\/cfpmaresme.org\/es\/wp-json\/wp\/v2\/comments?post=21925"}],"version-history":[{"count":3,"href":"https:\/\/cfpmaresme.org\/es\/wp-json\/wp\/v2\/posts\/21925\/revisions"}],"predecessor-version":[{"id":22053,"href":"https:\/\/cfpmaresme.org\/es\/wp-json\/wp\/v2\/posts\/21925\/revisions\/22053"}],"wp:featuredmedia":[{"embeddable":true,"href":"https:\/\/cfpmaresme.org\/es\/wp-json\/wp\/v2\/media\/17256"}],"wp:attachment":[{"href":"https:\/\/cfpmaresme.org\/es\/wp-json\/wp\/v2\/media?parent=21925"}],"wp:term":[{"taxonomy":"category","embeddable":true,"href":"https:\/\/cfpmaresme.org\/es\/wp-json\/wp\/v2\/categories?post=21925"},{"taxonomy":"post_tag","embeddable":true,"href":"https:\/\/cfpmaresme.org\/es\/wp-json\/wp\/v2\/tags?post=21925"}],"curies":[{"name":"wp","href":"https:\/\/api.w.org\/{rel}","templated":true}]}}