{"id":21927,"date":"2018-07-19T16:59:56","date_gmt":"2018-07-19T14:59:56","guid":{"rendered":"https:\/\/www.cfpmaresme.org\/?p=21927"},"modified":"2020-10-20T15:08:56","modified_gmt":"2020-10-20T13:08:56","slug":"alterarte-exposa-la-mostra-restaurem-nos-a-la-fundacio-hospital","status":"publish","type":"post","link":"https:\/\/cfpmaresme.org\/es\/alterarte-exposa-la-mostra-restaurem-nos-a-la-fundacio-hospital\/","title":{"rendered":"Alterarte expone la muestra \u00abRestaurem-nos\u00bb en la Fundaci\u00f3 Hospital"},"content":{"rendered":"<p><strong>La \u00faltima acci\u00f3n art\u00edstica del programa del CFP ha estado dedicada a la tem\u00e1tica de los refugiados y tambi\u00e9n se han desarrollado con la colaboraci\u00f3n del Centre d\u2019Art Ca l\u2019Arenas del Museu de Matar\u00f3 i de Creu Roja a Matar\u00f3<\/strong><\/p>\n<p>&nbsp;<\/p>\n<p>La segunda exposici\u00f3n de Alterarte en la Fundaci\u00f3 Hospital Sant Jaume i Santa Magdalena de Matar\u00f3 se titula\u00a0 \u201cRestaurem-nos\u201d. Ha sido el resultado de una serie de reuniones semanales que han puesto sobre la mesa la problem\u00e1tica de los refugiados que llegan a las costas del Mediterr\u00e1neo. Tambi\u00e9n se ha tratado la importancia del reaprovechamiento, la restauraci\u00f3n y la confianza en el grupo.<\/p>\n<p>&nbsp;<\/p>\n<p>Buena parte de estas actividades se han llevado a cabo en el Centre d\u2019Art Ca l\u2019Arenas del Museu de Matar\u00f3. All\u00ed los miembros de Alterarte han encontrado un lugar adecuado para trabajar con las obras de la muestra. En motivo de esta c\u00e1psula art\u00edstica, el pasado 5 de julio recibieron la visita de un grupo de refugiados atendidos por el programa de asilo de Creu Roja en Matar\u00f3. Vinieron tiempos de hablar y de intercambiar opiniones y experiencias entorno a esta realidad.<\/p>\n<p>&nbsp;<\/p>\n<p>La \u00faltima acci\u00f3n relacionada con la tem\u00e1tica de los refugiados se produjo en la playa de Matar\u00f3, donde los artistas de Alterarte hicieron una ofrenda a la agua en se\u00f1al de respeto y a las personas que ariesgan su vida en el mar.<\/p>\n<p>&nbsp;<\/p>\n<p>Todas las obras\u00a0 que Alterarte cre\u00f3 a partir de estas vivencias se han traducido en esta exposici\u00f3n que podemos ver en la Fundaci\u00f3 Hospital Sant Jaume y Santa Magdalena de Matar\u00f3.<\/p>\n","protected":false},"excerpt":{"rendered":"<p>La \u00faltima acci\u00f3n art\u00edstica del programa del CFP ha estado dedicada a la tem\u00e1tica de los refugiados y tambi\u00e9n se han desarrollado con la colaboraci\u00f3n del Centre d\u2019Art Ca l\u2019Arenas del Museu de Matar\u00f3 i de Creu Roja a Matar\u00f3 &nbsp; La segunda exposici\u00f3n de&#8230;<\/p>\n","protected":false},"author":2,"featured_media":17211,"comment_status":"open","ping_status":"open","sticky":false,"template":"","format":"standard","meta":{"footnotes":""},"categories":[1234],"tags":[709,643,630,711,766,820,617,714],"class_list":["post-21927","post","type-post","status-publish","format-standard","has-post-thumbnail","hentry","category-alterarte-es","tag-alterarte-es","tag-art-es","tag-centre-es","tag-exposicio-es","tag-fundacio-es","tag-hospital-es","tag-mataro-es","tag-mostra-es"],"yoast_head":"<!-- This site is optimized with the Yoast SEO plugin v27.4 - https:\/\/yoast.com\/product\/yoast-seo-wordpress\/ -->\n<title>Alterarte expone la muestra &quot;Restaurem-nos&quot; en la Fundaci\u00f3 Hospital | CFP Maresme<\/title>\n<meta name=\"robots\" content=\"index, follow, max-snippet:-1, max-image-preview:large, max-video-preview:-1\" \/>\n<link rel=\"canonical\" href=\"https:\/\/cfpmaresme.org\/es\/alterarte-exposa-la-mostra-restaurem-nos-a-la-fundacio-hospital\/\" \/>\n<meta property=\"og:locale\" content=\"es_ES\" \/>\n<meta property=\"og:type\" content=\"article\" \/>\n<meta property=\"og:title\" content=\"Alterarte expone la muestra &quot;Restaurem-nos&quot; en la Fundaci\u00f3 Hospital | CFP Maresme\" \/>\n<meta property=\"og:description\" content=\"La \u00faltima acci\u00f3n art\u00edstica del programa del CFP ha estado dedicada a la tem\u00e1tica de los refugiados y tambi\u00e9n se han desarrollado con la colaboraci\u00f3n del Centre d\u2019Art Ca l\u2019Arenas del Museu de Matar\u00f3 i de Creu Roja a Matar\u00f3 &nbsp; La segunda exposici\u00f3n de...\" \/>\n<meta property=\"og:url\" content=\"https:\/\/cfpmaresme.org\/es\/alterarte-exposa-la-mostra-restaurem-nos-a-la-fundacio-hospital\/\" \/>\n<meta property=\"og:site_name\" content=\"CFP Maresme\" \/>\n<meta property=\"article:published_time\" content=\"2018-07-19T14:59:56+00:00\" \/>\n<meta property=\"article:modified_time\" content=\"2020-10-20T13:08:56+00:00\" \/>\n<meta property=\"og:image\" content=\"https:\/\/cfpmaresme.org\/wp-content\/uploads\/2019\/01\/2018-07-19.jpg\" \/>\n\t<meta property=\"og:image:width\" content=\"584\" \/>\n\t<meta property=\"og:image:height\" content=\"328\" \/>\n\t<meta property=\"og:image:type\" content=\"image\/jpeg\" \/>\n<meta name=\"author\" content=\"CFPMaresme\" \/>\n<meta name=\"twitter:card\" content=\"summary_large_image\" \/>\n<meta name=\"twitter:creator\" content=\"@cfpmaresme\" \/>\n<meta name=\"twitter:site\" content=\"@cfpmaresme\" \/>\n<meta name=\"twitter:label1\" content=\"Escrito por\" \/>\n\t<meta name=\"twitter:data1\" content=\"CFPMaresme\" \/>\n\t<meta name=\"twitter:label2\" content=\"Tiempo de lectura\" \/>\n\t<meta name=\"twitter:data2\" content=\"1 minuto\" \/>\n<script type=\"application\/ld+json\" class=\"yoast-schema-graph\">{\"@context\":\"https:\\\/\\\/schema.org\",\"@graph\":[{\"@type\":\"Article\",\"@id\":\"https:\\\/\\\/cfpmaresme.org\\\/es\\\/alterarte-exposa-la-mostra-restaurem-nos-a-la-fundacio-hospital\\\/#article\",\"isPartOf\":{\"@id\":\"https:\\\/\\\/cfpmaresme.org\\\/es\\\/alterarte-exposa-la-mostra-restaurem-nos-a-la-fundacio-hospital\\\/\"},\"author\":{\"name\":\"CFPMaresme\",\"@id\":\"https:\\\/\\\/cfpmaresme.org\\\/#\\\/schema\\\/person\\\/b2634bcd796fafc667ea4055f61b9b2c\"},\"headline\":\"Alterarte expone la muestra \u00abRestaurem-nos\u00bb en la Fundaci\u00f3 Hospital\",\"datePublished\":\"2018-07-19T14:59:56+00:00\",\"dateModified\":\"2020-10-20T13:08:56+00:00\",\"mainEntityOfPage\":{\"@id\":\"https:\\\/\\\/cfpmaresme.org\\\/es\\\/alterarte-exposa-la-mostra-restaurem-nos-a-la-fundacio-hospital\\\/\"},\"wordCount\":291,\"commentCount\":0,\"image\":{\"@id\":\"https:\\\/\\\/cfpmaresme.org\\\/es\\\/alterarte-exposa-la-mostra-restaurem-nos-a-la-fundacio-hospital\\\/#primaryimage\"},\"thumbnailUrl\":\"https:\\\/\\\/cfpmaresme.org\\\/wp-content\\\/uploads\\\/2019\\\/01\\\/2018-07-19.jpg\",\"keywords\":[\"alterarte\",\"Art\",\"centre\",\"exposicio\",\"fundaci\u00f3\",\"hospital\",\"matar\u00f3\",\"mostra\"],\"articleSection\":[\"Alterarte\"],\"inLanguage\":\"es\"},{\"@type\":\"WebPage\",\"@id\":\"https:\\\/\\\/cfpmaresme.org\\\/es\\\/alterarte-exposa-la-mostra-restaurem-nos-a-la-fundacio-hospital\\\/\",\"url\":\"https:\\\/\\\/cfpmaresme.org\\\/es\\\/alterarte-exposa-la-mostra-restaurem-nos-a-la-fundacio-hospital\\\/\",\"name\":\"Alterarte expone la muestra \\\"Restaurem-nos\\\" en la Fundaci\u00f3 Hospital | CFP Maresme\",\"isPartOf\":{\"@id\":\"https:\\\/\\\/cfpmaresme.org\\\/#website\"},\"primaryImageOfPage\":{\"@id\":\"https:\\\/\\\/cfpmaresme.org\\\/es\\\/alterarte-exposa-la-mostra-restaurem-nos-a-la-fundacio-hospital\\\/#primaryimage\"},\"image\":{\"@id\":\"https:\\\/\\\/cfpmaresme.org\\\/es\\\/alterarte-exposa-la-mostra-restaurem-nos-a-la-fundacio-hospital\\\/#primaryimage\"},\"thumbnailUrl\":\"https:\\\/\\\/cfpmaresme.org\\\/wp-content\\\/uploads\\\/2019\\\/01\\\/2018-07-19.jpg\",\"datePublished\":\"2018-07-19T14:59:56+00:00\",\"dateModified\":\"2020-10-20T13:08:56+00:00\",\"author\":{\"@id\":\"https:\\\/\\\/cfpmaresme.org\\\/#\\\/schema\\\/person\\\/b2634bcd796fafc667ea4055f61b9b2c\"},\"breadcrumb\":{\"@id\":\"https:\\\/\\\/cfpmaresme.org\\\/es\\\/alterarte-exposa-la-mostra-restaurem-nos-a-la-fundacio-hospital\\\/#breadcrumb\"},\"inLanguage\":\"es\",\"potentialAction\":[{\"@type\":\"ReadAction\",\"target\":[\"https:\\\/\\\/cfpmaresme.org\\\/es\\\/alterarte-exposa-la-mostra-restaurem-nos-a-la-fundacio-hospital\\\/\"]}]},{\"@type\":\"ImageObject\",\"inLanguage\":\"es\",\"@id\":\"https:\\\/\\\/cfpmaresme.org\\\/es\\\/alterarte-exposa-la-mostra-restaurem-nos-a-la-fundacio-hospital\\\/#primaryimage\",\"url\":\"https:\\\/\\\/cfpmaresme.org\\\/wp-content\\\/uploads\\\/2019\\\/01\\\/2018-07-19.jpg\",\"contentUrl\":\"https:\\\/\\\/cfpmaresme.org\\\/wp-content\\\/uploads\\\/2019\\\/01\\\/2018-07-19.jpg\",\"width\":584,\"height\":328},{\"@type\":\"BreadcrumbList\",\"@id\":\"https:\\\/\\\/cfpmaresme.org\\\/es\\\/alterarte-exposa-la-mostra-restaurem-nos-a-la-fundacio-hospital\\\/#breadcrumb\",\"itemListElement\":[{\"@type\":\"ListItem\",\"position\":1,\"name\":\"Home\",\"item\":\"https:\\\/\\\/cfpmaresme.org\\\/es\\\/\"},{\"@type\":\"ListItem\",\"position\":2,\"name\":\"Alterarte expone la muestra \u00abRestaurem-nos\u00bb en la Fundaci\u00f3 Hospital\"}]},{\"@type\":\"WebSite\",\"@id\":\"https:\\\/\\\/cfpmaresme.org\\\/#website\",\"url\":\"https:\\\/\\\/cfpmaresme.org\\\/\",\"name\":\"CFP Maresme\",\"description\":\"Centre Formaci\u00f3 Prevenci\u00f3\",\"potentialAction\":[{\"@type\":\"SearchAction\",\"target\":{\"@type\":\"EntryPoint\",\"urlTemplate\":\"https:\\\/\\\/cfpmaresme.org\\\/?s={search_term_string}\"},\"query-input\":{\"@type\":\"PropertyValueSpecification\",\"valueRequired\":true,\"valueName\":\"search_term_string\"}}],\"inLanguage\":\"es\"},{\"@type\":\"Person\",\"@id\":\"https:\\\/\\\/cfpmaresme.org\\\/#\\\/schema\\\/person\\\/b2634bcd796fafc667ea4055f61b9b2c\",\"name\":\"CFPMaresme\"}]}<\/script>\n<!-- \/ Yoast SEO plugin. -->","yoast_head_json":{"title":"Alterarte expone la muestra \"Restaurem-nos\" en la Fundaci\u00f3 Hospital | CFP Maresme","robots":{"index":"index","follow":"follow","max-snippet":"max-snippet:-1","max-image-preview":"max-image-preview:large","max-video-preview":"max-video-preview:-1"},"canonical":"https:\/\/cfpmaresme.org\/es\/alterarte-exposa-la-mostra-restaurem-nos-a-la-fundacio-hospital\/","og_locale":"es_ES","og_type":"article","og_title":"Alterarte expone la muestra \"Restaurem-nos\" en la Fundaci\u00f3 Hospital | CFP Maresme","og_description":"La \u00faltima acci\u00f3n art\u00edstica del programa del CFP ha estado dedicada a la tem\u00e1tica de los refugiados y tambi\u00e9n se han desarrollado con la colaboraci\u00f3n del Centre d\u2019Art Ca l\u2019Arenas del Museu de Matar\u00f3 i de Creu Roja a Matar\u00f3 &nbsp; La segunda exposici\u00f3n de...","og_url":"https:\/\/cfpmaresme.org\/es\/alterarte-exposa-la-mostra-restaurem-nos-a-la-fundacio-hospital\/","og_site_name":"CFP Maresme","article_published_time":"2018-07-19T14:59:56+00:00","article_modified_time":"2020-10-20T13:08:56+00:00","og_image":[{"width":584,"height":328,"url":"https:\/\/cfpmaresme.org\/wp-content\/uploads\/2019\/01\/2018-07-19.jpg","type":"image\/jpeg"}],"author":"CFPMaresme","twitter_card":"summary_large_image","twitter_creator":"@cfpmaresme","twitter_site":"@cfpmaresme","twitter_misc":{"Escrito por":"CFPMaresme","Tiempo de lectura":"1 minuto"},"schema":{"@context":"https:\/\/schema.org","@graph":[{"@type":"Article","@id":"https:\/\/cfpmaresme.org\/es\/alterarte-exposa-la-mostra-restaurem-nos-a-la-fundacio-hospital\/#article","isPartOf":{"@id":"https:\/\/cfpmaresme.org\/es\/alterarte-exposa-la-mostra-restaurem-nos-a-la-fundacio-hospital\/"},"author":{"name":"CFPMaresme","@id":"https:\/\/cfpmaresme.org\/#\/schema\/person\/b2634bcd796fafc667ea4055f61b9b2c"},"headline":"Alterarte expone la muestra \u00abRestaurem-nos\u00bb en la Fundaci\u00f3 Hospital","datePublished":"2018-07-19T14:59:56+00:00","dateModified":"2020-10-20T13:08:56+00:00","mainEntityOfPage":{"@id":"https:\/\/cfpmaresme.org\/es\/alterarte-exposa-la-mostra-restaurem-nos-a-la-fundacio-hospital\/"},"wordCount":291,"commentCount":0,"image":{"@id":"https:\/\/cfpmaresme.org\/es\/alterarte-exposa-la-mostra-restaurem-nos-a-la-fundacio-hospital\/#primaryimage"},"thumbnailUrl":"https:\/\/cfpmaresme.org\/wp-content\/uploads\/2019\/01\/2018-07-19.jpg","keywords":["alterarte","Art","centre","exposicio","fundaci\u00f3","hospital","matar\u00f3","mostra"],"articleSection":["Alterarte"],"inLanguage":"es"},{"@type":"WebPage","@id":"https:\/\/cfpmaresme.org\/es\/alterarte-exposa-la-mostra-restaurem-nos-a-la-fundacio-hospital\/","url":"https:\/\/cfpmaresme.org\/es\/alterarte-exposa-la-mostra-restaurem-nos-a-la-fundacio-hospital\/","name":"Alterarte expone la muestra \"Restaurem-nos\" en la Fundaci\u00f3 Hospital | CFP Maresme","isPartOf":{"@id":"https:\/\/cfpmaresme.org\/#website"},"primaryImageOfPage":{"@id":"https:\/\/cfpmaresme.org\/es\/alterarte-exposa-la-mostra-restaurem-nos-a-la-fundacio-hospital\/#primaryimage"},"image":{"@id":"https:\/\/cfpmaresme.org\/es\/alterarte-exposa-la-mostra-restaurem-nos-a-la-fundacio-hospital\/#primaryimage"},"thumbnailUrl":"https:\/\/cfpmaresme.org\/wp-content\/uploads\/2019\/01\/2018-07-19.jpg","datePublished":"2018-07-19T14:59:56+00:00","dateModified":"2020-10-20T13:08:56+00:00","author":{"@id":"https:\/\/cfpmaresme.org\/#\/schema\/person\/b2634bcd796fafc667ea4055f61b9b2c"},"breadcrumb":{"@id":"https:\/\/cfpmaresme.org\/es\/alterarte-exposa-la-mostra-restaurem-nos-a-la-fundacio-hospital\/#breadcrumb"},"inLanguage":"es","potentialAction":[{"@type":"ReadAction","target":["https:\/\/cfpmaresme.org\/es\/alterarte-exposa-la-mostra-restaurem-nos-a-la-fundacio-hospital\/"]}]},{"@type":"ImageObject","inLanguage":"es","@id":"https:\/\/cfpmaresme.org\/es\/alterarte-exposa-la-mostra-restaurem-nos-a-la-fundacio-hospital\/#primaryimage","url":"https:\/\/cfpmaresme.org\/wp-content\/uploads\/2019\/01\/2018-07-19.jpg","contentUrl":"https:\/\/cfpmaresme.org\/wp-content\/uploads\/2019\/01\/2018-07-19.jpg","width":584,"height":328},{"@type":"BreadcrumbList","@id":"https:\/\/cfpmaresme.org\/es\/alterarte-exposa-la-mostra-restaurem-nos-a-la-fundacio-hospital\/#breadcrumb","itemListElement":[{"@type":"ListItem","position":1,"name":"Home","item":"https:\/\/cfpmaresme.org\/es\/"},{"@type":"ListItem","position":2,"name":"Alterarte expone la muestra \u00abRestaurem-nos\u00bb en la Fundaci\u00f3 Hospital"}]},{"@type":"WebSite","@id":"https:\/\/cfpmaresme.org\/#website","url":"https:\/\/cfpmaresme.org\/","name":"CFP Maresme","description":"Centre Formaci\u00f3 Prevenci\u00f3","potentialAction":[{"@type":"SearchAction","target":{"@type":"EntryPoint","urlTemplate":"https:\/\/cfpmaresme.org\/?s={search_term_string}"},"query-input":{"@type":"PropertyValueSpecification","valueRequired":true,"valueName":"search_term_string"}}],"inLanguage":"es"},{"@type":"Person","@id":"https:\/\/cfpmaresme.org\/#\/schema\/person\/b2634bcd796fafc667ea4055f61b9b2c","name":"CFPMaresme"}]}},"_links":{"self":[{"href":"https:\/\/cfpmaresme.org\/es\/wp-json\/wp\/v2\/posts\/21927","targetHints":{"allow":["GET"]}}],"collection":[{"href":"https:\/\/cfpmaresme.org\/es\/wp-json\/wp\/v2\/posts"}],"about":[{"href":"https:\/\/cfpmaresme.org\/es\/wp-json\/wp\/v2\/types\/post"}],"author":[{"embeddable":true,"href":"https:\/\/cfpmaresme.org\/es\/wp-json\/wp\/v2\/users\/2"}],"replies":[{"embeddable":true,"href":"https:\/\/cfpmaresme.org\/es\/wp-json\/wp\/v2\/comments?post=21927"}],"version-history":[{"count":3,"href":"https:\/\/cfpmaresme.org\/es\/wp-json\/wp\/v2\/posts\/21927\/revisions"}],"predecessor-version":[{"id":22055,"href":"https:\/\/cfpmaresme.org\/es\/wp-json\/wp\/v2\/posts\/21927\/revisions\/22055"}],"wp:featuredmedia":[{"embeddable":true,"href":"https:\/\/cfpmaresme.org\/es\/wp-json\/wp\/v2\/media\/17211"}],"wp:attachment":[{"href":"https:\/\/cfpmaresme.org\/es\/wp-json\/wp\/v2\/media?parent=21927"}],"wp:term":[{"taxonomy":"category","embeddable":true,"href":"https:\/\/cfpmaresme.org\/es\/wp-json\/wp\/v2\/categories?post=21927"},{"taxonomy":"post_tag","embeddable":true,"href":"https:\/\/cfpmaresme.org\/es\/wp-json\/wp\/v2\/tags?post=21927"}],"curies":[{"name":"wp","href":"https:\/\/api.w.org\/{rel}","templated":true}]}}