{"id":21929,"date":"2018-06-29T17:02:52","date_gmt":"2018-06-29T15:02:52","guid":{"rendered":"https:\/\/www.cfpmaresme.org\/?p=21929"},"modified":"2020-10-22T14:17:20","modified_gmt":"2020-10-22T12:17:20","slug":"dos-usuaris-del-cfp-resulten-finalistes-al-certament-fotografic-del-grup-chm-salut-mental","status":"publish","type":"post","link":"https:\/\/cfpmaresme.org\/es\/dos-usuaris-del-cfp-resulten-finalistes-al-certament-fotografic-del-grup-chm-salut-mental\/","title":{"rendered":"Dos usuarios del CFP resultan finalistas en el Certament Fotogr\u00e1fico del grup CHM Salut Mental"},"content":{"rendered":"<p><strong>La entrega de premios, organizada en el Centre C\u00edvic Pati Llimona del Barri G\u00f2tic barcelon\u00e9s tuvo la presencia de dos fot\u00f3grafos que utilizan servicios del CFP\u00a0<\/strong><\/p>\n<p>&nbsp;<\/p>\n<p>Ferran y Amaia, dos usuarios del CFP y fot\u00f3grafos aficionados fueron seleccionados como finalistas del Certamen Fotogr\u00e1fico Anual que organiza la Fundaci\u00f3 Privada Centre d\u2019Higiene Mental Les Corts. Ferran participaba en la disciplina de fotograf\u00edas en blanco y negro mientras que Amaia optaba al premio de fotograf\u00eda en color. Aunque ninguno de los dos result\u00f3 ganador, es importante destacar que fue todo un \u00e9xito llegar a una final donde hab\u00eda solamente una docena de artistas de las m\u00e1s de 120 candidaturas que se presentaron en el concurso.<\/p>\n<p>&nbsp;<\/p>\n<p>El acto de entrega de galardones tuvo lugar en el Centre C\u00edvic Pati Llimona del Barri G\u00f2tic de Barcelona. Fue una ceremonia de una hora de duraci\u00f3n en la que los responsables del Grup CHM Salut Mental dieron las gracias a los participantes y destacaron la calidad de las propuestas que hab\u00edan recibido. En esta edici\u00f3n la tem\u00e1tica escogida era la agua, y as\u00ed lo reflejaban las instant\u00e1neas que se presentaron.<\/p>\n<p>&nbsp;<\/p>\n<p>Ferran Giron\u00e8s aport\u00f3 una foto de un viaje que se hizo recientemente en Oporto donde aparece un charco de agua que refleja una vidriera interior. La titul\u00f3 \u00abReflejo\u00bb. Amaia por su parte, present\u00f3 una imagen llamada \u00abOlas de luz y agua con transparencia\u00bb donde resaltan los colores vivos de la naturaleza.<\/p>\n","protected":false},"excerpt":{"rendered":"<p>La entrega de premios, organizada en el Centre C\u00edvic Pati Llimona del Barri G\u00f2tic barcelon\u00e9s tuvo la presencia de dos fot\u00f3grafos que utilizan servicios del CFP\u00a0 &nbsp; Ferran y Amaia, dos usuarios del CFP y fot\u00f3grafos aficionados fueron seleccionados como finalistas del Certamen Fotogr\u00e1fico Anual&#8230;<\/p>\n","protected":false},"author":2,"featured_media":17189,"comment_status":"open","ping_status":"open","sticky":false,"template":"","format":"standard","meta":{"footnotes":""},"categories":[1234,1187],"tags":[630,900,923,648],"class_list":["post-21929","post","type-post","status-publish","format-standard","has-post-thumbnail","hentry","category-alterarte-es","category-cfp-maresme-es","tag-centre-es","tag-ferran-es","tag-fotografia-es","tag-girones-es"],"yoast_head":"<!-- This site is optimized with the Yoast SEO plugin v27.4 - https:\/\/yoast.com\/product\/yoast-seo-wordpress\/ -->\n<title>Dos usuarios del CFP resultan finalistas en el Certament Fotogr\u00e1fico del grup CHM Salut Mental | CFP Maresme<\/title>\n<meta name=\"robots\" content=\"index, follow, max-snippet:-1, max-image-preview:large, max-video-preview:-1\" \/>\n<link rel=\"canonical\" href=\"https:\/\/cfpmaresme.org\/es\/dos-usuaris-del-cfp-resulten-finalistes-al-certament-fotografic-del-grup-chm-salut-mental\/\" \/>\n<meta property=\"og:locale\" content=\"es_ES\" \/>\n<meta property=\"og:type\" content=\"article\" \/>\n<meta property=\"og:title\" content=\"Dos usuarios del CFP resultan finalistas en el Certament Fotogr\u00e1fico del grup CHM Salut Mental | CFP Maresme\" \/>\n<meta property=\"og:description\" content=\"La entrega de premios, organizada en el Centre C\u00edvic Pati Llimona del Barri G\u00f2tic barcelon\u00e9s tuvo la presencia de dos fot\u00f3grafos que utilizan servicios del CFP\u00a0 &nbsp; Ferran y Amaia, dos usuarios del CFP y fot\u00f3grafos aficionados fueron seleccionados como finalistas del Certamen Fotogr\u00e1fico Anual...\" \/>\n<meta property=\"og:url\" content=\"https:\/\/cfpmaresme.org\/es\/dos-usuaris-del-cfp-resulten-finalistes-al-certament-fotografic-del-grup-chm-salut-mental\/\" \/>\n<meta property=\"og:site_name\" content=\"CFP Maresme\" \/>\n<meta property=\"article:published_time\" content=\"2018-06-29T15:02:52+00:00\" \/>\n<meta property=\"article:modified_time\" content=\"2020-10-22T12:17:20+00:00\" \/>\n<meta property=\"og:image\" content=\"https:\/\/cfpmaresme.org\/wp-content\/uploads\/2019\/01\/2019-06-29.png\" \/>\n\t<meta property=\"og:image:width\" content=\"584\" \/>\n\t<meta property=\"og:image:height\" content=\"330\" \/>\n\t<meta property=\"og:image:type\" content=\"image\/png\" \/>\n<meta name=\"author\" content=\"CFPMaresme\" \/>\n<meta name=\"twitter:card\" content=\"summary_large_image\" \/>\n<meta name=\"twitter:creator\" content=\"@cfpmaresme\" \/>\n<meta name=\"twitter:site\" content=\"@cfpmaresme\" \/>\n<meta name=\"twitter:label1\" content=\"Escrito por\" \/>\n\t<meta name=\"twitter:data1\" content=\"CFPMaresme\" \/>\n\t<meta name=\"twitter:label2\" content=\"Tiempo de lectura\" \/>\n\t<meta name=\"twitter:data2\" content=\"1 minuto\" \/>\n<script type=\"application\/ld+json\" class=\"yoast-schema-graph\">{\"@context\":\"https:\\\/\\\/schema.org\",\"@graph\":[{\"@type\":\"Article\",\"@id\":\"https:\\\/\\\/cfpmaresme.org\\\/es\\\/dos-usuaris-del-cfp-resulten-finalistes-al-certament-fotografic-del-grup-chm-salut-mental\\\/#article\",\"isPartOf\":{\"@id\":\"https:\\\/\\\/cfpmaresme.org\\\/es\\\/dos-usuaris-del-cfp-resulten-finalistes-al-certament-fotografic-del-grup-chm-salut-mental\\\/\"},\"author\":{\"name\":\"CFPMaresme\",\"@id\":\"https:\\\/\\\/cfpmaresme.org\\\/#\\\/schema\\\/person\\\/b2634bcd796fafc667ea4055f61b9b2c\"},\"headline\":\"Dos usuarios del CFP resultan finalistas en el Certament Fotogr\u00e1fico del grup CHM Salut Mental\",\"datePublished\":\"2018-06-29T15:02:52+00:00\",\"dateModified\":\"2020-10-22T12:17:20+00:00\",\"mainEntityOfPage\":{\"@id\":\"https:\\\/\\\/cfpmaresme.org\\\/es\\\/dos-usuaris-del-cfp-resulten-finalistes-al-certament-fotografic-del-grup-chm-salut-mental\\\/\"},\"wordCount\":272,\"commentCount\":0,\"image\":{\"@id\":\"https:\\\/\\\/cfpmaresme.org\\\/es\\\/dos-usuaris-del-cfp-resulten-finalistes-al-certament-fotografic-del-grup-chm-salut-mental\\\/#primaryimage\"},\"thumbnailUrl\":\"https:\\\/\\\/cfpmaresme.org\\\/wp-content\\\/uploads\\\/2019\\\/01\\\/2019-06-29.png\",\"keywords\":[\"centre\",\"ferran\",\"fotografia\",\"giron\u00e8s\"],\"articleSection\":[\"Alterarte\",\"CFP Maresme\"],\"inLanguage\":\"es\"},{\"@type\":\"WebPage\",\"@id\":\"https:\\\/\\\/cfpmaresme.org\\\/es\\\/dos-usuaris-del-cfp-resulten-finalistes-al-certament-fotografic-del-grup-chm-salut-mental\\\/\",\"url\":\"https:\\\/\\\/cfpmaresme.org\\\/es\\\/dos-usuaris-del-cfp-resulten-finalistes-al-certament-fotografic-del-grup-chm-salut-mental\\\/\",\"name\":\"Dos usuarios del CFP resultan finalistas en el Certament Fotogr\u00e1fico del grup CHM Salut Mental | CFP Maresme\",\"isPartOf\":{\"@id\":\"https:\\\/\\\/cfpmaresme.org\\\/#website\"},\"primaryImageOfPage\":{\"@id\":\"https:\\\/\\\/cfpmaresme.org\\\/es\\\/dos-usuaris-del-cfp-resulten-finalistes-al-certament-fotografic-del-grup-chm-salut-mental\\\/#primaryimage\"},\"image\":{\"@id\":\"https:\\\/\\\/cfpmaresme.org\\\/es\\\/dos-usuaris-del-cfp-resulten-finalistes-al-certament-fotografic-del-grup-chm-salut-mental\\\/#primaryimage\"},\"thumbnailUrl\":\"https:\\\/\\\/cfpmaresme.org\\\/wp-content\\\/uploads\\\/2019\\\/01\\\/2019-06-29.png\",\"datePublished\":\"2018-06-29T15:02:52+00:00\",\"dateModified\":\"2020-10-22T12:17:20+00:00\",\"author\":{\"@id\":\"https:\\\/\\\/cfpmaresme.org\\\/#\\\/schema\\\/person\\\/b2634bcd796fafc667ea4055f61b9b2c\"},\"breadcrumb\":{\"@id\":\"https:\\\/\\\/cfpmaresme.org\\\/es\\\/dos-usuaris-del-cfp-resulten-finalistes-al-certament-fotografic-del-grup-chm-salut-mental\\\/#breadcrumb\"},\"inLanguage\":\"es\",\"potentialAction\":[{\"@type\":\"ReadAction\",\"target\":[\"https:\\\/\\\/cfpmaresme.org\\\/es\\\/dos-usuaris-del-cfp-resulten-finalistes-al-certament-fotografic-del-grup-chm-salut-mental\\\/\"]}]},{\"@type\":\"ImageObject\",\"inLanguage\":\"es\",\"@id\":\"https:\\\/\\\/cfpmaresme.org\\\/es\\\/dos-usuaris-del-cfp-resulten-finalistes-al-certament-fotografic-del-grup-chm-salut-mental\\\/#primaryimage\",\"url\":\"https:\\\/\\\/cfpmaresme.org\\\/wp-content\\\/uploads\\\/2019\\\/01\\\/2019-06-29.png\",\"contentUrl\":\"https:\\\/\\\/cfpmaresme.org\\\/wp-content\\\/uploads\\\/2019\\\/01\\\/2019-06-29.png\",\"width\":584,\"height\":330},{\"@type\":\"BreadcrumbList\",\"@id\":\"https:\\\/\\\/cfpmaresme.org\\\/es\\\/dos-usuaris-del-cfp-resulten-finalistes-al-certament-fotografic-del-grup-chm-salut-mental\\\/#breadcrumb\",\"itemListElement\":[{\"@type\":\"ListItem\",\"position\":1,\"name\":\"Home\",\"item\":\"https:\\\/\\\/cfpmaresme.org\\\/es\\\/\"},{\"@type\":\"ListItem\",\"position\":2,\"name\":\"Dos usuarios del CFP resultan finalistas en el Certament Fotogr\u00e1fico del grup CHM Salut Mental\"}]},{\"@type\":\"WebSite\",\"@id\":\"https:\\\/\\\/cfpmaresme.org\\\/#website\",\"url\":\"https:\\\/\\\/cfpmaresme.org\\\/\",\"name\":\"CFP Maresme\",\"description\":\"Centre Formaci\u00f3 Prevenci\u00f3\",\"potentialAction\":[{\"@type\":\"SearchAction\",\"target\":{\"@type\":\"EntryPoint\",\"urlTemplate\":\"https:\\\/\\\/cfpmaresme.org\\\/?s={search_term_string}\"},\"query-input\":{\"@type\":\"PropertyValueSpecification\",\"valueRequired\":true,\"valueName\":\"search_term_string\"}}],\"inLanguage\":\"es\"},{\"@type\":\"Person\",\"@id\":\"https:\\\/\\\/cfpmaresme.org\\\/#\\\/schema\\\/person\\\/b2634bcd796fafc667ea4055f61b9b2c\",\"name\":\"CFPMaresme\"}]}<\/script>\n<!-- \/ Yoast SEO plugin. -->","yoast_head_json":{"title":"Dos usuarios del CFP resultan finalistas en el Certament Fotogr\u00e1fico del grup CHM Salut Mental | CFP Maresme","robots":{"index":"index","follow":"follow","max-snippet":"max-snippet:-1","max-image-preview":"max-image-preview:large","max-video-preview":"max-video-preview:-1"},"canonical":"https:\/\/cfpmaresme.org\/es\/dos-usuaris-del-cfp-resulten-finalistes-al-certament-fotografic-del-grup-chm-salut-mental\/","og_locale":"es_ES","og_type":"article","og_title":"Dos usuarios del CFP resultan finalistas en el Certament Fotogr\u00e1fico del grup CHM Salut Mental | CFP Maresme","og_description":"La entrega de premios, organizada en el Centre C\u00edvic Pati Llimona del Barri G\u00f2tic barcelon\u00e9s tuvo la presencia de dos fot\u00f3grafos que utilizan servicios del CFP\u00a0 &nbsp; Ferran y Amaia, dos usuarios del CFP y fot\u00f3grafos aficionados fueron seleccionados como finalistas del Certamen Fotogr\u00e1fico Anual...","og_url":"https:\/\/cfpmaresme.org\/es\/dos-usuaris-del-cfp-resulten-finalistes-al-certament-fotografic-del-grup-chm-salut-mental\/","og_site_name":"CFP Maresme","article_published_time":"2018-06-29T15:02:52+00:00","article_modified_time":"2020-10-22T12:17:20+00:00","og_image":[{"width":584,"height":330,"url":"https:\/\/cfpmaresme.org\/wp-content\/uploads\/2019\/01\/2019-06-29.png","type":"image\/png"}],"author":"CFPMaresme","twitter_card":"summary_large_image","twitter_creator":"@cfpmaresme","twitter_site":"@cfpmaresme","twitter_misc":{"Escrito por":"CFPMaresme","Tiempo de lectura":"1 minuto"},"schema":{"@context":"https:\/\/schema.org","@graph":[{"@type":"Article","@id":"https:\/\/cfpmaresme.org\/es\/dos-usuaris-del-cfp-resulten-finalistes-al-certament-fotografic-del-grup-chm-salut-mental\/#article","isPartOf":{"@id":"https:\/\/cfpmaresme.org\/es\/dos-usuaris-del-cfp-resulten-finalistes-al-certament-fotografic-del-grup-chm-salut-mental\/"},"author":{"name":"CFPMaresme","@id":"https:\/\/cfpmaresme.org\/#\/schema\/person\/b2634bcd796fafc667ea4055f61b9b2c"},"headline":"Dos usuarios del CFP resultan finalistas en el Certament Fotogr\u00e1fico del grup CHM Salut Mental","datePublished":"2018-06-29T15:02:52+00:00","dateModified":"2020-10-22T12:17:20+00:00","mainEntityOfPage":{"@id":"https:\/\/cfpmaresme.org\/es\/dos-usuaris-del-cfp-resulten-finalistes-al-certament-fotografic-del-grup-chm-salut-mental\/"},"wordCount":272,"commentCount":0,"image":{"@id":"https:\/\/cfpmaresme.org\/es\/dos-usuaris-del-cfp-resulten-finalistes-al-certament-fotografic-del-grup-chm-salut-mental\/#primaryimage"},"thumbnailUrl":"https:\/\/cfpmaresme.org\/wp-content\/uploads\/2019\/01\/2019-06-29.png","keywords":["centre","ferran","fotografia","giron\u00e8s"],"articleSection":["Alterarte","CFP Maresme"],"inLanguage":"es"},{"@type":"WebPage","@id":"https:\/\/cfpmaresme.org\/es\/dos-usuaris-del-cfp-resulten-finalistes-al-certament-fotografic-del-grup-chm-salut-mental\/","url":"https:\/\/cfpmaresme.org\/es\/dos-usuaris-del-cfp-resulten-finalistes-al-certament-fotografic-del-grup-chm-salut-mental\/","name":"Dos usuarios del CFP resultan finalistas en el Certament Fotogr\u00e1fico del grup CHM Salut Mental | CFP Maresme","isPartOf":{"@id":"https:\/\/cfpmaresme.org\/#website"},"primaryImageOfPage":{"@id":"https:\/\/cfpmaresme.org\/es\/dos-usuaris-del-cfp-resulten-finalistes-al-certament-fotografic-del-grup-chm-salut-mental\/#primaryimage"},"image":{"@id":"https:\/\/cfpmaresme.org\/es\/dos-usuaris-del-cfp-resulten-finalistes-al-certament-fotografic-del-grup-chm-salut-mental\/#primaryimage"},"thumbnailUrl":"https:\/\/cfpmaresme.org\/wp-content\/uploads\/2019\/01\/2019-06-29.png","datePublished":"2018-06-29T15:02:52+00:00","dateModified":"2020-10-22T12:17:20+00:00","author":{"@id":"https:\/\/cfpmaresme.org\/#\/schema\/person\/b2634bcd796fafc667ea4055f61b9b2c"},"breadcrumb":{"@id":"https:\/\/cfpmaresme.org\/es\/dos-usuaris-del-cfp-resulten-finalistes-al-certament-fotografic-del-grup-chm-salut-mental\/#breadcrumb"},"inLanguage":"es","potentialAction":[{"@type":"ReadAction","target":["https:\/\/cfpmaresme.org\/es\/dos-usuaris-del-cfp-resulten-finalistes-al-certament-fotografic-del-grup-chm-salut-mental\/"]}]},{"@type":"ImageObject","inLanguage":"es","@id":"https:\/\/cfpmaresme.org\/es\/dos-usuaris-del-cfp-resulten-finalistes-al-certament-fotografic-del-grup-chm-salut-mental\/#primaryimage","url":"https:\/\/cfpmaresme.org\/wp-content\/uploads\/2019\/01\/2019-06-29.png","contentUrl":"https:\/\/cfpmaresme.org\/wp-content\/uploads\/2019\/01\/2019-06-29.png","width":584,"height":330},{"@type":"BreadcrumbList","@id":"https:\/\/cfpmaresme.org\/es\/dos-usuaris-del-cfp-resulten-finalistes-al-certament-fotografic-del-grup-chm-salut-mental\/#breadcrumb","itemListElement":[{"@type":"ListItem","position":1,"name":"Home","item":"https:\/\/cfpmaresme.org\/es\/"},{"@type":"ListItem","position":2,"name":"Dos usuarios del CFP resultan finalistas en el Certament Fotogr\u00e1fico del grup CHM Salut Mental"}]},{"@type":"WebSite","@id":"https:\/\/cfpmaresme.org\/#website","url":"https:\/\/cfpmaresme.org\/","name":"CFP Maresme","description":"Centre Formaci\u00f3 Prevenci\u00f3","potentialAction":[{"@type":"SearchAction","target":{"@type":"EntryPoint","urlTemplate":"https:\/\/cfpmaresme.org\/?s={search_term_string}"},"query-input":{"@type":"PropertyValueSpecification","valueRequired":true,"valueName":"search_term_string"}}],"inLanguage":"es"},{"@type":"Person","@id":"https:\/\/cfpmaresme.org\/#\/schema\/person\/b2634bcd796fafc667ea4055f61b9b2c","name":"CFPMaresme"}]}},"_links":{"self":[{"href":"https:\/\/cfpmaresme.org\/es\/wp-json\/wp\/v2\/posts\/21929","targetHints":{"allow":["GET"]}}],"collection":[{"href":"https:\/\/cfpmaresme.org\/es\/wp-json\/wp\/v2\/posts"}],"about":[{"href":"https:\/\/cfpmaresme.org\/es\/wp-json\/wp\/v2\/types\/post"}],"author":[{"embeddable":true,"href":"https:\/\/cfpmaresme.org\/es\/wp-json\/wp\/v2\/users\/2"}],"replies":[{"embeddable":true,"href":"https:\/\/cfpmaresme.org\/es\/wp-json\/wp\/v2\/comments?post=21929"}],"version-history":[{"count":4,"href":"https:\/\/cfpmaresme.org\/es\/wp-json\/wp\/v2\/posts\/21929\/revisions"}],"predecessor-version":[{"id":22089,"href":"https:\/\/cfpmaresme.org\/es\/wp-json\/wp\/v2\/posts\/21929\/revisions\/22089"}],"wp:featuredmedia":[{"embeddable":true,"href":"https:\/\/cfpmaresme.org\/es\/wp-json\/wp\/v2\/media\/17189"}],"wp:attachment":[{"href":"https:\/\/cfpmaresme.org\/es\/wp-json\/wp\/v2\/media?parent=21929"}],"wp:term":[{"taxonomy":"category","embeddable":true,"href":"https:\/\/cfpmaresme.org\/es\/wp-json\/wp\/v2\/categories?post=21929"},{"taxonomy":"post_tag","embeddable":true,"href":"https:\/\/cfpmaresme.org\/es\/wp-json\/wp\/v2\/tags?post=21929"}],"curies":[{"name":"wp","href":"https:\/\/api.w.org\/{rel}","templated":true}]}}