{"id":21931,"date":"2018-06-18T17:04:48","date_gmt":"2018-06-18T15:04:48","guid":{"rendered":"https:\/\/www.cfpmaresme.org\/?p=21931"},"modified":"2022-05-24T09:57:34","modified_gmt":"2022-05-24T07:57:34","slug":"entrevista-volem-donar-veu-als-programes-comunitaris-que-treballin-pel-benestar-de-les-persones","status":"publish","type":"post","link":"https:\/\/cfpmaresme.org\/es\/entrevista-volem-donar-veu-als-programes-comunitaris-que-treballin-pel-benestar-de-les-persones\/","title":{"rendered":"Entrevista: \u00abQueremos dar voz a los programas comunitarios que trabajen por el bienestar de las personas\u00bb"},"content":{"rendered":"<p><strong>Carme Altay\u00f3, responsable de Iniciativas Sociales de la Fundaci\u00f3n Hospital Sant Jaume i Santa Magdalena de Matar\u00f3 nos recibi\u00f3 en su sede de la calle Sant Pelegr\u00ed de Matar\u00f3 para mostrarnos la primera exposici\u00f3n del programa Alterarte en este espacio. Con ella hablamos sobre esta colaboraci\u00f3n, sobre la funci\u00f3n integradora de los programas comunitarios y sobre el papel que desarrolla la Fundaci\u00f3 Hospital en el tejido de asociaciones sociosanitarias de Matar\u00f3 y el Maresme.\u00a0<\/strong><\/p>\n<p>&nbsp;<\/p>\n<p><strong>\u00bfC\u00f3mo surgi\u00f3 la idea de presentar una exposici\u00f3n de Alterarte aqu\u00ed en la Fundaci\u00f3 Hospital?<\/strong><\/p>\n<p>Quer\u00edamos empezar a vincular los programas comunitarios de car\u00e1cter social a crear v\u00ednculo porque tuviesen lugar en la Fundaci\u00f3 Hospital. Nos pusimos en contacto con Alterarte para colaborar porque tambi\u00e9n estamos muy a favor de romper el estigma. En actividades como esta, los participantes no son personas con una enfermedad sino artistas. Todas la propuestas que puedan crear espacio comunitario, conocimiento com\u00fan mutuo e interrelaci\u00f3n son bienvenidas y queremos abrirnos a la ciudadan\u00eda y el resto de asociaciones.<\/p>\n<p>&nbsp;<\/p>\n<p><strong>\u00bfC\u00f3mo est\u00e1is gestionando ese tipo de colaboraciones?\u00a0<\/strong><\/p>\n<p>Queremos ser un punto de referencia del asociacionismo de \u00e1mbito sociosanitario de Matar\u00f3 y Maresme. Estamos haciendo un cambio a nivel del Cl\u00faster d\u2019Entitats Solid\u00e0ries, que naci\u00f3 hace 10 a\u00f1os con el nombre de Hotel d\u2019Entitats, donde hay asociaciones de personas con diversas enfermedades y sus familiares. Queremos potenciar toda la parte m\u00e1s social, que corresponde muchas veces a la familia. Est\u00e1 la parte sanitaria que se encarga de este tema, pero la parte social requiere de mucho soporte. Se quiere poner en valor esta tarea de las asociaciones y buscar m\u00e1s entidades con objetivos comunes para crecer conjuntamente, compartir conocimiento, hacer proyectos conjuntos.<\/p>\n<p>&nbsp;<\/p>\n<p><strong>\u00bfEs la primera exposici\u00f3n de arte que hac\u00e9is?\u00a0\u00a0<\/strong><\/p>\n<p>S\u00ed, aunque se hab\u00edan hecho exposiciones de otro tipo con colectivos de salud mental y otros. Queremos dar voz a los programas comunitarios que trabajen por el bienestar de las personas. Tenemos un espacio para hacerlo y el arte es una forma terap\u00e9utica en muchos procesos de enfermedad. Si existen estos programas, tenemos que poder ceder este espacio. Pero no solamente es dejar el espacio, sino colaborar en sensibilizar, en hacer educaci\u00f3n. Interrelacionarse y colaborar para darnos voz entre todos.<\/p>\n<p>&nbsp;<\/p>\n<p><strong>\u00bfQu\u00e9 beneficios crees que tiene la expresi\u00f3n art\u00edstica en la salud mental?\u00a0<\/strong><\/p>\n<p>El arte aporta mucho. Es una manera de plasmar en una imagen una emoci\u00f3n, un tiempo de desconnexi\u00f3n, descubrir habilidades nuevas, crear y mostrar a los otros\u00a0 esta creaci\u00f3n. Cuando esto se hace, se deviene artista. Tambi\u00e9n significa ser proactivo, no quedarse con la queja constante. Yo puedo crear, puedo expresar. Hay profesionales haciendo un gran trabajo en este \u00e1mbito. Es una manera de que una persona pueda hacer una vida normalizada con el soporte necesario para que sea as\u00ed.<\/p>\n<p>&nbsp;<\/p>\n<p><strong>\u00bfTe han gustado las obras que han expuesto los compa\u00f1eros de Alterarte?<\/strong><\/p>\n<p>Me han gustado mucho porque al ser obras de un colectivo, hay una parte de ayuda mutua. No llevamos solo un artista con una gran experiencia (aunque tambi\u00e9n est\u00e1 muy bien), sino que es una colaboraci\u00f3n de diversos artistas con diferentes t\u00e9cnicas y niveles. Tambi\u00e9n hay dos obras que son fotograf\u00edas y es una disciplina diferente. Son im\u00e1genes que rompen estigmas. Los vi muy ilusionados montando la exposici\u00f3n, opinando sobre donde poner los cuadros. Los vi con muchas ganas. Esta muestra aporta color, otra manera de hacer las cosas, un nuevo punto de vista.<\/p>\n<p>&nbsp;<\/p>\n<p><strong>\u00bfSeguir\u00e9is colaborando con\u00a0 Alterarte i el Centre de Formaci\u00f3 i Prevenci\u00f3 en el futuro?<\/strong><\/p>\n<p>S\u00ed, i tanto. Nosotros tenemos un espacio que podemos ceder y actualmente el arte se est\u00e1 utilizando mucho como herramienta terap\u00e9utica, para romper el estigma, visualizar las emociones y procesos que pasan las personas. Creemos que es importante poder dar voz a esta parte de arte y salud. Buscamos proyectos solidarios como Alterarte que busquen el bienestar de estas personas. Cualquier propuesta es escuchada. Con este aspecto las dos entidades nos ponemos facilidades.<\/p>\n","protected":false},"excerpt":{"rendered":"<p>Carme Altay\u00f3, responsable de Iniciativas Sociales de la Fundaci\u00f3n Hospital Sant Jaume i Santa Magdalena de Matar\u00f3 nos recibi\u00f3 en su sede de la calle Sant Pelegr\u00ed de Matar\u00f3 para mostrarnos la primera exposici\u00f3n del programa Alterarte en este espacio. Con ella hablamos sobre esta&#8230;<\/p>\n","protected":false},"author":2,"featured_media":17185,"comment_status":"open","ping_status":"open","sticky":false,"template":"","format":"standard","meta":{"footnotes":""},"categories":[1258],"tags":[619,781],"class_list":["post-21931","post","type-post","status-publish","format-standard","has-post-thumbnail","hentry","category-entrevistas","tag-programes-es","tag-quadres-es"],"yoast_head":"<!-- This site is optimized with the Yoast SEO plugin v27.4 - https:\/\/yoast.com\/product\/yoast-seo-wordpress\/ -->\n<title>Entrevista: &quot;Queremos dar voz a los programas comunitarios que trabajen por el bienestar de las personas&quot; | CFP Maresme<\/title>\n<meta name=\"robots\" content=\"index, follow, max-snippet:-1, max-image-preview:large, max-video-preview:-1\" \/>\n<link rel=\"canonical\" href=\"https:\/\/cfpmaresme.org\/es\/entrevista-volem-donar-veu-als-programes-comunitaris-que-treballin-pel-benestar-de-les-persones\/\" \/>\n<meta property=\"og:locale\" content=\"es_ES\" \/>\n<meta property=\"og:type\" content=\"article\" \/>\n<meta property=\"og:title\" content=\"Entrevista: &quot;Queremos dar voz a los programas comunitarios que trabajen por el bienestar de las personas&quot; | CFP Maresme\" \/>\n<meta property=\"og:description\" content=\"Carme Altay\u00f3, responsable de Iniciativas Sociales de la Fundaci\u00f3n Hospital Sant Jaume i Santa Magdalena de Matar\u00f3 nos recibi\u00f3 en su sede de la calle Sant Pelegr\u00ed de Matar\u00f3 para mostrarnos la primera exposici\u00f3n del programa Alterarte en este espacio. Con ella hablamos sobre esta...\" \/>\n<meta property=\"og:url\" content=\"https:\/\/cfpmaresme.org\/es\/entrevista-volem-donar-veu-als-programes-comunitaris-que-treballin-pel-benestar-de-les-persones\/\" \/>\n<meta property=\"og:site_name\" content=\"CFP Maresme\" \/>\n<meta property=\"article:published_time\" content=\"2018-06-18T15:04:48+00:00\" \/>\n<meta property=\"article:modified_time\" content=\"2022-05-24T07:57:34+00:00\" \/>\n<meta property=\"og:image\" content=\"https:\/\/cfpmaresme.org\/wp-content\/uploads\/2019\/01\/2018-06-19.png\" \/>\n\t<meta property=\"og:image:width\" content=\"584\" \/>\n\t<meta property=\"og:image:height\" content=\"328\" \/>\n\t<meta property=\"og:image:type\" content=\"image\/png\" \/>\n<meta name=\"author\" content=\"CFPMaresme\" \/>\n<meta name=\"twitter:card\" content=\"summary_large_image\" \/>\n<meta name=\"twitter:creator\" content=\"@cfpmaresme\" \/>\n<meta name=\"twitter:site\" content=\"@cfpmaresme\" \/>\n<meta name=\"twitter:label1\" content=\"Escrito por\" \/>\n\t<meta name=\"twitter:data1\" content=\"CFPMaresme\" \/>\n\t<meta name=\"twitter:label2\" content=\"Tiempo de lectura\" \/>\n\t<meta name=\"twitter:data2\" content=\"3 minutos\" \/>\n<script type=\"application\/ld+json\" class=\"yoast-schema-graph\">{\"@context\":\"https:\\\/\\\/schema.org\",\"@graph\":[{\"@type\":\"Article\",\"@id\":\"https:\\\/\\\/cfpmaresme.org\\\/es\\\/entrevista-volem-donar-veu-als-programes-comunitaris-que-treballin-pel-benestar-de-les-persones\\\/#article\",\"isPartOf\":{\"@id\":\"https:\\\/\\\/cfpmaresme.org\\\/es\\\/entrevista-volem-donar-veu-als-programes-comunitaris-que-treballin-pel-benestar-de-les-persones\\\/\"},\"author\":{\"name\":\"CFPMaresme\",\"@id\":\"https:\\\/\\\/cfpmaresme.org\\\/#\\\/schema\\\/person\\\/b2634bcd796fafc667ea4055f61b9b2c\"},\"headline\":\"Entrevista: \u00abQueremos dar voz a los programas comunitarios que trabajen por el bienestar de las personas\u00bb\",\"datePublished\":\"2018-06-18T15:04:48+00:00\",\"dateModified\":\"2022-05-24T07:57:34+00:00\",\"mainEntityOfPage\":{\"@id\":\"https:\\\/\\\/cfpmaresme.org\\\/es\\\/entrevista-volem-donar-veu-als-programes-comunitaris-que-treballin-pel-benestar-de-les-persones\\\/\"},\"wordCount\":715,\"commentCount\":0,\"image\":{\"@id\":\"https:\\\/\\\/cfpmaresme.org\\\/es\\\/entrevista-volem-donar-veu-als-programes-comunitaris-que-treballin-pel-benestar-de-les-persones\\\/#primaryimage\"},\"thumbnailUrl\":\"https:\\\/\\\/cfpmaresme.org\\\/wp-content\\\/uploads\\\/2019\\\/01\\\/2018-06-19.png\",\"keywords\":[\"programes\",\"quadres\"],\"articleSection\":[\"Entrevistas\"],\"inLanguage\":\"es\"},{\"@type\":\"WebPage\",\"@id\":\"https:\\\/\\\/cfpmaresme.org\\\/es\\\/entrevista-volem-donar-veu-als-programes-comunitaris-que-treballin-pel-benestar-de-les-persones\\\/\",\"url\":\"https:\\\/\\\/cfpmaresme.org\\\/es\\\/entrevista-volem-donar-veu-als-programes-comunitaris-que-treballin-pel-benestar-de-les-persones\\\/\",\"name\":\"Entrevista: \\\"Queremos dar voz a los programas comunitarios que trabajen por el bienestar de las personas\\\" | CFP Maresme\",\"isPartOf\":{\"@id\":\"https:\\\/\\\/cfpmaresme.org\\\/#website\"},\"primaryImageOfPage\":{\"@id\":\"https:\\\/\\\/cfpmaresme.org\\\/es\\\/entrevista-volem-donar-veu-als-programes-comunitaris-que-treballin-pel-benestar-de-les-persones\\\/#primaryimage\"},\"image\":{\"@id\":\"https:\\\/\\\/cfpmaresme.org\\\/es\\\/entrevista-volem-donar-veu-als-programes-comunitaris-que-treballin-pel-benestar-de-les-persones\\\/#primaryimage\"},\"thumbnailUrl\":\"https:\\\/\\\/cfpmaresme.org\\\/wp-content\\\/uploads\\\/2019\\\/01\\\/2018-06-19.png\",\"datePublished\":\"2018-06-18T15:04:48+00:00\",\"dateModified\":\"2022-05-24T07:57:34+00:00\",\"author\":{\"@id\":\"https:\\\/\\\/cfpmaresme.org\\\/#\\\/schema\\\/person\\\/b2634bcd796fafc667ea4055f61b9b2c\"},\"breadcrumb\":{\"@id\":\"https:\\\/\\\/cfpmaresme.org\\\/es\\\/entrevista-volem-donar-veu-als-programes-comunitaris-que-treballin-pel-benestar-de-les-persones\\\/#breadcrumb\"},\"inLanguage\":\"es\",\"potentialAction\":[{\"@type\":\"ReadAction\",\"target\":[\"https:\\\/\\\/cfpmaresme.org\\\/es\\\/entrevista-volem-donar-veu-als-programes-comunitaris-que-treballin-pel-benestar-de-les-persones\\\/\"]}]},{\"@type\":\"ImageObject\",\"inLanguage\":\"es\",\"@id\":\"https:\\\/\\\/cfpmaresme.org\\\/es\\\/entrevista-volem-donar-veu-als-programes-comunitaris-que-treballin-pel-benestar-de-les-persones\\\/#primaryimage\",\"url\":\"https:\\\/\\\/cfpmaresme.org\\\/wp-content\\\/uploads\\\/2019\\\/01\\\/2018-06-19.png\",\"contentUrl\":\"https:\\\/\\\/cfpmaresme.org\\\/wp-content\\\/uploads\\\/2019\\\/01\\\/2018-06-19.png\",\"width\":584,\"height\":328},{\"@type\":\"BreadcrumbList\",\"@id\":\"https:\\\/\\\/cfpmaresme.org\\\/es\\\/entrevista-volem-donar-veu-als-programes-comunitaris-que-treballin-pel-benestar-de-les-persones\\\/#breadcrumb\",\"itemListElement\":[{\"@type\":\"ListItem\",\"position\":1,\"name\":\"Home\",\"item\":\"https:\\\/\\\/cfpmaresme.org\\\/es\\\/\"},{\"@type\":\"ListItem\",\"position\":2,\"name\":\"Entrevista: \u00abQueremos dar voz a los programas comunitarios que trabajen por el bienestar de las personas\u00bb\"}]},{\"@type\":\"WebSite\",\"@id\":\"https:\\\/\\\/cfpmaresme.org\\\/#website\",\"url\":\"https:\\\/\\\/cfpmaresme.org\\\/\",\"name\":\"CFP Maresme\",\"description\":\"Centre Formaci\u00f3 Prevenci\u00f3\",\"potentialAction\":[{\"@type\":\"SearchAction\",\"target\":{\"@type\":\"EntryPoint\",\"urlTemplate\":\"https:\\\/\\\/cfpmaresme.org\\\/?s={search_term_string}\"},\"query-input\":{\"@type\":\"PropertyValueSpecification\",\"valueRequired\":true,\"valueName\":\"search_term_string\"}}],\"inLanguage\":\"es\"},{\"@type\":\"Person\",\"@id\":\"https:\\\/\\\/cfpmaresme.org\\\/#\\\/schema\\\/person\\\/b2634bcd796fafc667ea4055f61b9b2c\",\"name\":\"CFPMaresme\"}]}<\/script>\n<!-- \/ Yoast SEO plugin. -->","yoast_head_json":{"title":"Entrevista: \"Queremos dar voz a los programas comunitarios que trabajen por el bienestar de las personas\" | CFP Maresme","robots":{"index":"index","follow":"follow","max-snippet":"max-snippet:-1","max-image-preview":"max-image-preview:large","max-video-preview":"max-video-preview:-1"},"canonical":"https:\/\/cfpmaresme.org\/es\/entrevista-volem-donar-veu-als-programes-comunitaris-que-treballin-pel-benestar-de-les-persones\/","og_locale":"es_ES","og_type":"article","og_title":"Entrevista: \"Queremos dar voz a los programas comunitarios que trabajen por el bienestar de las personas\" | CFP Maresme","og_description":"Carme Altay\u00f3, responsable de Iniciativas Sociales de la Fundaci\u00f3n Hospital Sant Jaume i Santa Magdalena de Matar\u00f3 nos recibi\u00f3 en su sede de la calle Sant Pelegr\u00ed de Matar\u00f3 para mostrarnos la primera exposici\u00f3n del programa Alterarte en este espacio. Con ella hablamos sobre esta...","og_url":"https:\/\/cfpmaresme.org\/es\/entrevista-volem-donar-veu-als-programes-comunitaris-que-treballin-pel-benestar-de-les-persones\/","og_site_name":"CFP Maresme","article_published_time":"2018-06-18T15:04:48+00:00","article_modified_time":"2022-05-24T07:57:34+00:00","og_image":[{"width":584,"height":328,"url":"https:\/\/cfpmaresme.org\/wp-content\/uploads\/2019\/01\/2018-06-19.png","type":"image\/png"}],"author":"CFPMaresme","twitter_card":"summary_large_image","twitter_creator":"@cfpmaresme","twitter_site":"@cfpmaresme","twitter_misc":{"Escrito por":"CFPMaresme","Tiempo de lectura":"3 minutos"},"schema":{"@context":"https:\/\/schema.org","@graph":[{"@type":"Article","@id":"https:\/\/cfpmaresme.org\/es\/entrevista-volem-donar-veu-als-programes-comunitaris-que-treballin-pel-benestar-de-les-persones\/#article","isPartOf":{"@id":"https:\/\/cfpmaresme.org\/es\/entrevista-volem-donar-veu-als-programes-comunitaris-que-treballin-pel-benestar-de-les-persones\/"},"author":{"name":"CFPMaresme","@id":"https:\/\/cfpmaresme.org\/#\/schema\/person\/b2634bcd796fafc667ea4055f61b9b2c"},"headline":"Entrevista: \u00abQueremos dar voz a los programas comunitarios que trabajen por el bienestar de las personas\u00bb","datePublished":"2018-06-18T15:04:48+00:00","dateModified":"2022-05-24T07:57:34+00:00","mainEntityOfPage":{"@id":"https:\/\/cfpmaresme.org\/es\/entrevista-volem-donar-veu-als-programes-comunitaris-que-treballin-pel-benestar-de-les-persones\/"},"wordCount":715,"commentCount":0,"image":{"@id":"https:\/\/cfpmaresme.org\/es\/entrevista-volem-donar-veu-als-programes-comunitaris-que-treballin-pel-benestar-de-les-persones\/#primaryimage"},"thumbnailUrl":"https:\/\/cfpmaresme.org\/wp-content\/uploads\/2019\/01\/2018-06-19.png","keywords":["programes","quadres"],"articleSection":["Entrevistas"],"inLanguage":"es"},{"@type":"WebPage","@id":"https:\/\/cfpmaresme.org\/es\/entrevista-volem-donar-veu-als-programes-comunitaris-que-treballin-pel-benestar-de-les-persones\/","url":"https:\/\/cfpmaresme.org\/es\/entrevista-volem-donar-veu-als-programes-comunitaris-que-treballin-pel-benestar-de-les-persones\/","name":"Entrevista: \"Queremos dar voz a los programas comunitarios que trabajen por el bienestar de las personas\" | CFP Maresme","isPartOf":{"@id":"https:\/\/cfpmaresme.org\/#website"},"primaryImageOfPage":{"@id":"https:\/\/cfpmaresme.org\/es\/entrevista-volem-donar-veu-als-programes-comunitaris-que-treballin-pel-benestar-de-les-persones\/#primaryimage"},"image":{"@id":"https:\/\/cfpmaresme.org\/es\/entrevista-volem-donar-veu-als-programes-comunitaris-que-treballin-pel-benestar-de-les-persones\/#primaryimage"},"thumbnailUrl":"https:\/\/cfpmaresme.org\/wp-content\/uploads\/2019\/01\/2018-06-19.png","datePublished":"2018-06-18T15:04:48+00:00","dateModified":"2022-05-24T07:57:34+00:00","author":{"@id":"https:\/\/cfpmaresme.org\/#\/schema\/person\/b2634bcd796fafc667ea4055f61b9b2c"},"breadcrumb":{"@id":"https:\/\/cfpmaresme.org\/es\/entrevista-volem-donar-veu-als-programes-comunitaris-que-treballin-pel-benestar-de-les-persones\/#breadcrumb"},"inLanguage":"es","potentialAction":[{"@type":"ReadAction","target":["https:\/\/cfpmaresme.org\/es\/entrevista-volem-donar-veu-als-programes-comunitaris-que-treballin-pel-benestar-de-les-persones\/"]}]},{"@type":"ImageObject","inLanguage":"es","@id":"https:\/\/cfpmaresme.org\/es\/entrevista-volem-donar-veu-als-programes-comunitaris-que-treballin-pel-benestar-de-les-persones\/#primaryimage","url":"https:\/\/cfpmaresme.org\/wp-content\/uploads\/2019\/01\/2018-06-19.png","contentUrl":"https:\/\/cfpmaresme.org\/wp-content\/uploads\/2019\/01\/2018-06-19.png","width":584,"height":328},{"@type":"BreadcrumbList","@id":"https:\/\/cfpmaresme.org\/es\/entrevista-volem-donar-veu-als-programes-comunitaris-que-treballin-pel-benestar-de-les-persones\/#breadcrumb","itemListElement":[{"@type":"ListItem","position":1,"name":"Home","item":"https:\/\/cfpmaresme.org\/es\/"},{"@type":"ListItem","position":2,"name":"Entrevista: \u00abQueremos dar voz a los programas comunitarios que trabajen por el bienestar de las personas\u00bb"}]},{"@type":"WebSite","@id":"https:\/\/cfpmaresme.org\/#website","url":"https:\/\/cfpmaresme.org\/","name":"CFP Maresme","description":"Centre Formaci\u00f3 Prevenci\u00f3","potentialAction":[{"@type":"SearchAction","target":{"@type":"EntryPoint","urlTemplate":"https:\/\/cfpmaresme.org\/?s={search_term_string}"},"query-input":{"@type":"PropertyValueSpecification","valueRequired":true,"valueName":"search_term_string"}}],"inLanguage":"es"},{"@type":"Person","@id":"https:\/\/cfpmaresme.org\/#\/schema\/person\/b2634bcd796fafc667ea4055f61b9b2c","name":"CFPMaresme"}]}},"_links":{"self":[{"href":"https:\/\/cfpmaresme.org\/es\/wp-json\/wp\/v2\/posts\/21931","targetHints":{"allow":["GET"]}}],"collection":[{"href":"https:\/\/cfpmaresme.org\/es\/wp-json\/wp\/v2\/posts"}],"about":[{"href":"https:\/\/cfpmaresme.org\/es\/wp-json\/wp\/v2\/types\/post"}],"author":[{"embeddable":true,"href":"https:\/\/cfpmaresme.org\/es\/wp-json\/wp\/v2\/users\/2"}],"replies":[{"embeddable":true,"href":"https:\/\/cfpmaresme.org\/es\/wp-json\/wp\/v2\/comments?post=21931"}],"version-history":[{"count":3,"href":"https:\/\/cfpmaresme.org\/es\/wp-json\/wp\/v2\/posts\/21931\/revisions"}],"predecessor-version":[{"id":22072,"href":"https:\/\/cfpmaresme.org\/es\/wp-json\/wp\/v2\/posts\/21931\/revisions\/22072"}],"wp:featuredmedia":[{"embeddable":true,"href":"https:\/\/cfpmaresme.org\/es\/wp-json\/wp\/v2\/media\/17185"}],"wp:attachment":[{"href":"https:\/\/cfpmaresme.org\/es\/wp-json\/wp\/v2\/media?parent=21931"}],"wp:term":[{"taxonomy":"category","embeddable":true,"href":"https:\/\/cfpmaresme.org\/es\/wp-json\/wp\/v2\/categories?post=21931"},{"taxonomy":"post_tag","embeddable":true,"href":"https:\/\/cfpmaresme.org\/es\/wp-json\/wp\/v2\/tags?post=21931"}],"curies":[{"name":"wp","href":"https:\/\/api.w.org\/{rel}","templated":true}]}}