{"id":22058,"date":"2020-10-21T12:04:10","date_gmt":"2020-10-21T10:04:10","guid":{"rendered":"https:\/\/www.cfpmaresme.org\/?p=22058"},"modified":"2020-11-02T17:58:19","modified_gmt":"2020-11-02T15:58:19","slug":"la-terapia-con-cavallos-y-el-empoderamiento-de-las-personas-atendidas-fruto-de-la-potenciacion-de-sus-fortalezas","status":"publish","type":"post","link":"https:\/\/cfpmaresme.org\/es\/la-terapia-con-cavallos-y-el-empoderamiento-de-las-personas-atendidas-fruto-de-la-potenciacion-de-sus-fortalezas\/","title":{"rendered":"La terapia con caballos y el empoderamiento de las personas atendidas fruto de la potenciaci\u00f3n de sus fortalezas"},"content":{"rendered":"<p>El CFP Maresme lleva a cabo un programa terap\u00e9utico con caballos desde hace cinco a\u00f1os. Es una actividad transversal, donde pueden acceder personas usuarias de distintos servicios de la entidad. <strong>Luc\u00eda Pose<\/strong> es <strong>Psic\u00f3loga del Servicio de Rehabilitaci\u00f3n Comunitaria del Maresme<\/strong> y ha sido la encargada del programa de equinoterapia desde su inicio.<\/p>\n<p>Fruto de su experiencia en esta actividad ha realizado un art\u00edculo sobre el\u00a0 <strong><a href=\"\/?p=22033\" target=\"_blank\" rel=\"noopener noreferrer\">\u201cPrograma de intervenci\u00f3n terap\u00e9utica con caballos\u00bb<\/a>. <\/strong>En \u00e9l contextualiza este tipo de intervenci\u00f3n terap\u00e9utica tan utilizada y, a la vez, tan desconocida. As\u00ed, hace un recorrido desde los a\u00f1os 80, cuando se produjo un proceso de transformaci\u00f3n a la atenci\u00f3n a la salud mental: el paso de las instituciones totales a la psiquiatr\u00eda comunitaria. Este cambio supuso velar por el empoderamiento personal y la mejora de su calidad de vida, enfatizando las capacidades y fortalezas de la persona.<\/p>\n<p>As\u00ed mismo, Luc\u00eda tambi\u00e9n expone que, en el trabajo diario con personas con una problem\u00e1tica de salud mental, constatamos que es necesario buscar alternativas que complementen los enfoques puramente m\u00e9dicos y que las terapias asistidas con animales son una opci\u00f3n ideal.<\/p>\n<p><strong>\u00a0<\/strong><\/p>\n<h3>\u00bfPor qu\u00e9 equinoterapia?<\/h3>\n<p>Los caballos son id\u00f3neos para realizar intervenciones terap\u00e9uticas gracias a que tienen unas caracter\u00edsticas que permiten trabajar aspectos personales y sociales. Por ejemplo, como no establecen v\u00ednculos de rivalidad podemos trabajar los miedos y la dificultad ante conflictos y, gracias a sus atributos etol\u00f3gicos, las emociones de las personas. Con todo, hay un efecto de dignificaci\u00f3n de la persona: cualquier puede formar parte del grupo y de la actividad estableciendo una relaci\u00f3n con el caballo.<\/p>\n<h3><\/h3>\n<h3>El Programa de intervenci\u00f3n terap\u00e9utica con caballos<\/h3>\n<p>El caballo vehicula el trabajo de simbolizaci\u00f3n. Es un elemento tercero entre el o la profesional y la persona atendida. Un ser al que transferir sentimientos y vivencias, convertirlas en pensamientos y expresarlas con palabras. Una manera l\u00fadica y relajada de abrirse sin sentirse \u00abdesnudos emocionalmente\u00bb.<\/p>\n<p>Cada sesi\u00f3n consta del cuidado y el contacto con el caballo, promoviendo un rol activo de la persona que crea un v\u00ednculo con el animal con el que se comunica. Como consecuencia de velar por el buen estado del animal deviene la posibilidad de mejorar el propio cuidado, pasando de ser una persona \u201ccuidada\u201d a ser cuidador\/a y compa\u00f1ero\/a.<\/p>\n<p>Pod\u00e9is consultar el art\u00edculo de <a href=\"\/?p=22033\" target=\"_blank\" rel=\"noopener noreferrer\">\u00abPrograma de intervenci\u00f3n terap\u00e9utica con caballos\u00bb<\/a> completo.<\/p>\n<p>&nbsp;<\/p>\n","protected":false},"excerpt":{"rendered":"<p>El CFP Maresme lleva a cabo un programa terap\u00e9utico con caballos desde hace cinco a\u00f1os. Es una actividad transversal, donde pueden acceder personas usuarias de distintos servicios de la entidad. Luc\u00eda Pose es Psic\u00f3loga del Servicio de Rehabilitaci\u00f3n Comunitaria del Maresme y ha sido la&#8230;<\/p>\n","protected":false},"author":2,"featured_media":21984,"comment_status":"open","ping_status":"open","sticky":false,"template":"","format":"standard","meta":{"footnotes":""},"categories":[1187],"tags":[],"class_list":["post-22058","post","type-post","status-publish","format-standard","has-post-thumbnail","hentry","category-cfp-maresme-es"],"yoast_head":"<!-- This site is optimized with the Yoast SEO plugin v27.4 - https:\/\/yoast.com\/product\/yoast-seo-wordpress\/ -->\n<title>La terapia con caballos y el empoderamiento de las personas atendidas fruto de la potenciaci\u00f3n de sus fortalezas | CFP Maresme<\/title>\n<meta name=\"robots\" content=\"index, follow, max-snippet:-1, max-image-preview:large, max-video-preview:-1\" \/>\n<link rel=\"canonical\" href=\"https:\/\/cfpmaresme.org\/es\/la-terapia-con-cavallos-y-el-empoderamiento-de-las-personas-atendidas-fruto-de-la-potenciacion-de-sus-fortalezas\/\" \/>\n<meta property=\"og:locale\" content=\"es_ES\" \/>\n<meta property=\"og:type\" content=\"article\" \/>\n<meta property=\"og:title\" content=\"La terapia con caballos y el empoderamiento de las personas atendidas fruto de la potenciaci\u00f3n de sus fortalezas | CFP Maresme\" \/>\n<meta property=\"og:description\" content=\"El CFP Maresme lleva a cabo un programa terap\u00e9utico con caballos desde hace cinco a\u00f1os. Es una actividad transversal, donde pueden acceder personas usuarias de distintos servicios de la entidad. Luc\u00eda Pose es Psic\u00f3loga del Servicio de Rehabilitaci\u00f3n Comunitaria del Maresme y ha sido la...\" \/>\n<meta property=\"og:url\" content=\"https:\/\/cfpmaresme.org\/es\/la-terapia-con-cavallos-y-el-empoderamiento-de-las-personas-atendidas-fruto-de-la-potenciacion-de-sus-fortalezas\/\" \/>\n<meta property=\"og:site_name\" content=\"CFP Maresme\" \/>\n<meta property=\"article:published_time\" content=\"2020-10-21T10:04:10+00:00\" \/>\n<meta property=\"article:modified_time\" content=\"2020-11-02T15:58:19+00:00\" \/>\n<meta property=\"og:image\" content=\"https:\/\/cfpmaresme.org\/wp-content\/uploads\/2020\/10\/foto-cap\u00e7alera-retallada-en-blanc-i-negre.jpg\" \/>\n\t<meta property=\"og:image:width\" content=\"1133\" \/>\n\t<meta property=\"og:image:height\" content=\"413\" \/>\n\t<meta property=\"og:image:type\" content=\"image\/jpeg\" \/>\n<meta name=\"author\" content=\"CFPMaresme\" \/>\n<meta name=\"twitter:card\" content=\"summary_large_image\" \/>\n<meta name=\"twitter:creator\" content=\"@cfpmaresme\" \/>\n<meta name=\"twitter:site\" content=\"@cfpmaresme\" \/>\n<meta name=\"twitter:label1\" content=\"Escrito por\" \/>\n\t<meta name=\"twitter:data1\" content=\"CFPMaresme\" \/>\n\t<meta name=\"twitter:label2\" content=\"Tiempo de lectura\" \/>\n\t<meta name=\"twitter:data2\" content=\"2 minutos\" \/>\n<script type=\"application\/ld+json\" class=\"yoast-schema-graph\">{\"@context\":\"https:\\\/\\\/schema.org\",\"@graph\":[{\"@type\":\"Article\",\"@id\":\"https:\\\/\\\/cfpmaresme.org\\\/es\\\/la-terapia-con-cavallos-y-el-empoderamiento-de-las-personas-atendidas-fruto-de-la-potenciacion-de-sus-fortalezas\\\/#article\",\"isPartOf\":{\"@id\":\"https:\\\/\\\/cfpmaresme.org\\\/es\\\/la-terapia-con-cavallos-y-el-empoderamiento-de-las-personas-atendidas-fruto-de-la-potenciacion-de-sus-fortalezas\\\/\"},\"author\":{\"name\":\"CFPMaresme\",\"@id\":\"https:\\\/\\\/cfpmaresme.org\\\/#\\\/schema\\\/person\\\/b2634bcd796fafc667ea4055f61b9b2c\"},\"headline\":\"La terapia con caballos y el empoderamiento de las personas atendidas fruto de la potenciaci\u00f3n de sus fortalezas\",\"datePublished\":\"2020-10-21T10:04:10+00:00\",\"dateModified\":\"2020-11-02T15:58:19+00:00\",\"mainEntityOfPage\":{\"@id\":\"https:\\\/\\\/cfpmaresme.org\\\/es\\\/la-terapia-con-cavallos-y-el-empoderamiento-de-las-personas-atendidas-fruto-de-la-potenciacion-de-sus-fortalezas\\\/\"},\"wordCount\":445,\"commentCount\":0,\"image\":{\"@id\":\"https:\\\/\\\/cfpmaresme.org\\\/es\\\/la-terapia-con-cavallos-y-el-empoderamiento-de-las-personas-atendidas-fruto-de-la-potenciacion-de-sus-fortalezas\\\/#primaryimage\"},\"thumbnailUrl\":\"https:\\\/\\\/cfpmaresme.org\\\/wp-content\\\/uploads\\\/2020\\\/10\\\/foto-cap\u00e7alera-retallada-en-blanc-i-negre.jpg\",\"articleSection\":[\"CFP Maresme\"],\"inLanguage\":\"es\"},{\"@type\":\"WebPage\",\"@id\":\"https:\\\/\\\/cfpmaresme.org\\\/es\\\/la-terapia-con-cavallos-y-el-empoderamiento-de-las-personas-atendidas-fruto-de-la-potenciacion-de-sus-fortalezas\\\/\",\"url\":\"https:\\\/\\\/cfpmaresme.org\\\/es\\\/la-terapia-con-cavallos-y-el-empoderamiento-de-las-personas-atendidas-fruto-de-la-potenciacion-de-sus-fortalezas\\\/\",\"name\":\"La terapia con caballos y el empoderamiento de las personas atendidas fruto de la potenciaci\u00f3n de sus fortalezas | CFP Maresme\",\"isPartOf\":{\"@id\":\"https:\\\/\\\/cfpmaresme.org\\\/#website\"},\"primaryImageOfPage\":{\"@id\":\"https:\\\/\\\/cfpmaresme.org\\\/es\\\/la-terapia-con-cavallos-y-el-empoderamiento-de-las-personas-atendidas-fruto-de-la-potenciacion-de-sus-fortalezas\\\/#primaryimage\"},\"image\":{\"@id\":\"https:\\\/\\\/cfpmaresme.org\\\/es\\\/la-terapia-con-cavallos-y-el-empoderamiento-de-las-personas-atendidas-fruto-de-la-potenciacion-de-sus-fortalezas\\\/#primaryimage\"},\"thumbnailUrl\":\"https:\\\/\\\/cfpmaresme.org\\\/wp-content\\\/uploads\\\/2020\\\/10\\\/foto-cap\u00e7alera-retallada-en-blanc-i-negre.jpg\",\"datePublished\":\"2020-10-21T10:04:10+00:00\",\"dateModified\":\"2020-11-02T15:58:19+00:00\",\"author\":{\"@id\":\"https:\\\/\\\/cfpmaresme.org\\\/#\\\/schema\\\/person\\\/b2634bcd796fafc667ea4055f61b9b2c\"},\"breadcrumb\":{\"@id\":\"https:\\\/\\\/cfpmaresme.org\\\/es\\\/la-terapia-con-cavallos-y-el-empoderamiento-de-las-personas-atendidas-fruto-de-la-potenciacion-de-sus-fortalezas\\\/#breadcrumb\"},\"inLanguage\":\"es\",\"potentialAction\":[{\"@type\":\"ReadAction\",\"target\":[\"https:\\\/\\\/cfpmaresme.org\\\/es\\\/la-terapia-con-cavallos-y-el-empoderamiento-de-las-personas-atendidas-fruto-de-la-potenciacion-de-sus-fortalezas\\\/\"]}]},{\"@type\":\"ImageObject\",\"inLanguage\":\"es\",\"@id\":\"https:\\\/\\\/cfpmaresme.org\\\/es\\\/la-terapia-con-cavallos-y-el-empoderamiento-de-las-personas-atendidas-fruto-de-la-potenciacion-de-sus-fortalezas\\\/#primaryimage\",\"url\":\"https:\\\/\\\/cfpmaresme.org\\\/wp-content\\\/uploads\\\/2020\\\/10\\\/foto-cap\u00e7alera-retallada-en-blanc-i-negre.jpg\",\"contentUrl\":\"https:\\\/\\\/cfpmaresme.org\\\/wp-content\\\/uploads\\\/2020\\\/10\\\/foto-cap\u00e7alera-retallada-en-blanc-i-negre.jpg\",\"width\":1133,\"height\":413},{\"@type\":\"BreadcrumbList\",\"@id\":\"https:\\\/\\\/cfpmaresme.org\\\/es\\\/la-terapia-con-cavallos-y-el-empoderamiento-de-las-personas-atendidas-fruto-de-la-potenciacion-de-sus-fortalezas\\\/#breadcrumb\",\"itemListElement\":[{\"@type\":\"ListItem\",\"position\":1,\"name\":\"Home\",\"item\":\"https:\\\/\\\/cfpmaresme.org\\\/es\\\/\"},{\"@type\":\"ListItem\",\"position\":2,\"name\":\"La terapia con caballos y el empoderamiento de las personas atendidas fruto de la potenciaci\u00f3n de sus fortalezas\"}]},{\"@type\":\"WebSite\",\"@id\":\"https:\\\/\\\/cfpmaresme.org\\\/#website\",\"url\":\"https:\\\/\\\/cfpmaresme.org\\\/\",\"name\":\"CFP Maresme\",\"description\":\"Centre Formaci\u00f3 Prevenci\u00f3\",\"potentialAction\":[{\"@type\":\"SearchAction\",\"target\":{\"@type\":\"EntryPoint\",\"urlTemplate\":\"https:\\\/\\\/cfpmaresme.org\\\/?s={search_term_string}\"},\"query-input\":{\"@type\":\"PropertyValueSpecification\",\"valueRequired\":true,\"valueName\":\"search_term_string\"}}],\"inLanguage\":\"es\"},{\"@type\":\"Person\",\"@id\":\"https:\\\/\\\/cfpmaresme.org\\\/#\\\/schema\\\/person\\\/b2634bcd796fafc667ea4055f61b9b2c\",\"name\":\"CFPMaresme\"}]}<\/script>\n<!-- \/ Yoast SEO plugin. -->","yoast_head_json":{"title":"La terapia con caballos y el empoderamiento de las personas atendidas fruto de la potenciaci\u00f3n de sus fortalezas | CFP Maresme","robots":{"index":"index","follow":"follow","max-snippet":"max-snippet:-1","max-image-preview":"max-image-preview:large","max-video-preview":"max-video-preview:-1"},"canonical":"https:\/\/cfpmaresme.org\/es\/la-terapia-con-cavallos-y-el-empoderamiento-de-las-personas-atendidas-fruto-de-la-potenciacion-de-sus-fortalezas\/","og_locale":"es_ES","og_type":"article","og_title":"La terapia con caballos y el empoderamiento de las personas atendidas fruto de la potenciaci\u00f3n de sus fortalezas | CFP Maresme","og_description":"El CFP Maresme lleva a cabo un programa terap\u00e9utico con caballos desde hace cinco a\u00f1os. Es una actividad transversal, donde pueden acceder personas usuarias de distintos servicios de la entidad. Luc\u00eda Pose es Psic\u00f3loga del Servicio de Rehabilitaci\u00f3n Comunitaria del Maresme y ha sido la...","og_url":"https:\/\/cfpmaresme.org\/es\/la-terapia-con-cavallos-y-el-empoderamiento-de-las-personas-atendidas-fruto-de-la-potenciacion-de-sus-fortalezas\/","og_site_name":"CFP Maresme","article_published_time":"2020-10-21T10:04:10+00:00","article_modified_time":"2020-11-02T15:58:19+00:00","og_image":[{"width":1133,"height":413,"url":"https:\/\/cfpmaresme.org\/wp-content\/uploads\/2020\/10\/foto-cap\u00e7alera-retallada-en-blanc-i-negre.jpg","type":"image\/jpeg"}],"author":"CFPMaresme","twitter_card":"summary_large_image","twitter_creator":"@cfpmaresme","twitter_site":"@cfpmaresme","twitter_misc":{"Escrito por":"CFPMaresme","Tiempo de lectura":"2 minutos"},"schema":{"@context":"https:\/\/schema.org","@graph":[{"@type":"Article","@id":"https:\/\/cfpmaresme.org\/es\/la-terapia-con-cavallos-y-el-empoderamiento-de-las-personas-atendidas-fruto-de-la-potenciacion-de-sus-fortalezas\/#article","isPartOf":{"@id":"https:\/\/cfpmaresme.org\/es\/la-terapia-con-cavallos-y-el-empoderamiento-de-las-personas-atendidas-fruto-de-la-potenciacion-de-sus-fortalezas\/"},"author":{"name":"CFPMaresme","@id":"https:\/\/cfpmaresme.org\/#\/schema\/person\/b2634bcd796fafc667ea4055f61b9b2c"},"headline":"La terapia con caballos y el empoderamiento de las personas atendidas fruto de la potenciaci\u00f3n de sus fortalezas","datePublished":"2020-10-21T10:04:10+00:00","dateModified":"2020-11-02T15:58:19+00:00","mainEntityOfPage":{"@id":"https:\/\/cfpmaresme.org\/es\/la-terapia-con-cavallos-y-el-empoderamiento-de-las-personas-atendidas-fruto-de-la-potenciacion-de-sus-fortalezas\/"},"wordCount":445,"commentCount":0,"image":{"@id":"https:\/\/cfpmaresme.org\/es\/la-terapia-con-cavallos-y-el-empoderamiento-de-las-personas-atendidas-fruto-de-la-potenciacion-de-sus-fortalezas\/#primaryimage"},"thumbnailUrl":"https:\/\/cfpmaresme.org\/wp-content\/uploads\/2020\/10\/foto-cap\u00e7alera-retallada-en-blanc-i-negre.jpg","articleSection":["CFP Maresme"],"inLanguage":"es"},{"@type":"WebPage","@id":"https:\/\/cfpmaresme.org\/es\/la-terapia-con-cavallos-y-el-empoderamiento-de-las-personas-atendidas-fruto-de-la-potenciacion-de-sus-fortalezas\/","url":"https:\/\/cfpmaresme.org\/es\/la-terapia-con-cavallos-y-el-empoderamiento-de-las-personas-atendidas-fruto-de-la-potenciacion-de-sus-fortalezas\/","name":"La terapia con caballos y el empoderamiento de las personas atendidas fruto de la potenciaci\u00f3n de sus fortalezas | CFP Maresme","isPartOf":{"@id":"https:\/\/cfpmaresme.org\/#website"},"primaryImageOfPage":{"@id":"https:\/\/cfpmaresme.org\/es\/la-terapia-con-cavallos-y-el-empoderamiento-de-las-personas-atendidas-fruto-de-la-potenciacion-de-sus-fortalezas\/#primaryimage"},"image":{"@id":"https:\/\/cfpmaresme.org\/es\/la-terapia-con-cavallos-y-el-empoderamiento-de-las-personas-atendidas-fruto-de-la-potenciacion-de-sus-fortalezas\/#primaryimage"},"thumbnailUrl":"https:\/\/cfpmaresme.org\/wp-content\/uploads\/2020\/10\/foto-cap\u00e7alera-retallada-en-blanc-i-negre.jpg","datePublished":"2020-10-21T10:04:10+00:00","dateModified":"2020-11-02T15:58:19+00:00","author":{"@id":"https:\/\/cfpmaresme.org\/#\/schema\/person\/b2634bcd796fafc667ea4055f61b9b2c"},"breadcrumb":{"@id":"https:\/\/cfpmaresme.org\/es\/la-terapia-con-cavallos-y-el-empoderamiento-de-las-personas-atendidas-fruto-de-la-potenciacion-de-sus-fortalezas\/#breadcrumb"},"inLanguage":"es","potentialAction":[{"@type":"ReadAction","target":["https:\/\/cfpmaresme.org\/es\/la-terapia-con-cavallos-y-el-empoderamiento-de-las-personas-atendidas-fruto-de-la-potenciacion-de-sus-fortalezas\/"]}]},{"@type":"ImageObject","inLanguage":"es","@id":"https:\/\/cfpmaresme.org\/es\/la-terapia-con-cavallos-y-el-empoderamiento-de-las-personas-atendidas-fruto-de-la-potenciacion-de-sus-fortalezas\/#primaryimage","url":"https:\/\/cfpmaresme.org\/wp-content\/uploads\/2020\/10\/foto-cap\u00e7alera-retallada-en-blanc-i-negre.jpg","contentUrl":"https:\/\/cfpmaresme.org\/wp-content\/uploads\/2020\/10\/foto-cap\u00e7alera-retallada-en-blanc-i-negre.jpg","width":1133,"height":413},{"@type":"BreadcrumbList","@id":"https:\/\/cfpmaresme.org\/es\/la-terapia-con-cavallos-y-el-empoderamiento-de-las-personas-atendidas-fruto-de-la-potenciacion-de-sus-fortalezas\/#breadcrumb","itemListElement":[{"@type":"ListItem","position":1,"name":"Home","item":"https:\/\/cfpmaresme.org\/es\/"},{"@type":"ListItem","position":2,"name":"La terapia con caballos y el empoderamiento de las personas atendidas fruto de la potenciaci\u00f3n de sus fortalezas"}]},{"@type":"WebSite","@id":"https:\/\/cfpmaresme.org\/#website","url":"https:\/\/cfpmaresme.org\/","name":"CFP Maresme","description":"Centre Formaci\u00f3 Prevenci\u00f3","potentialAction":[{"@type":"SearchAction","target":{"@type":"EntryPoint","urlTemplate":"https:\/\/cfpmaresme.org\/?s={search_term_string}"},"query-input":{"@type":"PropertyValueSpecification","valueRequired":true,"valueName":"search_term_string"}}],"inLanguage":"es"},{"@type":"Person","@id":"https:\/\/cfpmaresme.org\/#\/schema\/person\/b2634bcd796fafc667ea4055f61b9b2c","name":"CFPMaresme"}]}},"_links":{"self":[{"href":"https:\/\/cfpmaresme.org\/es\/wp-json\/wp\/v2\/posts\/22058","targetHints":{"allow":["GET"]}}],"collection":[{"href":"https:\/\/cfpmaresme.org\/es\/wp-json\/wp\/v2\/posts"}],"about":[{"href":"https:\/\/cfpmaresme.org\/es\/wp-json\/wp\/v2\/types\/post"}],"author":[{"embeddable":true,"href":"https:\/\/cfpmaresme.org\/es\/wp-json\/wp\/v2\/users\/2"}],"replies":[{"embeddable":true,"href":"https:\/\/cfpmaresme.org\/es\/wp-json\/wp\/v2\/comments?post=22058"}],"version-history":[{"count":8,"href":"https:\/\/cfpmaresme.org\/es\/wp-json\/wp\/v2\/posts\/22058\/revisions"}],"predecessor-version":[{"id":22066,"href":"https:\/\/cfpmaresme.org\/es\/wp-json\/wp\/v2\/posts\/22058\/revisions\/22066"}],"wp:featuredmedia":[{"embeddable":true,"href":"https:\/\/cfpmaresme.org\/es\/wp-json\/wp\/v2\/media\/21984"}],"wp:attachment":[{"href":"https:\/\/cfpmaresme.org\/es\/wp-json\/wp\/v2\/media?parent=22058"}],"wp:term":[{"taxonomy":"category","embeddable":true,"href":"https:\/\/cfpmaresme.org\/es\/wp-json\/wp\/v2\/categories?post=22058"},{"taxonomy":"post_tag","embeddable":true,"href":"https:\/\/cfpmaresme.org\/es\/wp-json\/wp\/v2\/tags?post=22058"}],"curies":[{"name":"wp","href":"https:\/\/api.w.org\/{rel}","templated":true}]}}