{"id":22294,"date":"2020-11-13T13:27:48","date_gmt":"2020-11-13T11:27:48","guid":{"rendered":"https:\/\/www.cfpmaresme.org\/?p=22294"},"modified":"2020-11-13T14:06:19","modified_gmt":"2020-11-13T12:06:19","slug":"trabajar-la-autonomia-personal-de-los-y-las-jovenes-que-atendemos-uno-de-los-principales-hitos-de-la-entidad","status":"publish","type":"post","link":"https:\/\/cfpmaresme.org\/es\/trabajar-la-autonomia-personal-de-los-y-las-jovenes-que-atendemos-uno-de-los-principales-hitos-de-la-entidad\/","title":{"rendered":"Trabajar la autonom\u00eda personal de los y las j\u00f3venes que atendemos, uno de los principales hitos de la entidad"},"content":{"rendered":"<p>Uno de los objetivos m\u00e1s relevantes en relaci\u00f3n a la juventud que atendemos desde diversos servicios de vivienda y salud mental es que puedan mejorar y\/o conseguir una autonom\u00eda personal que les permita desarrollarse en su d\u00eda a d\u00eda.<\/p>\n<p>Para llegar a conseguirlo, el equipo profesional trabaja de manera individualizada y grupal con propuestas de actividades. El PIRR (Programa Individual de Rehabilitaci\u00f3n y Reinserci\u00f3n) que se elabora, marca los objetivos a alcanzar y c\u00f3mo hacerlo y nos guiar\u00e1 para hacer unas propuestas o otras para cada caso. Esta actividades les ayudar\u00e1n a establecer rutinas y a coger seguridad en las tareas de la vida diaria. As\u00ed mismo, tambi\u00e9n los acompa\u00f1amos para que, cuando sea el momento, conseguir su inserci\u00f3n laboral.<\/p>\n<p>En el caso de los <a href=\"\/?page_id=16510\" target=\"_blank\" rel=\"noopener noreferrer\">Servicios de Rehabilitaci\u00f3n Comunitaria<\/a>, una parte muy importante de las \u00e1reas que se trabajan cerca, precisamente, la mejora de la autonom\u00eda personal. Realizan actividades cotidianas donde trabajan, con el soporte y gu\u00eda del equipo profesional, todas las habilidades necesarias para llevar a cabo este tipo de tareas, tratando temas como actividades de la vida diaria, las habilidades sociales, la resoluci\u00f3n de conflictos, las tareas dom\u00e9sticas o c\u00f3mo llevar una vida saludable.<\/p>\n<p>&nbsp;<\/p>\n<h3>La emergente necesidad de dominar las nuevas tecnolog\u00edas<\/h3>\n<p>Hay habilidades transversales y atemporales que siempre se trabajan, pero otras, surgen seg\u00fan los cambios sociales y culturales con qu\u00e9 nos encontramos. As\u00ed pues, durante el confinamiento, se detect\u00f3 la prioridad de que todas las personas atendidas dominen las nuevas tecnolog\u00edas. La <strong>brecha digital se ha hecho muy patente <\/strong>este a\u00f1o y la necesidad de darle respuesta urgente.<\/p>\n<p>Es por esto que se ha empezado a hacer recientemente un taller de formaci\u00f3n en habilidades digitales en los SRC del CFP Maresme, para ampliar las herramientas de comunicaci\u00f3n como la videoconferencia por Whatsapp y Zoom.<\/p>\n<p>Se trata de conseguir que puedan realizar las tareas que necesiten sin la ayuda de la familia o del equipo que los atiende, sean del \u00e1mbito que sean. Cuando detectamos un punto a trabajar, buscamos la f\u00f3rmula de hacerles llegar los conocimientos necesarios para desarrollarse con comodidad y para garantizar la <strong>continuidad asistencial <\/strong>en cualquier contexto, incluyendo el telem\u00e1tico.<\/p>\n<p><strong>\u00a0<\/strong><\/p>\n<h3>\u2018Cuina sense pares\u2019, mejoramos las dotes culinarias <img loading=\"lazy\" decoding=\"async\" class=\"alignright wp-image-22285 size-medium\" src=\"https:\/\/www.cfpmaresme.org\/wp-content\/uploads\/2020\/11\/foto-interior-noti-237x300.jpg\" alt=\"\" width=\"237\" height=\"300\" srcset=\"https:\/\/cfpmaresme.org\/wp-content\/uploads\/2020\/11\/foto-interior-noti-237x300.jpg 237w, https:\/\/cfpmaresme.org\/wp-content\/uploads\/2020\/11\/foto-interior-noti.jpg 622w\" sizes=\"auto, (max-width: 237px) 100vw, 237px\" \/><\/h3>\n<p>El martes 2 de noviembre se realiz\u00f3 una nueva edici\u00f3n del taller <a href=\"https:\/\/www.cuinasensepares.cat\/presentacio\" target=\"_blank\" rel=\"noopener noreferrer\">&#8216;Cuina sense pares&#8217;<\/a>\u00a0 dirigido a j\u00f3venes. El objetivo es que practiquen sus capacidades culinarias con ejemplos f\u00e1ciles y saludables. Es una propuesta de la <a href=\"https:\/\/www.diba.cat\/\" target=\"_blank\" rel=\"noopener noreferrer\">Diputaci\u00f3n de Barcelona<\/a> con la colaboraci\u00f3n del <a href=\"https:\/\/www.mataro.cat\/\" target=\"_blank\" rel=\"noopener noreferrer\">Ayuntamiento de Matar\u00f3<\/a>.<\/p>\n<p>Participaron j\u00f3venes de distintos servicios del CFP Maresme y tambi\u00e9n de la Unidad de Prevenci\u00f3n a la Exclusi\u00f3n\u00a0 (UPE) de la alianza <a href=\"http:\/\/maresmecontinuum.cat\/es\/\" target=\"_blank\" rel=\"noopener noreferrer\">Maresme Continuum<\/a>. Cumpliendo todas las medidas necesarias debido a la actual situaci\u00f3n sanitaria, elaboraron una crema de calabac\u00edn, un rissotto con pollo y br\u00f3coli y\u00a0 una macedonia, con productos de temporada y proximidad, en una cocina de lujo: el Espai \u00c0gora de cocina del Mercado de la Plaza de Cuba.<\/p>\n<p>La experiencia para los j\u00f3venes fue muy positiva. Es un taller al que participamos siempre que es posible. Una actividad transversal, donde encontrarse con j\u00f3venes de otros servicios y trabajar este tipo de habilidades en un espacio distinto al que est\u00e1n habitualmente y hacer un pasito m\u00e1s hacia su autonom\u00eda\u00a0 \u00a0personal.<\/p>\n<p>&nbsp;<\/p>\n<p>Cuina sense pares, com tantas otras actividades, son propuestas que trabajamos constantemente a fin de ayudar a los\/as j\u00f3venes atendidos\/as a ponerse a prueba y mejorar sus capacidades y habilidades y el conocimiento de qu\u00e9 les gusta y qu\u00e9 no, siempre con el hito de que <strong>mejore su calidad de vida<\/strong> y de que cada d\u00eda est\u00e9n m\u00e1s cerca de <strong>vivir de la manera m\u00e1s aut\u00f3noma posible<\/strong> en cada caso.<\/p>\n<p>&nbsp;<\/p>\n","protected":false},"excerpt":{"rendered":"<p>Uno de los objetivos m\u00e1s relevantes en relaci\u00f3n a la juventud que atendemos desde diversos servicios de vivienda y salud mental es que puedan mejorar y\/o conseguir una autonom\u00eda personal que les permita desarrollarse en su d\u00eda a d\u00eda. Para llegar a conseguirlo, el equipo&#8230;<\/p>\n","protected":false},"author":2,"featured_media":22284,"comment_status":"open","ping_status":"open","sticky":false,"template":"","format":"standard","meta":{"footnotes":""},"categories":[1144,1244,1199],"tags":[],"class_list":["post-22294","post","type-post","status-publish","format-standard","has-post-thumbnail","hentry","category-infancia-y-familia","category-pisos-jovenes","category-servicios-de-rehabilitacion-comunitaria"],"yoast_head":"<!-- This site is optimized with the Yoast SEO plugin v27.4 - https:\/\/yoast.com\/product\/yoast-seo-wordpress\/ -->\n<title>Trabajar la autonom\u00eda personal de los y las j\u00f3venes que atendemos, uno de los principales hitos de la entidad | CFP Maresme<\/title>\n<meta name=\"robots\" content=\"index, follow, max-snippet:-1, max-image-preview:large, max-video-preview:-1\" \/>\n<link rel=\"canonical\" href=\"https:\/\/cfpmaresme.org\/es\/trabajar-la-autonomia-personal-de-los-y-las-jovenes-que-atendemos-uno-de-los-principales-hitos-de-la-entidad\/\" \/>\n<meta property=\"og:locale\" content=\"es_ES\" \/>\n<meta property=\"og:type\" content=\"article\" \/>\n<meta property=\"og:title\" content=\"Trabajar la autonom\u00eda personal de los y las j\u00f3venes que atendemos, uno de los principales hitos de la entidad | CFP Maresme\" \/>\n<meta property=\"og:description\" content=\"Uno de los objetivos m\u00e1s relevantes en relaci\u00f3n a la juventud que atendemos desde diversos servicios de vivienda y salud mental es que puedan mejorar y\/o conseguir una autonom\u00eda personal que les permita desarrollarse en su d\u00eda a d\u00eda. Para llegar a conseguirlo, el equipo...\" \/>\n<meta property=\"og:url\" content=\"https:\/\/cfpmaresme.org\/es\/trabajar-la-autonomia-personal-de-los-y-las-jovenes-que-atendemos-uno-de-los-principales-hitos-de-la-entidad\/\" \/>\n<meta property=\"og:site_name\" content=\"CFP Maresme\" \/>\n<meta property=\"article:published_time\" content=\"2020-11-13T11:27:48+00:00\" \/>\n<meta property=\"article:modified_time\" content=\"2020-11-13T12:06:19+00:00\" \/>\n<meta property=\"og:image\" content=\"https:\/\/cfpmaresme.org\/wp-content\/uploads\/2020\/11\/foto-cap\u00e7alera.jpg\" \/>\n\t<meta property=\"og:image:width\" content=\"685\" \/>\n\t<meta property=\"og:image:height\" content=\"345\" \/>\n\t<meta property=\"og:image:type\" content=\"image\/jpeg\" \/>\n<meta name=\"author\" content=\"CFPMaresme\" \/>\n<meta name=\"twitter:card\" content=\"summary_large_image\" \/>\n<meta name=\"twitter:creator\" content=\"@cfpmaresme\" \/>\n<meta name=\"twitter:site\" content=\"@cfpmaresme\" \/>\n<meta name=\"twitter:label1\" content=\"Escrito por\" \/>\n\t<meta name=\"twitter:data1\" content=\"CFPMaresme\" \/>\n\t<meta name=\"twitter:label2\" content=\"Tiempo de lectura\" \/>\n\t<meta name=\"twitter:data2\" content=\"3 minutos\" \/>\n<script type=\"application\/ld+json\" class=\"yoast-schema-graph\">{\"@context\":\"https:\\\/\\\/schema.org\",\"@graph\":[{\"@type\":\"Article\",\"@id\":\"https:\\\/\\\/cfpmaresme.org\\\/es\\\/trabajar-la-autonomia-personal-de-los-y-las-jovenes-que-atendemos-uno-de-los-principales-hitos-de-la-entidad\\\/#article\",\"isPartOf\":{\"@id\":\"https:\\\/\\\/cfpmaresme.org\\\/es\\\/trabajar-la-autonomia-personal-de-los-y-las-jovenes-que-atendemos-uno-de-los-principales-hitos-de-la-entidad\\\/\"},\"author\":{\"name\":\"CFPMaresme\",\"@id\":\"https:\\\/\\\/cfpmaresme.org\\\/#\\\/schema\\\/person\\\/b2634bcd796fafc667ea4055f61b9b2c\"},\"headline\":\"Trabajar la autonom\u00eda personal de los y las j\u00f3venes que atendemos, uno de los principales hitos de la entidad\",\"datePublished\":\"2020-11-13T11:27:48+00:00\",\"dateModified\":\"2020-11-13T12:06:19+00:00\",\"mainEntityOfPage\":{\"@id\":\"https:\\\/\\\/cfpmaresme.org\\\/es\\\/trabajar-la-autonomia-personal-de-los-y-las-jovenes-que-atendemos-uno-de-los-principales-hitos-de-la-entidad\\\/\"},\"wordCount\":678,\"commentCount\":0,\"image\":{\"@id\":\"https:\\\/\\\/cfpmaresme.org\\\/es\\\/trabajar-la-autonomia-personal-de-los-y-las-jovenes-que-atendemos-uno-de-los-principales-hitos-de-la-entidad\\\/#primaryimage\"},\"thumbnailUrl\":\"https:\\\/\\\/cfpmaresme.org\\\/wp-content\\\/uploads\\\/2020\\\/11\\\/foto-cap\u00e7alera.jpg\",\"articleSection\":[\"\u00c1rea de infancia, adolescencia y fam\u00edlia\",\"Pisos j\u00f3venes\",\"Servicios de Rehabilitaci\u00f3n Comunitaria\"],\"inLanguage\":\"es\"},{\"@type\":\"WebPage\",\"@id\":\"https:\\\/\\\/cfpmaresme.org\\\/es\\\/trabajar-la-autonomia-personal-de-los-y-las-jovenes-que-atendemos-uno-de-los-principales-hitos-de-la-entidad\\\/\",\"url\":\"https:\\\/\\\/cfpmaresme.org\\\/es\\\/trabajar-la-autonomia-personal-de-los-y-las-jovenes-que-atendemos-uno-de-los-principales-hitos-de-la-entidad\\\/\",\"name\":\"Trabajar la autonom\u00eda personal de los y las j\u00f3venes que atendemos, uno de los principales hitos de la entidad | CFP Maresme\",\"isPartOf\":{\"@id\":\"https:\\\/\\\/cfpmaresme.org\\\/#website\"},\"primaryImageOfPage\":{\"@id\":\"https:\\\/\\\/cfpmaresme.org\\\/es\\\/trabajar-la-autonomia-personal-de-los-y-las-jovenes-que-atendemos-uno-de-los-principales-hitos-de-la-entidad\\\/#primaryimage\"},\"image\":{\"@id\":\"https:\\\/\\\/cfpmaresme.org\\\/es\\\/trabajar-la-autonomia-personal-de-los-y-las-jovenes-que-atendemos-uno-de-los-principales-hitos-de-la-entidad\\\/#primaryimage\"},\"thumbnailUrl\":\"https:\\\/\\\/cfpmaresme.org\\\/wp-content\\\/uploads\\\/2020\\\/11\\\/foto-cap\u00e7alera.jpg\",\"datePublished\":\"2020-11-13T11:27:48+00:00\",\"dateModified\":\"2020-11-13T12:06:19+00:00\",\"author\":{\"@id\":\"https:\\\/\\\/cfpmaresme.org\\\/#\\\/schema\\\/person\\\/b2634bcd796fafc667ea4055f61b9b2c\"},\"breadcrumb\":{\"@id\":\"https:\\\/\\\/cfpmaresme.org\\\/es\\\/trabajar-la-autonomia-personal-de-los-y-las-jovenes-que-atendemos-uno-de-los-principales-hitos-de-la-entidad\\\/#breadcrumb\"},\"inLanguage\":\"es\",\"potentialAction\":[{\"@type\":\"ReadAction\",\"target\":[\"https:\\\/\\\/cfpmaresme.org\\\/es\\\/trabajar-la-autonomia-personal-de-los-y-las-jovenes-que-atendemos-uno-de-los-principales-hitos-de-la-entidad\\\/\"]}]},{\"@type\":\"ImageObject\",\"inLanguage\":\"es\",\"@id\":\"https:\\\/\\\/cfpmaresme.org\\\/es\\\/trabajar-la-autonomia-personal-de-los-y-las-jovenes-que-atendemos-uno-de-los-principales-hitos-de-la-entidad\\\/#primaryimage\",\"url\":\"https:\\\/\\\/cfpmaresme.org\\\/wp-content\\\/uploads\\\/2020\\\/11\\\/foto-cap\u00e7alera.jpg\",\"contentUrl\":\"https:\\\/\\\/cfpmaresme.org\\\/wp-content\\\/uploads\\\/2020\\\/11\\\/foto-cap\u00e7alera.jpg\",\"width\":685,\"height\":345},{\"@type\":\"BreadcrumbList\",\"@id\":\"https:\\\/\\\/cfpmaresme.org\\\/es\\\/trabajar-la-autonomia-personal-de-los-y-las-jovenes-que-atendemos-uno-de-los-principales-hitos-de-la-entidad\\\/#breadcrumb\",\"itemListElement\":[{\"@type\":\"ListItem\",\"position\":1,\"name\":\"Home\",\"item\":\"https:\\\/\\\/cfpmaresme.org\\\/es\\\/\"},{\"@type\":\"ListItem\",\"position\":2,\"name\":\"Trabajar la autonom\u00eda personal de los y las j\u00f3venes que atendemos, uno de los principales hitos de la entidad\"}]},{\"@type\":\"WebSite\",\"@id\":\"https:\\\/\\\/cfpmaresme.org\\\/#website\",\"url\":\"https:\\\/\\\/cfpmaresme.org\\\/\",\"name\":\"CFP Maresme\",\"description\":\"Centre Formaci\u00f3 Prevenci\u00f3\",\"potentialAction\":[{\"@type\":\"SearchAction\",\"target\":{\"@type\":\"EntryPoint\",\"urlTemplate\":\"https:\\\/\\\/cfpmaresme.org\\\/?s={search_term_string}\"},\"query-input\":{\"@type\":\"PropertyValueSpecification\",\"valueRequired\":true,\"valueName\":\"search_term_string\"}}],\"inLanguage\":\"es\"},{\"@type\":\"Person\",\"@id\":\"https:\\\/\\\/cfpmaresme.org\\\/#\\\/schema\\\/person\\\/b2634bcd796fafc667ea4055f61b9b2c\",\"name\":\"CFPMaresme\"}]}<\/script>\n<!-- \/ Yoast SEO plugin. -->","yoast_head_json":{"title":"Trabajar la autonom\u00eda personal de los y las j\u00f3venes que atendemos, uno de los principales hitos de la entidad | CFP Maresme","robots":{"index":"index","follow":"follow","max-snippet":"max-snippet:-1","max-image-preview":"max-image-preview:large","max-video-preview":"max-video-preview:-1"},"canonical":"https:\/\/cfpmaresme.org\/es\/trabajar-la-autonomia-personal-de-los-y-las-jovenes-que-atendemos-uno-de-los-principales-hitos-de-la-entidad\/","og_locale":"es_ES","og_type":"article","og_title":"Trabajar la autonom\u00eda personal de los y las j\u00f3venes que atendemos, uno de los principales hitos de la entidad | CFP Maresme","og_description":"Uno de los objetivos m\u00e1s relevantes en relaci\u00f3n a la juventud que atendemos desde diversos servicios de vivienda y salud mental es que puedan mejorar y\/o conseguir una autonom\u00eda personal que les permita desarrollarse en su d\u00eda a d\u00eda. Para llegar a conseguirlo, el equipo...","og_url":"https:\/\/cfpmaresme.org\/es\/trabajar-la-autonomia-personal-de-los-y-las-jovenes-que-atendemos-uno-de-los-principales-hitos-de-la-entidad\/","og_site_name":"CFP Maresme","article_published_time":"2020-11-13T11:27:48+00:00","article_modified_time":"2020-11-13T12:06:19+00:00","og_image":[{"width":685,"height":345,"url":"https:\/\/cfpmaresme.org\/wp-content\/uploads\/2020\/11\/foto-cap\u00e7alera.jpg","type":"image\/jpeg"}],"author":"CFPMaresme","twitter_card":"summary_large_image","twitter_creator":"@cfpmaresme","twitter_site":"@cfpmaresme","twitter_misc":{"Escrito por":"CFPMaresme","Tiempo de lectura":"3 minutos"},"schema":{"@context":"https:\/\/schema.org","@graph":[{"@type":"Article","@id":"https:\/\/cfpmaresme.org\/es\/trabajar-la-autonomia-personal-de-los-y-las-jovenes-que-atendemos-uno-de-los-principales-hitos-de-la-entidad\/#article","isPartOf":{"@id":"https:\/\/cfpmaresme.org\/es\/trabajar-la-autonomia-personal-de-los-y-las-jovenes-que-atendemos-uno-de-los-principales-hitos-de-la-entidad\/"},"author":{"name":"CFPMaresme","@id":"https:\/\/cfpmaresme.org\/#\/schema\/person\/b2634bcd796fafc667ea4055f61b9b2c"},"headline":"Trabajar la autonom\u00eda personal de los y las j\u00f3venes que atendemos, uno de los principales hitos de la entidad","datePublished":"2020-11-13T11:27:48+00:00","dateModified":"2020-11-13T12:06:19+00:00","mainEntityOfPage":{"@id":"https:\/\/cfpmaresme.org\/es\/trabajar-la-autonomia-personal-de-los-y-las-jovenes-que-atendemos-uno-de-los-principales-hitos-de-la-entidad\/"},"wordCount":678,"commentCount":0,"image":{"@id":"https:\/\/cfpmaresme.org\/es\/trabajar-la-autonomia-personal-de-los-y-las-jovenes-que-atendemos-uno-de-los-principales-hitos-de-la-entidad\/#primaryimage"},"thumbnailUrl":"https:\/\/cfpmaresme.org\/wp-content\/uploads\/2020\/11\/foto-cap\u00e7alera.jpg","articleSection":["\u00c1rea de infancia, adolescencia y fam\u00edlia","Pisos j\u00f3venes","Servicios de Rehabilitaci\u00f3n Comunitaria"],"inLanguage":"es"},{"@type":"WebPage","@id":"https:\/\/cfpmaresme.org\/es\/trabajar-la-autonomia-personal-de-los-y-las-jovenes-que-atendemos-uno-de-los-principales-hitos-de-la-entidad\/","url":"https:\/\/cfpmaresme.org\/es\/trabajar-la-autonomia-personal-de-los-y-las-jovenes-que-atendemos-uno-de-los-principales-hitos-de-la-entidad\/","name":"Trabajar la autonom\u00eda personal de los y las j\u00f3venes que atendemos, uno de los principales hitos de la entidad | CFP Maresme","isPartOf":{"@id":"https:\/\/cfpmaresme.org\/#website"},"primaryImageOfPage":{"@id":"https:\/\/cfpmaresme.org\/es\/trabajar-la-autonomia-personal-de-los-y-las-jovenes-que-atendemos-uno-de-los-principales-hitos-de-la-entidad\/#primaryimage"},"image":{"@id":"https:\/\/cfpmaresme.org\/es\/trabajar-la-autonomia-personal-de-los-y-las-jovenes-que-atendemos-uno-de-los-principales-hitos-de-la-entidad\/#primaryimage"},"thumbnailUrl":"https:\/\/cfpmaresme.org\/wp-content\/uploads\/2020\/11\/foto-cap\u00e7alera.jpg","datePublished":"2020-11-13T11:27:48+00:00","dateModified":"2020-11-13T12:06:19+00:00","author":{"@id":"https:\/\/cfpmaresme.org\/#\/schema\/person\/b2634bcd796fafc667ea4055f61b9b2c"},"breadcrumb":{"@id":"https:\/\/cfpmaresme.org\/es\/trabajar-la-autonomia-personal-de-los-y-las-jovenes-que-atendemos-uno-de-los-principales-hitos-de-la-entidad\/#breadcrumb"},"inLanguage":"es","potentialAction":[{"@type":"ReadAction","target":["https:\/\/cfpmaresme.org\/es\/trabajar-la-autonomia-personal-de-los-y-las-jovenes-que-atendemos-uno-de-los-principales-hitos-de-la-entidad\/"]}]},{"@type":"ImageObject","inLanguage":"es","@id":"https:\/\/cfpmaresme.org\/es\/trabajar-la-autonomia-personal-de-los-y-las-jovenes-que-atendemos-uno-de-los-principales-hitos-de-la-entidad\/#primaryimage","url":"https:\/\/cfpmaresme.org\/wp-content\/uploads\/2020\/11\/foto-cap\u00e7alera.jpg","contentUrl":"https:\/\/cfpmaresme.org\/wp-content\/uploads\/2020\/11\/foto-cap\u00e7alera.jpg","width":685,"height":345},{"@type":"BreadcrumbList","@id":"https:\/\/cfpmaresme.org\/es\/trabajar-la-autonomia-personal-de-los-y-las-jovenes-que-atendemos-uno-de-los-principales-hitos-de-la-entidad\/#breadcrumb","itemListElement":[{"@type":"ListItem","position":1,"name":"Home","item":"https:\/\/cfpmaresme.org\/es\/"},{"@type":"ListItem","position":2,"name":"Trabajar la autonom\u00eda personal de los y las j\u00f3venes que atendemos, uno de los principales hitos de la entidad"}]},{"@type":"WebSite","@id":"https:\/\/cfpmaresme.org\/#website","url":"https:\/\/cfpmaresme.org\/","name":"CFP Maresme","description":"Centre Formaci\u00f3 Prevenci\u00f3","potentialAction":[{"@type":"SearchAction","target":{"@type":"EntryPoint","urlTemplate":"https:\/\/cfpmaresme.org\/?s={search_term_string}"},"query-input":{"@type":"PropertyValueSpecification","valueRequired":true,"valueName":"search_term_string"}}],"inLanguage":"es"},{"@type":"Person","@id":"https:\/\/cfpmaresme.org\/#\/schema\/person\/b2634bcd796fafc667ea4055f61b9b2c","name":"CFPMaresme"}]}},"_links":{"self":[{"href":"https:\/\/cfpmaresme.org\/es\/wp-json\/wp\/v2\/posts\/22294","targetHints":{"allow":["GET"]}}],"collection":[{"href":"https:\/\/cfpmaresme.org\/es\/wp-json\/wp\/v2\/posts"}],"about":[{"href":"https:\/\/cfpmaresme.org\/es\/wp-json\/wp\/v2\/types\/post"}],"author":[{"embeddable":true,"href":"https:\/\/cfpmaresme.org\/es\/wp-json\/wp\/v2\/users\/2"}],"replies":[{"embeddable":true,"href":"https:\/\/cfpmaresme.org\/es\/wp-json\/wp\/v2\/comments?post=22294"}],"version-history":[{"count":2,"href":"https:\/\/cfpmaresme.org\/es\/wp-json\/wp\/v2\/posts\/22294\/revisions"}],"predecessor-version":[{"id":22296,"href":"https:\/\/cfpmaresme.org\/es\/wp-json\/wp\/v2\/posts\/22294\/revisions\/22296"}],"wp:featuredmedia":[{"embeddable":true,"href":"https:\/\/cfpmaresme.org\/es\/wp-json\/wp\/v2\/media\/22284"}],"wp:attachment":[{"href":"https:\/\/cfpmaresme.org\/es\/wp-json\/wp\/v2\/media?parent=22294"}],"wp:term":[{"taxonomy":"category","embeddable":true,"href":"https:\/\/cfpmaresme.org\/es\/wp-json\/wp\/v2\/categories?post=22294"},{"taxonomy":"post_tag","embeddable":true,"href":"https:\/\/cfpmaresme.org\/es\/wp-json\/wp\/v2\/tags?post=22294"}],"curies":[{"name":"wp","href":"https:\/\/api.w.org\/{rel}","templated":true}]}}