{"id":22357,"date":"2018-09-28T17:29:46","date_gmt":"2018-09-28T15:29:46","guid":{"rendered":"https:\/\/www.cfpmaresme.org\/?p=22357"},"modified":"2021-02-01T16:55:48","modified_gmt":"2021-02-01T14:55:48","slug":"el-crae-oferira-un-nou-taller-somatic-amb-cavalls-als-infants","status":"publish","type":"post","link":"https:\/\/cfpmaresme.org\/es\/el-crae-oferira-un-nou-taller-somatic-amb-cavalls-als-infants\/","title":{"rendered":"El CRAE ofrecer\u00e1 un nuevo taller som\u00e1tico con caballos a los infantes"},"content":{"rendered":"<p><strong>Se trata de una actividad que ayuda a tratar los bloqueos, los miedos y los distintos estados emocionales de las personas mediante el contacto f\u00edsico con equinos\u00a0<\/strong><\/p>\n<p>&nbsp;<\/p>\n<p>Los chicos y chicas del Centro Residencial de Acci\u00f3n Educativa Mas Sant Jordi podr\u00e1n disfrutar a partir de este oto\u00f1o de un nuevo taller con la presencia de caballos que ya se ha probado con otros colectivos y que consigue mejorar la capacidad de respuestas y los mecanismos de defensa de los participantes. Las responsables de esta actividad, Marta Cirera de Somatic Horse Experience y Meri Mil\u00e0 de Pres\u00e8ncia Som\u00e0tica, se reunieron con los responsables del CRAE el pasado 28 de septiembre para tirar adelante esta colaboraci\u00f3n.<\/p>\n<p>&nbsp;<\/p>\n<p>En esta primera reuni\u00f3n se habl\u00f3 de las necesidades de los infantes y de los posibles efectos beneficiosos que podr\u00eda tener el taller. Es necesario decir que no es una actividad de equino terapia cl\u00e1sica, ni se trata solo de montar a caballo, sino que seg\u00fan sus promotoras, incluye muchas otras tem\u00e1ticas como la relaci\u00f3n, la confianza y la interacci\u00f3n con el animal.<\/p>\n<p>La introducci\u00f3n de este taller servir\u00e1 para poder ofrecer a los infantes del CRAE una actividad diferente, orientada a satisfacer las necesidades emocionales propias de la edad en la que se encuentran. El pr\u00f3ximo 11 de octubre ser\u00e1n los educadores del centro los que ir\u00e1n a visitar las instalaciones de Somatic Horse Experience, situadas en Granollers de Rocacorba (comarca del Giron\u00e8s) y en las posteriores citas ya ir\u00e1n acompa\u00f1ados de los verdaderos protagonistas, los chicos y chicas del CRAE.<\/p>\n","protected":false},"excerpt":{"rendered":"<p>Se trata de una actividad que ayuda a tratar los bloqueos, los miedos y los distintos estados emocionales de las personas mediante el contacto f\u00edsico con equinos\u00a0 &nbsp; Los chicos y chicas del Centro Residencial de Acci\u00f3n Educativa Mas Sant Jordi podr\u00e1n disfrutar a partir&#8230;<\/p>\n","protected":false},"author":2,"featured_media":17260,"comment_status":"open","ping_status":"open","sticky":false,"template":"","format":"standard","meta":{"footnotes":""},"categories":[1144,1243],"tags":[692,695,700],"class_list":["post-22357","post","type-post","status-publish","format-standard","has-post-thumbnail","hentry","category-infancia-y-familia","category-crae","tag-accio-es","tag-educativa-es","tag-residencial-es"],"yoast_head":"<!-- This site is optimized with the Yoast SEO plugin v27.4 - https:\/\/yoast.com\/product\/yoast-seo-wordpress\/ -->\n<title>El CRAE ofrecer\u00e1 un nuevo taller som\u00e1tico con caballos a los infantes | CFP Maresme<\/title>\n<meta name=\"robots\" content=\"index, follow, max-snippet:-1, max-image-preview:large, max-video-preview:-1\" \/>\n<link rel=\"canonical\" href=\"https:\/\/cfpmaresme.org\/es\/el-crae-oferira-un-nou-taller-somatic-amb-cavalls-als-infants\/\" \/>\n<meta property=\"og:locale\" content=\"es_ES\" \/>\n<meta property=\"og:type\" content=\"article\" \/>\n<meta property=\"og:title\" content=\"El CRAE ofrecer\u00e1 un nuevo taller som\u00e1tico con caballos a los infantes | CFP Maresme\" \/>\n<meta property=\"og:description\" content=\"Se trata de una actividad que ayuda a tratar los bloqueos, los miedos y los distintos estados emocionales de las personas mediante el contacto f\u00edsico con equinos\u00a0 &nbsp; Los chicos y chicas del Centro Residencial de Acci\u00f3n Educativa Mas Sant Jordi podr\u00e1n disfrutar a partir...\" \/>\n<meta property=\"og:url\" content=\"https:\/\/cfpmaresme.org\/es\/el-crae-oferira-un-nou-taller-somatic-amb-cavalls-als-infants\/\" \/>\n<meta property=\"og:site_name\" content=\"CFP Maresme\" \/>\n<meta property=\"article:published_time\" content=\"2018-09-28T15:29:46+00:00\" \/>\n<meta property=\"article:modified_time\" content=\"2021-02-01T14:55:48+00:00\" \/>\n<meta property=\"og:image\" content=\"https:\/\/cfpmaresme.org\/wp-content\/uploads\/2019\/01\/2018-09-282.jpg\" \/>\n\t<meta property=\"og:image:width\" content=\"584\" \/>\n\t<meta property=\"og:image:height\" content=\"330\" \/>\n\t<meta property=\"og:image:type\" content=\"image\/jpeg\" \/>\n<meta name=\"author\" content=\"CFPMaresme\" \/>\n<meta name=\"twitter:card\" content=\"summary_large_image\" \/>\n<meta name=\"twitter:creator\" content=\"@cfpmaresme\" \/>\n<meta name=\"twitter:site\" content=\"@cfpmaresme\" \/>\n<meta name=\"twitter:label1\" content=\"Escrito por\" \/>\n\t<meta name=\"twitter:data1\" content=\"CFPMaresme\" \/>\n\t<meta name=\"twitter:label2\" content=\"Tiempo de lectura\" \/>\n\t<meta name=\"twitter:data2\" content=\"1 minuto\" \/>\n<script type=\"application\/ld+json\" class=\"yoast-schema-graph\">{\"@context\":\"https:\\\/\\\/schema.org\",\"@graph\":[{\"@type\":\"Article\",\"@id\":\"https:\\\/\\\/cfpmaresme.org\\\/es\\\/el-crae-oferira-un-nou-taller-somatic-amb-cavalls-als-infants\\\/#article\",\"isPartOf\":{\"@id\":\"https:\\\/\\\/cfpmaresme.org\\\/es\\\/el-crae-oferira-un-nou-taller-somatic-amb-cavalls-als-infants\\\/\"},\"author\":{\"name\":\"CFPMaresme\",\"@id\":\"https:\\\/\\\/cfpmaresme.org\\\/#\\\/schema\\\/person\\\/b2634bcd796fafc667ea4055f61b9b2c\"},\"headline\":\"El CRAE ofrecer\u00e1 un nuevo taller som\u00e1tico con caballos a los infantes\",\"datePublished\":\"2018-09-28T15:29:46+00:00\",\"dateModified\":\"2021-02-01T14:55:48+00:00\",\"mainEntityOfPage\":{\"@id\":\"https:\\\/\\\/cfpmaresme.org\\\/es\\\/el-crae-oferira-un-nou-taller-somatic-amb-cavalls-als-infants\\\/\"},\"wordCount\":290,\"commentCount\":0,\"image\":{\"@id\":\"https:\\\/\\\/cfpmaresme.org\\\/es\\\/el-crae-oferira-un-nou-taller-somatic-amb-cavalls-als-infants\\\/#primaryimage\"},\"thumbnailUrl\":\"https:\\\/\\\/cfpmaresme.org\\\/wp-content\\\/uploads\\\/2019\\\/01\\\/2018-09-282.jpg\",\"keywords\":[\"acci\u00f3\",\"educativa\",\"residencial\"],\"articleSection\":[\"\u00c1rea de infancia, adolescencia y fam\u00edlia\",\"CRAE\"],\"inLanguage\":\"es\"},{\"@type\":\"WebPage\",\"@id\":\"https:\\\/\\\/cfpmaresme.org\\\/es\\\/el-crae-oferira-un-nou-taller-somatic-amb-cavalls-als-infants\\\/\",\"url\":\"https:\\\/\\\/cfpmaresme.org\\\/es\\\/el-crae-oferira-un-nou-taller-somatic-amb-cavalls-als-infants\\\/\",\"name\":\"El CRAE ofrecer\u00e1 un nuevo taller som\u00e1tico con caballos a los infantes | CFP Maresme\",\"isPartOf\":{\"@id\":\"https:\\\/\\\/cfpmaresme.org\\\/#website\"},\"primaryImageOfPage\":{\"@id\":\"https:\\\/\\\/cfpmaresme.org\\\/es\\\/el-crae-oferira-un-nou-taller-somatic-amb-cavalls-als-infants\\\/#primaryimage\"},\"image\":{\"@id\":\"https:\\\/\\\/cfpmaresme.org\\\/es\\\/el-crae-oferira-un-nou-taller-somatic-amb-cavalls-als-infants\\\/#primaryimage\"},\"thumbnailUrl\":\"https:\\\/\\\/cfpmaresme.org\\\/wp-content\\\/uploads\\\/2019\\\/01\\\/2018-09-282.jpg\",\"datePublished\":\"2018-09-28T15:29:46+00:00\",\"dateModified\":\"2021-02-01T14:55:48+00:00\",\"author\":{\"@id\":\"https:\\\/\\\/cfpmaresme.org\\\/#\\\/schema\\\/person\\\/b2634bcd796fafc667ea4055f61b9b2c\"},\"breadcrumb\":{\"@id\":\"https:\\\/\\\/cfpmaresme.org\\\/es\\\/el-crae-oferira-un-nou-taller-somatic-amb-cavalls-als-infants\\\/#breadcrumb\"},\"inLanguage\":\"es\",\"potentialAction\":[{\"@type\":\"ReadAction\",\"target\":[\"https:\\\/\\\/cfpmaresme.org\\\/es\\\/el-crae-oferira-un-nou-taller-somatic-amb-cavalls-als-infants\\\/\"]}]},{\"@type\":\"ImageObject\",\"inLanguage\":\"es\",\"@id\":\"https:\\\/\\\/cfpmaresme.org\\\/es\\\/el-crae-oferira-un-nou-taller-somatic-amb-cavalls-als-infants\\\/#primaryimage\",\"url\":\"https:\\\/\\\/cfpmaresme.org\\\/wp-content\\\/uploads\\\/2019\\\/01\\\/2018-09-282.jpg\",\"contentUrl\":\"https:\\\/\\\/cfpmaresme.org\\\/wp-content\\\/uploads\\\/2019\\\/01\\\/2018-09-282.jpg\",\"width\":584,\"height\":330,\"caption\":\"sdr\"},{\"@type\":\"BreadcrumbList\",\"@id\":\"https:\\\/\\\/cfpmaresme.org\\\/es\\\/el-crae-oferira-un-nou-taller-somatic-amb-cavalls-als-infants\\\/#breadcrumb\",\"itemListElement\":[{\"@type\":\"ListItem\",\"position\":1,\"name\":\"Home\",\"item\":\"https:\\\/\\\/cfpmaresme.org\\\/es\\\/\"},{\"@type\":\"ListItem\",\"position\":2,\"name\":\"El CRAE ofrecer\u00e1 un nuevo taller som\u00e1tico con caballos a los infantes\"}]},{\"@type\":\"WebSite\",\"@id\":\"https:\\\/\\\/cfpmaresme.org\\\/#website\",\"url\":\"https:\\\/\\\/cfpmaresme.org\\\/\",\"name\":\"CFP Maresme\",\"description\":\"Centre Formaci\u00f3 Prevenci\u00f3\",\"potentialAction\":[{\"@type\":\"SearchAction\",\"target\":{\"@type\":\"EntryPoint\",\"urlTemplate\":\"https:\\\/\\\/cfpmaresme.org\\\/?s={search_term_string}\"},\"query-input\":{\"@type\":\"PropertyValueSpecification\",\"valueRequired\":true,\"valueName\":\"search_term_string\"}}],\"inLanguage\":\"es\"},{\"@type\":\"Person\",\"@id\":\"https:\\\/\\\/cfpmaresme.org\\\/#\\\/schema\\\/person\\\/b2634bcd796fafc667ea4055f61b9b2c\",\"name\":\"CFPMaresme\"}]}<\/script>\n<!-- \/ Yoast SEO plugin. -->","yoast_head_json":{"title":"El CRAE ofrecer\u00e1 un nuevo taller som\u00e1tico con caballos a los infantes | CFP Maresme","robots":{"index":"index","follow":"follow","max-snippet":"max-snippet:-1","max-image-preview":"max-image-preview:large","max-video-preview":"max-video-preview:-1"},"canonical":"https:\/\/cfpmaresme.org\/es\/el-crae-oferira-un-nou-taller-somatic-amb-cavalls-als-infants\/","og_locale":"es_ES","og_type":"article","og_title":"El CRAE ofrecer\u00e1 un nuevo taller som\u00e1tico con caballos a los infantes | CFP Maresme","og_description":"Se trata de una actividad que ayuda a tratar los bloqueos, los miedos y los distintos estados emocionales de las personas mediante el contacto f\u00edsico con equinos\u00a0 &nbsp; Los chicos y chicas del Centro Residencial de Acci\u00f3n Educativa Mas Sant Jordi podr\u00e1n disfrutar a partir...","og_url":"https:\/\/cfpmaresme.org\/es\/el-crae-oferira-un-nou-taller-somatic-amb-cavalls-als-infants\/","og_site_name":"CFP Maresme","article_published_time":"2018-09-28T15:29:46+00:00","article_modified_time":"2021-02-01T14:55:48+00:00","og_image":[{"width":584,"height":330,"url":"https:\/\/cfpmaresme.org\/wp-content\/uploads\/2019\/01\/2018-09-282.jpg","type":"image\/jpeg"}],"author":"CFPMaresme","twitter_card":"summary_large_image","twitter_creator":"@cfpmaresme","twitter_site":"@cfpmaresme","twitter_misc":{"Escrito por":"CFPMaresme","Tiempo de lectura":"1 minuto"},"schema":{"@context":"https:\/\/schema.org","@graph":[{"@type":"Article","@id":"https:\/\/cfpmaresme.org\/es\/el-crae-oferira-un-nou-taller-somatic-amb-cavalls-als-infants\/#article","isPartOf":{"@id":"https:\/\/cfpmaresme.org\/es\/el-crae-oferira-un-nou-taller-somatic-amb-cavalls-als-infants\/"},"author":{"name":"CFPMaresme","@id":"https:\/\/cfpmaresme.org\/#\/schema\/person\/b2634bcd796fafc667ea4055f61b9b2c"},"headline":"El CRAE ofrecer\u00e1 un nuevo taller som\u00e1tico con caballos a los infantes","datePublished":"2018-09-28T15:29:46+00:00","dateModified":"2021-02-01T14:55:48+00:00","mainEntityOfPage":{"@id":"https:\/\/cfpmaresme.org\/es\/el-crae-oferira-un-nou-taller-somatic-amb-cavalls-als-infants\/"},"wordCount":290,"commentCount":0,"image":{"@id":"https:\/\/cfpmaresme.org\/es\/el-crae-oferira-un-nou-taller-somatic-amb-cavalls-als-infants\/#primaryimage"},"thumbnailUrl":"https:\/\/cfpmaresme.org\/wp-content\/uploads\/2019\/01\/2018-09-282.jpg","keywords":["acci\u00f3","educativa","residencial"],"articleSection":["\u00c1rea de infancia, adolescencia y fam\u00edlia","CRAE"],"inLanguage":"es"},{"@type":"WebPage","@id":"https:\/\/cfpmaresme.org\/es\/el-crae-oferira-un-nou-taller-somatic-amb-cavalls-als-infants\/","url":"https:\/\/cfpmaresme.org\/es\/el-crae-oferira-un-nou-taller-somatic-amb-cavalls-als-infants\/","name":"El CRAE ofrecer\u00e1 un nuevo taller som\u00e1tico con caballos a los infantes | CFP Maresme","isPartOf":{"@id":"https:\/\/cfpmaresme.org\/#website"},"primaryImageOfPage":{"@id":"https:\/\/cfpmaresme.org\/es\/el-crae-oferira-un-nou-taller-somatic-amb-cavalls-als-infants\/#primaryimage"},"image":{"@id":"https:\/\/cfpmaresme.org\/es\/el-crae-oferira-un-nou-taller-somatic-amb-cavalls-als-infants\/#primaryimage"},"thumbnailUrl":"https:\/\/cfpmaresme.org\/wp-content\/uploads\/2019\/01\/2018-09-282.jpg","datePublished":"2018-09-28T15:29:46+00:00","dateModified":"2021-02-01T14:55:48+00:00","author":{"@id":"https:\/\/cfpmaresme.org\/#\/schema\/person\/b2634bcd796fafc667ea4055f61b9b2c"},"breadcrumb":{"@id":"https:\/\/cfpmaresme.org\/es\/el-crae-oferira-un-nou-taller-somatic-amb-cavalls-als-infants\/#breadcrumb"},"inLanguage":"es","potentialAction":[{"@type":"ReadAction","target":["https:\/\/cfpmaresme.org\/es\/el-crae-oferira-un-nou-taller-somatic-amb-cavalls-als-infants\/"]}]},{"@type":"ImageObject","inLanguage":"es","@id":"https:\/\/cfpmaresme.org\/es\/el-crae-oferira-un-nou-taller-somatic-amb-cavalls-als-infants\/#primaryimage","url":"https:\/\/cfpmaresme.org\/wp-content\/uploads\/2019\/01\/2018-09-282.jpg","contentUrl":"https:\/\/cfpmaresme.org\/wp-content\/uploads\/2019\/01\/2018-09-282.jpg","width":584,"height":330,"caption":"sdr"},{"@type":"BreadcrumbList","@id":"https:\/\/cfpmaresme.org\/es\/el-crae-oferira-un-nou-taller-somatic-amb-cavalls-als-infants\/#breadcrumb","itemListElement":[{"@type":"ListItem","position":1,"name":"Home","item":"https:\/\/cfpmaresme.org\/es\/"},{"@type":"ListItem","position":2,"name":"El CRAE ofrecer\u00e1 un nuevo taller som\u00e1tico con caballos a los infantes"}]},{"@type":"WebSite","@id":"https:\/\/cfpmaresme.org\/#website","url":"https:\/\/cfpmaresme.org\/","name":"CFP Maresme","description":"Centre Formaci\u00f3 Prevenci\u00f3","potentialAction":[{"@type":"SearchAction","target":{"@type":"EntryPoint","urlTemplate":"https:\/\/cfpmaresme.org\/?s={search_term_string}"},"query-input":{"@type":"PropertyValueSpecification","valueRequired":true,"valueName":"search_term_string"}}],"inLanguage":"es"},{"@type":"Person","@id":"https:\/\/cfpmaresme.org\/#\/schema\/person\/b2634bcd796fafc667ea4055f61b9b2c","name":"CFPMaresme"}]}},"_links":{"self":[{"href":"https:\/\/cfpmaresme.org\/es\/wp-json\/wp\/v2\/posts\/22357","targetHints":{"allow":["GET"]}}],"collection":[{"href":"https:\/\/cfpmaresme.org\/es\/wp-json\/wp\/v2\/posts"}],"about":[{"href":"https:\/\/cfpmaresme.org\/es\/wp-json\/wp\/v2\/types\/post"}],"author":[{"embeddable":true,"href":"https:\/\/cfpmaresme.org\/es\/wp-json\/wp\/v2\/users\/2"}],"replies":[{"embeddable":true,"href":"https:\/\/cfpmaresme.org\/es\/wp-json\/wp\/v2\/comments?post=22357"}],"version-history":[{"count":4,"href":"https:\/\/cfpmaresme.org\/es\/wp-json\/wp\/v2\/posts\/22357\/revisions"}],"predecessor-version":[{"id":23078,"href":"https:\/\/cfpmaresme.org\/es\/wp-json\/wp\/v2\/posts\/22357\/revisions\/23078"}],"wp:featuredmedia":[{"embeddable":true,"href":"https:\/\/cfpmaresme.org\/es\/wp-json\/wp\/v2\/media\/17260"}],"wp:attachment":[{"href":"https:\/\/cfpmaresme.org\/es\/wp-json\/wp\/v2\/media?parent=22357"}],"wp:term":[{"taxonomy":"category","embeddable":true,"href":"https:\/\/cfpmaresme.org\/es\/wp-json\/wp\/v2\/categories?post=22357"},{"taxonomy":"post_tag","embeddable":true,"href":"https:\/\/cfpmaresme.org\/es\/wp-json\/wp\/v2\/tags?post=22357"}],"curies":[{"name":"wp","href":"https:\/\/api.w.org\/{rel}","templated":true}]}}