{"id":22361,"date":"2018-08-01T17:55:12","date_gmt":"2018-08-01T15:55:12","guid":{"rendered":"https:\/\/www.cfpmaresme.org\/?p=22361"},"modified":"2021-02-01T17:11:40","modified_gmt":"2021-02-01T15:11:40","slug":"un-grup-dinfants-del-crae-participa-a-la-cursa-de-les-santes","status":"publish","type":"post","link":"https:\/\/cfpmaresme.org\/es\/un-grup-dinfants-del-crae-participa-a-la-cursa-de-les-santes\/","title":{"rendered":"Un grupo de infantes del CRAE participa a la carrera de Les Santes"},"content":{"rendered":"<p><strong>Los chicos y chicas del Centro Residencial de Acci\u00f3n Educativa quisieron realizar esta actividad deportiva enmarcada dentro de las fiestas de Matar\u00f3<\/strong><\/p>\n<p>El pasado 28 de julio se celebr\u00f3 la 40a Carrera Popular de Les Santes de Matar\u00f3. Esta actividad deportiva, un cl\u00e1sico de la festividad local, cont\u00f3 esta \u00faltima edici\u00f3n con m\u00e1s de 2300 corredores inscritos. Entre ellos, cinco chicos y chicas del Centro Residencial de Acci\u00f3n Educativa Mas Sant Jordi, que decidieron participar en la carrera.<\/p>\n<p>&nbsp;<\/p>\n<p>Esta iniciativa forma parte del conjunto de actividades que los infantes del CRAE realizan durante el per\u00edodo estival. En una \u00e9poca donde no hay asistencia escolar durante las vacaciones, los profesionales del CRAE programan diversas propuestas de recreo para los chicos y chicas. En este marco, se apuesta entre otras actuaciones por el ejercicio f\u00edsico y las actividades al aire libre.<\/p>\n","protected":false},"excerpt":{"rendered":"<p>Los chicos y chicas del Centro Residencial de Acci\u00f3n Educativa quisieron realizar esta actividad deportiva enmarcada dentro de las fiestas de Matar\u00f3 El pasado 28 de julio se celebr\u00f3 la 40a Carrera Popular de Les Santes de Matar\u00f3. Esta actividad deportiva, un cl\u00e1sico de la&#8230;<\/p>\n","protected":false},"author":2,"featured_media":17228,"comment_status":"open","ping_status":"open","sticky":false,"template":"","format":"standard","meta":{"footnotes":""},"categories":[1144,1243],"tags":[692,614,622],"class_list":["post-22361","post","type-post","status-publish","format-standard","has-post-thumbnail","hentry","category-infancia-y-familia","category-crae","tag-accio-es","tag-festes-es","tag-santes-es"],"yoast_head":"<!-- This site is optimized with the Yoast SEO plugin v27.4 - https:\/\/yoast.com\/product\/yoast-seo-wordpress\/ -->\n<title>Un grupo de infantes del CRAE participa a la carrera de Les Santes | CFP Maresme<\/title>\n<meta name=\"robots\" content=\"index, follow, max-snippet:-1, max-image-preview:large, max-video-preview:-1\" \/>\n<link rel=\"canonical\" href=\"https:\/\/cfpmaresme.org\/es\/un-grup-dinfants-del-crae-participa-a-la-cursa-de-les-santes\/\" \/>\n<meta property=\"og:locale\" content=\"es_ES\" \/>\n<meta property=\"og:type\" content=\"article\" \/>\n<meta property=\"og:title\" content=\"Un grupo de infantes del CRAE participa a la carrera de Les Santes | CFP Maresme\" \/>\n<meta property=\"og:description\" content=\"Los chicos y chicas del Centro Residencial de Acci\u00f3n Educativa quisieron realizar esta actividad deportiva enmarcada dentro de las fiestas de Matar\u00f3 El pasado 28 de julio se celebr\u00f3 la 40a Carrera Popular de Les Santes de Matar\u00f3. Esta actividad deportiva, un cl\u00e1sico de la...\" \/>\n<meta property=\"og:url\" content=\"https:\/\/cfpmaresme.org\/es\/un-grup-dinfants-del-crae-participa-a-la-cursa-de-les-santes\/\" \/>\n<meta property=\"og:site_name\" content=\"CFP Maresme\" \/>\n<meta property=\"article:published_time\" content=\"2018-08-01T15:55:12+00:00\" \/>\n<meta property=\"article:modified_time\" content=\"2021-02-01T15:11:40+00:00\" \/>\n<meta property=\"og:image\" content=\"https:\/\/cfpmaresme.org\/wp-content\/uploads\/2019\/01\/2018-08-01.jpg\" \/>\n\t<meta property=\"og:image:width\" content=\"584\" \/>\n\t<meta property=\"og:image:height\" content=\"369\" \/>\n\t<meta property=\"og:image:type\" content=\"image\/jpeg\" \/>\n<meta name=\"author\" content=\"CFPMaresme\" \/>\n<meta name=\"twitter:card\" content=\"summary_large_image\" \/>\n<meta name=\"twitter:creator\" content=\"@cfpmaresme\" \/>\n<meta name=\"twitter:site\" content=\"@cfpmaresme\" \/>\n<meta name=\"twitter:label1\" content=\"Escrito por\" \/>\n\t<meta name=\"twitter:data1\" content=\"CFPMaresme\" \/>\n\t<meta name=\"twitter:label2\" content=\"Tiempo de lectura\" \/>\n\t<meta name=\"twitter:data2\" content=\"1 minuto\" \/>\n<script type=\"application\/ld+json\" class=\"yoast-schema-graph\">{\"@context\":\"https:\\\/\\\/schema.org\",\"@graph\":[{\"@type\":\"Article\",\"@id\":\"https:\\\/\\\/cfpmaresme.org\\\/es\\\/un-grup-dinfants-del-crae-participa-a-la-cursa-de-les-santes\\\/#article\",\"isPartOf\":{\"@id\":\"https:\\\/\\\/cfpmaresme.org\\\/es\\\/un-grup-dinfants-del-crae-participa-a-la-cursa-de-les-santes\\\/\"},\"author\":{\"name\":\"CFPMaresme\",\"@id\":\"https:\\\/\\\/cfpmaresme.org\\\/#\\\/schema\\\/person\\\/b2634bcd796fafc667ea4055f61b9b2c\"},\"headline\":\"Un grupo de infantes del CRAE participa a la carrera de Les Santes\",\"datePublished\":\"2018-08-01T15:55:12+00:00\",\"dateModified\":\"2021-02-01T15:11:40+00:00\",\"mainEntityOfPage\":{\"@id\":\"https:\\\/\\\/cfpmaresme.org\\\/es\\\/un-grup-dinfants-del-crae-participa-a-la-cursa-de-les-santes\\\/\"},\"wordCount\":158,\"commentCount\":0,\"image\":{\"@id\":\"https:\\\/\\\/cfpmaresme.org\\\/es\\\/un-grup-dinfants-del-crae-participa-a-la-cursa-de-les-santes\\\/#primaryimage\"},\"thumbnailUrl\":\"https:\\\/\\\/cfpmaresme.org\\\/wp-content\\\/uploads\\\/2019\\\/01\\\/2018-08-01.jpg\",\"keywords\":[\"acci\u00f3\",\"festes\",\"santes\"],\"articleSection\":[\"\u00c1rea de infancia, adolescencia y fam\u00edlia\",\"CRAE\"],\"inLanguage\":\"es\"},{\"@type\":\"WebPage\",\"@id\":\"https:\\\/\\\/cfpmaresme.org\\\/es\\\/un-grup-dinfants-del-crae-participa-a-la-cursa-de-les-santes\\\/\",\"url\":\"https:\\\/\\\/cfpmaresme.org\\\/es\\\/un-grup-dinfants-del-crae-participa-a-la-cursa-de-les-santes\\\/\",\"name\":\"Un grupo de infantes del CRAE participa a la carrera de Les Santes | CFP Maresme\",\"isPartOf\":{\"@id\":\"https:\\\/\\\/cfpmaresme.org\\\/#website\"},\"primaryImageOfPage\":{\"@id\":\"https:\\\/\\\/cfpmaresme.org\\\/es\\\/un-grup-dinfants-del-crae-participa-a-la-cursa-de-les-santes\\\/#primaryimage\"},\"image\":{\"@id\":\"https:\\\/\\\/cfpmaresme.org\\\/es\\\/un-grup-dinfants-del-crae-participa-a-la-cursa-de-les-santes\\\/#primaryimage\"},\"thumbnailUrl\":\"https:\\\/\\\/cfpmaresme.org\\\/wp-content\\\/uploads\\\/2019\\\/01\\\/2018-08-01.jpg\",\"datePublished\":\"2018-08-01T15:55:12+00:00\",\"dateModified\":\"2021-02-01T15:11:40+00:00\",\"author\":{\"@id\":\"https:\\\/\\\/cfpmaresme.org\\\/#\\\/schema\\\/person\\\/b2634bcd796fafc667ea4055f61b9b2c\"},\"breadcrumb\":{\"@id\":\"https:\\\/\\\/cfpmaresme.org\\\/es\\\/un-grup-dinfants-del-crae-participa-a-la-cursa-de-les-santes\\\/#breadcrumb\"},\"inLanguage\":\"es\",\"potentialAction\":[{\"@type\":\"ReadAction\",\"target\":[\"https:\\\/\\\/cfpmaresme.org\\\/es\\\/un-grup-dinfants-del-crae-participa-a-la-cursa-de-les-santes\\\/\"]}]},{\"@type\":\"ImageObject\",\"inLanguage\":\"es\",\"@id\":\"https:\\\/\\\/cfpmaresme.org\\\/es\\\/un-grup-dinfants-del-crae-participa-a-la-cursa-de-les-santes\\\/#primaryimage\",\"url\":\"https:\\\/\\\/cfpmaresme.org\\\/wp-content\\\/uploads\\\/2019\\\/01\\\/2018-08-01.jpg\",\"contentUrl\":\"https:\\\/\\\/cfpmaresme.org\\\/wp-content\\\/uploads\\\/2019\\\/01\\\/2018-08-01.jpg\",\"width\":584,\"height\":369},{\"@type\":\"BreadcrumbList\",\"@id\":\"https:\\\/\\\/cfpmaresme.org\\\/es\\\/un-grup-dinfants-del-crae-participa-a-la-cursa-de-les-santes\\\/#breadcrumb\",\"itemListElement\":[{\"@type\":\"ListItem\",\"position\":1,\"name\":\"Home\",\"item\":\"https:\\\/\\\/cfpmaresme.org\\\/es\\\/\"},{\"@type\":\"ListItem\",\"position\":2,\"name\":\"Un grupo de infantes del CRAE participa a la carrera de Les Santes\"}]},{\"@type\":\"WebSite\",\"@id\":\"https:\\\/\\\/cfpmaresme.org\\\/#website\",\"url\":\"https:\\\/\\\/cfpmaresme.org\\\/\",\"name\":\"CFP Maresme\",\"description\":\"Centre Formaci\u00f3 Prevenci\u00f3\",\"potentialAction\":[{\"@type\":\"SearchAction\",\"target\":{\"@type\":\"EntryPoint\",\"urlTemplate\":\"https:\\\/\\\/cfpmaresme.org\\\/?s={search_term_string}\"},\"query-input\":{\"@type\":\"PropertyValueSpecification\",\"valueRequired\":true,\"valueName\":\"search_term_string\"}}],\"inLanguage\":\"es\"},{\"@type\":\"Person\",\"@id\":\"https:\\\/\\\/cfpmaresme.org\\\/#\\\/schema\\\/person\\\/b2634bcd796fafc667ea4055f61b9b2c\",\"name\":\"CFPMaresme\"}]}<\/script>\n<!-- \/ Yoast SEO plugin. -->","yoast_head_json":{"title":"Un grupo de infantes del CRAE participa a la carrera de Les Santes | CFP Maresme","robots":{"index":"index","follow":"follow","max-snippet":"max-snippet:-1","max-image-preview":"max-image-preview:large","max-video-preview":"max-video-preview:-1"},"canonical":"https:\/\/cfpmaresme.org\/es\/un-grup-dinfants-del-crae-participa-a-la-cursa-de-les-santes\/","og_locale":"es_ES","og_type":"article","og_title":"Un grupo de infantes del CRAE participa a la carrera de Les Santes | CFP Maresme","og_description":"Los chicos y chicas del Centro Residencial de Acci\u00f3n Educativa quisieron realizar esta actividad deportiva enmarcada dentro de las fiestas de Matar\u00f3 El pasado 28 de julio se celebr\u00f3 la 40a Carrera Popular de Les Santes de Matar\u00f3. Esta actividad deportiva, un cl\u00e1sico de la...","og_url":"https:\/\/cfpmaresme.org\/es\/un-grup-dinfants-del-crae-participa-a-la-cursa-de-les-santes\/","og_site_name":"CFP Maresme","article_published_time":"2018-08-01T15:55:12+00:00","article_modified_time":"2021-02-01T15:11:40+00:00","og_image":[{"width":584,"height":369,"url":"https:\/\/cfpmaresme.org\/wp-content\/uploads\/2019\/01\/2018-08-01.jpg","type":"image\/jpeg"}],"author":"CFPMaresme","twitter_card":"summary_large_image","twitter_creator":"@cfpmaresme","twitter_site":"@cfpmaresme","twitter_misc":{"Escrito por":"CFPMaresme","Tiempo de lectura":"1 minuto"},"schema":{"@context":"https:\/\/schema.org","@graph":[{"@type":"Article","@id":"https:\/\/cfpmaresme.org\/es\/un-grup-dinfants-del-crae-participa-a-la-cursa-de-les-santes\/#article","isPartOf":{"@id":"https:\/\/cfpmaresme.org\/es\/un-grup-dinfants-del-crae-participa-a-la-cursa-de-les-santes\/"},"author":{"name":"CFPMaresme","@id":"https:\/\/cfpmaresme.org\/#\/schema\/person\/b2634bcd796fafc667ea4055f61b9b2c"},"headline":"Un grupo de infantes del CRAE participa a la carrera de Les Santes","datePublished":"2018-08-01T15:55:12+00:00","dateModified":"2021-02-01T15:11:40+00:00","mainEntityOfPage":{"@id":"https:\/\/cfpmaresme.org\/es\/un-grup-dinfants-del-crae-participa-a-la-cursa-de-les-santes\/"},"wordCount":158,"commentCount":0,"image":{"@id":"https:\/\/cfpmaresme.org\/es\/un-grup-dinfants-del-crae-participa-a-la-cursa-de-les-santes\/#primaryimage"},"thumbnailUrl":"https:\/\/cfpmaresme.org\/wp-content\/uploads\/2019\/01\/2018-08-01.jpg","keywords":["acci\u00f3","festes","santes"],"articleSection":["\u00c1rea de infancia, adolescencia y fam\u00edlia","CRAE"],"inLanguage":"es"},{"@type":"WebPage","@id":"https:\/\/cfpmaresme.org\/es\/un-grup-dinfants-del-crae-participa-a-la-cursa-de-les-santes\/","url":"https:\/\/cfpmaresme.org\/es\/un-grup-dinfants-del-crae-participa-a-la-cursa-de-les-santes\/","name":"Un grupo de infantes del CRAE participa a la carrera de Les Santes | CFP Maresme","isPartOf":{"@id":"https:\/\/cfpmaresme.org\/#website"},"primaryImageOfPage":{"@id":"https:\/\/cfpmaresme.org\/es\/un-grup-dinfants-del-crae-participa-a-la-cursa-de-les-santes\/#primaryimage"},"image":{"@id":"https:\/\/cfpmaresme.org\/es\/un-grup-dinfants-del-crae-participa-a-la-cursa-de-les-santes\/#primaryimage"},"thumbnailUrl":"https:\/\/cfpmaresme.org\/wp-content\/uploads\/2019\/01\/2018-08-01.jpg","datePublished":"2018-08-01T15:55:12+00:00","dateModified":"2021-02-01T15:11:40+00:00","author":{"@id":"https:\/\/cfpmaresme.org\/#\/schema\/person\/b2634bcd796fafc667ea4055f61b9b2c"},"breadcrumb":{"@id":"https:\/\/cfpmaresme.org\/es\/un-grup-dinfants-del-crae-participa-a-la-cursa-de-les-santes\/#breadcrumb"},"inLanguage":"es","potentialAction":[{"@type":"ReadAction","target":["https:\/\/cfpmaresme.org\/es\/un-grup-dinfants-del-crae-participa-a-la-cursa-de-les-santes\/"]}]},{"@type":"ImageObject","inLanguage":"es","@id":"https:\/\/cfpmaresme.org\/es\/un-grup-dinfants-del-crae-participa-a-la-cursa-de-les-santes\/#primaryimage","url":"https:\/\/cfpmaresme.org\/wp-content\/uploads\/2019\/01\/2018-08-01.jpg","contentUrl":"https:\/\/cfpmaresme.org\/wp-content\/uploads\/2019\/01\/2018-08-01.jpg","width":584,"height":369},{"@type":"BreadcrumbList","@id":"https:\/\/cfpmaresme.org\/es\/un-grup-dinfants-del-crae-participa-a-la-cursa-de-les-santes\/#breadcrumb","itemListElement":[{"@type":"ListItem","position":1,"name":"Home","item":"https:\/\/cfpmaresme.org\/es\/"},{"@type":"ListItem","position":2,"name":"Un grupo de infantes del CRAE participa a la carrera de Les Santes"}]},{"@type":"WebSite","@id":"https:\/\/cfpmaresme.org\/#website","url":"https:\/\/cfpmaresme.org\/","name":"CFP Maresme","description":"Centre Formaci\u00f3 Prevenci\u00f3","potentialAction":[{"@type":"SearchAction","target":{"@type":"EntryPoint","urlTemplate":"https:\/\/cfpmaresme.org\/?s={search_term_string}"},"query-input":{"@type":"PropertyValueSpecification","valueRequired":true,"valueName":"search_term_string"}}],"inLanguage":"es"},{"@type":"Person","@id":"https:\/\/cfpmaresme.org\/#\/schema\/person\/b2634bcd796fafc667ea4055f61b9b2c","name":"CFPMaresme"}]}},"_links":{"self":[{"href":"https:\/\/cfpmaresme.org\/es\/wp-json\/wp\/v2\/posts\/22361","targetHints":{"allow":["GET"]}}],"collection":[{"href":"https:\/\/cfpmaresme.org\/es\/wp-json\/wp\/v2\/posts"}],"about":[{"href":"https:\/\/cfpmaresme.org\/es\/wp-json\/wp\/v2\/types\/post"}],"author":[{"embeddable":true,"href":"https:\/\/cfpmaresme.org\/es\/wp-json\/wp\/v2\/users\/2"}],"replies":[{"embeddable":true,"href":"https:\/\/cfpmaresme.org\/es\/wp-json\/wp\/v2\/comments?post=22361"}],"version-history":[{"count":5,"href":"https:\/\/cfpmaresme.org\/es\/wp-json\/wp\/v2\/posts\/22361\/revisions"}],"predecessor-version":[{"id":23083,"href":"https:\/\/cfpmaresme.org\/es\/wp-json\/wp\/v2\/posts\/22361\/revisions\/23083"}],"wp:featuredmedia":[{"embeddable":true,"href":"https:\/\/cfpmaresme.org\/es\/wp-json\/wp\/v2\/media\/17228"}],"wp:attachment":[{"href":"https:\/\/cfpmaresme.org\/es\/wp-json\/wp\/v2\/media?parent=22361"}],"wp:term":[{"taxonomy":"category","embeddable":true,"href":"https:\/\/cfpmaresme.org\/es\/wp-json\/wp\/v2\/categories?post=22361"},{"taxonomy":"post_tag","embeddable":true,"href":"https:\/\/cfpmaresme.org\/es\/wp-json\/wp\/v2\/tags?post=22361"}],"curies":[{"name":"wp","href":"https:\/\/api.w.org\/{rel}","templated":true}]}}