{"id":22497,"date":"2020-11-27T10:27:13","date_gmt":"2020-11-27T08:27:13","guid":{"rendered":"https:\/\/www.cfpmaresme.org\/?p=22497"},"modified":"2022-05-25T10:31:23","modified_gmt":"2022-05-25T08:31:23","slug":"estudio-afrontando-el-confinamiento","status":"publish","type":"post","link":"https:\/\/cfpmaresme.org\/es\/estudio-afrontando-el-confinamiento\/","title":{"rendered":"Estudio \u00abAfrontando el confinamiento\u00bb"},"content":{"rendered":"<p><strong>Luc\u00eda Pose Dallmann y Blanca Gimeno-Bay\u00f3n Campany, psic\u00f3logas del Servicio de Rehabilitaci\u00f3n Comunitaria del CFP Maresme\u00a0<\/strong><\/p>\n<p><strong>\u00a0<\/strong>Como todos\/as sabemos, durante la Primavera se decret\u00f3 el Estado de Alarma y, con \u00e9l, se inici\u00f3 un per\u00edodo de confinamiento domiciliario a todo el estado espa\u00f1ol. As\u00ed pues, las actividades presenciales de los recursos que atienden a personas con una problem\u00e1tica de salud mental quedaron paradas a partir del 13 de marzo. En este contexto, los equipos profesionales tuvieron que <strong>reinventar <\/strong>la metodolog\u00eda de <strong>atenci\u00f3n a las personas<\/strong> usuarias e intensificarla en formato online. Un cambio de paradigma. Luc\u00eda Pose y Blanca Gimeno, psic\u00f3logas del SRC Maresme, han realizado el estudio <a href=\"https:\/\/www.cfpmaresme.org\/wp-content\/uploads\/2020\/11\/AFRONTANDO-EL-CONFINAMIENTO-09-2020.pdf\" target=\"_blank\" rel=\"noopener noreferrer\">\u00abAfrontando en confinamiento\u00bb .<\/a><\/p>\n<p>&nbsp;<\/p>\n<p><strong>Publicado en el <a href=\"https:\/\/psiaracopc.cat\/2020\/10\/23\/afrontando-el-confinamiento-impacto-psicologico-y-estrategias-de-afrontamiento-en-personas-que-sufren-una-problematica-derivada-de-una-enfermedad-mental\/\" target=\"_blank\" rel=\"noopener noreferrer\">Psiara<\/a>, la revista del<a href=\"https:\/\/www.copc.cat\/\" target=\"_blank\" rel=\"noopener noreferrer\"> Col\u00b7legi Oficial de Psicologia de Catalunya <\/a><\/strong>tiene como objetivo principal valorar el impacto psicol\u00f3gico del confinamiento en personas que previamente presentaban una problem\u00e1tica de salud mental y qu\u00e9 hicieron para afrontar esta nueva situaci\u00f3n. En palabras de las autoras: \u00abQueremos ofrecer algunas consideraciones relacionadas con la situaci\u00f3n post-confinamiento. Abrir espacios de reflexi\u00f3n y construir un nuevo saber a partir de la experiencia excepcional vivida\u00bb. Esto ayudar\u00e1 a pensar en c\u00f3mo plantear las intervenciones durante y despu\u00e9s de la crisis.<\/p>\n<p>&nbsp;<\/p>\n<h3>Una situaci\u00f3n que requiri\u00f3 de nuevas maneras de acompa\u00f1ar a las personas usuarias<\/h3>\n<p>Nuestro trabajo se sostiene en la palabra, dirigida al otro y que circula en el lazo social. En aquel momento era esencial no hacer del confinamiento un aislamiento y acompa\u00f1ar a las personas que ya antes del Estado de Alarma viv\u00edan confinadas en casa por miedo a salir, por sentirse perseguidas o por estar deprimidas, entre otras causas. <strong>El v\u00ednculo, aunque sea virtual, implica que no estamos solos, que hay alguien.\u00a0<\/strong><\/p>\n<p><strong> <img loading=\"lazy\" decoding=\"async\" class=\"aligncenter wp-image-22471\" src=\"https:\/\/www.cfpmaresme.org\/wp-content\/uploads\/2020\/11\/foto-ferran-300x225.jpg\" alt=\"\" width=\"500\" height=\"375\" srcset=\"https:\/\/cfpmaresme.org\/wp-content\/uploads\/2020\/11\/foto-ferran-300x225.jpg 300w, https:\/\/cfpmaresme.org\/wp-content\/uploads\/2020\/11\/foto-ferran-1024x768.jpg 1024w, https:\/\/cfpmaresme.org\/wp-content\/uploads\/2020\/11\/foto-ferran-768x576.jpg 768w, https:\/\/cfpmaresme.org\/wp-content\/uploads\/2020\/11\/foto-ferran-800x600.jpg 800w, https:\/\/cfpmaresme.org\/wp-content\/uploads\/2020\/11\/foto-ferran-700x525.jpg 700w, https:\/\/cfpmaresme.org\/wp-content\/uploads\/2020\/11\/foto-ferran.jpg 1100w\" sizes=\"auto, (max-width: 500px) 100vw, 500px\" \/><\/strong><\/p>\n<h3>El estudio: m\u00e9todo, interpretaciones, conclusiones y propuestas de intervenci\u00f3n<\/h3>\n<p>El punto de partida del estudio es la encuesta realizada a 162 personas usuarias de recursos de salud mental. Concretamente, del <a href=\"https:\/\/www.cfpmaresme.org\/\" target=\"_blank\" rel=\"noopener noreferrer\">CFP Maresme<\/a>, de la <a href=\"http:\/\/www.salutmental.cat\/\" target=\"_blank\" rel=\"noopener noreferrer\">Comunitat Terap\u00e8utica del Maresme<\/a>\u00a0 y de <a href=\"https:\/\/www.arep.cat\/\" target=\"_blank\" rel=\"noopener noreferrer\">Arep<\/a>.<\/p>\n<p>A trav\u00e9s de una veintena de preguntas sobre los cambios que estaban viviendo debido al confinamiento, como se sent\u00edan y qu\u00e9 estaban haciendo para afrontarlo, se han extra\u00eddo conclusiones de los efectos que ha supuesto el aislamiento y qu\u00e9 es lo que m\u00e1s los ha ayudado a llevarlo bien. As\u00ed mismo, Blanca y Luc\u00eda, plantean propuestas de intervenci\u00f3n en este nuevo paradigma y las conclusiones m\u00e1s relevantes del estudio.<\/p>\n<p><strong>\u00a0<\/strong><\/p>\n<h4>Los efectos psicol\u00f3gicos del confinamiento<\/h4>\n<p>Los resultados de la encuesta reflejan en n\u00fameros los efectos f\u00edsicos, psicol\u00f3gicos y sociales del confinamiento y de la pandemia.<\/p>\n<p>As\u00ed, lo m\u00e1s destacable que hemos podido observar en el <strong>\u00e1mbito emocional <\/strong>es que la pandemia nos deja como efecto el <strong>miedo generalizado <\/strong>hacia aquello exterior y hacia los otros. Asimismo, el estudio nos muestra que la situaci\u00f3n ha generado frustraci\u00f3n e irritabilidad por no poder hacer lo que hac\u00edan antes y la incertidumbre de no saber c\u00f3mo y cuando volveremos a la normalidad.<\/p>\n<p>Es evidente que el confinamiento ha provocado un aumento de la sintomatolog\u00eda relacionada con la <strong>ansiedad<\/strong> y la <strong>depresi\u00f3n. <\/strong>A pesar de esto, muchos\/as usuarios\/as encuestados\/as admiten que <strong>tuvieron sentimientos positivos <\/strong>durante este tiempo y que el desconfinamiento mejorar\u00e1 su estado an\u00edmico.<\/p>\n<p><strong>Fisiol\u00f3gicamente<\/strong> la encuesta revela que la mayor\u00eda (casi un 60%) han tenido alteraciones en los ritmos del sue\u00f1o, vitales para mantener la salud, y cambios en la sensaci\u00f3n de hambre y que no han realizado ninguna actividad f\u00edsica.<\/p>\n<p><strong>A nivel social,<\/strong> las personas participantes expresan que han necesitado hablar con alg\u00fan referente profesional y que se han comunicado con familiares y amistades.<\/p>\n<p><strong>\u00a0<\/strong><\/p>\n<h4>Estrategias de afrontamiento empradas por las personas encuestadas<\/h4>\n<p>La estrategia mayoritaria ha sido <strong>mirar la televisi\u00f3n<\/strong>. Una actividad pasiva y sedentaria que puede haber tenido una doble funci\u00f3n: evasi\u00f3n y pasar tiempo durante un per\u00edodo de espera. En segundo lugar, las <strong>actividades cognitivas o creativas<\/strong>, muchas personas usuarias se han implicado en crear alguna cosa socialmente valiosa. La siguiente estrategia que ha dado bienestar a la muestra de encuestados\/as ha sido <strong>relacionarse con los otros. <\/strong>Y, en cuarto lugar, <strong>hablar con profesionales.\u00a0<\/strong><\/p>\n<p>&nbsp;<\/p>\n<h4>Intervenciones durante el confinamiento y a la vuelta<\/h4>\n<p>En un primer momento las intervenciones se dirigieron a contener a las personas y a velar porque nadie quedase desatendido. Poco a poco, cada profesional fue adaptando la atenci\u00f3n con cambios de frecuencia, duraci\u00f3n&#8230;esto fue posible gracias a que tanto usuarios\/as como profesionales se fueron adaptando a los cambios. Posteriormente, giraron entorno a establecer causalidades distintas al virus y recuperar el trabajo sobre los s\u00edntomas previos a la pandemia.<\/p>\n<p>&nbsp;<\/p>\n<p>Creemos que los puntos troncales a trabajar desde este momento en adelante son potenciar las relaciones personales, recuperar los h\u00e1bitos saludables y la creaci\u00f3n de rutinas, prepararnos para poder mantener el v\u00ednculo con las personas atendidas aunque no pueda ser presencial y afrontar todos los nuevos retos que se presenten con la tarea de rehabilitaci\u00f3n comunitaria debido a las consecuencias y nuevas situaciones que ocasione la pandemia.<\/p>\n<p><strong>\u00a0<\/strong><\/p>\n<p><strong>Pod\u00e9is consultar el estudio entero en el<\/strong><strong>\u00a0<a href=\"https:\/\/www.cfpmaresme.org\/wp-content\/uploads\/2020\/11\/AFRONTANDO-EL-CONFINAMIENTO-09-2020.pdf\" target=\"_blank\" rel=\"noopener noreferrer\">siguiente enlace.\u00a0<\/a><\/strong><\/p>\n<p><strong>\u00a0<\/strong><\/p>\n","protected":false},"excerpt":{"rendered":"<p>Luc\u00eda Pose Dallmann y Blanca Gimeno-Bay\u00f3n Campany, psic\u00f3logas del Servicio de Rehabilitaci\u00f3n Comunitaria del CFP Maresme\u00a0 \u00a0Como todos\/as sabemos, durante la Primavera se decret\u00f3 el Estado de Alarma y, con \u00e9l, se inici\u00f3 un per\u00edodo de confinamiento domiciliario a todo el estado espa\u00f1ol. As\u00ed pues,&#8230;<\/p>\n","protected":false},"author":2,"featured_media":22498,"comment_status":"open","ping_status":"open","sticky":false,"template":"","format":"standard","meta":{"footnotes":""},"categories":[1256],"tags":[],"class_list":["post-22497","post","type-post","status-publish","format-standard","has-post-thumbnail","hentry","category-articulos-profesionales"],"yoast_head":"<!-- This site is optimized with the Yoast SEO plugin v27.4 - https:\/\/yoast.com\/product\/yoast-seo-wordpress\/ -->\n<title>Estudio &quot;Afrontando el confinamiento&quot; | CFP Maresme<\/title>\n<meta name=\"robots\" content=\"index, follow, max-snippet:-1, max-image-preview:large, max-video-preview:-1\" \/>\n<link rel=\"canonical\" href=\"https:\/\/cfpmaresme.org\/es\/estudio-afrontando-el-confinamiento\/\" \/>\n<meta property=\"og:locale\" content=\"es_ES\" \/>\n<meta property=\"og:type\" content=\"article\" \/>\n<meta property=\"og:title\" content=\"Estudio &quot;Afrontando el confinamiento&quot; | CFP Maresme\" \/>\n<meta property=\"og:description\" content=\"Luc\u00eda Pose Dallmann y Blanca Gimeno-Bay\u00f3n Campany, psic\u00f3logas del Servicio de Rehabilitaci\u00f3n Comunitaria del CFP Maresme\u00a0 \u00a0Como todos\/as sabemos, durante la Primavera se decret\u00f3 el Estado de Alarma y, con \u00e9l, se inici\u00f3 un per\u00edodo de confinamiento domiciliario a todo el estado espa\u00f1ol. As\u00ed pues,...\" \/>\n<meta property=\"og:url\" content=\"https:\/\/cfpmaresme.org\/es\/estudio-afrontando-el-confinamiento\/\" \/>\n<meta property=\"og:site_name\" content=\"CFP Maresme\" \/>\n<meta property=\"article:published_time\" content=\"2020-11-27T08:27:13+00:00\" \/>\n<meta property=\"article:modified_time\" content=\"2022-05-25T08:31:23+00:00\" \/>\n<meta property=\"og:image\" content=\"https:\/\/cfpmaresme.org\/wp-content\/uploads\/2020\/11\/banner-castell\u00e0-1.jpg\" \/>\n\t<meta property=\"og:image:width\" content=\"885\" \/>\n\t<meta property=\"og:image:height\" content=\"160\" \/>\n\t<meta property=\"og:image:type\" content=\"image\/jpeg\" \/>\n<meta name=\"author\" content=\"CFPMaresme\" \/>\n<meta name=\"twitter:card\" content=\"summary_large_image\" \/>\n<meta name=\"twitter:creator\" content=\"@cfpmaresme\" \/>\n<meta name=\"twitter:site\" content=\"@cfpmaresme\" \/>\n<meta name=\"twitter:label1\" content=\"Escrito por\" \/>\n\t<meta name=\"twitter:data1\" content=\"CFPMaresme\" \/>\n\t<meta name=\"twitter:label2\" content=\"Tiempo de lectura\" \/>\n\t<meta name=\"twitter:data2\" content=\"4 minutos\" \/>\n<script type=\"application\/ld+json\" class=\"yoast-schema-graph\">{\"@context\":\"https:\\\/\\\/schema.org\",\"@graph\":[{\"@type\":\"Article\",\"@id\":\"https:\\\/\\\/cfpmaresme.org\\\/es\\\/estudio-afrontando-el-confinamiento\\\/#article\",\"isPartOf\":{\"@id\":\"https:\\\/\\\/cfpmaresme.org\\\/es\\\/estudio-afrontando-el-confinamiento\\\/\"},\"author\":{\"name\":\"CFPMaresme\",\"@id\":\"https:\\\/\\\/cfpmaresme.org\\\/#\\\/schema\\\/person\\\/b2634bcd796fafc667ea4055f61b9b2c\"},\"headline\":\"Estudio \u00abAfrontando el confinamiento\u00bb\",\"datePublished\":\"2020-11-27T08:27:13+00:00\",\"dateModified\":\"2022-05-25T08:31:23+00:00\",\"mainEntityOfPage\":{\"@id\":\"https:\\\/\\\/cfpmaresme.org\\\/es\\\/estudio-afrontando-el-confinamiento\\\/\"},\"wordCount\":895,\"commentCount\":0,\"image\":{\"@id\":\"https:\\\/\\\/cfpmaresme.org\\\/es\\\/estudio-afrontando-el-confinamiento\\\/#primaryimage\"},\"thumbnailUrl\":\"https:\\\/\\\/cfpmaresme.org\\\/wp-content\\\/uploads\\\/2020\\\/11\\\/banner-castell\u00e0-1.jpg\",\"articleSection\":[\"Art\u00edculos profesionales\"],\"inLanguage\":\"es\"},{\"@type\":\"WebPage\",\"@id\":\"https:\\\/\\\/cfpmaresme.org\\\/es\\\/estudio-afrontando-el-confinamiento\\\/\",\"url\":\"https:\\\/\\\/cfpmaresme.org\\\/es\\\/estudio-afrontando-el-confinamiento\\\/\",\"name\":\"Estudio \\\"Afrontando el confinamiento\\\" | CFP Maresme\",\"isPartOf\":{\"@id\":\"https:\\\/\\\/cfpmaresme.org\\\/#website\"},\"primaryImageOfPage\":{\"@id\":\"https:\\\/\\\/cfpmaresme.org\\\/es\\\/estudio-afrontando-el-confinamiento\\\/#primaryimage\"},\"image\":{\"@id\":\"https:\\\/\\\/cfpmaresme.org\\\/es\\\/estudio-afrontando-el-confinamiento\\\/#primaryimage\"},\"thumbnailUrl\":\"https:\\\/\\\/cfpmaresme.org\\\/wp-content\\\/uploads\\\/2020\\\/11\\\/banner-castell\u00e0-1.jpg\",\"datePublished\":\"2020-11-27T08:27:13+00:00\",\"dateModified\":\"2022-05-25T08:31:23+00:00\",\"author\":{\"@id\":\"https:\\\/\\\/cfpmaresme.org\\\/#\\\/schema\\\/person\\\/b2634bcd796fafc667ea4055f61b9b2c\"},\"breadcrumb\":{\"@id\":\"https:\\\/\\\/cfpmaresme.org\\\/es\\\/estudio-afrontando-el-confinamiento\\\/#breadcrumb\"},\"inLanguage\":\"es\",\"potentialAction\":[{\"@type\":\"ReadAction\",\"target\":[\"https:\\\/\\\/cfpmaresme.org\\\/es\\\/estudio-afrontando-el-confinamiento\\\/\"]}]},{\"@type\":\"ImageObject\",\"inLanguage\":\"es\",\"@id\":\"https:\\\/\\\/cfpmaresme.org\\\/es\\\/estudio-afrontando-el-confinamiento\\\/#primaryimage\",\"url\":\"https:\\\/\\\/cfpmaresme.org\\\/wp-content\\\/uploads\\\/2020\\\/11\\\/banner-castell\u00e0-1.jpg\",\"contentUrl\":\"https:\\\/\\\/cfpmaresme.org\\\/wp-content\\\/uploads\\\/2020\\\/11\\\/banner-castell\u00e0-1.jpg\",\"width\":885,\"height\":160},{\"@type\":\"BreadcrumbList\",\"@id\":\"https:\\\/\\\/cfpmaresme.org\\\/es\\\/estudio-afrontando-el-confinamiento\\\/#breadcrumb\",\"itemListElement\":[{\"@type\":\"ListItem\",\"position\":1,\"name\":\"Home\",\"item\":\"https:\\\/\\\/cfpmaresme.org\\\/es\\\/\"},{\"@type\":\"ListItem\",\"position\":2,\"name\":\"Estudio \u00abAfrontando el confinamiento\u00bb\"}]},{\"@type\":\"WebSite\",\"@id\":\"https:\\\/\\\/cfpmaresme.org\\\/#website\",\"url\":\"https:\\\/\\\/cfpmaresme.org\\\/\",\"name\":\"CFP Maresme\",\"description\":\"Centre Formaci\u00f3 Prevenci\u00f3\",\"potentialAction\":[{\"@type\":\"SearchAction\",\"target\":{\"@type\":\"EntryPoint\",\"urlTemplate\":\"https:\\\/\\\/cfpmaresme.org\\\/?s={search_term_string}\"},\"query-input\":{\"@type\":\"PropertyValueSpecification\",\"valueRequired\":true,\"valueName\":\"search_term_string\"}}],\"inLanguage\":\"es\"},{\"@type\":\"Person\",\"@id\":\"https:\\\/\\\/cfpmaresme.org\\\/#\\\/schema\\\/person\\\/b2634bcd796fafc667ea4055f61b9b2c\",\"name\":\"CFPMaresme\"}]}<\/script>\n<!-- \/ Yoast SEO plugin. -->","yoast_head_json":{"title":"Estudio \"Afrontando el confinamiento\" | CFP Maresme","robots":{"index":"index","follow":"follow","max-snippet":"max-snippet:-1","max-image-preview":"max-image-preview:large","max-video-preview":"max-video-preview:-1"},"canonical":"https:\/\/cfpmaresme.org\/es\/estudio-afrontando-el-confinamiento\/","og_locale":"es_ES","og_type":"article","og_title":"Estudio \"Afrontando el confinamiento\" | CFP Maresme","og_description":"Luc\u00eda Pose Dallmann y Blanca Gimeno-Bay\u00f3n Campany, psic\u00f3logas del Servicio de Rehabilitaci\u00f3n Comunitaria del CFP Maresme\u00a0 \u00a0Como todos\/as sabemos, durante la Primavera se decret\u00f3 el Estado de Alarma y, con \u00e9l, se inici\u00f3 un per\u00edodo de confinamiento domiciliario a todo el estado espa\u00f1ol. As\u00ed pues,...","og_url":"https:\/\/cfpmaresme.org\/es\/estudio-afrontando-el-confinamiento\/","og_site_name":"CFP Maresme","article_published_time":"2020-11-27T08:27:13+00:00","article_modified_time":"2022-05-25T08:31:23+00:00","og_image":[{"width":885,"height":160,"url":"https:\/\/cfpmaresme.org\/wp-content\/uploads\/2020\/11\/banner-castell\u00e0-1.jpg","type":"image\/jpeg"}],"author":"CFPMaresme","twitter_card":"summary_large_image","twitter_creator":"@cfpmaresme","twitter_site":"@cfpmaresme","twitter_misc":{"Escrito por":"CFPMaresme","Tiempo de lectura":"4 minutos"},"schema":{"@context":"https:\/\/schema.org","@graph":[{"@type":"Article","@id":"https:\/\/cfpmaresme.org\/es\/estudio-afrontando-el-confinamiento\/#article","isPartOf":{"@id":"https:\/\/cfpmaresme.org\/es\/estudio-afrontando-el-confinamiento\/"},"author":{"name":"CFPMaresme","@id":"https:\/\/cfpmaresme.org\/#\/schema\/person\/b2634bcd796fafc667ea4055f61b9b2c"},"headline":"Estudio \u00abAfrontando el confinamiento\u00bb","datePublished":"2020-11-27T08:27:13+00:00","dateModified":"2022-05-25T08:31:23+00:00","mainEntityOfPage":{"@id":"https:\/\/cfpmaresme.org\/es\/estudio-afrontando-el-confinamiento\/"},"wordCount":895,"commentCount":0,"image":{"@id":"https:\/\/cfpmaresme.org\/es\/estudio-afrontando-el-confinamiento\/#primaryimage"},"thumbnailUrl":"https:\/\/cfpmaresme.org\/wp-content\/uploads\/2020\/11\/banner-castell\u00e0-1.jpg","articleSection":["Art\u00edculos profesionales"],"inLanguage":"es"},{"@type":"WebPage","@id":"https:\/\/cfpmaresme.org\/es\/estudio-afrontando-el-confinamiento\/","url":"https:\/\/cfpmaresme.org\/es\/estudio-afrontando-el-confinamiento\/","name":"Estudio \"Afrontando el confinamiento\" | CFP Maresme","isPartOf":{"@id":"https:\/\/cfpmaresme.org\/#website"},"primaryImageOfPage":{"@id":"https:\/\/cfpmaresme.org\/es\/estudio-afrontando-el-confinamiento\/#primaryimage"},"image":{"@id":"https:\/\/cfpmaresme.org\/es\/estudio-afrontando-el-confinamiento\/#primaryimage"},"thumbnailUrl":"https:\/\/cfpmaresme.org\/wp-content\/uploads\/2020\/11\/banner-castell\u00e0-1.jpg","datePublished":"2020-11-27T08:27:13+00:00","dateModified":"2022-05-25T08:31:23+00:00","author":{"@id":"https:\/\/cfpmaresme.org\/#\/schema\/person\/b2634bcd796fafc667ea4055f61b9b2c"},"breadcrumb":{"@id":"https:\/\/cfpmaresme.org\/es\/estudio-afrontando-el-confinamiento\/#breadcrumb"},"inLanguage":"es","potentialAction":[{"@type":"ReadAction","target":["https:\/\/cfpmaresme.org\/es\/estudio-afrontando-el-confinamiento\/"]}]},{"@type":"ImageObject","inLanguage":"es","@id":"https:\/\/cfpmaresme.org\/es\/estudio-afrontando-el-confinamiento\/#primaryimage","url":"https:\/\/cfpmaresme.org\/wp-content\/uploads\/2020\/11\/banner-castell\u00e0-1.jpg","contentUrl":"https:\/\/cfpmaresme.org\/wp-content\/uploads\/2020\/11\/banner-castell\u00e0-1.jpg","width":885,"height":160},{"@type":"BreadcrumbList","@id":"https:\/\/cfpmaresme.org\/es\/estudio-afrontando-el-confinamiento\/#breadcrumb","itemListElement":[{"@type":"ListItem","position":1,"name":"Home","item":"https:\/\/cfpmaresme.org\/es\/"},{"@type":"ListItem","position":2,"name":"Estudio \u00abAfrontando el confinamiento\u00bb"}]},{"@type":"WebSite","@id":"https:\/\/cfpmaresme.org\/#website","url":"https:\/\/cfpmaresme.org\/","name":"CFP Maresme","description":"Centre Formaci\u00f3 Prevenci\u00f3","potentialAction":[{"@type":"SearchAction","target":{"@type":"EntryPoint","urlTemplate":"https:\/\/cfpmaresme.org\/?s={search_term_string}"},"query-input":{"@type":"PropertyValueSpecification","valueRequired":true,"valueName":"search_term_string"}}],"inLanguage":"es"},{"@type":"Person","@id":"https:\/\/cfpmaresme.org\/#\/schema\/person\/b2634bcd796fafc667ea4055f61b9b2c","name":"CFPMaresme"}]}},"_links":{"self":[{"href":"https:\/\/cfpmaresme.org\/es\/wp-json\/wp\/v2\/posts\/22497","targetHints":{"allow":["GET"]}}],"collection":[{"href":"https:\/\/cfpmaresme.org\/es\/wp-json\/wp\/v2\/posts"}],"about":[{"href":"https:\/\/cfpmaresme.org\/es\/wp-json\/wp\/v2\/types\/post"}],"author":[{"embeddable":true,"href":"https:\/\/cfpmaresme.org\/es\/wp-json\/wp\/v2\/users\/2"}],"replies":[{"embeddable":true,"href":"https:\/\/cfpmaresme.org\/es\/wp-json\/wp\/v2\/comments?post=22497"}],"version-history":[{"count":6,"href":"https:\/\/cfpmaresme.org\/es\/wp-json\/wp\/v2\/posts\/22497\/revisions"}],"predecessor-version":[{"id":22566,"href":"https:\/\/cfpmaresme.org\/es\/wp-json\/wp\/v2\/posts\/22497\/revisions\/22566"}],"wp:featuredmedia":[{"embeddable":true,"href":"https:\/\/cfpmaresme.org\/es\/wp-json\/wp\/v2\/media\/22498"}],"wp:attachment":[{"href":"https:\/\/cfpmaresme.org\/es\/wp-json\/wp\/v2\/media?parent=22497"}],"wp:term":[{"taxonomy":"category","embeddable":true,"href":"https:\/\/cfpmaresme.org\/es\/wp-json\/wp\/v2\/categories?post=22497"},{"taxonomy":"post_tag","embeddable":true,"href":"https:\/\/cfpmaresme.org\/es\/wp-json\/wp\/v2\/tags?post=22497"}],"curies":[{"name":"wp","href":"https:\/\/api.w.org\/{rel}","templated":true}]}}