{"id":22564,"date":"2020-12-03T12:37:42","date_gmt":"2020-12-03T10:37:42","guid":{"rendered":"https:\/\/www.cfpmaresme.org\/?p=22564"},"modified":"2022-05-24T09:40:21","modified_gmt":"2022-05-24T07:40:21","slug":"lilyass-i-el-moha-despres-de-molt-desforc-han-aconseguit-la-insercio-laboral-un-cami-llarg-i-un-futur-ple-de-somnis","status":"publish","type":"post","link":"https:\/\/cfpmaresme.org\/es\/lilyass-i-el-moha-despres-de-molt-desforc-han-aconseguit-la-insercio-laboral-un-cami-llarg-i-un-futur-ple-de-somnis\/","title":{"rendered":"Ilyass y Moha han conseguido la inserci\u00f3n laboral. Un camino largo y un futuro lleno de sue\u00f1os"},"content":{"rendered":"<h3>Con\u00f3celos<img loading=\"lazy\" decoding=\"async\" class=\"alignright wp-image-22549 size-medium\" src=\"https:\/\/www.cfpmaresme.org\/wp-content\/uploads\/2020\/12\/Ilyass-retallat-sense-mascareta-223x300.jpg\" alt=\"\" width=\"223\" height=\"300\" srcset=\"https:\/\/cfpmaresme.org\/wp-content\/uploads\/2020\/12\/Ilyass-retallat-sense-mascareta-223x300.jpg 223w, https:\/\/cfpmaresme.org\/wp-content\/uploads\/2020\/12\/Ilyass-retallat-sense-mascareta.jpg 525w\" sizes=\"auto, (max-width: 223px) 100vw, 223px\" \/><\/h3>\n<p>Ilyass y Moha son dos j\u00f3venes de origen marroqu\u00ed que viven en los pisos de H\u00e0bit del CFP Maresme para j\u00f3venes tutelados y ex-tutelados. Como tantos otros, decidieron migrar buscando en nuestro pa\u00eds un futuro lleno de oportunidades. Ilyass es mayor de edad y Moha menor, esta diferencia marca de forma vital su situaci\u00f3n: los menores se encuentran tutelados por la DGAIA y, po rlo tanto, tienen permiso de residencia; los mayores, en cambio, dejan de estarlo y tienen que cumplir unos requisitos para poderse quedar definitivamente en nuestro pa\u00eds. Ahora mismo se encuentran en un muy buen momento, gracias a su esfuerzo formativo en varios \u00e1mbitos y de aprendizaje de competencias laborales, ambos, han conseguido un contrato laboral.<\/p>\n<p><strong>\u00a0<\/strong><\/p>\n<h4>El camino realizado hasta conseguir su contrataci\u00f3n laboral<\/h4>\n<p><img loading=\"lazy\" decoding=\"async\" class=\"alignleft wp-image-22547 size-medium\" src=\"https:\/\/www.cfpmaresme.org\/wp-content\/uploads\/2020\/12\/moha-retallat-213x300.jpg\" alt=\"\" width=\"213\" height=\"300\" srcset=\"https:\/\/cfpmaresme.org\/wp-content\/uploads\/2020\/12\/moha-retallat-213x300.jpg 213w, https:\/\/cfpmaresme.org\/wp-content\/uploads\/2020\/12\/moha-retallat.jpg 457w\" sizes=\"auto, (max-width: 213px) 100vw, 213px\" \/>Tanto Moha como Ilyass han realizado cursos de alfabetizaci\u00f3n catalana y castellana y tienen un buen nivel de comprensi\u00f3n y se han formado a trav\u00e9s de la <a href=\"\/?page_id=16537\" target=\"_blank\" rel=\"noopener noreferrer\">\u00c1rea Diurna<\/a>.<\/p>\n<p>Ilyass ha hecho cursos de Formaci\u00f3n Ocupacional. Gracias a uno de Hosteler\u00eda del SOC hizo pr\u00e1cticas a una empresa del sector y, ahora, lo han contratado por un a\u00f1o en jornada completa. Esto le permitir\u00e1 tener el permiso de residencia con trabajo y, por lo tanto, cumplir su sue\u00f1o.<\/p>\n<p>Moha har\u00e1 18 a\u00f1os este diciembre. Tiene estudios de secundaria y se ha formado a trav\u00e9s del Centro de nuevas Oportunidades y del <a href=\"https:\/\/serveiocupacio.gencat.cat\/ca\/inici\" target=\"_blank\" rel=\"noopener noreferrer\"> SOC<\/a>. Despu\u00e9s de hacer pr\u00e1cticas a una empresa de transporte y log\u00edstica le han vuelto a llamar para hacerle un contrato laboral. Este ha sido posible gracias al cambio legislativo que permite la contrataci\u00f3n de menores sin restricciones administrativas y, por lo tanto, le ofrece la oportunidad de iniciar una inserci\u00f3n laboral que podr\u00eda tener continuidad con la mayor\u00eda de edad haciendo posible, as\u00ed, hacer realidad su deseo de quedarse en nuestro pa\u00eds.<\/p>\n<p>&nbsp;<\/p>\n<h3>La entrevista<\/h3>\n<p><strong>\u00bfQu\u00e9 os empuj\u00f3 a iros? \u00bfC\u00f3mo ve\u00edais la vida aqu\u00ed, desde all\u00ed, que os atrajo?\u00a0<\/strong><\/p>\n<p><strong>Moha:<\/strong> en Marruecos es mucho m\u00e1s dif\u00edcil encontrar trabajo que aqu\u00ed. Si la familia tiene una empresa y conoce a alguien es posible pero sino, no te cogen, por eso decid\u00ed irme de all\u00ed y vine aqu\u00ed porque algunos amigos me dijeron que se estaba bien y se trabajaba a gusto.<\/p>\n<p><strong>Illyass: <\/strong>Aqu\u00ed hay oportunidades para vivir mejor a todos los niveles. A nivel de estudios, de idiomas y de trabajo. .<\/p>\n<p><strong>\u00a0<\/strong><\/p>\n<p><strong>\u00bfC\u00f3mo se vive socialmente el hecho de ir a vivir a un pa\u00eds europeo? \u00bfEs una cosa masiva o aceptada o hay mucha gente reticente a hacerlo?\u00a0<\/strong><\/p>\n<p><strong>Moha: <\/strong>Ahora ya se ve bien porque mucha gente de Marruecos ha venido a vivir a Espa\u00f1a los \u00faltimos a\u00f1os. Viene gente joven y tambi\u00e9n gente mayor. Son m\u00e1s hombres que mujeres porque hiendo en barco se sufre mucho\u00a0 y es muy duro f\u00edsicamente. La gente que yo conozco ve bien que nos vayamos del pa\u00eds.<\/p>\n<p><strong>Illyass: <\/strong>Depende. Cada persona tiene su historia personal y viene por su motivo. Algunos por problemas con la fam\u00edlia, otros porque son pobres, otros para estudiar&#8230;S\u00ed que hay gente que tiene miedo de venir pero son la minor\u00eda, viene much\u00edsima gente y est\u00e1 bien visto.<\/p>\n<p><strong>\u00a0<\/strong><\/p>\n<p><strong>\u00bfC\u00f3mo lo vivi\u00f3 vuestra familia cuando les explicasteis que emprender\u00edais esta aventura?\u00a0<\/strong><\/p>\n<p><strong>Moha: <\/strong>\u00a0En principio me dijeron que no. Despu\u00e9s de tres a\u00f1os han visto que todos los j\u00f3venes que tienen la misma edat que yo han venido a Espa\u00f1a y, adem\u00e1s, mi primo, que vive aqu\u00ed, les explic\u00f3 que se est\u00e1 muy bien aqu\u00ed. Es por esto que al final me han dejado venir.<\/p>\n<p><strong>Illyass: <\/strong>Fue mi familia la que me dijo que viniera porque era un buen estudiante y ellos no me pod\u00edan pagar todos los estudios. Mi padre trabaja solo a veces y somos cinco hermanos. Cuando me dijo que viniera tuve miedo pero al momento les dije que s\u00ed, que lo har\u00eda.<\/p>\n<p>&nbsp;<\/p>\n<p><strong>Vosotros hab\u00e9is trabajado mucho para estar aqu\u00ed y conseguir un trabajo, form\u00e1ndoos y en b\u00fasqueda activa. Qu\u00e9 les dir\u00edais a otros j\u00f3venes que est\u00e1n en este proceso?\u00a0<\/strong><\/p>\n<p><strong>Moha:<\/strong> Primero que se porten bien en el centro, que se esfuercen con los estudios y ya est\u00e1. Las cosas ir\u00e1n a mejor.<\/p>\n<p><strong>Illyass:<\/strong> Les dir\u00eda que no paren, que sigan esforz\u00e1ndose y estudiando. Tardar\u00e1 pero llegar\u00e1 el trabajo o lo que busque. Lo que quieran, si se lo trabajan, lo tendr\u00e1n. Yo he estado dos a\u00f1os buscando trabajo y con paciencia y aqu\u00ed estoy.<\/p>\n<p><strong>\u00a0<\/strong><\/p>\n<p><strong>\u00bfC\u00f3mo se vive el hecho de no saber si tendr\u00e9is que volver a casa o conseguir\u00e9is todo lo necesario para decidir libremente si os qued\u00e1is aqu\u00ed? \u00bfQu\u00e9 pensamientos os vienen a la cabeza?\u00a0<\/strong><\/p>\n<p><strong>Moha:<\/strong> Yo de momento pienso que me quedar\u00e9 aqu\u00ed. Antes de venir pensaba que quiz\u00e1s no pero ahora, mentalmente, yo me quedo aqu\u00ed.<\/p>\n<p><strong>Illyass: <\/strong>A veces estaba triste y nervioso porque no pensaba en volver all\u00ed para quedarme, para visitarlos s\u00ed, pero para quedarme no.<\/p>\n<p><strong>\u00a0<\/strong><\/p>\n<p><strong>\u00bfQu\u00e9 es lo que os ha sorprendido m\u00e1s positivamente? \u00bfY negativamente?\u00a0<\/strong><\/p>\n<p><strong>Moha:\u00a0 <\/strong>Los estudios que he hecho y, de hecho, casi todo. Lo que m\u00e1s me ha sorprendido es que aqu\u00ed no se trabaja al d\u00eda como en Marruecos sino que puedes tener un trabajo largo. All\u00ed si no vas a trabajar el d\u00eda siguiente no tendr\u00e1s para comer.<\/p>\n<p>Negativamente me ha sorprendido que hay mucha gente que necesita ayuda y muchos j\u00f3venes en centros y que algunas personas son racistas.<\/p>\n<p><strong>Illyass: <\/strong>la mayor\u00eda de cosas son buenas. Me sorprendieron mucho las normas que hay aqu\u00ed. Hay mucha normativa como los derechos que tienes, la posibilidad de estudiar y de estar en un centro. Como cosa negativa es alguna gente, pero hay gente buena y gente mala.<\/p>\n<p><strong>\u00bfOs hab\u00e9is sentido acogidos por la sociedad y acompa\u00f1ados por las instituciones?\u00a0<\/strong><\/p>\n<p><strong>Moha: <\/strong>S\u00ed, me he sentido acogido, tambi\u00e9n a nivel social. Aqu\u00ed me siento bien.<\/p>\n<p><strong>Illyass: <\/strong>S\u00ed, me he sentido acogido. No todos nos sentimos igual, cada uno lo vive a su manera, pero yo me he sentido acogido.<\/p>\n<p><strong>\u00a0<\/strong><\/p>\n<p><strong>\u00bfCon qu\u00e9 prejuicios os encontr\u00e1is en el d\u00eda a d\u00eda? Pod\u00e9is decir un ejemplo concreto.\u00a0\u00a0<\/strong><\/p>\n<p><strong>Moha: <\/strong>En el d\u00eda a d\u00eda no me encuentro con prejuicios pero s\u00e9 que a mi todo me cuenta m\u00e1s que a los espa\u00f1oles. Sientes que no eres de este pa\u00eds y ya est\u00e1. Com ejemplo concreto, me he encontrado con que algunas personas dicen que a los inmigrantes no las contratar\u00e1n, que primero coger\u00e1n espa\u00f1oles. .<\/p>\n<p><strong>Illyass: <\/strong>Por ejemplo la semana pasada iba a coger el tren y una chica me mir\u00f3 y se cogi\u00f3 la maleta como si la fuera a robar.<\/p>\n<p><strong>\u00bfQu\u00e9 mensaje os gustar\u00eda poder dar a la sociedad sobre los j\u00f3venes como vosotros que hab\u00e9is venido aqu\u00ed buscando una vida mejor?\u00a0<\/strong><\/p>\n<p><strong>Moha: <\/strong>Les dir\u00eda que hay j\u00f3venes buenos y j\u00f3venes malos, no\u00a0 todos son de una manera. Y todos quieren un futuro mejor, no est\u00e1n buscando nada.<\/p>\n<p><strong>Illyass: <\/strong>P\u00f3rtate bien y trabaja.<\/p>\n<p><strong>\u00a0<\/strong><\/p>\n<p><strong>\u00bfC\u00f3mo viv\u00eds estar arraigados a un pa\u00eds donde hab\u00e9is crecido y emprender una vida en otro? \u00bfQu\u00e9 tradiciones practic\u00e1is y de d\u00f3nde os sent\u00eds?\u00a0<\/strong><\/p>\n<p><strong>Moha: <\/strong>Practico tradiciones de los dos lugares, pero yo me siento m\u00e1s de all\u00ed.<\/p>\n<p><strong>Illyass:<\/strong> Yo celebro cosas de aqu\u00ed y cosas de all\u00ed. Me siento m\u00e1s de aqu\u00ed.<\/p>\n<p><strong>\u00a0<\/strong><\/p>\n<p><strong>\u00bfC\u00f3mo os veis en un futuro teniendo en cuenta la realidad actual?\u00a0<\/strong><\/p>\n<p><strong>Moha: <\/strong>Haciendo una familia aqu\u00ed y teniendo un trabajo que me gusta.<\/p>\n<p><strong>Illyass: M<\/strong>e gustar\u00eda tener todo lo que deseo y disfrutar de lo que me gusta: tener un trabajo, poder grabar v\u00eddeos, hacer deporte&#8230;<\/p>\n<p><strong>\u00a0<\/strong><\/p>\n<p><strong>\u00bfCu\u00e1l es vuestro sue\u00f1o de futuro?\u00a0<\/strong><\/p>\n<p><strong>Moha: <\/strong>Estar aqu\u00ed con mis padres. S\u00e9 que no es posible, pero ser\u00eda mi sue\u00f1o. Si tengo un buen trabajo les invitar\u00e9 a menudo porque me visiten, tengo amigos que lo hacen.<\/p>\n<p><strong>Illyass:<\/strong> Disfrutar y poder hacer lo que me gusta.\u00a0 <strong>\u00a0<\/strong><\/p>\n<p><strong>\u00a0<\/strong><\/p>\n<p><strong>\u00bfCre\u00e9is que alg\u00fan d\u00eda ser\u00e9is ciudadanos totalmente incluidos en la comunidad o siempre ser\u00e9is extranjeros cara la sociedad?\u00a0<\/strong><\/p>\n<p><strong>Moha: <\/strong>Llegar\u00e1 un d\u00eda que no se notar\u00e1 mucho pero siempre seremos extranjeros. Por ejemplo, quiz\u00e1s dominamos muy bien el idioma pero en algunas cosas ser ver\u00e1\u00a0 que no somos del pa\u00eds.<\/p>\n<p><strong>Illyass: <\/strong>Creo que puedes llegar a ser visto como un ciudadano m\u00e1s de aqu\u00ed, depende de la persona.<\/p>\n<p><strong>\u00a0<\/strong><\/p>\n","protected":false},"excerpt":{"rendered":"<p>Con\u00f3celos Ilyass y Moha son dos j\u00f3venes de origen marroqu\u00ed que viven en los pisos de H\u00e0bit del CFP Maresme para j\u00f3venes tutelados y ex-tutelados. Como tantos otros, decidieron migrar buscando en nuestro pa\u00eds un futuro lleno de oportunidades. Ilyass es mayor de edad y&#8230;<\/p>\n","protected":false},"author":2,"featured_media":22574,"comment_status":"open","ping_status":"open","sticky":false,"template":"","format":"standard","meta":{"footnotes":""},"categories":[1258],"tags":[],"class_list":["post-22564","post","type-post","status-publish","format-standard","has-post-thumbnail","hentry","category-entrevistas"],"yoast_head":"<!-- This site is optimized with the Yoast SEO plugin v27.4 - https:\/\/yoast.com\/product\/yoast-seo-wordpress\/ -->\n<title>Ilyass y Moha han conseguido la inserci\u00f3n laboral. Un camino largo y un futuro lleno de sue\u00f1os | CFP Maresme<\/title>\n<meta name=\"robots\" content=\"index, follow, max-snippet:-1, max-image-preview:large, max-video-preview:-1\" \/>\n<link rel=\"canonical\" href=\"https:\/\/cfpmaresme.org\/es\/lilyass-i-el-moha-despres-de-molt-desforc-han-aconseguit-la-insercio-laboral-un-cami-llarg-i-un-futur-ple-de-somnis\/\" \/>\n<meta property=\"og:locale\" content=\"es_ES\" \/>\n<meta property=\"og:type\" content=\"article\" \/>\n<meta property=\"og:title\" content=\"Ilyass y Moha han conseguido la inserci\u00f3n laboral. Un camino largo y un futuro lleno de sue\u00f1os | CFP Maresme\" \/>\n<meta property=\"og:description\" content=\"Con\u00f3celos Ilyass y Moha son dos j\u00f3venes de origen marroqu\u00ed que viven en los pisos de H\u00e0bit del CFP Maresme para j\u00f3venes tutelados y ex-tutelados. Como tantos otros, decidieron migrar buscando en nuestro pa\u00eds un futuro lleno de oportunidades. Ilyass es mayor de edad y...\" \/>\n<meta property=\"og:url\" content=\"https:\/\/cfpmaresme.org\/es\/lilyass-i-el-moha-despres-de-molt-desforc-han-aconseguit-la-insercio-laboral-un-cami-llarg-i-un-futur-ple-de-somnis\/\" \/>\n<meta property=\"og:site_name\" content=\"CFP Maresme\" \/>\n<meta property=\"article:published_time\" content=\"2020-12-03T10:37:42+00:00\" \/>\n<meta property=\"article:modified_time\" content=\"2022-05-24T07:40:21+00:00\" \/>\n<meta property=\"og:image\" content=\"https:\/\/cfpmaresme.org\/wp-content\/uploads\/2020\/12\/banner-castell\u00e0.jpg\" \/>\n\t<meta property=\"og:image:width\" content=\"936\" \/>\n\t<meta property=\"og:image:height\" content=\"193\" \/>\n\t<meta property=\"og:image:type\" content=\"image\/jpeg\" \/>\n<meta name=\"author\" content=\"CFPMaresme\" \/>\n<meta name=\"twitter:card\" content=\"summary_large_image\" \/>\n<meta name=\"twitter:creator\" content=\"@cfpmaresme\" \/>\n<meta name=\"twitter:site\" content=\"@cfpmaresme\" \/>\n<meta name=\"twitter:label1\" content=\"Escrito por\" \/>\n\t<meta name=\"twitter:data1\" content=\"CFPMaresme\" \/>\n\t<meta name=\"twitter:label2\" content=\"Tiempo de lectura\" \/>\n\t<meta name=\"twitter:data2\" content=\"7 minutos\" \/>\n<script type=\"application\/ld+json\" class=\"yoast-schema-graph\">{\"@context\":\"https:\\\/\\\/schema.org\",\"@graph\":[{\"@type\":\"Article\",\"@id\":\"https:\\\/\\\/cfpmaresme.org\\\/es\\\/lilyass-i-el-moha-despres-de-molt-desforc-han-aconseguit-la-insercio-laboral-un-cami-llarg-i-un-futur-ple-de-somnis\\\/#article\",\"isPartOf\":{\"@id\":\"https:\\\/\\\/cfpmaresme.org\\\/es\\\/lilyass-i-el-moha-despres-de-molt-desforc-han-aconseguit-la-insercio-laboral-un-cami-llarg-i-un-futur-ple-de-somnis\\\/\"},\"author\":{\"name\":\"CFPMaresme\",\"@id\":\"https:\\\/\\\/cfpmaresme.org\\\/#\\\/schema\\\/person\\\/b2634bcd796fafc667ea4055f61b9b2c\"},\"headline\":\"Ilyass y Moha han conseguido la inserci\u00f3n laboral. Un camino largo y un futuro lleno de sue\u00f1os\",\"datePublished\":\"2020-12-03T10:37:42+00:00\",\"dateModified\":\"2022-05-24T07:40:21+00:00\",\"mainEntityOfPage\":{\"@id\":\"https:\\\/\\\/cfpmaresme.org\\\/es\\\/lilyass-i-el-moha-despres-de-molt-desforc-han-aconseguit-la-insercio-laboral-un-cami-llarg-i-un-futur-ple-de-somnis\\\/\"},\"wordCount\":1489,\"commentCount\":0,\"image\":{\"@id\":\"https:\\\/\\\/cfpmaresme.org\\\/es\\\/lilyass-i-el-moha-despres-de-molt-desforc-han-aconseguit-la-insercio-laboral-un-cami-llarg-i-un-futur-ple-de-somnis\\\/#primaryimage\"},\"thumbnailUrl\":\"https:\\\/\\\/cfpmaresme.org\\\/wp-content\\\/uploads\\\/2020\\\/12\\\/banner-castell\u00e0.jpg\",\"articleSection\":[\"Entrevistas\"],\"inLanguage\":\"es\"},{\"@type\":\"WebPage\",\"@id\":\"https:\\\/\\\/cfpmaresme.org\\\/es\\\/lilyass-i-el-moha-despres-de-molt-desforc-han-aconseguit-la-insercio-laboral-un-cami-llarg-i-un-futur-ple-de-somnis\\\/\",\"url\":\"https:\\\/\\\/cfpmaresme.org\\\/es\\\/lilyass-i-el-moha-despres-de-molt-desforc-han-aconseguit-la-insercio-laboral-un-cami-llarg-i-un-futur-ple-de-somnis\\\/\",\"name\":\"Ilyass y Moha han conseguido la inserci\u00f3n laboral. Un camino largo y un futuro lleno de sue\u00f1os | CFP Maresme\",\"isPartOf\":{\"@id\":\"https:\\\/\\\/cfpmaresme.org\\\/#website\"},\"primaryImageOfPage\":{\"@id\":\"https:\\\/\\\/cfpmaresme.org\\\/es\\\/lilyass-i-el-moha-despres-de-molt-desforc-han-aconseguit-la-insercio-laboral-un-cami-llarg-i-un-futur-ple-de-somnis\\\/#primaryimage\"},\"image\":{\"@id\":\"https:\\\/\\\/cfpmaresme.org\\\/es\\\/lilyass-i-el-moha-despres-de-molt-desforc-han-aconseguit-la-insercio-laboral-un-cami-llarg-i-un-futur-ple-de-somnis\\\/#primaryimage\"},\"thumbnailUrl\":\"https:\\\/\\\/cfpmaresme.org\\\/wp-content\\\/uploads\\\/2020\\\/12\\\/banner-castell\u00e0.jpg\",\"datePublished\":\"2020-12-03T10:37:42+00:00\",\"dateModified\":\"2022-05-24T07:40:21+00:00\",\"author\":{\"@id\":\"https:\\\/\\\/cfpmaresme.org\\\/#\\\/schema\\\/person\\\/b2634bcd796fafc667ea4055f61b9b2c\"},\"breadcrumb\":{\"@id\":\"https:\\\/\\\/cfpmaresme.org\\\/es\\\/lilyass-i-el-moha-despres-de-molt-desforc-han-aconseguit-la-insercio-laboral-un-cami-llarg-i-un-futur-ple-de-somnis\\\/#breadcrumb\"},\"inLanguage\":\"es\",\"potentialAction\":[{\"@type\":\"ReadAction\",\"target\":[\"https:\\\/\\\/cfpmaresme.org\\\/es\\\/lilyass-i-el-moha-despres-de-molt-desforc-han-aconseguit-la-insercio-laboral-un-cami-llarg-i-un-futur-ple-de-somnis\\\/\"]}]},{\"@type\":\"ImageObject\",\"inLanguage\":\"es\",\"@id\":\"https:\\\/\\\/cfpmaresme.org\\\/es\\\/lilyass-i-el-moha-despres-de-molt-desforc-han-aconseguit-la-insercio-laboral-un-cami-llarg-i-un-futur-ple-de-somnis\\\/#primaryimage\",\"url\":\"https:\\\/\\\/cfpmaresme.org\\\/wp-content\\\/uploads\\\/2020\\\/12\\\/banner-castell\u00e0.jpg\",\"contentUrl\":\"https:\\\/\\\/cfpmaresme.org\\\/wp-content\\\/uploads\\\/2020\\\/12\\\/banner-castell\u00e0.jpg\",\"width\":936,\"height\":193},{\"@type\":\"BreadcrumbList\",\"@id\":\"https:\\\/\\\/cfpmaresme.org\\\/es\\\/lilyass-i-el-moha-despres-de-molt-desforc-han-aconseguit-la-insercio-laboral-un-cami-llarg-i-un-futur-ple-de-somnis\\\/#breadcrumb\",\"itemListElement\":[{\"@type\":\"ListItem\",\"position\":1,\"name\":\"Home\",\"item\":\"https:\\\/\\\/cfpmaresme.org\\\/es\\\/\"},{\"@type\":\"ListItem\",\"position\":2,\"name\":\"Ilyass y Moha han conseguido la inserci\u00f3n laboral. Un camino largo y un futuro lleno de sue\u00f1os\"}]},{\"@type\":\"WebSite\",\"@id\":\"https:\\\/\\\/cfpmaresme.org\\\/#website\",\"url\":\"https:\\\/\\\/cfpmaresme.org\\\/\",\"name\":\"CFP Maresme\",\"description\":\"Centre Formaci\u00f3 Prevenci\u00f3\",\"potentialAction\":[{\"@type\":\"SearchAction\",\"target\":{\"@type\":\"EntryPoint\",\"urlTemplate\":\"https:\\\/\\\/cfpmaresme.org\\\/?s={search_term_string}\"},\"query-input\":{\"@type\":\"PropertyValueSpecification\",\"valueRequired\":true,\"valueName\":\"search_term_string\"}}],\"inLanguage\":\"es\"},{\"@type\":\"Person\",\"@id\":\"https:\\\/\\\/cfpmaresme.org\\\/#\\\/schema\\\/person\\\/b2634bcd796fafc667ea4055f61b9b2c\",\"name\":\"CFPMaresme\"}]}<\/script>\n<!-- \/ Yoast SEO plugin. -->","yoast_head_json":{"title":"Ilyass y Moha han conseguido la inserci\u00f3n laboral. Un camino largo y un futuro lleno de sue\u00f1os | CFP Maresme","robots":{"index":"index","follow":"follow","max-snippet":"max-snippet:-1","max-image-preview":"max-image-preview:large","max-video-preview":"max-video-preview:-1"},"canonical":"https:\/\/cfpmaresme.org\/es\/lilyass-i-el-moha-despres-de-molt-desforc-han-aconseguit-la-insercio-laboral-un-cami-llarg-i-un-futur-ple-de-somnis\/","og_locale":"es_ES","og_type":"article","og_title":"Ilyass y Moha han conseguido la inserci\u00f3n laboral. Un camino largo y un futuro lleno de sue\u00f1os | CFP Maresme","og_description":"Con\u00f3celos Ilyass y Moha son dos j\u00f3venes de origen marroqu\u00ed que viven en los pisos de H\u00e0bit del CFP Maresme para j\u00f3venes tutelados y ex-tutelados. Como tantos otros, decidieron migrar buscando en nuestro pa\u00eds un futuro lleno de oportunidades. Ilyass es mayor de edad y...","og_url":"https:\/\/cfpmaresme.org\/es\/lilyass-i-el-moha-despres-de-molt-desforc-han-aconseguit-la-insercio-laboral-un-cami-llarg-i-un-futur-ple-de-somnis\/","og_site_name":"CFP Maresme","article_published_time":"2020-12-03T10:37:42+00:00","article_modified_time":"2022-05-24T07:40:21+00:00","og_image":[{"width":936,"height":193,"url":"https:\/\/cfpmaresme.org\/wp-content\/uploads\/2020\/12\/banner-castell\u00e0.jpg","type":"image\/jpeg"}],"author":"CFPMaresme","twitter_card":"summary_large_image","twitter_creator":"@cfpmaresme","twitter_site":"@cfpmaresme","twitter_misc":{"Escrito por":"CFPMaresme","Tiempo de lectura":"7 minutos"},"schema":{"@context":"https:\/\/schema.org","@graph":[{"@type":"Article","@id":"https:\/\/cfpmaresme.org\/es\/lilyass-i-el-moha-despres-de-molt-desforc-han-aconseguit-la-insercio-laboral-un-cami-llarg-i-un-futur-ple-de-somnis\/#article","isPartOf":{"@id":"https:\/\/cfpmaresme.org\/es\/lilyass-i-el-moha-despres-de-molt-desforc-han-aconseguit-la-insercio-laboral-un-cami-llarg-i-un-futur-ple-de-somnis\/"},"author":{"name":"CFPMaresme","@id":"https:\/\/cfpmaresme.org\/#\/schema\/person\/b2634bcd796fafc667ea4055f61b9b2c"},"headline":"Ilyass y Moha han conseguido la inserci\u00f3n laboral. Un camino largo y un futuro lleno de sue\u00f1os","datePublished":"2020-12-03T10:37:42+00:00","dateModified":"2022-05-24T07:40:21+00:00","mainEntityOfPage":{"@id":"https:\/\/cfpmaresme.org\/es\/lilyass-i-el-moha-despres-de-molt-desforc-han-aconseguit-la-insercio-laboral-un-cami-llarg-i-un-futur-ple-de-somnis\/"},"wordCount":1489,"commentCount":0,"image":{"@id":"https:\/\/cfpmaresme.org\/es\/lilyass-i-el-moha-despres-de-molt-desforc-han-aconseguit-la-insercio-laboral-un-cami-llarg-i-un-futur-ple-de-somnis\/#primaryimage"},"thumbnailUrl":"https:\/\/cfpmaresme.org\/wp-content\/uploads\/2020\/12\/banner-castell\u00e0.jpg","articleSection":["Entrevistas"],"inLanguage":"es"},{"@type":"WebPage","@id":"https:\/\/cfpmaresme.org\/es\/lilyass-i-el-moha-despres-de-molt-desforc-han-aconseguit-la-insercio-laboral-un-cami-llarg-i-un-futur-ple-de-somnis\/","url":"https:\/\/cfpmaresme.org\/es\/lilyass-i-el-moha-despres-de-molt-desforc-han-aconseguit-la-insercio-laboral-un-cami-llarg-i-un-futur-ple-de-somnis\/","name":"Ilyass y Moha han conseguido la inserci\u00f3n laboral. Un camino largo y un futuro lleno de sue\u00f1os | CFP Maresme","isPartOf":{"@id":"https:\/\/cfpmaresme.org\/#website"},"primaryImageOfPage":{"@id":"https:\/\/cfpmaresme.org\/es\/lilyass-i-el-moha-despres-de-molt-desforc-han-aconseguit-la-insercio-laboral-un-cami-llarg-i-un-futur-ple-de-somnis\/#primaryimage"},"image":{"@id":"https:\/\/cfpmaresme.org\/es\/lilyass-i-el-moha-despres-de-molt-desforc-han-aconseguit-la-insercio-laboral-un-cami-llarg-i-un-futur-ple-de-somnis\/#primaryimage"},"thumbnailUrl":"https:\/\/cfpmaresme.org\/wp-content\/uploads\/2020\/12\/banner-castell\u00e0.jpg","datePublished":"2020-12-03T10:37:42+00:00","dateModified":"2022-05-24T07:40:21+00:00","author":{"@id":"https:\/\/cfpmaresme.org\/#\/schema\/person\/b2634bcd796fafc667ea4055f61b9b2c"},"breadcrumb":{"@id":"https:\/\/cfpmaresme.org\/es\/lilyass-i-el-moha-despres-de-molt-desforc-han-aconseguit-la-insercio-laboral-un-cami-llarg-i-un-futur-ple-de-somnis\/#breadcrumb"},"inLanguage":"es","potentialAction":[{"@type":"ReadAction","target":["https:\/\/cfpmaresme.org\/es\/lilyass-i-el-moha-despres-de-molt-desforc-han-aconseguit-la-insercio-laboral-un-cami-llarg-i-un-futur-ple-de-somnis\/"]}]},{"@type":"ImageObject","inLanguage":"es","@id":"https:\/\/cfpmaresme.org\/es\/lilyass-i-el-moha-despres-de-molt-desforc-han-aconseguit-la-insercio-laboral-un-cami-llarg-i-un-futur-ple-de-somnis\/#primaryimage","url":"https:\/\/cfpmaresme.org\/wp-content\/uploads\/2020\/12\/banner-castell\u00e0.jpg","contentUrl":"https:\/\/cfpmaresme.org\/wp-content\/uploads\/2020\/12\/banner-castell\u00e0.jpg","width":936,"height":193},{"@type":"BreadcrumbList","@id":"https:\/\/cfpmaresme.org\/es\/lilyass-i-el-moha-despres-de-molt-desforc-han-aconseguit-la-insercio-laboral-un-cami-llarg-i-un-futur-ple-de-somnis\/#breadcrumb","itemListElement":[{"@type":"ListItem","position":1,"name":"Home","item":"https:\/\/cfpmaresme.org\/es\/"},{"@type":"ListItem","position":2,"name":"Ilyass y Moha han conseguido la inserci\u00f3n laboral. Un camino largo y un futuro lleno de sue\u00f1os"}]},{"@type":"WebSite","@id":"https:\/\/cfpmaresme.org\/#website","url":"https:\/\/cfpmaresme.org\/","name":"CFP Maresme","description":"Centre Formaci\u00f3 Prevenci\u00f3","potentialAction":[{"@type":"SearchAction","target":{"@type":"EntryPoint","urlTemplate":"https:\/\/cfpmaresme.org\/?s={search_term_string}"},"query-input":{"@type":"PropertyValueSpecification","valueRequired":true,"valueName":"search_term_string"}}],"inLanguage":"es"},{"@type":"Person","@id":"https:\/\/cfpmaresme.org\/#\/schema\/person\/b2634bcd796fafc667ea4055f61b9b2c","name":"CFPMaresme"}]}},"_links":{"self":[{"href":"https:\/\/cfpmaresme.org\/es\/wp-json\/wp\/v2\/posts\/22564","targetHints":{"allow":["GET"]}}],"collection":[{"href":"https:\/\/cfpmaresme.org\/es\/wp-json\/wp\/v2\/posts"}],"about":[{"href":"https:\/\/cfpmaresme.org\/es\/wp-json\/wp\/v2\/types\/post"}],"author":[{"embeddable":true,"href":"https:\/\/cfpmaresme.org\/es\/wp-json\/wp\/v2\/users\/2"}],"replies":[{"embeddable":true,"href":"https:\/\/cfpmaresme.org\/es\/wp-json\/wp\/v2\/comments?post=22564"}],"version-history":[{"count":5,"href":"https:\/\/cfpmaresme.org\/es\/wp-json\/wp\/v2\/posts\/22564\/revisions"}],"predecessor-version":[{"id":22576,"href":"https:\/\/cfpmaresme.org\/es\/wp-json\/wp\/v2\/posts\/22564\/revisions\/22576"}],"wp:featuredmedia":[{"embeddable":true,"href":"https:\/\/cfpmaresme.org\/es\/wp-json\/wp\/v2\/media\/22574"}],"wp:attachment":[{"href":"https:\/\/cfpmaresme.org\/es\/wp-json\/wp\/v2\/media?parent=22564"}],"wp:term":[{"taxonomy":"category","embeddable":true,"href":"https:\/\/cfpmaresme.org\/es\/wp-json\/wp\/v2\/categories?post=22564"},{"taxonomy":"post_tag","embeddable":true,"href":"https:\/\/cfpmaresme.org\/es\/wp-json\/wp\/v2\/tags?post=22564"}],"curies":[{"name":"wp","href":"https:\/\/api.w.org\/{rel}","templated":true}]}}