{"id":22706,"date":"2020-12-18T12:33:43","date_gmt":"2020-12-18T10:33:43","guid":{"rendered":"https:\/\/www.cfpmaresme.org\/?p=22706"},"modified":"2021-05-12T15:20:44","modified_gmt":"2021-05-12T13:20:44","slug":"la-historia-de-lhacen-y-la-transversalidad-de-servicios-del-cfp-para-acompanar-a-los-jovenes-que-buscan-un-futuro-mejor","status":"publish","type":"post","link":"https:\/\/cfpmaresme.org\/es\/la-historia-de-lhacen-y-la-transversalidad-de-servicios-del-cfp-para-acompanar-a-los-jovenes-que-buscan-un-futuro-mejor\/","title":{"rendered":"La historia de Lhacen y la transversalidad de servicios del CFP para acompa\u00f1ar a los j\u00f3venes que buscan un futuro mejor"},"content":{"rendered":"<p>Hoy es el <strong>D\u00eda Internacional del Migrante<\/strong>. A las puertas de la Navidad, el calendario nos ofrece esta fecha para dar visibilidad a todas las personas que se han ido de su territorio, por un motivo u otro, con la valent\u00eda de empezar una vida nueva lejos de casa.<\/p>\n<p>El CFP Maresme atendemos a j\u00f3venes migrantes desde diversos servicios. Los acompa\u00f1amos a trav\u00e9s de los recursos de vivienda y otros para que adquieran habilidades y competencias en diversos \u00e1mbitos y poder, as\u00ed, llegar a ser personas independientes.<\/p>\n<p>&nbsp;<\/p>\n<h3>Diversos recursos, un objetivo com\u00fan<\/h3>\n<p>El CFP Maresme cuenta con una amplia <strong>transversalidad de servicios. <\/strong>El objetivo es acompa\u00f1ar a las personas usuarias y ofrecerles un itinerario adecuado a sus necesidades particulares.<\/p>\n<p>En el caso de los j\u00f3venes migrantes a menudo el recorrido es el siguiente: viven a alguno de los <a href=\"\/?page_id=16526\" target=\"_blank\" rel=\"noopener noreferrer\">pisos de la entidad<\/a> y realizan actividades de formaci\u00f3n en el exterior. Tambi\u00e9n pueden acudir al programa socioeducativo\u00a0 <a href=\"\/?page_id=16526\" target=\"_blank\" rel=\"noopener noreferrer\">\u00c1rea Diurna<\/a>, donde adquieren habilidades y competencias para poder buscar un trabajo con m\u00e1s preparaci\u00f3n.<\/p>\n<p>Finalmente, lo ideal es poder formar de parte del servicio de\u00a0 <a href=\"\/?page_id=17850\" target=\"_blank\" rel=\"noopener noreferrer\">Intermediaci\u00f3n Laboral<\/a>. Desde aqu\u00ed, el equipo profesional los gu\u00eda para que mejoren las posibilidades de conseguir un contrato laboral a trav\u00e9s de programas donde hacen formaci\u00f3n y tambi\u00e9n donde aprenden a dominar todo lo que gira entorno al proceso de selecci\u00f3n de personas para puestos de trabajo. Por ejemplo, c\u00f3mo realizar entrevistas, un curr\u00edculum, etc. Es el buen trabajo en equipo donde la coordinaci\u00f3n fluye.<\/p>\n<p>&nbsp;<\/p>\n<h3>Lhacen, una muy buena evoluci\u00f3n y un futuro lleno de posibilidades<\/h3>\n<p>Lhacen es uno de aquellos j\u00f3venes que viven en pisos del CFP que personifican la realidad de que con actitud e ilusi\u00f3n se puede mejorar mucho en poco tiempo. Tanto M\u00edriam, responsable de la \u00c1rea Diurna y Toni, el educador de este mismo recurso; como Marcelo, su educador referente en el piso d\u00f3nde vive, destacan la gran evoluci\u00f3n que ha hecho en el poco tiempo que lleva con nosotros. <img loading=\"lazy\" decoding=\"async\" class=\"alignright wp-image-22684\" src=\"https:\/\/www.cfpmaresme.org\/wp-content\/uploads\/2020\/12\/lhacen-retallada-118x300.jpg\" alt=\"\" width=\"180\" height=\"457\" srcset=\"https:\/\/cfpmaresme.org\/wp-content\/uploads\/2020\/12\/lhacen-retallada-118x300.jpg 118w, https:\/\/cfpmaresme.org\/wp-content\/uploads\/2020\/12\/lhacen-retallada.jpg 274w\" sizes=\"auto, (max-width: 180px) 100vw, 180px\" \/><\/p>\n<p>&nbsp;<\/p>\n<h3>El d\u00eda a d\u00eda de Lhacen<\/h3>\n<p>Lhacen tiene 18 a\u00f1os y hace solamente dos que lleg\u00f3 a nuestro pa\u00eds. Actualmente est\u00e1 centrado en formarse en cerrajer\u00eda y soldadura. Estudia por las ma\u00f1anas en Barcelona y, por las tardes, va a la \u00c1rea Diurna. Aunque en este recursos se hacen diversos talleres, como el de Mantenimiento y reparaci\u00f3n de bicicletas, viendo que se quer\u00eda especializar en este oficio pidi\u00f3 formar parte solamente del de soldadura para mejorar el m\u00e1ximo en esta disciplina. Tal y como destaca Toni <strong>\u201ccompagina estudios con actividades del CFP haciendo un esfuerzo digno de admirar\u00bb.\u00a0<\/strong><\/p>\n<p>El curso que realiza le permitir\u00e1 hacer pr\u00e1cticas a una empresa a principios de a\u00f1o. Lhacen se muestra muy ilusionado por esta oportunidad y explica que, quiz\u00e1s esto, ser\u00e1 el trampol\u00edn para conseguir un trabajo y, as\u00ed, poder quedarse en nuestro pa\u00eds.<\/p>\n<p>El joven destaca que loo que m\u00e1s le gusta de vivir aqu\u00ed es que puede estudiar y que, en su pa\u00eds, es\u00a0 imposible pues si no trabajas desde peque\u00f1o vives en la pobreza.<\/p>\n<p>&nbsp;<\/p>\n<h3>Sue\u00f1os de futuro<\/h3>\n<p>Cuando le preguntamos sobre cu\u00e1l ser\u00eda su futuro ideal, Lhacen explica que le gustar\u00eda ser profesor de soldadura o bien futbolista, riendo, dice que mejor futbolista. Le gusta el f\u00fatbol y entrena en un equipo de Matar\u00f3.<\/p>\n<p>As\u00ed, a\u00f1ade que su gran ilusi\u00f3n ser\u00eda poder vivir aqu\u00ed con su fam\u00edlia. Un deseo que muchos de los j\u00f3venes migrantes que atendemos expresan.<\/p>\n<p>Los profesionales del CFP Maresme que han vivido de cerca el camino que ha seguido Lhacen hasta d\u00eda de hoy valoran muy positivamente el proceso de mejora que ha vivido. Su motivaci\u00f3n se hace patente con la alegr\u00eda y las ganas que expresa cuando explica c\u00f3mo es su vida aqu\u00ed y que quiere esforzarse para tener un futuro mejor.<\/p>\n<p>&nbsp;<\/p>\n<p>Lhacen es un caso real de joven migrante que ha venido a nuestro pa\u00eds para dar lo mejor de s\u00ed y tener un vida llena y <strong>hoy, en el D\u00eda del migrante, queremos felicitarlo a \u00e9l y a todos <\/strong>los que se encuentran en su misma situaci\u00f3n <strong>por la valent\u00eda de irse de casa <\/strong>en b\u00fasqueda de un futuro mejor.<\/p>\n","protected":false},"excerpt":{"rendered":"<p>Hoy es el D\u00eda Internacional del Migrante. A las puertas de la Navidad, el calendario nos ofrece esta fecha para dar visibilidad a todas las personas que se han ido de su territorio, por un motivo u otro, con la valent\u00eda de empezar una vida&#8230;<\/p>\n","protected":false},"author":2,"featured_media":22691,"comment_status":"open","ping_status":"open","sticky":false,"template":"","format":"standard","meta":{"footnotes":""},"categories":[1144,1244],"tags":[],"class_list":["post-22706","post","type-post","status-publish","format-standard","has-post-thumbnail","hentry","category-infancia-y-familia","category-pisos-jovenes"],"yoast_head":"<!-- This site is optimized with the Yoast SEO plugin v27.4 - https:\/\/yoast.com\/product\/yoast-seo-wordpress\/ -->\n<title>La historia de Lhacen y la transversalidad de servicios del CFP para acompa\u00f1ar a los j\u00f3venes que buscan un futuro mejor | CFP Maresme<\/title>\n<meta name=\"robots\" content=\"index, follow, max-snippet:-1, max-image-preview:large, max-video-preview:-1\" \/>\n<link rel=\"canonical\" href=\"https:\/\/cfpmaresme.org\/es\/la-historia-de-lhacen-y-la-transversalidad-de-servicios-del-cfp-para-acompanar-a-los-jovenes-que-buscan-un-futuro-mejor\/\" \/>\n<meta property=\"og:locale\" content=\"es_ES\" \/>\n<meta property=\"og:type\" content=\"article\" \/>\n<meta property=\"og:title\" content=\"La historia de Lhacen y la transversalidad de servicios del CFP para acompa\u00f1ar a los j\u00f3venes que buscan un futuro mejor | CFP Maresme\" \/>\n<meta property=\"og:description\" content=\"Hoy es el D\u00eda Internacional del Migrante. A las puertas de la Navidad, el calendario nos ofrece esta fecha para dar visibilidad a todas las personas que se han ido de su territorio, por un motivo u otro, con la valent\u00eda de empezar una vida...\" \/>\n<meta property=\"og:url\" content=\"https:\/\/cfpmaresme.org\/es\/la-historia-de-lhacen-y-la-transversalidad-de-servicios-del-cfp-para-acompanar-a-los-jovenes-que-buscan-un-futuro-mejor\/\" \/>\n<meta property=\"og:site_name\" content=\"CFP Maresme\" \/>\n<meta property=\"article:published_time\" content=\"2020-12-18T10:33:43+00:00\" \/>\n<meta property=\"article:modified_time\" content=\"2021-05-12T13:20:44+00:00\" \/>\n<meta property=\"og:image\" content=\"https:\/\/cfpmaresme.org\/wp-content\/uploads\/2020\/12\/horitzontal-1.jpg\" \/>\n\t<meta property=\"og:image:width\" content=\"1089\" \/>\n\t<meta property=\"og:image:height\" content=\"353\" \/>\n\t<meta property=\"og:image:type\" content=\"image\/jpeg\" \/>\n<meta name=\"author\" content=\"CFPMaresme\" \/>\n<meta name=\"twitter:card\" content=\"summary_large_image\" \/>\n<meta name=\"twitter:creator\" content=\"@cfpmaresme\" \/>\n<meta name=\"twitter:site\" content=\"@cfpmaresme\" \/>\n<meta name=\"twitter:label1\" content=\"Escrito por\" \/>\n\t<meta name=\"twitter:data1\" content=\"CFPMaresme\" \/>\n\t<meta name=\"twitter:label2\" content=\"Tiempo de lectura\" \/>\n\t<meta name=\"twitter:data2\" content=\"4 minutos\" \/>\n<script type=\"application\/ld+json\" class=\"yoast-schema-graph\">{\"@context\":\"https:\\\/\\\/schema.org\",\"@graph\":[{\"@type\":\"Article\",\"@id\":\"https:\\\/\\\/cfpmaresme.org\\\/es\\\/la-historia-de-lhacen-y-la-transversalidad-de-servicios-del-cfp-para-acompanar-a-los-jovenes-que-buscan-un-futuro-mejor\\\/#article\",\"isPartOf\":{\"@id\":\"https:\\\/\\\/cfpmaresme.org\\\/es\\\/la-historia-de-lhacen-y-la-transversalidad-de-servicios-del-cfp-para-acompanar-a-los-jovenes-que-buscan-un-futuro-mejor\\\/\"},\"author\":{\"name\":\"CFPMaresme\",\"@id\":\"https:\\\/\\\/cfpmaresme.org\\\/#\\\/schema\\\/person\\\/b2634bcd796fafc667ea4055f61b9b2c\"},\"headline\":\"La historia de Lhacen y la transversalidad de servicios del CFP para acompa\u00f1ar a los j\u00f3venes que buscan un futuro mejor\",\"datePublished\":\"2020-12-18T10:33:43+00:00\",\"dateModified\":\"2021-05-12T13:20:44+00:00\",\"mainEntityOfPage\":{\"@id\":\"https:\\\/\\\/cfpmaresme.org\\\/es\\\/la-historia-de-lhacen-y-la-transversalidad-de-servicios-del-cfp-para-acompanar-a-los-jovenes-que-buscan-un-futuro-mejor\\\/\"},\"wordCount\":773,\"commentCount\":0,\"image\":{\"@id\":\"https:\\\/\\\/cfpmaresme.org\\\/es\\\/la-historia-de-lhacen-y-la-transversalidad-de-servicios-del-cfp-para-acompanar-a-los-jovenes-que-buscan-un-futuro-mejor\\\/#primaryimage\"},\"thumbnailUrl\":\"https:\\\/\\\/cfpmaresme.org\\\/wp-content\\\/uploads\\\/2020\\\/12\\\/horitzontal-1.jpg\",\"articleSection\":[\"\u00c1rea de infancia, adolescencia y fam\u00edlia\",\"Pisos j\u00f3venes\"],\"inLanguage\":\"es\"},{\"@type\":\"WebPage\",\"@id\":\"https:\\\/\\\/cfpmaresme.org\\\/es\\\/la-historia-de-lhacen-y-la-transversalidad-de-servicios-del-cfp-para-acompanar-a-los-jovenes-que-buscan-un-futuro-mejor\\\/\",\"url\":\"https:\\\/\\\/cfpmaresme.org\\\/es\\\/la-historia-de-lhacen-y-la-transversalidad-de-servicios-del-cfp-para-acompanar-a-los-jovenes-que-buscan-un-futuro-mejor\\\/\",\"name\":\"La historia de Lhacen y la transversalidad de servicios del CFP para acompa\u00f1ar a los j\u00f3venes que buscan un futuro mejor | CFP Maresme\",\"isPartOf\":{\"@id\":\"https:\\\/\\\/cfpmaresme.org\\\/#website\"},\"primaryImageOfPage\":{\"@id\":\"https:\\\/\\\/cfpmaresme.org\\\/es\\\/la-historia-de-lhacen-y-la-transversalidad-de-servicios-del-cfp-para-acompanar-a-los-jovenes-que-buscan-un-futuro-mejor\\\/#primaryimage\"},\"image\":{\"@id\":\"https:\\\/\\\/cfpmaresme.org\\\/es\\\/la-historia-de-lhacen-y-la-transversalidad-de-servicios-del-cfp-para-acompanar-a-los-jovenes-que-buscan-un-futuro-mejor\\\/#primaryimage\"},\"thumbnailUrl\":\"https:\\\/\\\/cfpmaresme.org\\\/wp-content\\\/uploads\\\/2020\\\/12\\\/horitzontal-1.jpg\",\"datePublished\":\"2020-12-18T10:33:43+00:00\",\"dateModified\":\"2021-05-12T13:20:44+00:00\",\"author\":{\"@id\":\"https:\\\/\\\/cfpmaresme.org\\\/#\\\/schema\\\/person\\\/b2634bcd796fafc667ea4055f61b9b2c\"},\"breadcrumb\":{\"@id\":\"https:\\\/\\\/cfpmaresme.org\\\/es\\\/la-historia-de-lhacen-y-la-transversalidad-de-servicios-del-cfp-para-acompanar-a-los-jovenes-que-buscan-un-futuro-mejor\\\/#breadcrumb\"},\"inLanguage\":\"es\",\"potentialAction\":[{\"@type\":\"ReadAction\",\"target\":[\"https:\\\/\\\/cfpmaresme.org\\\/es\\\/la-historia-de-lhacen-y-la-transversalidad-de-servicios-del-cfp-para-acompanar-a-los-jovenes-que-buscan-un-futuro-mejor\\\/\"]}]},{\"@type\":\"ImageObject\",\"inLanguage\":\"es\",\"@id\":\"https:\\\/\\\/cfpmaresme.org\\\/es\\\/la-historia-de-lhacen-y-la-transversalidad-de-servicios-del-cfp-para-acompanar-a-los-jovenes-que-buscan-un-futuro-mejor\\\/#primaryimage\",\"url\":\"https:\\\/\\\/cfpmaresme.org\\\/wp-content\\\/uploads\\\/2020\\\/12\\\/horitzontal-1.jpg\",\"contentUrl\":\"https:\\\/\\\/cfpmaresme.org\\\/wp-content\\\/uploads\\\/2020\\\/12\\\/horitzontal-1.jpg\",\"width\":1089,\"height\":353},{\"@type\":\"BreadcrumbList\",\"@id\":\"https:\\\/\\\/cfpmaresme.org\\\/es\\\/la-historia-de-lhacen-y-la-transversalidad-de-servicios-del-cfp-para-acompanar-a-los-jovenes-que-buscan-un-futuro-mejor\\\/#breadcrumb\",\"itemListElement\":[{\"@type\":\"ListItem\",\"position\":1,\"name\":\"Home\",\"item\":\"https:\\\/\\\/cfpmaresme.org\\\/es\\\/\"},{\"@type\":\"ListItem\",\"position\":2,\"name\":\"La historia de Lhacen y la transversalidad de servicios del CFP para acompa\u00f1ar a los j\u00f3venes que buscan un futuro mejor\"}]},{\"@type\":\"WebSite\",\"@id\":\"https:\\\/\\\/cfpmaresme.org\\\/#website\",\"url\":\"https:\\\/\\\/cfpmaresme.org\\\/\",\"name\":\"CFP Maresme\",\"description\":\"Centre Formaci\u00f3 Prevenci\u00f3\",\"potentialAction\":[{\"@type\":\"SearchAction\",\"target\":{\"@type\":\"EntryPoint\",\"urlTemplate\":\"https:\\\/\\\/cfpmaresme.org\\\/?s={search_term_string}\"},\"query-input\":{\"@type\":\"PropertyValueSpecification\",\"valueRequired\":true,\"valueName\":\"search_term_string\"}}],\"inLanguage\":\"es\"},{\"@type\":\"Person\",\"@id\":\"https:\\\/\\\/cfpmaresme.org\\\/#\\\/schema\\\/person\\\/b2634bcd796fafc667ea4055f61b9b2c\",\"name\":\"CFPMaresme\"}]}<\/script>\n<!-- \/ Yoast SEO plugin. -->","yoast_head_json":{"title":"La historia de Lhacen y la transversalidad de servicios del CFP para acompa\u00f1ar a los j\u00f3venes que buscan un futuro mejor | CFP Maresme","robots":{"index":"index","follow":"follow","max-snippet":"max-snippet:-1","max-image-preview":"max-image-preview:large","max-video-preview":"max-video-preview:-1"},"canonical":"https:\/\/cfpmaresme.org\/es\/la-historia-de-lhacen-y-la-transversalidad-de-servicios-del-cfp-para-acompanar-a-los-jovenes-que-buscan-un-futuro-mejor\/","og_locale":"es_ES","og_type":"article","og_title":"La historia de Lhacen y la transversalidad de servicios del CFP para acompa\u00f1ar a los j\u00f3venes que buscan un futuro mejor | CFP Maresme","og_description":"Hoy es el D\u00eda Internacional del Migrante. A las puertas de la Navidad, el calendario nos ofrece esta fecha para dar visibilidad a todas las personas que se han ido de su territorio, por un motivo u otro, con la valent\u00eda de empezar una vida...","og_url":"https:\/\/cfpmaresme.org\/es\/la-historia-de-lhacen-y-la-transversalidad-de-servicios-del-cfp-para-acompanar-a-los-jovenes-que-buscan-un-futuro-mejor\/","og_site_name":"CFP Maresme","article_published_time":"2020-12-18T10:33:43+00:00","article_modified_time":"2021-05-12T13:20:44+00:00","og_image":[{"width":1089,"height":353,"url":"https:\/\/cfpmaresme.org\/wp-content\/uploads\/2020\/12\/horitzontal-1.jpg","type":"image\/jpeg"}],"author":"CFPMaresme","twitter_card":"summary_large_image","twitter_creator":"@cfpmaresme","twitter_site":"@cfpmaresme","twitter_misc":{"Escrito por":"CFPMaresme","Tiempo de lectura":"4 minutos"},"schema":{"@context":"https:\/\/schema.org","@graph":[{"@type":"Article","@id":"https:\/\/cfpmaresme.org\/es\/la-historia-de-lhacen-y-la-transversalidad-de-servicios-del-cfp-para-acompanar-a-los-jovenes-que-buscan-un-futuro-mejor\/#article","isPartOf":{"@id":"https:\/\/cfpmaresme.org\/es\/la-historia-de-lhacen-y-la-transversalidad-de-servicios-del-cfp-para-acompanar-a-los-jovenes-que-buscan-un-futuro-mejor\/"},"author":{"name":"CFPMaresme","@id":"https:\/\/cfpmaresme.org\/#\/schema\/person\/b2634bcd796fafc667ea4055f61b9b2c"},"headline":"La historia de Lhacen y la transversalidad de servicios del CFP para acompa\u00f1ar a los j\u00f3venes que buscan un futuro mejor","datePublished":"2020-12-18T10:33:43+00:00","dateModified":"2021-05-12T13:20:44+00:00","mainEntityOfPage":{"@id":"https:\/\/cfpmaresme.org\/es\/la-historia-de-lhacen-y-la-transversalidad-de-servicios-del-cfp-para-acompanar-a-los-jovenes-que-buscan-un-futuro-mejor\/"},"wordCount":773,"commentCount":0,"image":{"@id":"https:\/\/cfpmaresme.org\/es\/la-historia-de-lhacen-y-la-transversalidad-de-servicios-del-cfp-para-acompanar-a-los-jovenes-que-buscan-un-futuro-mejor\/#primaryimage"},"thumbnailUrl":"https:\/\/cfpmaresme.org\/wp-content\/uploads\/2020\/12\/horitzontal-1.jpg","articleSection":["\u00c1rea de infancia, adolescencia y fam\u00edlia","Pisos j\u00f3venes"],"inLanguage":"es"},{"@type":"WebPage","@id":"https:\/\/cfpmaresme.org\/es\/la-historia-de-lhacen-y-la-transversalidad-de-servicios-del-cfp-para-acompanar-a-los-jovenes-que-buscan-un-futuro-mejor\/","url":"https:\/\/cfpmaresme.org\/es\/la-historia-de-lhacen-y-la-transversalidad-de-servicios-del-cfp-para-acompanar-a-los-jovenes-que-buscan-un-futuro-mejor\/","name":"La historia de Lhacen y la transversalidad de servicios del CFP para acompa\u00f1ar a los j\u00f3venes que buscan un futuro mejor | CFP Maresme","isPartOf":{"@id":"https:\/\/cfpmaresme.org\/#website"},"primaryImageOfPage":{"@id":"https:\/\/cfpmaresme.org\/es\/la-historia-de-lhacen-y-la-transversalidad-de-servicios-del-cfp-para-acompanar-a-los-jovenes-que-buscan-un-futuro-mejor\/#primaryimage"},"image":{"@id":"https:\/\/cfpmaresme.org\/es\/la-historia-de-lhacen-y-la-transversalidad-de-servicios-del-cfp-para-acompanar-a-los-jovenes-que-buscan-un-futuro-mejor\/#primaryimage"},"thumbnailUrl":"https:\/\/cfpmaresme.org\/wp-content\/uploads\/2020\/12\/horitzontal-1.jpg","datePublished":"2020-12-18T10:33:43+00:00","dateModified":"2021-05-12T13:20:44+00:00","author":{"@id":"https:\/\/cfpmaresme.org\/#\/schema\/person\/b2634bcd796fafc667ea4055f61b9b2c"},"breadcrumb":{"@id":"https:\/\/cfpmaresme.org\/es\/la-historia-de-lhacen-y-la-transversalidad-de-servicios-del-cfp-para-acompanar-a-los-jovenes-que-buscan-un-futuro-mejor\/#breadcrumb"},"inLanguage":"es","potentialAction":[{"@type":"ReadAction","target":["https:\/\/cfpmaresme.org\/es\/la-historia-de-lhacen-y-la-transversalidad-de-servicios-del-cfp-para-acompanar-a-los-jovenes-que-buscan-un-futuro-mejor\/"]}]},{"@type":"ImageObject","inLanguage":"es","@id":"https:\/\/cfpmaresme.org\/es\/la-historia-de-lhacen-y-la-transversalidad-de-servicios-del-cfp-para-acompanar-a-los-jovenes-que-buscan-un-futuro-mejor\/#primaryimage","url":"https:\/\/cfpmaresme.org\/wp-content\/uploads\/2020\/12\/horitzontal-1.jpg","contentUrl":"https:\/\/cfpmaresme.org\/wp-content\/uploads\/2020\/12\/horitzontal-1.jpg","width":1089,"height":353},{"@type":"BreadcrumbList","@id":"https:\/\/cfpmaresme.org\/es\/la-historia-de-lhacen-y-la-transversalidad-de-servicios-del-cfp-para-acompanar-a-los-jovenes-que-buscan-un-futuro-mejor\/#breadcrumb","itemListElement":[{"@type":"ListItem","position":1,"name":"Home","item":"https:\/\/cfpmaresme.org\/es\/"},{"@type":"ListItem","position":2,"name":"La historia de Lhacen y la transversalidad de servicios del CFP para acompa\u00f1ar a los j\u00f3venes que buscan un futuro mejor"}]},{"@type":"WebSite","@id":"https:\/\/cfpmaresme.org\/#website","url":"https:\/\/cfpmaresme.org\/","name":"CFP Maresme","description":"Centre Formaci\u00f3 Prevenci\u00f3","potentialAction":[{"@type":"SearchAction","target":{"@type":"EntryPoint","urlTemplate":"https:\/\/cfpmaresme.org\/?s={search_term_string}"},"query-input":{"@type":"PropertyValueSpecification","valueRequired":true,"valueName":"search_term_string"}}],"inLanguage":"es"},{"@type":"Person","@id":"https:\/\/cfpmaresme.org\/#\/schema\/person\/b2634bcd796fafc667ea4055f61b9b2c","name":"CFPMaresme"}]}},"_links":{"self":[{"href":"https:\/\/cfpmaresme.org\/es\/wp-json\/wp\/v2\/posts\/22706","targetHints":{"allow":["GET"]}}],"collection":[{"href":"https:\/\/cfpmaresme.org\/es\/wp-json\/wp\/v2\/posts"}],"about":[{"href":"https:\/\/cfpmaresme.org\/es\/wp-json\/wp\/v2\/types\/post"}],"author":[{"embeddable":true,"href":"https:\/\/cfpmaresme.org\/es\/wp-json\/wp\/v2\/users\/2"}],"replies":[{"embeddable":true,"href":"https:\/\/cfpmaresme.org\/es\/wp-json\/wp\/v2\/comments?post=22706"}],"version-history":[{"count":6,"href":"https:\/\/cfpmaresme.org\/es\/wp-json\/wp\/v2\/posts\/22706\/revisions"}],"predecessor-version":[{"id":22753,"href":"https:\/\/cfpmaresme.org\/es\/wp-json\/wp\/v2\/posts\/22706\/revisions\/22753"}],"wp:featuredmedia":[{"embeddable":true,"href":"https:\/\/cfpmaresme.org\/es\/wp-json\/wp\/v2\/media\/22691"}],"wp:attachment":[{"href":"https:\/\/cfpmaresme.org\/es\/wp-json\/wp\/v2\/media?parent=22706"}],"wp:term":[{"taxonomy":"category","embeddable":true,"href":"https:\/\/cfpmaresme.org\/es\/wp-json\/wp\/v2\/categories?post=22706"},{"taxonomy":"post_tag","embeddable":true,"href":"https:\/\/cfpmaresme.org\/es\/wp-json\/wp\/v2\/tags?post=22706"}],"curies":[{"name":"wp","href":"https:\/\/api.w.org\/{rel}","templated":true}]}}