{"id":22785,"date":"2020-12-23T12:32:57","date_gmt":"2020-12-23T10:32:57","guid":{"rendered":"https:\/\/www.cfpmaresme.org\/?p=22785"},"modified":"2020-12-23T12:48:46","modified_gmt":"2020-12-23T10:48:46","slug":"del-patio-interior-al-espacio-publico-una-experiencia-de-inclusio-comunitaria-gracias-al-deporte-en-personas-con-una-problematica-de-salud-mental","status":"publish","type":"post","link":"https:\/\/cfpmaresme.org\/es\/del-patio-interior-al-espacio-publico-una-experiencia-de-inclusio-comunitaria-gracias-al-deporte-en-personas-con-una-problematica-de-salud-mental\/","title":{"rendered":"Del patio interior al espacio p\u00fablico: una experiencia de recuperaci\u00f3n e inclusi\u00f3n comunitaria gracias al deporte"},"content":{"rendered":"<p>Jordi L\u00f3pez Duatis, Psic\u00f3logo del SRC Maresme y coordinador del programa \u00abJuego, deporte y salud mental\u00bb del CFP Maresme, fue ponente de la jornada \u00abEl arte, la cultura y el deporte como herramientas de integraci\u00f3n social\u00bb organizada por <a href=\"https:\/\/forumsalutmental.org\/ca\/\" target=\"_blank\" rel=\"noopener noreferrer\">F\u00f2rum Salut Mental<\/a>. Explic\u00f3 el trabajo hecho a trav\u00e9s del deporte y una historia real que ejemplifica sobradamente como la actividad deportiva ayuda a las personas con una problem\u00e1tica de salud mental.<\/p>\n<p>As\u00ed, Duatis, como lo conocemos en la entidad, explic\u00f3 la vinculaci\u00f3n entre el deporte y la salud mental: <strong>el juego es el medio principal que nos permite,<\/strong> des de peque\u00f1os, <strong>experimentar con los objetos, relacionarnos<\/strong> con los otros y expresar fantas\u00edas. El juego deviene deporte cuando uno hace originariamente significa la palabra deporte (<strong>del lat\u00edn <u>deportare<\/u><\/strong> ): trasladar o deportar.<\/p>\n<p>Ya hace 10 a\u00f1os un grupo de chicos inici\u00f3 el proceso de pasar de estar dentro, encerrados y aislados, a abrirse cada vez m\u00e1s a partir de la pr\u00e1ctica deportiva.<\/p>\n<h3>El paso de Gammers a Players<\/h3>\n<p>Todo empez\u00f3 con la decisi\u00f3n de hacer actividades espec\u00edficas para j\u00f3venes en el SRC Maresme y que, una de ellas, fuera deportiva ya que la gran mayor\u00eda de los chicos eran \u00abGammers\u00bb pero no \u00abPlayers\u00bb. Es decir, se pasaban largas horas encerrados en su habitaci\u00f3n jugando contra alguna cosa, que no sab\u00edan muy bien lo que era.<\/p>\n<p>Los dos motes significan \u201c jugador\u201d, pero el ingl\u00e9s permite diferenciar el jugador que pone el cuerpo y que juega presencialmente del que no lo pone y lo hace telem\u00e1ticamente. As\u00ed, el objetivo fue ayudarlos a salir de su zona de confort.<\/p>\n<p>Una vez a la semana iban a un pabell\u00f3n a hacer las actividades que el recinto ofrec\u00eda. El primer d\u00eda, despu\u00e9s de hacer una breve ojeada alrededor, tres de ellos empezaron a tirar en una canasta. Miedosos, inseguros y con timidez&#8230;pero salieron contentos. Con el paso de los d\u00edas la cosa fue cogiendo cuerpo: disfrutaban mucho y se mostraban muy acogedores con los compa\u00f1eros que se incorporaban.<\/p>\n<p>Poco a poco el equipo se fue consolidando. Se conoc\u00edan los unos a los otros, el sitio que ocupaba cada uno en la pista y surg\u00edan \u00abpases de complicidad\u00bb y gui\u00f1os de ojo.<\/p>\n<p>Por otro lado, llevaban mucho antes de empezar la actividad y, a la hora de plegar, se quedaban ratos hablando. As\u00ed<strong> la pista cada vez \u201c sal\u00eda m\u00e1s hacia la calle\u201d<\/strong>.<\/p>\n<p>&nbsp;<\/p>\n<h3>Del acompa\u00f1amiento constante del recurso a encontrarse aut\u00f3nomamente<\/h3>\n<p>El equipo educativo, formado por Jordi y su compa\u00f1era Luc\u00eda, se plante\u00f3 animarlos a quedar fuera, sin el acompa\u00f1amiento constante de los profesionales del recurso. Esta es una de las intervenciones que m\u00e1s cuesta, que puedan hacer lazo y salgan juntos, fuera del marco protegido que les supone el centro.<\/p>\n<p>Mientras que buscaban la f\u00f3rmula de hacer este paso, por sorpresa uno de los j\u00f3venes les propuso ir a su casa. Viv\u00eda en el anexo de un recinto escolar y su madre era la conserje y pod\u00edan acceder al patio de la escuela donde empezaron a jugar todos juntos casi cada d\u00eda.<\/p>\n<p><strong>\u00a0<\/strong><\/p>\n<h3>El crac de los triples que tambi\u00e9n conviv\u00eda con una problem\u00e1tica de salud mental<\/h3>\n<p>La verja que separaba el interior de la calle permit\u00eda ser vistos por la gente que pasaba. Un chico que los ve\u00eda jugar un d\u00eda les pidi\u00f3 si pod\u00eda unirse al partido. El nuevo fichaje result\u00f3 ser una m\u00e1quina en el baloncesto: pod\u00eda estar media hora sin fallar un tiro libre, desde la prudencia y sin resultar nada invasivo iba haciendo comentarios en la l\u00ednea de mejorar la t\u00e9cnica, perfeccionar, hacer ejercicios m\u00e1s exigentes, etc.<\/p>\n<p>Un d\u00eda alguien le pregunt\u00f3 \u00ab\u00bfC\u00f3mo es que puedes quedar a cualquier hora para jugar?\u00bb \u00c9l respondi\u00f3 que no estudiaba ni trabajaba porque ten\u00eda una enfermedad mental. Los otros, sorprendidos, le explicaron que ellos tambi\u00e9n. As\u00ed sucedi\u00f3 algo important\u00edsimo: qui\u00e9n ten\u00eda que decir que aqu\u00e9l crac de los triples que no ten\u00eda freno, conviv\u00eda con una problem\u00e1tica de salud mental como ellos.<\/p>\n<p>&nbsp;<\/p>\n<h3>La evoluci\u00f3n del equipo hasta devenir medalla de Oro en los Especial Olympics y\u00a0 Mataronines del a\u00f1o<\/h3>\n<p>Con el transcurso del tiempo, se fueron<strong> empoderando<\/strong> y decidieron hacer partidos de verdad, creando un equipo, entrenando en un pabell\u00f3n oficial y participando en la Liga Catalana de Deporte inclusivo. Ten\u00edan <img loading=\"lazy\" decoding=\"async\" class=\"alignright wp-image-22756 size-medium\" src=\"https:\/\/www.cfpmaresme.org\/wp-content\/uploads\/2020\/12\/special-olympics-300x199.jpg\" alt=\"\" width=\"300\" height=\"199\" srcset=\"https:\/\/cfpmaresme.org\/wp-content\/uploads\/2020\/12\/special-olympics-300x199.jpg 300w, https:\/\/cfpmaresme.org\/wp-content\/uploads\/2020\/12\/special-olympics-768x509.jpg 768w, https:\/\/cfpmaresme.org\/wp-content\/uploads\/2020\/12\/special-olympics-700x464.jpg 700w, https:\/\/cfpmaresme.org\/wp-content\/uploads\/2020\/12\/special-olympics.jpg 828w\" sizes=\"auto, (max-width: 300px) 100vw, 300px\" \/>un entrenador exigente que quer\u00eda que diesen el m\u00e1ximo de s\u00ed y ganar partidos. El equipo empez\u00f3 a ganar partidos y la liga durante varios a\u00f1os hasta ganar el <a href=\"\/?p=1033\" target=\"_blank\" rel=\"noopener noreferrer\">Oro en los Especial Olympics<\/a>, por la cual cosa fueron nombrados <a href=\"\/?p=1164\" target=\"_blank\" rel=\"noopener noreferrer\">Mataronines del a\u00f1o.<\/a><\/p>\n<p>De aqu\u00ed surgieron entrevista a medios de comunicaci\u00f3n, jornadas divulgativas, recepciones en el Ayuntamiento&#8230;<\/p>\n<p>\u201cEl invitado\u201d todav\u00eda subi\u00f3 m\u00e1s de nivel y gan\u00f3 tambi\u00e9n la medalla de Oro en el Mundial Special Olympics, ahora har\u00e1 dos a\u00f1os en Abu Davi.<\/p>\n<p>&nbsp;<\/p>\n<h3>El papel del SRC en todo este proceso y qu\u00e9 conlleva tener un partido a nivel de salud<\/h3>\n<p>Desde el SRC acompa\u00f1amos en todo momento a los j\u00f3venes, interes\u00e1ndonos por su evoluci\u00f3n y observando los cambios que provocaba en otras \u00e1reas de su vida cotidiana.<\/p>\n<p>El hecho de tener un partido conllevaba muchos cambios de h\u00e1bitos y rutinas.\u00a0 <strong>Gracias a la motivaci\u00f3n de jugar <\/strong>y ganar, el d\u00eda antes del partido, <strong>se cuidaban <\/strong>a nivel alimentario, de descanso, etc.<\/p>\n<p>El d\u00eda del partido sal\u00edan de casa sabiendo que ten\u00edan una responsabilidad importante para ellos. Ya en el pabell\u00f3n, desconectaban de todo, tambi\u00e9n de las preocupaciones y entraban en un escenario diferente donde contaban con ellos y con la funci\u00f3n que desarrollaban, cada uno la suya.<\/p>\n<p>Ya en el terreno, pon\u00edan su cuerpo en juego con todo lo que supone: un contacto particular con el otro, en un espacio donde pasan cosas inesperadas, donde atacamos y defendemos. Jugaban en un espacio desconocido, con la atenta mirada del p\u00fablico y del entrenador referente que los guiaba con respeto. Pod\u00edan hacer uso de la fuerza dentro de unos par\u00e1metros reglados, representados por un \u00e1rbitro que reconoc\u00edan como una figura de autoridad necesaria y se hac\u00edan cargo de la penalizaci\u00f3n que implica saltarse una norma, siendo responsables de sus acciones.<\/p>\n<p>&nbsp;<\/p>\n<p>Esta experiencia de \u00e9xito refleja <strong>c\u00f3mo la pr\u00e1ctica del deporte colabor\u00f3<\/strong> en asumir los objetivos establecidos en el plan de recuperaci\u00f3n y inclusi\u00f3n comunitaria de todos y cada uno de ellos, por la cual cosa les dimos la <strong>alta cl\u00ednica del SRC<\/strong>. Estas personas <strong>siguen vinculadas al CFP Maresme<\/strong> con otra posici\u00f3n,<strong> la de voluntarios con experiencia<\/strong>. Siempre dispuestos y agradecidos por poder dar algo a cambio de la atenci\u00f3n recibida durante todo este tiempo.<\/p>\n","protected":false},"excerpt":{"rendered":"<p>Jordi L\u00f3pez Duatis, Psic\u00f3logo del SRC Maresme y coordinador del programa \u00abJuego, deporte y salud mental\u00bb del CFP Maresme, fue ponente de la jornada \u00abEl arte, la cultura y el deporte como herramientas de integraci\u00f3n social\u00bb organizada por F\u00f2rum Salut Mental. Explic\u00f3 el trabajo hecho&#8230;<\/p>\n","protected":false},"author":2,"featured_media":22759,"comment_status":"open","ping_status":"open","sticky":false,"template":"","format":"standard","meta":{"footnotes":""},"categories":[1199],"tags":[],"class_list":["post-22785","post","type-post","status-publish","format-standard","has-post-thumbnail","hentry","category-servicios-de-rehabilitacion-comunitaria"],"yoast_head":"<!-- This site is optimized with the Yoast SEO plugin v27.4 - https:\/\/yoast.com\/product\/yoast-seo-wordpress\/ -->\n<title>Del patio interior al espacio p\u00fablico: una experiencia de recuperaci\u00f3n e inclusi\u00f3n comunitaria gracias al deporte | CFP Maresme<\/title>\n<meta name=\"robots\" content=\"index, follow, max-snippet:-1, max-image-preview:large, max-video-preview:-1\" \/>\n<link rel=\"canonical\" href=\"https:\/\/cfpmaresme.org\/es\/del-patio-interior-al-espacio-publico-una-experiencia-de-inclusio-comunitaria-gracias-al-deporte-en-personas-con-una-problematica-de-salud-mental\/\" \/>\n<meta property=\"og:locale\" content=\"es_ES\" \/>\n<meta property=\"og:type\" content=\"article\" \/>\n<meta property=\"og:title\" content=\"Del patio interior al espacio p\u00fablico: una experiencia de recuperaci\u00f3n e inclusi\u00f3n comunitaria gracias al deporte | CFP Maresme\" \/>\n<meta property=\"og:description\" content=\"Jordi L\u00f3pez Duatis, Psic\u00f3logo del SRC Maresme y coordinador del programa \u00abJuego, deporte y salud mental\u00bb del CFP Maresme, fue ponente de la jornada \u00abEl arte, la cultura y el deporte como herramientas de integraci\u00f3n social\u00bb organizada por F\u00f2rum Salut Mental. Explic\u00f3 el trabajo hecho...\" \/>\n<meta property=\"og:url\" content=\"https:\/\/cfpmaresme.org\/es\/del-patio-interior-al-espacio-publico-una-experiencia-de-inclusio-comunitaria-gracias-al-deporte-en-personas-con-una-problematica-de-salud-mental\/\" \/>\n<meta property=\"og:site_name\" content=\"CFP Maresme\" \/>\n<meta property=\"article:published_time\" content=\"2020-12-23T10:32:57+00:00\" \/>\n<meta property=\"article:modified_time\" content=\"2020-12-23T10:48:46+00:00\" \/>\n<meta property=\"og:image\" content=\"https:\/\/cfpmaresme.org\/wp-content\/uploads\/2020\/12\/Screenshot_20201223_100927.jpg\" \/>\n\t<meta property=\"og:image:width\" content=\"1080\" \/>\n\t<meta property=\"og:image:height\" content=\"645\" \/>\n\t<meta property=\"og:image:type\" content=\"image\/jpeg\" \/>\n<meta name=\"author\" content=\"CFPMaresme\" \/>\n<meta name=\"twitter:card\" content=\"summary_large_image\" \/>\n<meta name=\"twitter:creator\" content=\"@cfpmaresme\" \/>\n<meta name=\"twitter:site\" content=\"@cfpmaresme\" \/>\n<meta name=\"twitter:label1\" content=\"Escrito por\" \/>\n\t<meta name=\"twitter:data1\" content=\"CFPMaresme\" \/>\n\t<meta name=\"twitter:label2\" content=\"Tiempo de lectura\" \/>\n\t<meta name=\"twitter:data2\" content=\"6 minutos\" \/>\n<script type=\"application\/ld+json\" class=\"yoast-schema-graph\">{\"@context\":\"https:\\\/\\\/schema.org\",\"@graph\":[{\"@type\":\"Article\",\"@id\":\"https:\\\/\\\/cfpmaresme.org\\\/es\\\/del-patio-interior-al-espacio-publico-una-experiencia-de-inclusio-comunitaria-gracias-al-deporte-en-personas-con-una-problematica-de-salud-mental\\\/#article\",\"isPartOf\":{\"@id\":\"https:\\\/\\\/cfpmaresme.org\\\/es\\\/del-patio-interior-al-espacio-publico-una-experiencia-de-inclusio-comunitaria-gracias-al-deporte-en-personas-con-una-problematica-de-salud-mental\\\/\"},\"author\":{\"name\":\"CFPMaresme\",\"@id\":\"https:\\\/\\\/cfpmaresme.org\\\/#\\\/schema\\\/person\\\/b2634bcd796fafc667ea4055f61b9b2c\"},\"headline\":\"Del patio interior al espacio p\u00fablico: una experiencia de recuperaci\u00f3n e inclusi\u00f3n comunitaria gracias al deporte\",\"datePublished\":\"2020-12-23T10:32:57+00:00\",\"dateModified\":\"2020-12-23T10:48:46+00:00\",\"mainEntityOfPage\":{\"@id\":\"https:\\\/\\\/cfpmaresme.org\\\/es\\\/del-patio-interior-al-espacio-publico-una-experiencia-de-inclusio-comunitaria-gracias-al-deporte-en-personas-con-una-problematica-de-salud-mental\\\/\"},\"wordCount\":1206,\"commentCount\":0,\"image\":{\"@id\":\"https:\\\/\\\/cfpmaresme.org\\\/es\\\/del-patio-interior-al-espacio-publico-una-experiencia-de-inclusio-comunitaria-gracias-al-deporte-en-personas-con-una-problematica-de-salud-mental\\\/#primaryimage\"},\"thumbnailUrl\":\"https:\\\/\\\/cfpmaresme.org\\\/wp-content\\\/uploads\\\/2020\\\/12\\\/Screenshot_20201223_100927.jpg\",\"articleSection\":[\"Servicios de Rehabilitaci\u00f3n Comunitaria\"],\"inLanguage\":\"es\"},{\"@type\":\"WebPage\",\"@id\":\"https:\\\/\\\/cfpmaresme.org\\\/es\\\/del-patio-interior-al-espacio-publico-una-experiencia-de-inclusio-comunitaria-gracias-al-deporte-en-personas-con-una-problematica-de-salud-mental\\\/\",\"url\":\"https:\\\/\\\/cfpmaresme.org\\\/es\\\/del-patio-interior-al-espacio-publico-una-experiencia-de-inclusio-comunitaria-gracias-al-deporte-en-personas-con-una-problematica-de-salud-mental\\\/\",\"name\":\"Del patio interior al espacio p\u00fablico: una experiencia de recuperaci\u00f3n e inclusi\u00f3n comunitaria gracias al deporte | CFP Maresme\",\"isPartOf\":{\"@id\":\"https:\\\/\\\/cfpmaresme.org\\\/#website\"},\"primaryImageOfPage\":{\"@id\":\"https:\\\/\\\/cfpmaresme.org\\\/es\\\/del-patio-interior-al-espacio-publico-una-experiencia-de-inclusio-comunitaria-gracias-al-deporte-en-personas-con-una-problematica-de-salud-mental\\\/#primaryimage\"},\"image\":{\"@id\":\"https:\\\/\\\/cfpmaresme.org\\\/es\\\/del-patio-interior-al-espacio-publico-una-experiencia-de-inclusio-comunitaria-gracias-al-deporte-en-personas-con-una-problematica-de-salud-mental\\\/#primaryimage\"},\"thumbnailUrl\":\"https:\\\/\\\/cfpmaresme.org\\\/wp-content\\\/uploads\\\/2020\\\/12\\\/Screenshot_20201223_100927.jpg\",\"datePublished\":\"2020-12-23T10:32:57+00:00\",\"dateModified\":\"2020-12-23T10:48:46+00:00\",\"author\":{\"@id\":\"https:\\\/\\\/cfpmaresme.org\\\/#\\\/schema\\\/person\\\/b2634bcd796fafc667ea4055f61b9b2c\"},\"breadcrumb\":{\"@id\":\"https:\\\/\\\/cfpmaresme.org\\\/es\\\/del-patio-interior-al-espacio-publico-una-experiencia-de-inclusio-comunitaria-gracias-al-deporte-en-personas-con-una-problematica-de-salud-mental\\\/#breadcrumb\"},\"inLanguage\":\"es\",\"potentialAction\":[{\"@type\":\"ReadAction\",\"target\":[\"https:\\\/\\\/cfpmaresme.org\\\/es\\\/del-patio-interior-al-espacio-publico-una-experiencia-de-inclusio-comunitaria-gracias-al-deporte-en-personas-con-una-problematica-de-salud-mental\\\/\"]}]},{\"@type\":\"ImageObject\",\"inLanguage\":\"es\",\"@id\":\"https:\\\/\\\/cfpmaresme.org\\\/es\\\/del-patio-interior-al-espacio-publico-una-experiencia-de-inclusio-comunitaria-gracias-al-deporte-en-personas-con-una-problematica-de-salud-mental\\\/#primaryimage\",\"url\":\"https:\\\/\\\/cfpmaresme.org\\\/wp-content\\\/uploads\\\/2020\\\/12\\\/Screenshot_20201223_100927.jpg\",\"contentUrl\":\"https:\\\/\\\/cfpmaresme.org\\\/wp-content\\\/uploads\\\/2020\\\/12\\\/Screenshot_20201223_100927.jpg\",\"width\":1080,\"height\":645},{\"@type\":\"BreadcrumbList\",\"@id\":\"https:\\\/\\\/cfpmaresme.org\\\/es\\\/del-patio-interior-al-espacio-publico-una-experiencia-de-inclusio-comunitaria-gracias-al-deporte-en-personas-con-una-problematica-de-salud-mental\\\/#breadcrumb\",\"itemListElement\":[{\"@type\":\"ListItem\",\"position\":1,\"name\":\"Home\",\"item\":\"https:\\\/\\\/cfpmaresme.org\\\/es\\\/\"},{\"@type\":\"ListItem\",\"position\":2,\"name\":\"Del patio interior al espacio p\u00fablico: una experiencia de recuperaci\u00f3n e inclusi\u00f3n comunitaria gracias al deporte\"}]},{\"@type\":\"WebSite\",\"@id\":\"https:\\\/\\\/cfpmaresme.org\\\/#website\",\"url\":\"https:\\\/\\\/cfpmaresme.org\\\/\",\"name\":\"CFP Maresme\",\"description\":\"Centre Formaci\u00f3 Prevenci\u00f3\",\"potentialAction\":[{\"@type\":\"SearchAction\",\"target\":{\"@type\":\"EntryPoint\",\"urlTemplate\":\"https:\\\/\\\/cfpmaresme.org\\\/?s={search_term_string}\"},\"query-input\":{\"@type\":\"PropertyValueSpecification\",\"valueRequired\":true,\"valueName\":\"search_term_string\"}}],\"inLanguage\":\"es\"},{\"@type\":\"Person\",\"@id\":\"https:\\\/\\\/cfpmaresme.org\\\/#\\\/schema\\\/person\\\/b2634bcd796fafc667ea4055f61b9b2c\",\"name\":\"CFPMaresme\"}]}<\/script>\n<!-- \/ Yoast SEO plugin. -->","yoast_head_json":{"title":"Del patio interior al espacio p\u00fablico: una experiencia de recuperaci\u00f3n e inclusi\u00f3n comunitaria gracias al deporte | CFP Maresme","robots":{"index":"index","follow":"follow","max-snippet":"max-snippet:-1","max-image-preview":"max-image-preview:large","max-video-preview":"max-video-preview:-1"},"canonical":"https:\/\/cfpmaresme.org\/es\/del-patio-interior-al-espacio-publico-una-experiencia-de-inclusio-comunitaria-gracias-al-deporte-en-personas-con-una-problematica-de-salud-mental\/","og_locale":"es_ES","og_type":"article","og_title":"Del patio interior al espacio p\u00fablico: una experiencia de recuperaci\u00f3n e inclusi\u00f3n comunitaria gracias al deporte | CFP Maresme","og_description":"Jordi L\u00f3pez Duatis, Psic\u00f3logo del SRC Maresme y coordinador del programa \u00abJuego, deporte y salud mental\u00bb del CFP Maresme, fue ponente de la jornada \u00abEl arte, la cultura y el deporte como herramientas de integraci\u00f3n social\u00bb organizada por F\u00f2rum Salut Mental. Explic\u00f3 el trabajo hecho...","og_url":"https:\/\/cfpmaresme.org\/es\/del-patio-interior-al-espacio-publico-una-experiencia-de-inclusio-comunitaria-gracias-al-deporte-en-personas-con-una-problematica-de-salud-mental\/","og_site_name":"CFP Maresme","article_published_time":"2020-12-23T10:32:57+00:00","article_modified_time":"2020-12-23T10:48:46+00:00","og_image":[{"width":1080,"height":645,"url":"https:\/\/cfpmaresme.org\/wp-content\/uploads\/2020\/12\/Screenshot_20201223_100927.jpg","type":"image\/jpeg"}],"author":"CFPMaresme","twitter_card":"summary_large_image","twitter_creator":"@cfpmaresme","twitter_site":"@cfpmaresme","twitter_misc":{"Escrito por":"CFPMaresme","Tiempo de lectura":"6 minutos"},"schema":{"@context":"https:\/\/schema.org","@graph":[{"@type":"Article","@id":"https:\/\/cfpmaresme.org\/es\/del-patio-interior-al-espacio-publico-una-experiencia-de-inclusio-comunitaria-gracias-al-deporte-en-personas-con-una-problematica-de-salud-mental\/#article","isPartOf":{"@id":"https:\/\/cfpmaresme.org\/es\/del-patio-interior-al-espacio-publico-una-experiencia-de-inclusio-comunitaria-gracias-al-deporte-en-personas-con-una-problematica-de-salud-mental\/"},"author":{"name":"CFPMaresme","@id":"https:\/\/cfpmaresme.org\/#\/schema\/person\/b2634bcd796fafc667ea4055f61b9b2c"},"headline":"Del patio interior al espacio p\u00fablico: una experiencia de recuperaci\u00f3n e inclusi\u00f3n comunitaria gracias al deporte","datePublished":"2020-12-23T10:32:57+00:00","dateModified":"2020-12-23T10:48:46+00:00","mainEntityOfPage":{"@id":"https:\/\/cfpmaresme.org\/es\/del-patio-interior-al-espacio-publico-una-experiencia-de-inclusio-comunitaria-gracias-al-deporte-en-personas-con-una-problematica-de-salud-mental\/"},"wordCount":1206,"commentCount":0,"image":{"@id":"https:\/\/cfpmaresme.org\/es\/del-patio-interior-al-espacio-publico-una-experiencia-de-inclusio-comunitaria-gracias-al-deporte-en-personas-con-una-problematica-de-salud-mental\/#primaryimage"},"thumbnailUrl":"https:\/\/cfpmaresme.org\/wp-content\/uploads\/2020\/12\/Screenshot_20201223_100927.jpg","articleSection":["Servicios de Rehabilitaci\u00f3n Comunitaria"],"inLanguage":"es"},{"@type":"WebPage","@id":"https:\/\/cfpmaresme.org\/es\/del-patio-interior-al-espacio-publico-una-experiencia-de-inclusio-comunitaria-gracias-al-deporte-en-personas-con-una-problematica-de-salud-mental\/","url":"https:\/\/cfpmaresme.org\/es\/del-patio-interior-al-espacio-publico-una-experiencia-de-inclusio-comunitaria-gracias-al-deporte-en-personas-con-una-problematica-de-salud-mental\/","name":"Del patio interior al espacio p\u00fablico: una experiencia de recuperaci\u00f3n e inclusi\u00f3n comunitaria gracias al deporte | CFP Maresme","isPartOf":{"@id":"https:\/\/cfpmaresme.org\/#website"},"primaryImageOfPage":{"@id":"https:\/\/cfpmaresme.org\/es\/del-patio-interior-al-espacio-publico-una-experiencia-de-inclusio-comunitaria-gracias-al-deporte-en-personas-con-una-problematica-de-salud-mental\/#primaryimage"},"image":{"@id":"https:\/\/cfpmaresme.org\/es\/del-patio-interior-al-espacio-publico-una-experiencia-de-inclusio-comunitaria-gracias-al-deporte-en-personas-con-una-problematica-de-salud-mental\/#primaryimage"},"thumbnailUrl":"https:\/\/cfpmaresme.org\/wp-content\/uploads\/2020\/12\/Screenshot_20201223_100927.jpg","datePublished":"2020-12-23T10:32:57+00:00","dateModified":"2020-12-23T10:48:46+00:00","author":{"@id":"https:\/\/cfpmaresme.org\/#\/schema\/person\/b2634bcd796fafc667ea4055f61b9b2c"},"breadcrumb":{"@id":"https:\/\/cfpmaresme.org\/es\/del-patio-interior-al-espacio-publico-una-experiencia-de-inclusio-comunitaria-gracias-al-deporte-en-personas-con-una-problematica-de-salud-mental\/#breadcrumb"},"inLanguage":"es","potentialAction":[{"@type":"ReadAction","target":["https:\/\/cfpmaresme.org\/es\/del-patio-interior-al-espacio-publico-una-experiencia-de-inclusio-comunitaria-gracias-al-deporte-en-personas-con-una-problematica-de-salud-mental\/"]}]},{"@type":"ImageObject","inLanguage":"es","@id":"https:\/\/cfpmaresme.org\/es\/del-patio-interior-al-espacio-publico-una-experiencia-de-inclusio-comunitaria-gracias-al-deporte-en-personas-con-una-problematica-de-salud-mental\/#primaryimage","url":"https:\/\/cfpmaresme.org\/wp-content\/uploads\/2020\/12\/Screenshot_20201223_100927.jpg","contentUrl":"https:\/\/cfpmaresme.org\/wp-content\/uploads\/2020\/12\/Screenshot_20201223_100927.jpg","width":1080,"height":645},{"@type":"BreadcrumbList","@id":"https:\/\/cfpmaresme.org\/es\/del-patio-interior-al-espacio-publico-una-experiencia-de-inclusio-comunitaria-gracias-al-deporte-en-personas-con-una-problematica-de-salud-mental\/#breadcrumb","itemListElement":[{"@type":"ListItem","position":1,"name":"Home","item":"https:\/\/cfpmaresme.org\/es\/"},{"@type":"ListItem","position":2,"name":"Del patio interior al espacio p\u00fablico: una experiencia de recuperaci\u00f3n e inclusi\u00f3n comunitaria gracias al deporte"}]},{"@type":"WebSite","@id":"https:\/\/cfpmaresme.org\/#website","url":"https:\/\/cfpmaresme.org\/","name":"CFP Maresme","description":"Centre Formaci\u00f3 Prevenci\u00f3","potentialAction":[{"@type":"SearchAction","target":{"@type":"EntryPoint","urlTemplate":"https:\/\/cfpmaresme.org\/?s={search_term_string}"},"query-input":{"@type":"PropertyValueSpecification","valueRequired":true,"valueName":"search_term_string"}}],"inLanguage":"es"},{"@type":"Person","@id":"https:\/\/cfpmaresme.org\/#\/schema\/person\/b2634bcd796fafc667ea4055f61b9b2c","name":"CFPMaresme"}]}},"_links":{"self":[{"href":"https:\/\/cfpmaresme.org\/es\/wp-json\/wp\/v2\/posts\/22785","targetHints":{"allow":["GET"]}}],"collection":[{"href":"https:\/\/cfpmaresme.org\/es\/wp-json\/wp\/v2\/posts"}],"about":[{"href":"https:\/\/cfpmaresme.org\/es\/wp-json\/wp\/v2\/types\/post"}],"author":[{"embeddable":true,"href":"https:\/\/cfpmaresme.org\/es\/wp-json\/wp\/v2\/users\/2"}],"replies":[{"embeddable":true,"href":"https:\/\/cfpmaresme.org\/es\/wp-json\/wp\/v2\/comments?post=22785"}],"version-history":[{"count":3,"href":"https:\/\/cfpmaresme.org\/es\/wp-json\/wp\/v2\/posts\/22785\/revisions"}],"predecessor-version":[{"id":22788,"href":"https:\/\/cfpmaresme.org\/es\/wp-json\/wp\/v2\/posts\/22785\/revisions\/22788"}],"wp:featuredmedia":[{"embeddable":true,"href":"https:\/\/cfpmaresme.org\/es\/wp-json\/wp\/v2\/media\/22759"}],"wp:attachment":[{"href":"https:\/\/cfpmaresme.org\/es\/wp-json\/wp\/v2\/media?parent=22785"}],"wp:term":[{"taxonomy":"category","embeddable":true,"href":"https:\/\/cfpmaresme.org\/es\/wp-json\/wp\/v2\/categories?post=22785"},{"taxonomy":"post_tag","embeddable":true,"href":"https:\/\/cfpmaresme.org\/es\/wp-json\/wp\/v2\/tags?post=22785"}],"curies":[{"name":"wp","href":"https:\/\/api.w.org\/{rel}","templated":true}]}}