{"id":22839,"date":"2018-07-17T16:29:26","date_gmt":"2018-07-17T14:29:26","guid":{"rendered":"https:\/\/www.cfpmaresme.org\/?p=22839"},"modified":"2021-03-01T17:02:52","modified_gmt":"2021-03-01T15:02:52","slug":"el-crae-mataro-guanya-el-concurs-de-fotografia-redpre","status":"publish","type":"post","link":"https:\/\/cfpmaresme.org\/es\/el-crae-mataro-guanya-el-concurs-de-fotografia-redpre\/","title":{"rendered":"El CRAE Mas Sant Jordi gana el concurso de fotograf\u00eda Redpre"},"content":{"rendered":"<p><strong>El Centro Residencial de Acci\u00f3n Educativa Mas Sant Jordi ha conseguido el primer premio en el certamen de fotograf\u00eda Redpre organizado por CEPS Proyectos Sociales en la categor\u00eda de educadores<\/strong><\/p>\n<p>&nbsp;<\/p>\n<p>El primer concurso de fotograf\u00eda on-line para educadores\/as y chicos\/as de los centros inscritos a Redpre (Red de Prevenci\u00f3n y Protecci\u00f3n) ha escogido la fotograf\u00eda hecha por un educador del CRAE como la mejor en su categor\u00eda. Esta instant\u00e1nea, llamada \u00abQueremos tocar el cielo\u00bb donde aparecen tres infantes que atiende el CRAE en la playa y con las manos pintadas con los colores del horizonte, ha sido valorada positivamente entre muchas otras propuestas.<\/p>\n<p>Este certamen, organizado por el Centro de Estudios sobre la Promoci\u00f3n de la Salud (CEPS) ofrec\u00eda diversos premios para los ganadores. En el caso de Sergi Conesa, autor de la foto, tendr\u00e1 a su disposici\u00f3n una inscripci\u00f3n como socio en la Agrupaci\u00f3n de Fotograf\u00eda de Catalu\u00f1a, que ha sido el jurdado de este concurso. Adem\u00e1s, tambi\u00e9n recibir\u00e1 una beca para participar en uno de los cursos que imparte esta entidad.<\/p>\n<p>&nbsp;<\/p>\n<p>El CRAE, per\u00a0 su lado, recibir\u00e1 una colecci\u00f3n de los boletines editados por la Agrupaci\u00f3n, llenos de contenido sobre el arte de la fotograf\u00eda y sus exponentes m\u00e1s emblem\u00e1ticos. De esta manera los chicos y chicas del CRAE podr\u00e1n hacer un vistazo y, a lo mejor, despertar su inter\u00e9s en esta tem\u00e1tica.<\/p>\n","protected":false},"excerpt":{"rendered":"<p>El Centro Residencial de Acci\u00f3n Educativa Mas Sant Jordi ha conseguido el primer premio en el certamen de fotograf\u00eda Redpre organizado por CEPS Proyectos Sociales en la categor\u00eda de educadores &nbsp; El primer concurso de fotograf\u00eda on-line para educadores\/as y chicos\/as de los centros inscritos&#8230;<\/p>\n","protected":false},"author":2,"featured_media":17203,"comment_status":"open","ping_status":"open","sticky":false,"template":"","format":"standard","meta":{"footnotes":""},"categories":[1144,1243],"tags":[827,865],"class_list":["post-22839","post","type-post","status-publish","format-standard","has-post-thumbnail","hentry","category-infancia-y-familia","category-crae","tag-catalunya-es","tag-mar-es"],"yoast_head":"<!-- This site is optimized with the Yoast SEO plugin v27.4 - https:\/\/yoast.com\/product\/yoast-seo-wordpress\/ -->\n<title>El CRAE Mas Sant Jordi gana el concurso de fotograf\u00eda Redpre | CFP Maresme<\/title>\n<meta name=\"robots\" content=\"index, follow, max-snippet:-1, max-image-preview:large, max-video-preview:-1\" \/>\n<link rel=\"canonical\" href=\"https:\/\/cfpmaresme.org\/es\/el-crae-mataro-guanya-el-concurs-de-fotografia-redpre\/\" \/>\n<meta property=\"og:locale\" content=\"es_ES\" \/>\n<meta property=\"og:type\" content=\"article\" \/>\n<meta property=\"og:title\" content=\"El CRAE Mas Sant Jordi gana el concurso de fotograf\u00eda Redpre | CFP Maresme\" \/>\n<meta property=\"og:description\" content=\"El Centro Residencial de Acci\u00f3n Educativa Mas Sant Jordi ha conseguido el primer premio en el certamen de fotograf\u00eda Redpre organizado por CEPS Proyectos Sociales en la categor\u00eda de educadores &nbsp; El primer concurso de fotograf\u00eda on-line para educadores\/as y chicos\/as de los centros inscritos...\" \/>\n<meta property=\"og:url\" content=\"https:\/\/cfpmaresme.org\/es\/el-crae-mataro-guanya-el-concurs-de-fotografia-redpre\/\" \/>\n<meta property=\"og:site_name\" content=\"CFP Maresme\" \/>\n<meta property=\"article:published_time\" content=\"2018-07-17T14:29:26+00:00\" \/>\n<meta property=\"article:modified_time\" content=\"2021-03-01T15:02:52+00:00\" \/>\n<meta property=\"og:image\" content=\"https:\/\/cfpmaresme.org\/wp-content\/uploads\/2019\/01\/2018-07-17.jpg\" \/>\n\t<meta property=\"og:image:width\" content=\"584\" \/>\n\t<meta property=\"og:image:height\" content=\"328\" \/>\n\t<meta property=\"og:image:type\" content=\"image\/jpeg\" \/>\n<meta name=\"author\" content=\"CFPMaresme\" \/>\n<meta name=\"twitter:card\" content=\"summary_large_image\" \/>\n<meta name=\"twitter:creator\" content=\"@cfpmaresme\" \/>\n<meta name=\"twitter:site\" content=\"@cfpmaresme\" \/>\n<meta name=\"twitter:label1\" content=\"Escrito por\" \/>\n\t<meta name=\"twitter:data1\" content=\"CFPMaresme\" \/>\n\t<meta name=\"twitter:label2\" content=\"Tiempo de lectura\" \/>\n\t<meta name=\"twitter:data2\" content=\"1 minuto\" \/>\n<script type=\"application\/ld+json\" class=\"yoast-schema-graph\">{\"@context\":\"https:\\\/\\\/schema.org\",\"@graph\":[{\"@type\":\"Article\",\"@id\":\"https:\\\/\\\/cfpmaresme.org\\\/es\\\/el-crae-mataro-guanya-el-concurs-de-fotografia-redpre\\\/#article\",\"isPartOf\":{\"@id\":\"https:\\\/\\\/cfpmaresme.org\\\/es\\\/el-crae-mataro-guanya-el-concurs-de-fotografia-redpre\\\/\"},\"author\":{\"name\":\"CFPMaresme\",\"@id\":\"https:\\\/\\\/cfpmaresme.org\\\/#\\\/schema\\\/person\\\/b2634bcd796fafc667ea4055f61b9b2c\"},\"headline\":\"El CRAE Mas Sant Jordi gana el concurso de fotograf\u00eda Redpre\",\"datePublished\":\"2018-07-17T14:29:26+00:00\",\"dateModified\":\"2021-03-01T15:02:52+00:00\",\"mainEntityOfPage\":{\"@id\":\"https:\\\/\\\/cfpmaresme.org\\\/es\\\/el-crae-mataro-guanya-el-concurs-de-fotografia-redpre\\\/\"},\"wordCount\":267,\"commentCount\":0,\"image\":{\"@id\":\"https:\\\/\\\/cfpmaresme.org\\\/es\\\/el-crae-mataro-guanya-el-concurs-de-fotografia-redpre\\\/#primaryimage\"},\"thumbnailUrl\":\"https:\\\/\\\/cfpmaresme.org\\\/wp-content\\\/uploads\\\/2019\\\/01\\\/2018-07-17.jpg\",\"keywords\":[\"catalunya\",\"mar\"],\"articleSection\":[\"\u00c1rea de infancia, adolescencia y fam\u00edlia\",\"CRAE\"],\"inLanguage\":\"es\"},{\"@type\":\"WebPage\",\"@id\":\"https:\\\/\\\/cfpmaresme.org\\\/es\\\/el-crae-mataro-guanya-el-concurs-de-fotografia-redpre\\\/\",\"url\":\"https:\\\/\\\/cfpmaresme.org\\\/es\\\/el-crae-mataro-guanya-el-concurs-de-fotografia-redpre\\\/\",\"name\":\"El CRAE Mas Sant Jordi gana el concurso de fotograf\u00eda Redpre | CFP Maresme\",\"isPartOf\":{\"@id\":\"https:\\\/\\\/cfpmaresme.org\\\/#website\"},\"primaryImageOfPage\":{\"@id\":\"https:\\\/\\\/cfpmaresme.org\\\/es\\\/el-crae-mataro-guanya-el-concurs-de-fotografia-redpre\\\/#primaryimage\"},\"image\":{\"@id\":\"https:\\\/\\\/cfpmaresme.org\\\/es\\\/el-crae-mataro-guanya-el-concurs-de-fotografia-redpre\\\/#primaryimage\"},\"thumbnailUrl\":\"https:\\\/\\\/cfpmaresme.org\\\/wp-content\\\/uploads\\\/2019\\\/01\\\/2018-07-17.jpg\",\"datePublished\":\"2018-07-17T14:29:26+00:00\",\"dateModified\":\"2021-03-01T15:02:52+00:00\",\"author\":{\"@id\":\"https:\\\/\\\/cfpmaresme.org\\\/#\\\/schema\\\/person\\\/b2634bcd796fafc667ea4055f61b9b2c\"},\"breadcrumb\":{\"@id\":\"https:\\\/\\\/cfpmaresme.org\\\/es\\\/el-crae-mataro-guanya-el-concurs-de-fotografia-redpre\\\/#breadcrumb\"},\"inLanguage\":\"es\",\"potentialAction\":[{\"@type\":\"ReadAction\",\"target\":[\"https:\\\/\\\/cfpmaresme.org\\\/es\\\/el-crae-mataro-guanya-el-concurs-de-fotografia-redpre\\\/\"]}]},{\"@type\":\"ImageObject\",\"inLanguage\":\"es\",\"@id\":\"https:\\\/\\\/cfpmaresme.org\\\/es\\\/el-crae-mataro-guanya-el-concurs-de-fotografia-redpre\\\/#primaryimage\",\"url\":\"https:\\\/\\\/cfpmaresme.org\\\/wp-content\\\/uploads\\\/2019\\\/01\\\/2018-07-17.jpg\",\"contentUrl\":\"https:\\\/\\\/cfpmaresme.org\\\/wp-content\\\/uploads\\\/2019\\\/01\\\/2018-07-17.jpg\",\"width\":584,\"height\":328},{\"@type\":\"BreadcrumbList\",\"@id\":\"https:\\\/\\\/cfpmaresme.org\\\/es\\\/el-crae-mataro-guanya-el-concurs-de-fotografia-redpre\\\/#breadcrumb\",\"itemListElement\":[{\"@type\":\"ListItem\",\"position\":1,\"name\":\"Home\",\"item\":\"https:\\\/\\\/cfpmaresme.org\\\/es\\\/\"},{\"@type\":\"ListItem\",\"position\":2,\"name\":\"El CRAE Mas Sant Jordi gana el concurso de fotograf\u00eda Redpre\"}]},{\"@type\":\"WebSite\",\"@id\":\"https:\\\/\\\/cfpmaresme.org\\\/#website\",\"url\":\"https:\\\/\\\/cfpmaresme.org\\\/\",\"name\":\"CFP Maresme\",\"description\":\"Centre Formaci\u00f3 Prevenci\u00f3\",\"potentialAction\":[{\"@type\":\"SearchAction\",\"target\":{\"@type\":\"EntryPoint\",\"urlTemplate\":\"https:\\\/\\\/cfpmaresme.org\\\/?s={search_term_string}\"},\"query-input\":{\"@type\":\"PropertyValueSpecification\",\"valueRequired\":true,\"valueName\":\"search_term_string\"}}],\"inLanguage\":\"es\"},{\"@type\":\"Person\",\"@id\":\"https:\\\/\\\/cfpmaresme.org\\\/#\\\/schema\\\/person\\\/b2634bcd796fafc667ea4055f61b9b2c\",\"name\":\"CFPMaresme\"}]}<\/script>\n<!-- \/ Yoast SEO plugin. -->","yoast_head_json":{"title":"El CRAE Mas Sant Jordi gana el concurso de fotograf\u00eda Redpre | CFP Maresme","robots":{"index":"index","follow":"follow","max-snippet":"max-snippet:-1","max-image-preview":"max-image-preview:large","max-video-preview":"max-video-preview:-1"},"canonical":"https:\/\/cfpmaresme.org\/es\/el-crae-mataro-guanya-el-concurs-de-fotografia-redpre\/","og_locale":"es_ES","og_type":"article","og_title":"El CRAE Mas Sant Jordi gana el concurso de fotograf\u00eda Redpre | CFP Maresme","og_description":"El Centro Residencial de Acci\u00f3n Educativa Mas Sant Jordi ha conseguido el primer premio en el certamen de fotograf\u00eda Redpre organizado por CEPS Proyectos Sociales en la categor\u00eda de educadores &nbsp; El primer concurso de fotograf\u00eda on-line para educadores\/as y chicos\/as de los centros inscritos...","og_url":"https:\/\/cfpmaresme.org\/es\/el-crae-mataro-guanya-el-concurs-de-fotografia-redpre\/","og_site_name":"CFP Maresme","article_published_time":"2018-07-17T14:29:26+00:00","article_modified_time":"2021-03-01T15:02:52+00:00","og_image":[{"width":584,"height":328,"url":"https:\/\/cfpmaresme.org\/wp-content\/uploads\/2019\/01\/2018-07-17.jpg","type":"image\/jpeg"}],"author":"CFPMaresme","twitter_card":"summary_large_image","twitter_creator":"@cfpmaresme","twitter_site":"@cfpmaresme","twitter_misc":{"Escrito por":"CFPMaresme","Tiempo de lectura":"1 minuto"},"schema":{"@context":"https:\/\/schema.org","@graph":[{"@type":"Article","@id":"https:\/\/cfpmaresme.org\/es\/el-crae-mataro-guanya-el-concurs-de-fotografia-redpre\/#article","isPartOf":{"@id":"https:\/\/cfpmaresme.org\/es\/el-crae-mataro-guanya-el-concurs-de-fotografia-redpre\/"},"author":{"name":"CFPMaresme","@id":"https:\/\/cfpmaresme.org\/#\/schema\/person\/b2634bcd796fafc667ea4055f61b9b2c"},"headline":"El CRAE Mas Sant Jordi gana el concurso de fotograf\u00eda Redpre","datePublished":"2018-07-17T14:29:26+00:00","dateModified":"2021-03-01T15:02:52+00:00","mainEntityOfPage":{"@id":"https:\/\/cfpmaresme.org\/es\/el-crae-mataro-guanya-el-concurs-de-fotografia-redpre\/"},"wordCount":267,"commentCount":0,"image":{"@id":"https:\/\/cfpmaresme.org\/es\/el-crae-mataro-guanya-el-concurs-de-fotografia-redpre\/#primaryimage"},"thumbnailUrl":"https:\/\/cfpmaresme.org\/wp-content\/uploads\/2019\/01\/2018-07-17.jpg","keywords":["catalunya","mar"],"articleSection":["\u00c1rea de infancia, adolescencia y fam\u00edlia","CRAE"],"inLanguage":"es"},{"@type":"WebPage","@id":"https:\/\/cfpmaresme.org\/es\/el-crae-mataro-guanya-el-concurs-de-fotografia-redpre\/","url":"https:\/\/cfpmaresme.org\/es\/el-crae-mataro-guanya-el-concurs-de-fotografia-redpre\/","name":"El CRAE Mas Sant Jordi gana el concurso de fotograf\u00eda Redpre | CFP Maresme","isPartOf":{"@id":"https:\/\/cfpmaresme.org\/#website"},"primaryImageOfPage":{"@id":"https:\/\/cfpmaresme.org\/es\/el-crae-mataro-guanya-el-concurs-de-fotografia-redpre\/#primaryimage"},"image":{"@id":"https:\/\/cfpmaresme.org\/es\/el-crae-mataro-guanya-el-concurs-de-fotografia-redpre\/#primaryimage"},"thumbnailUrl":"https:\/\/cfpmaresme.org\/wp-content\/uploads\/2019\/01\/2018-07-17.jpg","datePublished":"2018-07-17T14:29:26+00:00","dateModified":"2021-03-01T15:02:52+00:00","author":{"@id":"https:\/\/cfpmaresme.org\/#\/schema\/person\/b2634bcd796fafc667ea4055f61b9b2c"},"breadcrumb":{"@id":"https:\/\/cfpmaresme.org\/es\/el-crae-mataro-guanya-el-concurs-de-fotografia-redpre\/#breadcrumb"},"inLanguage":"es","potentialAction":[{"@type":"ReadAction","target":["https:\/\/cfpmaresme.org\/es\/el-crae-mataro-guanya-el-concurs-de-fotografia-redpre\/"]}]},{"@type":"ImageObject","inLanguage":"es","@id":"https:\/\/cfpmaresme.org\/es\/el-crae-mataro-guanya-el-concurs-de-fotografia-redpre\/#primaryimage","url":"https:\/\/cfpmaresme.org\/wp-content\/uploads\/2019\/01\/2018-07-17.jpg","contentUrl":"https:\/\/cfpmaresme.org\/wp-content\/uploads\/2019\/01\/2018-07-17.jpg","width":584,"height":328},{"@type":"BreadcrumbList","@id":"https:\/\/cfpmaresme.org\/es\/el-crae-mataro-guanya-el-concurs-de-fotografia-redpre\/#breadcrumb","itemListElement":[{"@type":"ListItem","position":1,"name":"Home","item":"https:\/\/cfpmaresme.org\/es\/"},{"@type":"ListItem","position":2,"name":"El CRAE Mas Sant Jordi gana el concurso de fotograf\u00eda Redpre"}]},{"@type":"WebSite","@id":"https:\/\/cfpmaresme.org\/#website","url":"https:\/\/cfpmaresme.org\/","name":"CFP Maresme","description":"Centre Formaci\u00f3 Prevenci\u00f3","potentialAction":[{"@type":"SearchAction","target":{"@type":"EntryPoint","urlTemplate":"https:\/\/cfpmaresme.org\/?s={search_term_string}"},"query-input":{"@type":"PropertyValueSpecification","valueRequired":true,"valueName":"search_term_string"}}],"inLanguage":"es"},{"@type":"Person","@id":"https:\/\/cfpmaresme.org\/#\/schema\/person\/b2634bcd796fafc667ea4055f61b9b2c","name":"CFPMaresme"}]}},"_links":{"self":[{"href":"https:\/\/cfpmaresme.org\/es\/wp-json\/wp\/v2\/posts\/22839","targetHints":{"allow":["GET"]}}],"collection":[{"href":"https:\/\/cfpmaresme.org\/es\/wp-json\/wp\/v2\/posts"}],"about":[{"href":"https:\/\/cfpmaresme.org\/es\/wp-json\/wp\/v2\/types\/post"}],"author":[{"embeddable":true,"href":"https:\/\/cfpmaresme.org\/es\/wp-json\/wp\/v2\/users\/2"}],"replies":[{"embeddable":true,"href":"https:\/\/cfpmaresme.org\/es\/wp-json\/wp\/v2\/comments?post=22839"}],"version-history":[{"count":4,"href":"https:\/\/cfpmaresme.org\/es\/wp-json\/wp\/v2\/posts\/22839\/revisions"}],"predecessor-version":[{"id":23495,"href":"https:\/\/cfpmaresme.org\/es\/wp-json\/wp\/v2\/posts\/22839\/revisions\/23495"}],"wp:featuredmedia":[{"embeddable":true,"href":"https:\/\/cfpmaresme.org\/es\/wp-json\/wp\/v2\/media\/17203"}],"wp:attachment":[{"href":"https:\/\/cfpmaresme.org\/es\/wp-json\/wp\/v2\/media?parent=22839"}],"wp:term":[{"taxonomy":"category","embeddable":true,"href":"https:\/\/cfpmaresme.org\/es\/wp-json\/wp\/v2\/categories?post=22839"},{"taxonomy":"post_tag","embeddable":true,"href":"https:\/\/cfpmaresme.org\/es\/wp-json\/wp\/v2\/tags?post=22839"}],"curies":[{"name":"wp","href":"https:\/\/api.w.org\/{rel}","templated":true}]}}