{"id":22842,"date":"2018-07-12T16:33:26","date_gmt":"2018-07-12T14:33:26","guid":{"rendered":"https:\/\/www.cfpmaresme.org\/?p=22842"},"modified":"2022-05-24T09:56:45","modified_gmt":"2022-05-24T07:56:45","slug":"entrevista-durant-la-meva-etapa-al-crae-em-vaig-adonar-que-em-volia-dedicar-a-ajudar-als-altres","status":"publish","type":"post","link":"https:\/\/cfpmaresme.org\/es\/entrevista-durant-la-meva-etapa-al-crae-em-vaig-adonar-que-em-volia-dedicar-a-ajudar-als-altres\/","title":{"rendered":"Entrevista: \u00abDurante mi etapa en el CRAE me di cuenta de que me quer\u00eda dedicar a ayudar a los otros\u00bb"},"content":{"rendered":"<p><strong>Entrevistamos a Laia, una chica de 21 a\u00f1os que est\u00e1 haciendo pr\u00e1cticas de Integraci\u00f3n Social en el Centro Residencial de Acci\u00f3n Educativa Mas Sant Jordi. Durante su etapa de adolescencia pas\u00f3 por este mismo centro del CFP y despu\u00e9s por los pisos para j\u00f3venes que gestiona la entidad. Ahora ella est\u00e1 en el otro lado del servicio ofreciendo soporte a los educadores que anteriormente hab\u00edan sido sus tutores. Nos explica c\u00f3mo fue su experiencia durante su paso por estos recursos y c\u00f3mo decidi\u00f3 su vocaci\u00f3n profesional.\u00a0<\/strong><\/p>\n<p>&nbsp;<\/p>\n<p><strong>\u00bfCu\u00e1ndo entraste en el Centro Residencial de Acci\u00f3n Educativa Mas Sant Jordi?\u00a0<\/strong><\/p>\n<p>Entr\u00e9 a los 11 a\u00f1os. Mis padres no se pod\u00edan hacer cargo de m\u00ed. Mi padre trabajaba mucho y nunca estaba en casa y mi madre ten\u00eda un problema. Los abuelos tampoco pod\u00edan estar por m\u00ed y los Servicios Sociales del Ayuntamiento decidieron que ten\u00eda que estar en el CRAE. Viv\u00ed aqu\u00ed durante 5 a\u00f1os, hasta que hice los 16.<\/p>\n<p>&nbsp;<\/p>\n<p><strong>\u00bfTe acuerdas de los primeros d\u00edas de tu estancia en el centro?\u00a0<\/strong><\/p>\n<p>S\u00ed. Al principio era un poco extra\u00f1o, porque no conoc\u00eda a nadie. Despu\u00e9s la situaci\u00f3n se fue normalizando. Cada vez me fui sintiendo m\u00e1s c\u00f3moda, aunque a veces la relaci\u00f3n con los otros chicos del centro era un poco dif\u00edcil. Yo era muy t\u00edmida y influenciable y esto no me favorec\u00eda. .Con los educadores en cambio, tuve muy buena relaci\u00f3n. Recuerdo especialmente a L\u00eddia Rubi\u00f3, que fue una de mis referentes.<\/p>\n<p>&nbsp;<\/p>\n<p><strong>\u00bf Por qu\u00e9 te fuiste del CRAE?\u00a0<\/strong><\/p>\n<p>Porque solamente pod\u00eda estar hasta los 16 a\u00f1os. Despu\u00e9s estuve en otro centro hasta ser mayor de edad. En aquel otro sitio no me sent\u00ed demasiado bien. Cuando hice 18 a\u00f1os pude ir a uno de los pisos para j\u00f3venes que gestiona el\u00a0 Centre de Formaci\u00f3 i Prevenci\u00f3.<\/p>\n<p>&nbsp;<\/p>\n<p><strong>\u00bf Y c\u00f3mo fue la experiencia de estar en el piso?\u00a0<\/strong><\/p>\n<p>Pues por un lado bien y por otro no tan bien (r\u00ede). Al principio estuve sola en un piso y ten\u00eda mis rutinas. Despu\u00e9s entr\u00f3 otra chica y fue un poco como volver al CRAE. La convivencia tiene estas cosas. No es lo mismo estar tu solo, que limpias a tu gusto, tienes tus cosas ordenadas tal y como quieres, etc. Al final estuve dos a\u00f1os hasta que alquil\u00e9 una habitaci\u00f3n por mi cuenta, que es donde estoy ahora.<\/p>\n<p>&nbsp;<\/p>\n<p><strong>Durante tu etapa en el CRAE y en el piso, ya ten\u00edas decidido tu futuro profesional, \u00bfVerdad?\u00a0\u00a0<\/strong><\/p>\n<p>M\u00e1s o menos. Al principio entr\u00e9 muy joven y no ten\u00eda muy claro a qu\u00e9 me quer\u00eda dedicar. Pero despu\u00e9s, durante mi etapa en el CRAE me di cuenta de que quer\u00eda dedicarme a ayudar a los otros. Entonces cuando termin\u00e9 la ESO, hice un Ciclo de Grado Medio de Dependencia y actualmente estoy haciendo pr\u00e1cticas aqu\u00ed para sacarme el Grado Superior de Integraci\u00f3n Social. Me falta un a\u00f1o para acabarlo y despu\u00e9s quiero ir a la universidad a hacer el Grado de Educadora Social.<\/p>\n<p>&nbsp;<\/p>\n<p><strong>\u00bfPor qu\u00e9 escogiste el CRAE para hacer pr\u00e1cticas?\u00a0<\/strong><\/p>\n<p>Lo ped\u00ed yo. En el instituto te propon\u00edan alternativas pero tu pod\u00edas escoger el centro que quisieras. Quer\u00eda venir aqu\u00ed porque yo hab\u00eda estado como alumna y porque tambi\u00e9n me interesaba trabajar en un centro de menores. Creo que ahora es el momento de devolver la atenci\u00f3n y la ayuda que me dieron a mi.<\/p>\n<p>&nbsp;<\/p>\n<p><strong>\u00daltimamente ha habido bastante controversia sobre la manera de actuar de algunos educadores en este tipo de centros. Me refiero al documental \u00abDesemparados\u00bb que emiti\u00f3 hace unas semanas TV3. \u00bfQu\u00e9 opinas?\u00a0<\/strong><\/p>\n<p>No he visto el documental pero entiendo que habla de maltratos. De todas maneras, en el CRAE yo no he vivido nunca ninguna situaci\u00f3n as\u00ed. Se tiene que entender que a veces la \u00fanica manera de frenar a un chico o chica muy nervioso es mediante la \u00abcontenci\u00f3n\u00bb, pero incluso esta medida aqu\u00ed no es demasiado dura ni frecuente.<\/p>\n<p>&nbsp;<\/p>\n<p><strong>\u00bfC\u00f3mo crees que es en realidad el trabajo de un educador o educadora social?\u00a0<\/strong><\/p>\n<p>Es un trabajo muy complicado aunque a veces desde fuera no lo parezca tanto. Se debe tener mucha responsabilidad, paciencia y empatia. Pero a la vez conlleva mucha satisfacci\u00f3n. Yo he visto el trabajo que hacen desde las dos perspectivas, la de alumna y la de educadora. Es por esto que conozco las dificultades que tiene.<\/p>\n<p>&nbsp;<\/p>\n<p><strong>\u00bfQu\u00e9 les dir\u00edas a los chicos y chicas que ahora mismo est\u00e1n en el CRAE o en cualquier otro servicio tutelado?<\/strong><\/p>\n<p>Les dir\u00eda que entiendo que muchas veces los educadores se hacen pesados y tambi\u00e9n entiendo que ellos pueden estar cansados o frustrados. Aun as\u00ed, mi consejo ser\u00eda que intenten comprender que los educadores no hacen las cosas para castigarlos sin\u00f3 porque es lo mejor para ellos y ellas.<\/p>\n<p>&nbsp;<\/p>\n<p><strong>\u00bfTu tambi\u00e9n pensabas as\u00ed antes?\u00a0<\/strong><\/p>\n<p>En parte s\u00ed.\u00a0 Yo era muy diferente antes. Pero gracias a mi experiencia me fui dando cuenta que nadie gestiona mi futuro para m\u00ed. Me pod\u00edan ayudar, pero era yo la que ten\u00eda que decidir mi vida. Cambi\u00e9 el chip y me convert\u00ed en una persona m\u00e1s responsable y segura de m\u00ed misma.<\/p>\n","protected":false},"excerpt":{"rendered":"<p>Entrevistamos a Laia, una chica de 21 a\u00f1os que est\u00e1 haciendo pr\u00e1cticas de Integraci\u00f3n Social en el Centro Residencial de Acci\u00f3n Educativa Mas Sant Jordi. Durante su etapa de adolescencia pas\u00f3 por este mismo centro del CFP y despu\u00e9s por los pisos para j\u00f3venes que&#8230;<\/p>\n","protected":false},"author":2,"featured_media":17193,"comment_status":"open","ping_status":"open","sticky":false,"template":"","format":"standard","meta":{"footnotes":""},"categories":[1258],"tags":[692,773,822],"class_list":["post-22842","post","type-post","status-publish","format-standard","has-post-thumbnail","hentry","category-entrevistas","tag-accio-es","tag-joves-es","tag-laia-es"],"yoast_head":"<!-- This site is optimized with the Yoast SEO plugin v27.4 - https:\/\/yoast.com\/product\/yoast-seo-wordpress\/ -->\n<title>Entrevista: &quot;Durante mi etapa en el CRAE me di cuenta de que me quer\u00eda dedicar a ayudar a los otros&quot; | CFP Maresme<\/title>\n<meta name=\"robots\" content=\"index, follow, max-snippet:-1, max-image-preview:large, max-video-preview:-1\" \/>\n<link rel=\"canonical\" href=\"https:\/\/cfpmaresme.org\/es\/entrevista-durant-la-meva-etapa-al-crae-em-vaig-adonar-que-em-volia-dedicar-a-ajudar-als-altres\/\" \/>\n<meta property=\"og:locale\" content=\"es_ES\" \/>\n<meta property=\"og:type\" content=\"article\" \/>\n<meta property=\"og:title\" content=\"Entrevista: &quot;Durante mi etapa en el CRAE me di cuenta de que me quer\u00eda dedicar a ayudar a los otros&quot; | CFP Maresme\" \/>\n<meta property=\"og:description\" content=\"Entrevistamos a Laia, una chica de 21 a\u00f1os que est\u00e1 haciendo pr\u00e1cticas de Integraci\u00f3n Social en el Centro Residencial de Acci\u00f3n Educativa Mas Sant Jordi. Durante su etapa de adolescencia pas\u00f3 por este mismo centro del CFP y despu\u00e9s por los pisos para j\u00f3venes que...\" \/>\n<meta property=\"og:url\" content=\"https:\/\/cfpmaresme.org\/es\/entrevista-durant-la-meva-etapa-al-crae-em-vaig-adonar-que-em-volia-dedicar-a-ajudar-als-altres\/\" \/>\n<meta property=\"og:site_name\" content=\"CFP Maresme\" \/>\n<meta property=\"article:published_time\" content=\"2018-07-12T14:33:26+00:00\" \/>\n<meta property=\"article:modified_time\" content=\"2022-05-24T07:56:45+00:00\" \/>\n<meta property=\"og:image\" content=\"https:\/\/cfpmaresme.org\/wp-content\/uploads\/2019\/01\/2018-07-12.jpg\" \/>\n\t<meta property=\"og:image:width\" content=\"584\" \/>\n\t<meta property=\"og:image:height\" content=\"375\" \/>\n\t<meta property=\"og:image:type\" content=\"image\/jpeg\" \/>\n<meta name=\"author\" content=\"CFPMaresme\" \/>\n<meta name=\"twitter:card\" content=\"summary_large_image\" \/>\n<meta name=\"twitter:creator\" content=\"@cfpmaresme\" \/>\n<meta name=\"twitter:site\" content=\"@cfpmaresme\" \/>\n<meta name=\"twitter:label1\" content=\"Escrito por\" \/>\n\t<meta name=\"twitter:data1\" content=\"CFPMaresme\" \/>\n\t<meta name=\"twitter:label2\" content=\"Tiempo de lectura\" \/>\n\t<meta name=\"twitter:data2\" content=\"5 minutos\" \/>\n<script type=\"application\/ld+json\" class=\"yoast-schema-graph\">{\"@context\":\"https:\\\/\\\/schema.org\",\"@graph\":[{\"@type\":\"Article\",\"@id\":\"https:\\\/\\\/cfpmaresme.org\\\/es\\\/entrevista-durant-la-meva-etapa-al-crae-em-vaig-adonar-que-em-volia-dedicar-a-ajudar-als-altres\\\/#article\",\"isPartOf\":{\"@id\":\"https:\\\/\\\/cfpmaresme.org\\\/es\\\/entrevista-durant-la-meva-etapa-al-crae-em-vaig-adonar-que-em-volia-dedicar-a-ajudar-als-altres\\\/\"},\"author\":{\"name\":\"CFPMaresme\",\"@id\":\"https:\\\/\\\/cfpmaresme.org\\\/#\\\/schema\\\/person\\\/b2634bcd796fafc667ea4055f61b9b2c\"},\"headline\":\"Entrevista: \u00abDurante mi etapa en el CRAE me di cuenta de que me quer\u00eda dedicar a ayudar a los otros\u00bb\",\"datePublished\":\"2018-07-12T14:33:26+00:00\",\"dateModified\":\"2022-05-24T07:56:45+00:00\",\"mainEntityOfPage\":{\"@id\":\"https:\\\/\\\/cfpmaresme.org\\\/es\\\/entrevista-durant-la-meva-etapa-al-crae-em-vaig-adonar-que-em-volia-dedicar-a-ajudar-als-altres\\\/\"},\"wordCount\":933,\"commentCount\":0,\"image\":{\"@id\":\"https:\\\/\\\/cfpmaresme.org\\\/es\\\/entrevista-durant-la-meva-etapa-al-crae-em-vaig-adonar-que-em-volia-dedicar-a-ajudar-als-altres\\\/#primaryimage\"},\"thumbnailUrl\":\"https:\\\/\\\/cfpmaresme.org\\\/wp-content\\\/uploads\\\/2019\\\/01\\\/2018-07-12.jpg\",\"keywords\":[\"acci\u00f3\",\"joves\",\"laia\"],\"articleSection\":[\"Entrevistas\"],\"inLanguage\":\"es\"},{\"@type\":\"WebPage\",\"@id\":\"https:\\\/\\\/cfpmaresme.org\\\/es\\\/entrevista-durant-la-meva-etapa-al-crae-em-vaig-adonar-que-em-volia-dedicar-a-ajudar-als-altres\\\/\",\"url\":\"https:\\\/\\\/cfpmaresme.org\\\/es\\\/entrevista-durant-la-meva-etapa-al-crae-em-vaig-adonar-que-em-volia-dedicar-a-ajudar-als-altres\\\/\",\"name\":\"Entrevista: \\\"Durante mi etapa en el CRAE me di cuenta de que me quer\u00eda dedicar a ayudar a los otros\\\" | CFP Maresme\",\"isPartOf\":{\"@id\":\"https:\\\/\\\/cfpmaresme.org\\\/#website\"},\"primaryImageOfPage\":{\"@id\":\"https:\\\/\\\/cfpmaresme.org\\\/es\\\/entrevista-durant-la-meva-etapa-al-crae-em-vaig-adonar-que-em-volia-dedicar-a-ajudar-als-altres\\\/#primaryimage\"},\"image\":{\"@id\":\"https:\\\/\\\/cfpmaresme.org\\\/es\\\/entrevista-durant-la-meva-etapa-al-crae-em-vaig-adonar-que-em-volia-dedicar-a-ajudar-als-altres\\\/#primaryimage\"},\"thumbnailUrl\":\"https:\\\/\\\/cfpmaresme.org\\\/wp-content\\\/uploads\\\/2019\\\/01\\\/2018-07-12.jpg\",\"datePublished\":\"2018-07-12T14:33:26+00:00\",\"dateModified\":\"2022-05-24T07:56:45+00:00\",\"author\":{\"@id\":\"https:\\\/\\\/cfpmaresme.org\\\/#\\\/schema\\\/person\\\/b2634bcd796fafc667ea4055f61b9b2c\"},\"breadcrumb\":{\"@id\":\"https:\\\/\\\/cfpmaresme.org\\\/es\\\/entrevista-durant-la-meva-etapa-al-crae-em-vaig-adonar-que-em-volia-dedicar-a-ajudar-als-altres\\\/#breadcrumb\"},\"inLanguage\":\"es\",\"potentialAction\":[{\"@type\":\"ReadAction\",\"target\":[\"https:\\\/\\\/cfpmaresme.org\\\/es\\\/entrevista-durant-la-meva-etapa-al-crae-em-vaig-adonar-que-em-volia-dedicar-a-ajudar-als-altres\\\/\"]}]},{\"@type\":\"ImageObject\",\"inLanguage\":\"es\",\"@id\":\"https:\\\/\\\/cfpmaresme.org\\\/es\\\/entrevista-durant-la-meva-etapa-al-crae-em-vaig-adonar-que-em-volia-dedicar-a-ajudar-als-altres\\\/#primaryimage\",\"url\":\"https:\\\/\\\/cfpmaresme.org\\\/wp-content\\\/uploads\\\/2019\\\/01\\\/2018-07-12.jpg\",\"contentUrl\":\"https:\\\/\\\/cfpmaresme.org\\\/wp-content\\\/uploads\\\/2019\\\/01\\\/2018-07-12.jpg\",\"width\":584,\"height\":375},{\"@type\":\"BreadcrumbList\",\"@id\":\"https:\\\/\\\/cfpmaresme.org\\\/es\\\/entrevista-durant-la-meva-etapa-al-crae-em-vaig-adonar-que-em-volia-dedicar-a-ajudar-als-altres\\\/#breadcrumb\",\"itemListElement\":[{\"@type\":\"ListItem\",\"position\":1,\"name\":\"Home\",\"item\":\"https:\\\/\\\/cfpmaresme.org\\\/es\\\/\"},{\"@type\":\"ListItem\",\"position\":2,\"name\":\"Entrevista: \u00abDurante mi etapa en el CRAE me di cuenta de que me quer\u00eda dedicar a ayudar a los otros\u00bb\"}]},{\"@type\":\"WebSite\",\"@id\":\"https:\\\/\\\/cfpmaresme.org\\\/#website\",\"url\":\"https:\\\/\\\/cfpmaresme.org\\\/\",\"name\":\"CFP Maresme\",\"description\":\"Centre Formaci\u00f3 Prevenci\u00f3\",\"potentialAction\":[{\"@type\":\"SearchAction\",\"target\":{\"@type\":\"EntryPoint\",\"urlTemplate\":\"https:\\\/\\\/cfpmaresme.org\\\/?s={search_term_string}\"},\"query-input\":{\"@type\":\"PropertyValueSpecification\",\"valueRequired\":true,\"valueName\":\"search_term_string\"}}],\"inLanguage\":\"es\"},{\"@type\":\"Person\",\"@id\":\"https:\\\/\\\/cfpmaresme.org\\\/#\\\/schema\\\/person\\\/b2634bcd796fafc667ea4055f61b9b2c\",\"name\":\"CFPMaresme\"}]}<\/script>\n<!-- \/ Yoast SEO plugin. -->","yoast_head_json":{"title":"Entrevista: \"Durante mi etapa en el CRAE me di cuenta de que me quer\u00eda dedicar a ayudar a los otros\" | CFP Maresme","robots":{"index":"index","follow":"follow","max-snippet":"max-snippet:-1","max-image-preview":"max-image-preview:large","max-video-preview":"max-video-preview:-1"},"canonical":"https:\/\/cfpmaresme.org\/es\/entrevista-durant-la-meva-etapa-al-crae-em-vaig-adonar-que-em-volia-dedicar-a-ajudar-als-altres\/","og_locale":"es_ES","og_type":"article","og_title":"Entrevista: \"Durante mi etapa en el CRAE me di cuenta de que me quer\u00eda dedicar a ayudar a los otros\" | CFP Maresme","og_description":"Entrevistamos a Laia, una chica de 21 a\u00f1os que est\u00e1 haciendo pr\u00e1cticas de Integraci\u00f3n Social en el Centro Residencial de Acci\u00f3n Educativa Mas Sant Jordi. Durante su etapa de adolescencia pas\u00f3 por este mismo centro del CFP y despu\u00e9s por los pisos para j\u00f3venes que...","og_url":"https:\/\/cfpmaresme.org\/es\/entrevista-durant-la-meva-etapa-al-crae-em-vaig-adonar-que-em-volia-dedicar-a-ajudar-als-altres\/","og_site_name":"CFP Maresme","article_published_time":"2018-07-12T14:33:26+00:00","article_modified_time":"2022-05-24T07:56:45+00:00","og_image":[{"width":584,"height":375,"url":"https:\/\/cfpmaresme.org\/wp-content\/uploads\/2019\/01\/2018-07-12.jpg","type":"image\/jpeg"}],"author":"CFPMaresme","twitter_card":"summary_large_image","twitter_creator":"@cfpmaresme","twitter_site":"@cfpmaresme","twitter_misc":{"Escrito por":"CFPMaresme","Tiempo de lectura":"5 minutos"},"schema":{"@context":"https:\/\/schema.org","@graph":[{"@type":"Article","@id":"https:\/\/cfpmaresme.org\/es\/entrevista-durant-la-meva-etapa-al-crae-em-vaig-adonar-que-em-volia-dedicar-a-ajudar-als-altres\/#article","isPartOf":{"@id":"https:\/\/cfpmaresme.org\/es\/entrevista-durant-la-meva-etapa-al-crae-em-vaig-adonar-que-em-volia-dedicar-a-ajudar-als-altres\/"},"author":{"name":"CFPMaresme","@id":"https:\/\/cfpmaresme.org\/#\/schema\/person\/b2634bcd796fafc667ea4055f61b9b2c"},"headline":"Entrevista: \u00abDurante mi etapa en el CRAE me di cuenta de que me quer\u00eda dedicar a ayudar a los otros\u00bb","datePublished":"2018-07-12T14:33:26+00:00","dateModified":"2022-05-24T07:56:45+00:00","mainEntityOfPage":{"@id":"https:\/\/cfpmaresme.org\/es\/entrevista-durant-la-meva-etapa-al-crae-em-vaig-adonar-que-em-volia-dedicar-a-ajudar-als-altres\/"},"wordCount":933,"commentCount":0,"image":{"@id":"https:\/\/cfpmaresme.org\/es\/entrevista-durant-la-meva-etapa-al-crae-em-vaig-adonar-que-em-volia-dedicar-a-ajudar-als-altres\/#primaryimage"},"thumbnailUrl":"https:\/\/cfpmaresme.org\/wp-content\/uploads\/2019\/01\/2018-07-12.jpg","keywords":["acci\u00f3","joves","laia"],"articleSection":["Entrevistas"],"inLanguage":"es"},{"@type":"WebPage","@id":"https:\/\/cfpmaresme.org\/es\/entrevista-durant-la-meva-etapa-al-crae-em-vaig-adonar-que-em-volia-dedicar-a-ajudar-als-altres\/","url":"https:\/\/cfpmaresme.org\/es\/entrevista-durant-la-meva-etapa-al-crae-em-vaig-adonar-que-em-volia-dedicar-a-ajudar-als-altres\/","name":"Entrevista: \"Durante mi etapa en el CRAE me di cuenta de que me quer\u00eda dedicar a ayudar a los otros\" | CFP Maresme","isPartOf":{"@id":"https:\/\/cfpmaresme.org\/#website"},"primaryImageOfPage":{"@id":"https:\/\/cfpmaresme.org\/es\/entrevista-durant-la-meva-etapa-al-crae-em-vaig-adonar-que-em-volia-dedicar-a-ajudar-als-altres\/#primaryimage"},"image":{"@id":"https:\/\/cfpmaresme.org\/es\/entrevista-durant-la-meva-etapa-al-crae-em-vaig-adonar-que-em-volia-dedicar-a-ajudar-als-altres\/#primaryimage"},"thumbnailUrl":"https:\/\/cfpmaresme.org\/wp-content\/uploads\/2019\/01\/2018-07-12.jpg","datePublished":"2018-07-12T14:33:26+00:00","dateModified":"2022-05-24T07:56:45+00:00","author":{"@id":"https:\/\/cfpmaresme.org\/#\/schema\/person\/b2634bcd796fafc667ea4055f61b9b2c"},"breadcrumb":{"@id":"https:\/\/cfpmaresme.org\/es\/entrevista-durant-la-meva-etapa-al-crae-em-vaig-adonar-que-em-volia-dedicar-a-ajudar-als-altres\/#breadcrumb"},"inLanguage":"es","potentialAction":[{"@type":"ReadAction","target":["https:\/\/cfpmaresme.org\/es\/entrevista-durant-la-meva-etapa-al-crae-em-vaig-adonar-que-em-volia-dedicar-a-ajudar-als-altres\/"]}]},{"@type":"ImageObject","inLanguage":"es","@id":"https:\/\/cfpmaresme.org\/es\/entrevista-durant-la-meva-etapa-al-crae-em-vaig-adonar-que-em-volia-dedicar-a-ajudar-als-altres\/#primaryimage","url":"https:\/\/cfpmaresme.org\/wp-content\/uploads\/2019\/01\/2018-07-12.jpg","contentUrl":"https:\/\/cfpmaresme.org\/wp-content\/uploads\/2019\/01\/2018-07-12.jpg","width":584,"height":375},{"@type":"BreadcrumbList","@id":"https:\/\/cfpmaresme.org\/es\/entrevista-durant-la-meva-etapa-al-crae-em-vaig-adonar-que-em-volia-dedicar-a-ajudar-als-altres\/#breadcrumb","itemListElement":[{"@type":"ListItem","position":1,"name":"Home","item":"https:\/\/cfpmaresme.org\/es\/"},{"@type":"ListItem","position":2,"name":"Entrevista: \u00abDurante mi etapa en el CRAE me di cuenta de que me quer\u00eda dedicar a ayudar a los otros\u00bb"}]},{"@type":"WebSite","@id":"https:\/\/cfpmaresme.org\/#website","url":"https:\/\/cfpmaresme.org\/","name":"CFP Maresme","description":"Centre Formaci\u00f3 Prevenci\u00f3","potentialAction":[{"@type":"SearchAction","target":{"@type":"EntryPoint","urlTemplate":"https:\/\/cfpmaresme.org\/?s={search_term_string}"},"query-input":{"@type":"PropertyValueSpecification","valueRequired":true,"valueName":"search_term_string"}}],"inLanguage":"es"},{"@type":"Person","@id":"https:\/\/cfpmaresme.org\/#\/schema\/person\/b2634bcd796fafc667ea4055f61b9b2c","name":"CFPMaresme"}]}},"_links":{"self":[{"href":"https:\/\/cfpmaresme.org\/es\/wp-json\/wp\/v2\/posts\/22842","targetHints":{"allow":["GET"]}}],"collection":[{"href":"https:\/\/cfpmaresme.org\/es\/wp-json\/wp\/v2\/posts"}],"about":[{"href":"https:\/\/cfpmaresme.org\/es\/wp-json\/wp\/v2\/types\/post"}],"author":[{"embeddable":true,"href":"https:\/\/cfpmaresme.org\/es\/wp-json\/wp\/v2\/users\/2"}],"replies":[{"embeddable":true,"href":"https:\/\/cfpmaresme.org\/es\/wp-json\/wp\/v2\/comments?post=22842"}],"version-history":[{"count":4,"href":"https:\/\/cfpmaresme.org\/es\/wp-json\/wp\/v2\/posts\/22842\/revisions"}],"predecessor-version":[{"id":23543,"href":"https:\/\/cfpmaresme.org\/es\/wp-json\/wp\/v2\/posts\/22842\/revisions\/23543"}],"wp:featuredmedia":[{"embeddable":true,"href":"https:\/\/cfpmaresme.org\/es\/wp-json\/wp\/v2\/media\/17193"}],"wp:attachment":[{"href":"https:\/\/cfpmaresme.org\/es\/wp-json\/wp\/v2\/media?parent=22842"}],"wp:term":[{"taxonomy":"category","embeddable":true,"href":"https:\/\/cfpmaresme.org\/es\/wp-json\/wp\/v2\/categories?post=22842"},{"taxonomy":"post_tag","embeddable":true,"href":"https:\/\/cfpmaresme.org\/es\/wp-json\/wp\/v2\/tags?post=22842"}],"curies":[{"name":"wp","href":"https:\/\/api.w.org\/{rel}","templated":true}]}}