{"id":22861,"date":"2021-01-05T11:00:59","date_gmt":"2021-01-05T09:00:59","guid":{"rendered":"https:\/\/www.cfpmaresme.org\/?p=22861"},"modified":"2022-05-24T10:07:05","modified_gmt":"2022-05-24T08:07:05","slug":"hablan-del-cfp-maresme-publicaciones-anuales-destacadas","status":"publish","type":"post","link":"https:\/\/cfpmaresme.org\/es\/hablan-del-cfp-maresme-publicaciones-anuales-destacadas\/","title":{"rendered":"Hablan del CFP Maresme: publicaciones anuales destacadas"},"content":{"rendered":"<p>Este a\u00f1o varias entidades y federaciones del sector social y de salud y medios de comunicaci\u00f3n se han hecho eco de la actividad que desarrollamos desde la entidad.<\/p>\n<p>Os presentamos lo m\u00e1s destacado:<\/p>\n<p><strong>\u00a0<\/strong><\/p>\n<h3>Enero:<\/h3>\n<p>La revista de <strong>Fundaci\u00f3 Joia<\/strong> muestra la tarea que se realiza desde los <a href=\"https:\/\/joiamagazine.org\/cat\/reportatges\/2618-prelaborals\" target=\"_blank\" rel=\"noopener noreferrer\">servicios Prelaborales incluyendo la experiencia del CFP Maresme.<\/a><\/p>\n<p><strong>ECAS<\/strong> nos ayuda a dar a conocer el proyecto de creaci\u00f3n de una obra conjunta entre una persona usuaria de recursos de salud mental y una externa a estos, <a href=\"https:\/\/acciosocial.org\/parelles-artistiques-mataro-experiencies-creatives-per-la-salut-mental-oberta-inscripcio\/\" target=\"_blank\" rel=\"noopener noreferrer\">Parejas Art\u00edsticas.\u00a0<\/a><\/p>\n<p>Llibert Clup\u00e9s, responsable de los servicios comerciales del CFP Maresme, participa como <a href=\"https:\/\/www.mataro.cat\/ca\/actualitat\/noticies\/el-projecte-europeu-social-neet-vol-combatre-la-desocupacio-juvenil-a-traves-de-l2019economia-social-i-solidaria?utm_source=BenchmarkEmail&amp;utm_campaign=Butllet%c3%ad+informatiu+-+%5bRSS%3aDate%5d&amp;utm_medium=email\" target=\"_blank\" rel=\"noopener noreferrer\">ponente en el acto inaugural del proyecto Social Neet<\/a> hablando sobre la experiencia de la entidad.<\/p>\n<p>&nbsp;<\/p>\n<h3>Febrero:<\/h3>\n<p><strong>Cetapunts<\/strong> se hace eco de las empresas premiadas <a href=\"http:\/\/cetapunts.org\/cat\/noticies\/793-premiats-win-win.html\" target=\"_blank\" rel=\"noopener noreferrer\">en los V Reconocimientos Win-Win durante la Jornada Implementar la RSE<\/a>, entre ellas, el CFP Maresme.<\/p>\n<p>&nbsp;<\/p>\n<h3>Abril:<\/h3>\n<p><strong>F\u00f2rum Salut Mental<\/strong> comparte la <a href=\"https:\/\/www.forumsalutmental.org\/ca\/noticies\/1543-el-repte-d-atendre-a-pacients-durant-el-confinament?fbclid=IwAR2FtkoHxRyibqgrcHCBKVzmIlNTfHnfeO1sPVwfC-BM-Pzx4F3EslWyMPM\" target=\"_blank\" rel=\"noopener noreferrer\">experiencia de los SRC\u00a0 de la entidad durante el confinamiento<\/a>.<\/p>\n<p><strong>\u00a0<\/strong><\/p>\n<h3>Mayo:<\/h3>\n<p>Un joven acompa\u00f1ado por el servicio de Intermediaci\u00f3n Laboral explica <a href=\"https:\/\/twitter.com\/projectelliures\/status\/1267138142982877185\" target=\"_blank\" rel=\"noopener noreferrer\">su testimonio<\/a> en el <strong>Proyecto Lliures de Pobresa<\/strong>.<\/p>\n<p>&nbsp;<\/p>\n<h3>Junio:<\/h3>\n<p>Matar\u00f3 Audiovisual <a href=\"http:\/\/mataroaudiovisual.alacarta.cat\/mirador-entrevistes-tv\/capitol\/jaume-clupes\" target=\"_blank\" rel=\"noopener noreferrer\">entrevista a Jaume Clup\u00e9s,<\/a> Director del CFP Maresme en el programa <strong>\u2018El Mirador\u2019.<\/strong><\/p>\n<p>&nbsp;<\/p>\n<h3>Julio:<\/h3>\n<p>La <strong>revista Joia<\/strong> muestra la <a href=\"https:\/\/joiamagazine.org\/revista\/estiu2020\/\" target=\"_blank\" rel=\"noopener noreferrer\">experiencia de diversos CETS, entre ellos, La Klosca<\/a>, durante el confinamiento.<\/p>\n<h3><\/h3>\n<h3>Octubre:<\/h3>\n<p><strong>Vilassar r\u00e0dio<\/strong> <a href=\"http:\/\/vilassarradio.cat\/cronica-08-10-2020\/\" target=\"_blank\" rel=\"noopener noreferrer\">entrevista a Blanca Gimeno<\/a>, responsable de Alterarte, para conocer la campa\u00f1a \u00bb La Salud Mental es cosa de todos y todas\u00bb.<\/p>\n<p><strong>El Capgr\u00f2s<\/strong> se hace eco del <a href=\"https:\/\/www.capgros.com\/actualitat\/mataro\/bicicleta-com-eina-insercio-social-laboral-maresme_800998_102.html\" target=\"_blank\" rel=\"noopener noreferrer\">proyecto Pedalem,<\/a> que cuenta con la colaboraci\u00f3n de la entidad.<\/p>\n<p>El estudio\u00a0 <a href=\"https:\/\/psiaracopc.cat\/2020\/10\/23\/afrontando-el-confinamiento-impacto-psicologico-y-estrategias-de-afrontamiento-en-personas-que-sufren-una-problematica-derivada-de-una-enfermedad-mental\/\" target=\"_blank\" rel=\"noopener noreferrer\">\u2018Afrontando el confinamiento\u2019<\/a> de Blanca Gimeno y Luc\u00eda Pose, psic\u00f3logas SRC Maresme, se publica en el Psiara, la <strong>revista del Col\u00b7legi Oficial de Psicologia de Catalunya.<\/strong><\/p>\n<p>&nbsp;<\/p>\n<p>Gracias a todos\/as por ayudarnos a dar a conocer nuestra tarea de atenci\u00f3n a personas con una problem\u00e1tica de salud mental, infantes, adolescentes y sus familias.<\/p>\n<p>&nbsp;<\/p>\n","protected":false},"excerpt":{"rendered":"<p>Este a\u00f1o varias entidades y federaciones del sector social y de salud y medios de comunicaci\u00f3n se han hecho eco de la actividad que desarrollamos desde la entidad. Os presentamos lo m\u00e1s destacado: \u00a0 Enero: La revista de Fundaci\u00f3 Joia muestra la tarea que se&#8230;<\/p>\n","protected":false},"author":2,"featured_media":22846,"comment_status":"open","ping_status":"open","sticky":false,"template":"","format":"standard","meta":{"footnotes":""},"categories":[1257],"tags":[],"class_list":["post-22861","post","type-post","status-publish","format-standard","has-post-thumbnail","hentry","category-cfp-en-los-medios"],"yoast_head":"<!-- This site is optimized with the Yoast SEO plugin v27.4 - https:\/\/yoast.com\/product\/yoast-seo-wordpress\/ -->\n<title>Hablan del CFP Maresme: publicaciones anuales destacadas | CFP Maresme<\/title>\n<meta name=\"robots\" content=\"index, follow, max-snippet:-1, max-image-preview:large, max-video-preview:-1\" \/>\n<link rel=\"canonical\" href=\"https:\/\/cfpmaresme.org\/es\/hablan-del-cfp-maresme-publicaciones-anuales-destacadas\/\" \/>\n<meta property=\"og:locale\" content=\"es_ES\" \/>\n<meta property=\"og:type\" content=\"article\" \/>\n<meta property=\"og:title\" content=\"Hablan del CFP Maresme: publicaciones anuales destacadas | CFP Maresme\" \/>\n<meta property=\"og:description\" content=\"Este a\u00f1o varias entidades y federaciones del sector social y de salud y medios de comunicaci\u00f3n se han hecho eco de la actividad que desarrollamos desde la entidad. Os presentamos lo m\u00e1s destacado: \u00a0 Enero: La revista de Fundaci\u00f3 Joia muestra la tarea que se...\" \/>\n<meta property=\"og:url\" content=\"https:\/\/cfpmaresme.org\/es\/hablan-del-cfp-maresme-publicaciones-anuales-destacadas\/\" \/>\n<meta property=\"og:site_name\" content=\"CFP Maresme\" \/>\n<meta property=\"article:published_time\" content=\"2021-01-05T09:00:59+00:00\" \/>\n<meta property=\"article:modified_time\" content=\"2022-05-24T08:07:05+00:00\" \/>\n<meta property=\"og:image\" content=\"https:\/\/cfpmaresme.org\/wp-content\/uploads\/2021\/01\/cfp-als-mitjans-foto.jpg\" \/>\n\t<meta property=\"og:image:width\" content=\"633\" \/>\n\t<meta property=\"og:image:height\" content=\"350\" \/>\n\t<meta property=\"og:image:type\" content=\"image\/jpeg\" \/>\n<meta name=\"author\" content=\"CFPMaresme\" \/>\n<meta name=\"twitter:card\" content=\"summary_large_image\" \/>\n<meta name=\"twitter:creator\" content=\"@cfpmaresme\" \/>\n<meta name=\"twitter:site\" content=\"@cfpmaresme\" \/>\n<meta name=\"twitter:label1\" content=\"Escrito por\" \/>\n\t<meta name=\"twitter:data1\" content=\"CFPMaresme\" \/>\n\t<meta name=\"twitter:label2\" content=\"Tiempo de lectura\" \/>\n\t<meta name=\"twitter:data2\" content=\"2 minutos\" \/>\n<script type=\"application\/ld+json\" class=\"yoast-schema-graph\">{\"@context\":\"https:\\\/\\\/schema.org\",\"@graph\":[{\"@type\":\"Article\",\"@id\":\"https:\\\/\\\/cfpmaresme.org\\\/es\\\/hablan-del-cfp-maresme-publicaciones-anuales-destacadas\\\/#article\",\"isPartOf\":{\"@id\":\"https:\\\/\\\/cfpmaresme.org\\\/es\\\/hablan-del-cfp-maresme-publicaciones-anuales-destacadas\\\/\"},\"author\":{\"name\":\"CFPMaresme\",\"@id\":\"https:\\\/\\\/cfpmaresme.org\\\/#\\\/schema\\\/person\\\/b2634bcd796fafc667ea4055f61b9b2c\"},\"headline\":\"Hablan del CFP Maresme: publicaciones anuales destacadas\",\"datePublished\":\"2021-01-05T09:00:59+00:00\",\"dateModified\":\"2022-05-24T08:07:05+00:00\",\"mainEntityOfPage\":{\"@id\":\"https:\\\/\\\/cfpmaresme.org\\\/es\\\/hablan-del-cfp-maresme-publicaciones-anuales-destacadas\\\/\"},\"wordCount\":333,\"commentCount\":0,\"image\":{\"@id\":\"https:\\\/\\\/cfpmaresme.org\\\/es\\\/hablan-del-cfp-maresme-publicaciones-anuales-destacadas\\\/#primaryimage\"},\"thumbnailUrl\":\"https:\\\/\\\/cfpmaresme.org\\\/wp-content\\\/uploads\\\/2021\\\/01\\\/cfp-als-mitjans-foto.jpg\",\"articleSection\":[\"CFP en los medios\"],\"inLanguage\":\"es\"},{\"@type\":\"WebPage\",\"@id\":\"https:\\\/\\\/cfpmaresme.org\\\/es\\\/hablan-del-cfp-maresme-publicaciones-anuales-destacadas\\\/\",\"url\":\"https:\\\/\\\/cfpmaresme.org\\\/es\\\/hablan-del-cfp-maresme-publicaciones-anuales-destacadas\\\/\",\"name\":\"Hablan del CFP Maresme: publicaciones anuales destacadas | CFP Maresme\",\"isPartOf\":{\"@id\":\"https:\\\/\\\/cfpmaresme.org\\\/#website\"},\"primaryImageOfPage\":{\"@id\":\"https:\\\/\\\/cfpmaresme.org\\\/es\\\/hablan-del-cfp-maresme-publicaciones-anuales-destacadas\\\/#primaryimage\"},\"image\":{\"@id\":\"https:\\\/\\\/cfpmaresme.org\\\/es\\\/hablan-del-cfp-maresme-publicaciones-anuales-destacadas\\\/#primaryimage\"},\"thumbnailUrl\":\"https:\\\/\\\/cfpmaresme.org\\\/wp-content\\\/uploads\\\/2021\\\/01\\\/cfp-als-mitjans-foto.jpg\",\"datePublished\":\"2021-01-05T09:00:59+00:00\",\"dateModified\":\"2022-05-24T08:07:05+00:00\",\"author\":{\"@id\":\"https:\\\/\\\/cfpmaresme.org\\\/#\\\/schema\\\/person\\\/b2634bcd796fafc667ea4055f61b9b2c\"},\"breadcrumb\":{\"@id\":\"https:\\\/\\\/cfpmaresme.org\\\/es\\\/hablan-del-cfp-maresme-publicaciones-anuales-destacadas\\\/#breadcrumb\"},\"inLanguage\":\"es\",\"potentialAction\":[{\"@type\":\"ReadAction\",\"target\":[\"https:\\\/\\\/cfpmaresme.org\\\/es\\\/hablan-del-cfp-maresme-publicaciones-anuales-destacadas\\\/\"]}]},{\"@type\":\"ImageObject\",\"inLanguage\":\"es\",\"@id\":\"https:\\\/\\\/cfpmaresme.org\\\/es\\\/hablan-del-cfp-maresme-publicaciones-anuales-destacadas\\\/#primaryimage\",\"url\":\"https:\\\/\\\/cfpmaresme.org\\\/wp-content\\\/uploads\\\/2021\\\/01\\\/cfp-als-mitjans-foto.jpg\",\"contentUrl\":\"https:\\\/\\\/cfpmaresme.org\\\/wp-content\\\/uploads\\\/2021\\\/01\\\/cfp-als-mitjans-foto.jpg\",\"width\":633,\"height\":350},{\"@type\":\"BreadcrumbList\",\"@id\":\"https:\\\/\\\/cfpmaresme.org\\\/es\\\/hablan-del-cfp-maresme-publicaciones-anuales-destacadas\\\/#breadcrumb\",\"itemListElement\":[{\"@type\":\"ListItem\",\"position\":1,\"name\":\"Home\",\"item\":\"https:\\\/\\\/cfpmaresme.org\\\/es\\\/\"},{\"@type\":\"ListItem\",\"position\":2,\"name\":\"Hablan del CFP Maresme: publicaciones anuales destacadas\"}]},{\"@type\":\"WebSite\",\"@id\":\"https:\\\/\\\/cfpmaresme.org\\\/#website\",\"url\":\"https:\\\/\\\/cfpmaresme.org\\\/\",\"name\":\"CFP Maresme\",\"description\":\"Centre Formaci\u00f3 Prevenci\u00f3\",\"potentialAction\":[{\"@type\":\"SearchAction\",\"target\":{\"@type\":\"EntryPoint\",\"urlTemplate\":\"https:\\\/\\\/cfpmaresme.org\\\/?s={search_term_string}\"},\"query-input\":{\"@type\":\"PropertyValueSpecification\",\"valueRequired\":true,\"valueName\":\"search_term_string\"}}],\"inLanguage\":\"es\"},{\"@type\":\"Person\",\"@id\":\"https:\\\/\\\/cfpmaresme.org\\\/#\\\/schema\\\/person\\\/b2634bcd796fafc667ea4055f61b9b2c\",\"name\":\"CFPMaresme\"}]}<\/script>\n<!-- \/ Yoast SEO plugin. -->","yoast_head_json":{"title":"Hablan del CFP Maresme: publicaciones anuales destacadas | CFP Maresme","robots":{"index":"index","follow":"follow","max-snippet":"max-snippet:-1","max-image-preview":"max-image-preview:large","max-video-preview":"max-video-preview:-1"},"canonical":"https:\/\/cfpmaresme.org\/es\/hablan-del-cfp-maresme-publicaciones-anuales-destacadas\/","og_locale":"es_ES","og_type":"article","og_title":"Hablan del CFP Maresme: publicaciones anuales destacadas | CFP Maresme","og_description":"Este a\u00f1o varias entidades y federaciones del sector social y de salud y medios de comunicaci\u00f3n se han hecho eco de la actividad que desarrollamos desde la entidad. Os presentamos lo m\u00e1s destacado: \u00a0 Enero: La revista de Fundaci\u00f3 Joia muestra la tarea que se...","og_url":"https:\/\/cfpmaresme.org\/es\/hablan-del-cfp-maresme-publicaciones-anuales-destacadas\/","og_site_name":"CFP Maresme","article_published_time":"2021-01-05T09:00:59+00:00","article_modified_time":"2022-05-24T08:07:05+00:00","og_image":[{"width":633,"height":350,"url":"https:\/\/cfpmaresme.org\/wp-content\/uploads\/2021\/01\/cfp-als-mitjans-foto.jpg","type":"image\/jpeg"}],"author":"CFPMaresme","twitter_card":"summary_large_image","twitter_creator":"@cfpmaresme","twitter_site":"@cfpmaresme","twitter_misc":{"Escrito por":"CFPMaresme","Tiempo de lectura":"2 minutos"},"schema":{"@context":"https:\/\/schema.org","@graph":[{"@type":"Article","@id":"https:\/\/cfpmaresme.org\/es\/hablan-del-cfp-maresme-publicaciones-anuales-destacadas\/#article","isPartOf":{"@id":"https:\/\/cfpmaresme.org\/es\/hablan-del-cfp-maresme-publicaciones-anuales-destacadas\/"},"author":{"name":"CFPMaresme","@id":"https:\/\/cfpmaresme.org\/#\/schema\/person\/b2634bcd796fafc667ea4055f61b9b2c"},"headline":"Hablan del CFP Maresme: publicaciones anuales destacadas","datePublished":"2021-01-05T09:00:59+00:00","dateModified":"2022-05-24T08:07:05+00:00","mainEntityOfPage":{"@id":"https:\/\/cfpmaresme.org\/es\/hablan-del-cfp-maresme-publicaciones-anuales-destacadas\/"},"wordCount":333,"commentCount":0,"image":{"@id":"https:\/\/cfpmaresme.org\/es\/hablan-del-cfp-maresme-publicaciones-anuales-destacadas\/#primaryimage"},"thumbnailUrl":"https:\/\/cfpmaresme.org\/wp-content\/uploads\/2021\/01\/cfp-als-mitjans-foto.jpg","articleSection":["CFP en los medios"],"inLanguage":"es"},{"@type":"WebPage","@id":"https:\/\/cfpmaresme.org\/es\/hablan-del-cfp-maresme-publicaciones-anuales-destacadas\/","url":"https:\/\/cfpmaresme.org\/es\/hablan-del-cfp-maresme-publicaciones-anuales-destacadas\/","name":"Hablan del CFP Maresme: publicaciones anuales destacadas | CFP Maresme","isPartOf":{"@id":"https:\/\/cfpmaresme.org\/#website"},"primaryImageOfPage":{"@id":"https:\/\/cfpmaresme.org\/es\/hablan-del-cfp-maresme-publicaciones-anuales-destacadas\/#primaryimage"},"image":{"@id":"https:\/\/cfpmaresme.org\/es\/hablan-del-cfp-maresme-publicaciones-anuales-destacadas\/#primaryimage"},"thumbnailUrl":"https:\/\/cfpmaresme.org\/wp-content\/uploads\/2021\/01\/cfp-als-mitjans-foto.jpg","datePublished":"2021-01-05T09:00:59+00:00","dateModified":"2022-05-24T08:07:05+00:00","author":{"@id":"https:\/\/cfpmaresme.org\/#\/schema\/person\/b2634bcd796fafc667ea4055f61b9b2c"},"breadcrumb":{"@id":"https:\/\/cfpmaresme.org\/es\/hablan-del-cfp-maresme-publicaciones-anuales-destacadas\/#breadcrumb"},"inLanguage":"es","potentialAction":[{"@type":"ReadAction","target":["https:\/\/cfpmaresme.org\/es\/hablan-del-cfp-maresme-publicaciones-anuales-destacadas\/"]}]},{"@type":"ImageObject","inLanguage":"es","@id":"https:\/\/cfpmaresme.org\/es\/hablan-del-cfp-maresme-publicaciones-anuales-destacadas\/#primaryimage","url":"https:\/\/cfpmaresme.org\/wp-content\/uploads\/2021\/01\/cfp-als-mitjans-foto.jpg","contentUrl":"https:\/\/cfpmaresme.org\/wp-content\/uploads\/2021\/01\/cfp-als-mitjans-foto.jpg","width":633,"height":350},{"@type":"BreadcrumbList","@id":"https:\/\/cfpmaresme.org\/es\/hablan-del-cfp-maresme-publicaciones-anuales-destacadas\/#breadcrumb","itemListElement":[{"@type":"ListItem","position":1,"name":"Home","item":"https:\/\/cfpmaresme.org\/es\/"},{"@type":"ListItem","position":2,"name":"Hablan del CFP Maresme: publicaciones anuales destacadas"}]},{"@type":"WebSite","@id":"https:\/\/cfpmaresme.org\/#website","url":"https:\/\/cfpmaresme.org\/","name":"CFP Maresme","description":"Centre Formaci\u00f3 Prevenci\u00f3","potentialAction":[{"@type":"SearchAction","target":{"@type":"EntryPoint","urlTemplate":"https:\/\/cfpmaresme.org\/?s={search_term_string}"},"query-input":{"@type":"PropertyValueSpecification","valueRequired":true,"valueName":"search_term_string"}}],"inLanguage":"es"},{"@type":"Person","@id":"https:\/\/cfpmaresme.org\/#\/schema\/person\/b2634bcd796fafc667ea4055f61b9b2c","name":"CFPMaresme"}]}},"_links":{"self":[{"href":"https:\/\/cfpmaresme.org\/es\/wp-json\/wp\/v2\/posts\/22861","targetHints":{"allow":["GET"]}}],"collection":[{"href":"https:\/\/cfpmaresme.org\/es\/wp-json\/wp\/v2\/posts"}],"about":[{"href":"https:\/\/cfpmaresme.org\/es\/wp-json\/wp\/v2\/types\/post"}],"author":[{"embeddable":true,"href":"https:\/\/cfpmaresme.org\/es\/wp-json\/wp\/v2\/users\/2"}],"replies":[{"embeddable":true,"href":"https:\/\/cfpmaresme.org\/es\/wp-json\/wp\/v2\/comments?post=22861"}],"version-history":[{"count":1,"href":"https:\/\/cfpmaresme.org\/es\/wp-json\/wp\/v2\/posts\/22861\/revisions"}],"predecessor-version":[{"id":22862,"href":"https:\/\/cfpmaresme.org\/es\/wp-json\/wp\/v2\/posts\/22861\/revisions\/22862"}],"wp:featuredmedia":[{"embeddable":true,"href":"https:\/\/cfpmaresme.org\/es\/wp-json\/wp\/v2\/media\/22846"}],"wp:attachment":[{"href":"https:\/\/cfpmaresme.org\/es\/wp-json\/wp\/v2\/media?parent=22861"}],"wp:term":[{"taxonomy":"category","embeddable":true,"href":"https:\/\/cfpmaresme.org\/es\/wp-json\/wp\/v2\/categories?post=22861"},{"taxonomy":"post_tag","embeddable":true,"href":"https:\/\/cfpmaresme.org\/es\/wp-json\/wp\/v2\/tags?post=22861"}],"curies":[{"name":"wp","href":"https:\/\/api.w.org\/{rel}","templated":true}]}}