{"id":23067,"date":"2021-01-29T12:47:01","date_gmt":"2021-01-29T10:47:01","guid":{"rendered":"https:\/\/www.cfpmaresme.org\/?p=23067"},"modified":"2021-05-12T15:20:15","modified_gmt":"2021-05-12T13:20:15","slug":"inauguramos-un-nuevo-recurso-el-4o-piso-del-cfp-para-jovenes-de-16-a-20-anos","status":"publish","type":"post","link":"https:\/\/cfpmaresme.org\/es\/inauguramos-un-nuevo-recurso-el-4o-piso-del-cfp-para-jovenes-de-16-a-20-anos\/","title":{"rendered":"Inauguramos un nuevo recurso: el 4\u00ba piso del CFP para j\u00f3venes de 16 a 20 a\u00f1os"},"content":{"rendered":"<p>Recientemente el CFP ha estrenado un nuevo piso donde convivir\u00e1n hasta cuatro j\u00f3venes de 16 a 20 a\u00f1os. Esta ser\u00e1 la cuarta vivienda que gestionamos para atender a este colectivo. Una muy buena noticia en los tiempos que corren.\u00a0 <img loading=\"lazy\" decoding=\"async\" class=\"alignright wp-image-23060 size-medium\" src=\"https:\/\/www.cfpmaresme.org\/wp-content\/uploads\/2021\/01\/IMG_20210129_104244-300x225.jpg\" alt=\"\" width=\"300\" height=\"225\" srcset=\"https:\/\/cfpmaresme.org\/wp-content\/uploads\/2021\/01\/IMG_20210129_104244-300x225.jpg 300w, https:\/\/cfpmaresme.org\/wp-content\/uploads\/2021\/01\/IMG_20210129_104244-768x576.jpg 768w, https:\/\/cfpmaresme.org\/wp-content\/uploads\/2021\/01\/IMG_20210129_104244-800x600.jpg 800w, https:\/\/cfpmaresme.org\/wp-content\/uploads\/2021\/01\/IMG_20210129_104244-700x525.jpg 700w, https:\/\/cfpmaresme.org\/wp-content\/uploads\/2021\/01\/IMG_20210129_104244.jpg 1024w\" sizes=\"auto, (max-width: 300px) 100vw, 300px\" \/><\/p>\n<p>Este nuevo piso es mixto y forma parte del <strong>Programa de Inserci\u00f3n Laboral (PIL)<\/strong>. El objetivo que hay detr\u00e1s de este recurso es <strong>ayudar <\/strong>a las personas que conviven en \u00e9l en su proceso de <strong>formaci\u00f3n e inserci\u00f3n\u00a0 laboral<\/strong>, dot\u00e1ndolas de recursos para adquirir habilidades y competencias que les permitan conseguir un autonom\u00eda e independencia para desarrollarse en todas las facetas de su vida sin necesidad de un acompa\u00f1amiento.<\/p>\n<h3>Un recurso m\u00e1s, mayor continuidad en la atenci\u00f3n a infantes y j\u00f3venes<\/h3>\n<p>El CFP Maresme est\u00e1 formado por servicios que est\u00e1n conectados, coordinados y articulados con el objetivo de dar un cont\u00ednuum asistencial a infantes y j\u00f3venes de manera transversal. Hay diversidad de recorridos que se pueden seguir y cada uno, evidentemente, depender\u00e1 de las particularidades y necesidades de la persona que atendemos.<\/p>\n<p>&nbsp;<\/p>\n<h3>Un largo recorrido con un solo objetivo<\/h3>\n<p>El recorrido m\u00e1s extenso dentro de os recursos del CFP ser\u00eda el de un infante que vive en el <a href=\"\/?page_id=14972\" target=\"_blank\" rel=\"noopener noreferrer\">CRAE <\/a>\u00a0y, posteriormente, accede a alguno de los recursos de vivienda, como podr\u00eda ser este nuevo piso. Mientras vive aqu\u00ed y trabaja para formarse y conseguir la inserci\u00f3n laboral, puede ir a la <a href=\"\/?page_id=16537\" target=\"_blank\" rel=\"noopener noreferrer\">\u00c1rea Diurna<\/a>. En paralelo muy probablemente asistir\u00e1 a recursos comunitarios para cursar estudios acorde a sus intereses.<\/p>\n<p>Si tiene las caracter\u00edsticas requeridas, puede seguir su recorrido accediendo a los recursos que ofrece el servicio de <a href=\"\/?page_id=16544\" target=\"_blank\" rel=\"noopener noreferrer\">Intermediaci\u00f3n Laboral<\/a> \u00a0siendo candidato\/a a optar a oportunidades de trabajo que puedan surgir a los <a href=\"\/?page_id=16562\" target=\"_blank\" rel=\"noopener noreferrer\">servicios laborales<\/a> \u00a0de la entidad.<\/p>\n<p>&nbsp;<\/p>\n<p>En definitiva, <strong>un engranaje de recursos<\/strong> con el objetivo com\u00fan de atender a infantes y j\u00f3venes y <strong>ayudarlos a poderse desvincular de ellos, <\/strong>consiguiendo la autonom\u00eda con posiblidades de tener calidad de vida e incluirse en la comunidad.<\/p>\n","protected":false},"excerpt":{"rendered":"<p>Recientemente el CFP ha estrenado un nuevo piso donde convivir\u00e1n hasta cuatro j\u00f3venes de 16 a 20 a\u00f1os. Esta ser\u00e1 la cuarta vivienda que gestionamos para atender a este colectivo. Una muy buena noticia en los tiempos que corren.\u00a0 Este nuevo piso es mixto y&#8230;<\/p>\n","protected":false},"author":2,"featured_media":23063,"comment_status":"open","ping_status":"open","sticky":false,"template":"","format":"standard","meta":{"footnotes":""},"categories":[1144,1244],"tags":[],"class_list":["post-23067","post","type-post","status-publish","format-standard","has-post-thumbnail","hentry","category-infancia-y-familia","category-pisos-jovenes"],"yoast_head":"<!-- This site is optimized with the Yoast SEO plugin v27.4 - https:\/\/yoast.com\/product\/yoast-seo-wordpress\/ -->\n<title>Inauguramos un nuevo recurso: el 4\u00ba piso del CFP para j\u00f3venes de 16 a 20 a\u00f1os | CFP Maresme<\/title>\n<meta name=\"robots\" content=\"index, follow, max-snippet:-1, max-image-preview:large, max-video-preview:-1\" \/>\n<link rel=\"canonical\" href=\"https:\/\/cfpmaresme.org\/es\/inauguramos-un-nuevo-recurso-el-4o-piso-del-cfp-para-jovenes-de-16-a-20-anos\/\" \/>\n<meta property=\"og:locale\" content=\"es_ES\" \/>\n<meta property=\"og:type\" content=\"article\" \/>\n<meta property=\"og:title\" content=\"Inauguramos un nuevo recurso: el 4\u00ba piso del CFP para j\u00f3venes de 16 a 20 a\u00f1os | CFP Maresme\" \/>\n<meta property=\"og:description\" content=\"Recientemente el CFP ha estrenado un nuevo piso donde convivir\u00e1n hasta cuatro j\u00f3venes de 16 a 20 a\u00f1os. Esta ser\u00e1 la cuarta vivienda que gestionamos para atender a este colectivo. Una muy buena noticia en los tiempos que corren.\u00a0 Este nuevo piso es mixto y...\" \/>\n<meta property=\"og:url\" content=\"https:\/\/cfpmaresme.org\/es\/inauguramos-un-nuevo-recurso-el-4o-piso-del-cfp-para-jovenes-de-16-a-20-anos\/\" \/>\n<meta property=\"og:site_name\" content=\"CFP Maresme\" \/>\n<meta property=\"article:published_time\" content=\"2021-01-29T10:47:01+00:00\" \/>\n<meta property=\"article:modified_time\" content=\"2021-05-12T13:20:15+00:00\" \/>\n<meta property=\"og:image\" content=\"https:\/\/cfpmaresme.org\/wp-content\/uploads\/2021\/01\/IMG_20210129_104146.jpg\" \/>\n\t<meta property=\"og:image:width\" content=\"1024\" \/>\n\t<meta property=\"og:image:height\" content=\"768\" \/>\n\t<meta property=\"og:image:type\" content=\"image\/jpeg\" \/>\n<meta name=\"author\" content=\"CFPMaresme\" \/>\n<meta name=\"twitter:card\" content=\"summary_large_image\" \/>\n<meta name=\"twitter:creator\" content=\"@cfpmaresme\" \/>\n<meta name=\"twitter:site\" content=\"@cfpmaresme\" \/>\n<meta name=\"twitter:label1\" content=\"Escrito por\" \/>\n\t<meta name=\"twitter:data1\" content=\"CFPMaresme\" \/>\n\t<meta name=\"twitter:label2\" content=\"Tiempo de lectura\" \/>\n\t<meta name=\"twitter:data2\" content=\"2 minutos\" \/>\n<script type=\"application\/ld+json\" class=\"yoast-schema-graph\">{\"@context\":\"https:\\\/\\\/schema.org\",\"@graph\":[{\"@type\":\"Article\",\"@id\":\"https:\\\/\\\/cfpmaresme.org\\\/es\\\/inauguramos-un-nuevo-recurso-el-4o-piso-del-cfp-para-jovenes-de-16-a-20-anos\\\/#article\",\"isPartOf\":{\"@id\":\"https:\\\/\\\/cfpmaresme.org\\\/es\\\/inauguramos-un-nuevo-recurso-el-4o-piso-del-cfp-para-jovenes-de-16-a-20-anos\\\/\"},\"author\":{\"name\":\"CFPMaresme\",\"@id\":\"https:\\\/\\\/cfpmaresme.org\\\/#\\\/schema\\\/person\\\/b2634bcd796fafc667ea4055f61b9b2c\"},\"headline\":\"Inauguramos un nuevo recurso: el 4\u00ba piso del CFP para j\u00f3venes de 16 a 20 a\u00f1os\",\"datePublished\":\"2021-01-29T10:47:01+00:00\",\"dateModified\":\"2021-05-12T13:20:15+00:00\",\"mainEntityOfPage\":{\"@id\":\"https:\\\/\\\/cfpmaresme.org\\\/es\\\/inauguramos-un-nuevo-recurso-el-4o-piso-del-cfp-para-jovenes-de-16-a-20-anos\\\/\"},\"wordCount\":364,\"commentCount\":0,\"image\":{\"@id\":\"https:\\\/\\\/cfpmaresme.org\\\/es\\\/inauguramos-un-nuevo-recurso-el-4o-piso-del-cfp-para-jovenes-de-16-a-20-anos\\\/#primaryimage\"},\"thumbnailUrl\":\"https:\\\/\\\/cfpmaresme.org\\\/wp-content\\\/uploads\\\/2021\\\/01\\\/IMG_20210129_104146.jpg\",\"articleSection\":[\"\u00c1rea de infancia, adolescencia y fam\u00edlia\",\"Pisos j\u00f3venes\"],\"inLanguage\":\"es\"},{\"@type\":\"WebPage\",\"@id\":\"https:\\\/\\\/cfpmaresme.org\\\/es\\\/inauguramos-un-nuevo-recurso-el-4o-piso-del-cfp-para-jovenes-de-16-a-20-anos\\\/\",\"url\":\"https:\\\/\\\/cfpmaresme.org\\\/es\\\/inauguramos-un-nuevo-recurso-el-4o-piso-del-cfp-para-jovenes-de-16-a-20-anos\\\/\",\"name\":\"Inauguramos un nuevo recurso: el 4\u00ba piso del CFP para j\u00f3venes de 16 a 20 a\u00f1os | CFP Maresme\",\"isPartOf\":{\"@id\":\"https:\\\/\\\/cfpmaresme.org\\\/#website\"},\"primaryImageOfPage\":{\"@id\":\"https:\\\/\\\/cfpmaresme.org\\\/es\\\/inauguramos-un-nuevo-recurso-el-4o-piso-del-cfp-para-jovenes-de-16-a-20-anos\\\/#primaryimage\"},\"image\":{\"@id\":\"https:\\\/\\\/cfpmaresme.org\\\/es\\\/inauguramos-un-nuevo-recurso-el-4o-piso-del-cfp-para-jovenes-de-16-a-20-anos\\\/#primaryimage\"},\"thumbnailUrl\":\"https:\\\/\\\/cfpmaresme.org\\\/wp-content\\\/uploads\\\/2021\\\/01\\\/IMG_20210129_104146.jpg\",\"datePublished\":\"2021-01-29T10:47:01+00:00\",\"dateModified\":\"2021-05-12T13:20:15+00:00\",\"author\":{\"@id\":\"https:\\\/\\\/cfpmaresme.org\\\/#\\\/schema\\\/person\\\/b2634bcd796fafc667ea4055f61b9b2c\"},\"breadcrumb\":{\"@id\":\"https:\\\/\\\/cfpmaresme.org\\\/es\\\/inauguramos-un-nuevo-recurso-el-4o-piso-del-cfp-para-jovenes-de-16-a-20-anos\\\/#breadcrumb\"},\"inLanguage\":\"es\",\"potentialAction\":[{\"@type\":\"ReadAction\",\"target\":[\"https:\\\/\\\/cfpmaresme.org\\\/es\\\/inauguramos-un-nuevo-recurso-el-4o-piso-del-cfp-para-jovenes-de-16-a-20-anos\\\/\"]}]},{\"@type\":\"ImageObject\",\"inLanguage\":\"es\",\"@id\":\"https:\\\/\\\/cfpmaresme.org\\\/es\\\/inauguramos-un-nuevo-recurso-el-4o-piso-del-cfp-para-jovenes-de-16-a-20-anos\\\/#primaryimage\",\"url\":\"https:\\\/\\\/cfpmaresme.org\\\/wp-content\\\/uploads\\\/2021\\\/01\\\/IMG_20210129_104146.jpg\",\"contentUrl\":\"https:\\\/\\\/cfpmaresme.org\\\/wp-content\\\/uploads\\\/2021\\\/01\\\/IMG_20210129_104146.jpg\",\"width\":1024,\"height\":768},{\"@type\":\"BreadcrumbList\",\"@id\":\"https:\\\/\\\/cfpmaresme.org\\\/es\\\/inauguramos-un-nuevo-recurso-el-4o-piso-del-cfp-para-jovenes-de-16-a-20-anos\\\/#breadcrumb\",\"itemListElement\":[{\"@type\":\"ListItem\",\"position\":1,\"name\":\"Home\",\"item\":\"https:\\\/\\\/cfpmaresme.org\\\/es\\\/\"},{\"@type\":\"ListItem\",\"position\":2,\"name\":\"Inauguramos un nuevo recurso: el 4\u00ba piso del CFP para j\u00f3venes de 16 a 20 a\u00f1os\"}]},{\"@type\":\"WebSite\",\"@id\":\"https:\\\/\\\/cfpmaresme.org\\\/#website\",\"url\":\"https:\\\/\\\/cfpmaresme.org\\\/\",\"name\":\"CFP Maresme\",\"description\":\"Centre Formaci\u00f3 Prevenci\u00f3\",\"potentialAction\":[{\"@type\":\"SearchAction\",\"target\":{\"@type\":\"EntryPoint\",\"urlTemplate\":\"https:\\\/\\\/cfpmaresme.org\\\/?s={search_term_string}\"},\"query-input\":{\"@type\":\"PropertyValueSpecification\",\"valueRequired\":true,\"valueName\":\"search_term_string\"}}],\"inLanguage\":\"es\"},{\"@type\":\"Person\",\"@id\":\"https:\\\/\\\/cfpmaresme.org\\\/#\\\/schema\\\/person\\\/b2634bcd796fafc667ea4055f61b9b2c\",\"name\":\"CFPMaresme\"}]}<\/script>\n<!-- \/ Yoast SEO plugin. -->","yoast_head_json":{"title":"Inauguramos un nuevo recurso: el 4\u00ba piso del CFP para j\u00f3venes de 16 a 20 a\u00f1os | CFP Maresme","robots":{"index":"index","follow":"follow","max-snippet":"max-snippet:-1","max-image-preview":"max-image-preview:large","max-video-preview":"max-video-preview:-1"},"canonical":"https:\/\/cfpmaresme.org\/es\/inauguramos-un-nuevo-recurso-el-4o-piso-del-cfp-para-jovenes-de-16-a-20-anos\/","og_locale":"es_ES","og_type":"article","og_title":"Inauguramos un nuevo recurso: el 4\u00ba piso del CFP para j\u00f3venes de 16 a 20 a\u00f1os | CFP Maresme","og_description":"Recientemente el CFP ha estrenado un nuevo piso donde convivir\u00e1n hasta cuatro j\u00f3venes de 16 a 20 a\u00f1os. Esta ser\u00e1 la cuarta vivienda que gestionamos para atender a este colectivo. Una muy buena noticia en los tiempos que corren.\u00a0 Este nuevo piso es mixto y...","og_url":"https:\/\/cfpmaresme.org\/es\/inauguramos-un-nuevo-recurso-el-4o-piso-del-cfp-para-jovenes-de-16-a-20-anos\/","og_site_name":"CFP Maresme","article_published_time":"2021-01-29T10:47:01+00:00","article_modified_time":"2021-05-12T13:20:15+00:00","og_image":[{"width":1024,"height":768,"url":"https:\/\/cfpmaresme.org\/wp-content\/uploads\/2021\/01\/IMG_20210129_104146.jpg","type":"image\/jpeg"}],"author":"CFPMaresme","twitter_card":"summary_large_image","twitter_creator":"@cfpmaresme","twitter_site":"@cfpmaresme","twitter_misc":{"Escrito por":"CFPMaresme","Tiempo de lectura":"2 minutos"},"schema":{"@context":"https:\/\/schema.org","@graph":[{"@type":"Article","@id":"https:\/\/cfpmaresme.org\/es\/inauguramos-un-nuevo-recurso-el-4o-piso-del-cfp-para-jovenes-de-16-a-20-anos\/#article","isPartOf":{"@id":"https:\/\/cfpmaresme.org\/es\/inauguramos-un-nuevo-recurso-el-4o-piso-del-cfp-para-jovenes-de-16-a-20-anos\/"},"author":{"name":"CFPMaresme","@id":"https:\/\/cfpmaresme.org\/#\/schema\/person\/b2634bcd796fafc667ea4055f61b9b2c"},"headline":"Inauguramos un nuevo recurso: el 4\u00ba piso del CFP para j\u00f3venes de 16 a 20 a\u00f1os","datePublished":"2021-01-29T10:47:01+00:00","dateModified":"2021-05-12T13:20:15+00:00","mainEntityOfPage":{"@id":"https:\/\/cfpmaresme.org\/es\/inauguramos-un-nuevo-recurso-el-4o-piso-del-cfp-para-jovenes-de-16-a-20-anos\/"},"wordCount":364,"commentCount":0,"image":{"@id":"https:\/\/cfpmaresme.org\/es\/inauguramos-un-nuevo-recurso-el-4o-piso-del-cfp-para-jovenes-de-16-a-20-anos\/#primaryimage"},"thumbnailUrl":"https:\/\/cfpmaresme.org\/wp-content\/uploads\/2021\/01\/IMG_20210129_104146.jpg","articleSection":["\u00c1rea de infancia, adolescencia y fam\u00edlia","Pisos j\u00f3venes"],"inLanguage":"es"},{"@type":"WebPage","@id":"https:\/\/cfpmaresme.org\/es\/inauguramos-un-nuevo-recurso-el-4o-piso-del-cfp-para-jovenes-de-16-a-20-anos\/","url":"https:\/\/cfpmaresme.org\/es\/inauguramos-un-nuevo-recurso-el-4o-piso-del-cfp-para-jovenes-de-16-a-20-anos\/","name":"Inauguramos un nuevo recurso: el 4\u00ba piso del CFP para j\u00f3venes de 16 a 20 a\u00f1os | CFP Maresme","isPartOf":{"@id":"https:\/\/cfpmaresme.org\/#website"},"primaryImageOfPage":{"@id":"https:\/\/cfpmaresme.org\/es\/inauguramos-un-nuevo-recurso-el-4o-piso-del-cfp-para-jovenes-de-16-a-20-anos\/#primaryimage"},"image":{"@id":"https:\/\/cfpmaresme.org\/es\/inauguramos-un-nuevo-recurso-el-4o-piso-del-cfp-para-jovenes-de-16-a-20-anos\/#primaryimage"},"thumbnailUrl":"https:\/\/cfpmaresme.org\/wp-content\/uploads\/2021\/01\/IMG_20210129_104146.jpg","datePublished":"2021-01-29T10:47:01+00:00","dateModified":"2021-05-12T13:20:15+00:00","author":{"@id":"https:\/\/cfpmaresme.org\/#\/schema\/person\/b2634bcd796fafc667ea4055f61b9b2c"},"breadcrumb":{"@id":"https:\/\/cfpmaresme.org\/es\/inauguramos-un-nuevo-recurso-el-4o-piso-del-cfp-para-jovenes-de-16-a-20-anos\/#breadcrumb"},"inLanguage":"es","potentialAction":[{"@type":"ReadAction","target":["https:\/\/cfpmaresme.org\/es\/inauguramos-un-nuevo-recurso-el-4o-piso-del-cfp-para-jovenes-de-16-a-20-anos\/"]}]},{"@type":"ImageObject","inLanguage":"es","@id":"https:\/\/cfpmaresme.org\/es\/inauguramos-un-nuevo-recurso-el-4o-piso-del-cfp-para-jovenes-de-16-a-20-anos\/#primaryimage","url":"https:\/\/cfpmaresme.org\/wp-content\/uploads\/2021\/01\/IMG_20210129_104146.jpg","contentUrl":"https:\/\/cfpmaresme.org\/wp-content\/uploads\/2021\/01\/IMG_20210129_104146.jpg","width":1024,"height":768},{"@type":"BreadcrumbList","@id":"https:\/\/cfpmaresme.org\/es\/inauguramos-un-nuevo-recurso-el-4o-piso-del-cfp-para-jovenes-de-16-a-20-anos\/#breadcrumb","itemListElement":[{"@type":"ListItem","position":1,"name":"Home","item":"https:\/\/cfpmaresme.org\/es\/"},{"@type":"ListItem","position":2,"name":"Inauguramos un nuevo recurso: el 4\u00ba piso del CFP para j\u00f3venes de 16 a 20 a\u00f1os"}]},{"@type":"WebSite","@id":"https:\/\/cfpmaresme.org\/#website","url":"https:\/\/cfpmaresme.org\/","name":"CFP Maresme","description":"Centre Formaci\u00f3 Prevenci\u00f3","potentialAction":[{"@type":"SearchAction","target":{"@type":"EntryPoint","urlTemplate":"https:\/\/cfpmaresme.org\/?s={search_term_string}"},"query-input":{"@type":"PropertyValueSpecification","valueRequired":true,"valueName":"search_term_string"}}],"inLanguage":"es"},{"@type":"Person","@id":"https:\/\/cfpmaresme.org\/#\/schema\/person\/b2634bcd796fafc667ea4055f61b9b2c","name":"CFPMaresme"}]}},"_links":{"self":[{"href":"https:\/\/cfpmaresme.org\/es\/wp-json\/wp\/v2\/posts\/23067","targetHints":{"allow":["GET"]}}],"collection":[{"href":"https:\/\/cfpmaresme.org\/es\/wp-json\/wp\/v2\/posts"}],"about":[{"href":"https:\/\/cfpmaresme.org\/es\/wp-json\/wp\/v2\/types\/post"}],"author":[{"embeddable":true,"href":"https:\/\/cfpmaresme.org\/es\/wp-json\/wp\/v2\/users\/2"}],"replies":[{"embeddable":true,"href":"https:\/\/cfpmaresme.org\/es\/wp-json\/wp\/v2\/comments?post=23067"}],"version-history":[{"count":2,"href":"https:\/\/cfpmaresme.org\/es\/wp-json\/wp\/v2\/posts\/23067\/revisions"}],"predecessor-version":[{"id":24768,"href":"https:\/\/cfpmaresme.org\/es\/wp-json\/wp\/v2\/posts\/23067\/revisions\/24768"}],"wp:featuredmedia":[{"embeddable":true,"href":"https:\/\/cfpmaresme.org\/es\/wp-json\/wp\/v2\/media\/23063"}],"wp:attachment":[{"href":"https:\/\/cfpmaresme.org\/es\/wp-json\/wp\/v2\/media?parent=23067"}],"wp:term":[{"taxonomy":"category","embeddable":true,"href":"https:\/\/cfpmaresme.org\/es\/wp-json\/wp\/v2\/categories?post=23067"},{"taxonomy":"post_tag","embeddable":true,"href":"https:\/\/cfpmaresme.org\/es\/wp-json\/wp\/v2\/tags?post=23067"}],"curies":[{"name":"wp","href":"https:\/\/api.w.org\/{rel}","templated":true}]}}