{"id":23158,"date":"2021-02-08T15:33:38","date_gmt":"2021-02-08T13:33:38","guid":{"rendered":"https:\/\/www.cfpmaresme.org\/?p=23158"},"modified":"2021-05-14T14:17:21","modified_gmt":"2021-05-14T12:17:21","slug":"forum-salut-mental-propone-acciones-prioritarias-a-llevar-a-cabo-en-materia-de-salud-mental-y-expone-la-situacion-actual","status":"publish","type":"post","link":"https:\/\/cfpmaresme.org\/es\/forum-salut-mental-propone-acciones-prioritarias-a-llevar-a-cabo-en-materia-de-salud-mental-y-expone-la-situacion-actual\/","title":{"rendered":"F\u00f2rum Salut Mental propone acciones prioritarias a llevar a cabo en materia de salud mental y expone la situaci\u00f3n actual"},"content":{"rendered":"<p>La salud mental es una de las grandes preocupaciones ante la crisis sanitaria, econ\u00f3mica y social que estamos viviendo y a la que tendremos que hacer frente. Es por esto que la federaci\u00f3n de entidades <a href=\"https:\/\/forumsalutmental.org\/es\/\" target=\"_blank\" rel=\"noopener noreferrer\">F\u00f2rum Salut Menta<\/a>l est\u00e1 trabajando en un Plan Integral de Salud Mental.<\/p>\n<p>Propone un conjunto de medidas que buscan conseguir un modelo de atenci\u00f3n comunitaria en salud mental y adicciones que proporcione oportunidades y herramientas adecuadas para la recuperaci\u00f3n y la inclusi\u00f3n social de todas las personas.<\/p>\n<p>Piden que, desde la administraci\u00f3n y desde los programas electorales que actualmente se est\u00e1n dando a conocer, se tengan en cuenta sus propuestas y que haya un compromiso de trabajar en esta direcci\u00f3n una vez se inicie la legislatura y se asuman las responsabilidades dentro de los \u00f3rganos de gobierno.<\/p>\n<p>&nbsp;<\/p>\n<p>Concretamente, la parte m\u00e1s relevante del Plan Integral cara las elecciones es la presentaci\u00f3n de la <a href=\"https:\/\/www.cfpmaresme.org\/wp-content\/uploads\/2021\/02\/Accions_propositives_Pla_Integral_salut_mental.pdf\" target=\"_blank\" rel=\"noopener noreferrer\">Propuesta de acciones priorizadas<\/a> por las entidades miembro y un an\u00e1lisis de la <a href=\"https:\/\/www.cfpmaresme.org\/wp-content\/uploads\/2021\/02\/Salut_mental_prioritat_urgent.pdf\" target=\"_blank\" rel=\"noopener noreferrer\">situaci\u00f3n actual de la salud mental y las addiciones.<\/a><\/p>\n<p>&nbsp;<\/p>\n<p>El CFP queremos ayudar a F\u00f2rum Salut Mental, federaci\u00f3n de la que formamos parte, a dar a conocer sus propuestas y dar voz a esta realidad con la que todos y todas convivimos y a la que es necesario vehicular soluciones con celeridad.<\/p>\n","protected":false},"excerpt":{"rendered":"<p>La salud mental es una de las grandes preocupaciones ante la crisis sanitaria, econ\u00f3mica y social que estamos viviendo y a la que tendremos que hacer frente. Es por esto que la federaci\u00f3n de entidades F\u00f2rum Salut Mental est\u00e1 trabajando en un Plan Integral de&#8230;<\/p>\n","protected":false},"author":2,"featured_media":23154,"comment_status":"open","ping_status":"open","sticky":false,"template":"","format":"standard","meta":{"footnotes":""},"categories":[1187],"tags":[],"class_list":["post-23158","post","type-post","status-publish","format-standard","has-post-thumbnail","hentry","category-cfp-maresme-es"],"yoast_head":"<!-- This site is optimized with the Yoast SEO plugin v27.4 - https:\/\/yoast.com\/product\/yoast-seo-wordpress\/ -->\n<title>F\u00f2rum Salut Mental propone acciones prioritarias a llevar a cabo en materia de salud mental y expone la situaci\u00f3n actual | CFP Maresme<\/title>\n<meta name=\"robots\" content=\"index, follow, max-snippet:-1, max-image-preview:large, max-video-preview:-1\" \/>\n<link rel=\"canonical\" href=\"https:\/\/cfpmaresme.org\/es\/forum-salut-mental-propone-acciones-prioritarias-a-llevar-a-cabo-en-materia-de-salud-mental-y-expone-la-situacion-actual\/\" \/>\n<meta property=\"og:locale\" content=\"es_ES\" \/>\n<meta property=\"og:type\" content=\"article\" \/>\n<meta property=\"og:title\" content=\"F\u00f2rum Salut Mental propone acciones prioritarias a llevar a cabo en materia de salud mental y expone la situaci\u00f3n actual | CFP Maresme\" \/>\n<meta property=\"og:description\" content=\"La salud mental es una de las grandes preocupaciones ante la crisis sanitaria, econ\u00f3mica y social que estamos viviendo y a la que tendremos que hacer frente. Es por esto que la federaci\u00f3n de entidades F\u00f2rum Salut Mental est\u00e1 trabajando en un Plan Integral de...\" \/>\n<meta property=\"og:url\" content=\"https:\/\/cfpmaresme.org\/es\/forum-salut-mental-propone-acciones-prioritarias-a-llevar-a-cabo-en-materia-de-salud-mental-y-expone-la-situacion-actual\/\" \/>\n<meta property=\"og:site_name\" content=\"CFP Maresme\" \/>\n<meta property=\"article:published_time\" content=\"2021-02-08T13:33:38+00:00\" \/>\n<meta property=\"article:modified_time\" content=\"2021-05-14T12:17:21+00:00\" \/>\n<meta property=\"og:image\" content=\"https:\/\/cfpmaresme.org\/wp-content\/uploads\/2021\/02\/Logotip_Forum_Salut_Mental_25anys_OK_Logo_forum_salut_mental_25anys.jpg\" \/>\n\t<meta property=\"og:image:width\" content=\"731\" \/>\n\t<meta property=\"og:image:height\" content=\"319\" \/>\n\t<meta property=\"og:image:type\" content=\"image\/jpeg\" \/>\n<meta name=\"author\" content=\"CFPMaresme\" \/>\n<meta name=\"twitter:card\" content=\"summary_large_image\" \/>\n<meta name=\"twitter:creator\" content=\"@cfpmaresme\" \/>\n<meta name=\"twitter:site\" content=\"@cfpmaresme\" \/>\n<meta name=\"twitter:label1\" content=\"Escrito por\" \/>\n\t<meta name=\"twitter:data1\" content=\"CFPMaresme\" \/>\n\t<meta name=\"twitter:label2\" content=\"Tiempo de lectura\" \/>\n\t<meta name=\"twitter:data2\" content=\"1 minuto\" \/>\n<script type=\"application\/ld+json\" class=\"yoast-schema-graph\">{\"@context\":\"https:\\\/\\\/schema.org\",\"@graph\":[{\"@type\":\"Article\",\"@id\":\"https:\\\/\\\/cfpmaresme.org\\\/es\\\/forum-salut-mental-propone-acciones-prioritarias-a-llevar-a-cabo-en-materia-de-salud-mental-y-expone-la-situacion-actual\\\/#article\",\"isPartOf\":{\"@id\":\"https:\\\/\\\/cfpmaresme.org\\\/es\\\/forum-salut-mental-propone-acciones-prioritarias-a-llevar-a-cabo-en-materia-de-salud-mental-y-expone-la-situacion-actual\\\/\"},\"author\":{\"name\":\"CFPMaresme\",\"@id\":\"https:\\\/\\\/cfpmaresme.org\\\/#\\\/schema\\\/person\\\/b2634bcd796fafc667ea4055f61b9b2c\"},\"headline\":\"F\u00f2rum Salut Mental propone acciones prioritarias a llevar a cabo en materia de salud mental y expone la situaci\u00f3n actual\",\"datePublished\":\"2021-02-08T13:33:38+00:00\",\"dateModified\":\"2021-05-14T12:17:21+00:00\",\"mainEntityOfPage\":{\"@id\":\"https:\\\/\\\/cfpmaresme.org\\\/es\\\/forum-salut-mental-propone-acciones-prioritarias-a-llevar-a-cabo-en-materia-de-salud-mental-y-expone-la-situacion-actual\\\/\"},\"wordCount\":252,\"commentCount\":0,\"image\":{\"@id\":\"https:\\\/\\\/cfpmaresme.org\\\/es\\\/forum-salut-mental-propone-acciones-prioritarias-a-llevar-a-cabo-en-materia-de-salud-mental-y-expone-la-situacion-actual\\\/#primaryimage\"},\"thumbnailUrl\":\"https:\\\/\\\/cfpmaresme.org\\\/wp-content\\\/uploads\\\/2021\\\/02\\\/Logotip_Forum_Salut_Mental_25anys_OK_Logo_forum_salut_mental_25anys.jpg\",\"articleSection\":[\"CFP Maresme\"],\"inLanguage\":\"es\"},{\"@type\":\"WebPage\",\"@id\":\"https:\\\/\\\/cfpmaresme.org\\\/es\\\/forum-salut-mental-propone-acciones-prioritarias-a-llevar-a-cabo-en-materia-de-salud-mental-y-expone-la-situacion-actual\\\/\",\"url\":\"https:\\\/\\\/cfpmaresme.org\\\/es\\\/forum-salut-mental-propone-acciones-prioritarias-a-llevar-a-cabo-en-materia-de-salud-mental-y-expone-la-situacion-actual\\\/\",\"name\":\"F\u00f2rum Salut Mental propone acciones prioritarias a llevar a cabo en materia de salud mental y expone la situaci\u00f3n actual | CFP Maresme\",\"isPartOf\":{\"@id\":\"https:\\\/\\\/cfpmaresme.org\\\/#website\"},\"primaryImageOfPage\":{\"@id\":\"https:\\\/\\\/cfpmaresme.org\\\/es\\\/forum-salut-mental-propone-acciones-prioritarias-a-llevar-a-cabo-en-materia-de-salud-mental-y-expone-la-situacion-actual\\\/#primaryimage\"},\"image\":{\"@id\":\"https:\\\/\\\/cfpmaresme.org\\\/es\\\/forum-salut-mental-propone-acciones-prioritarias-a-llevar-a-cabo-en-materia-de-salud-mental-y-expone-la-situacion-actual\\\/#primaryimage\"},\"thumbnailUrl\":\"https:\\\/\\\/cfpmaresme.org\\\/wp-content\\\/uploads\\\/2021\\\/02\\\/Logotip_Forum_Salut_Mental_25anys_OK_Logo_forum_salut_mental_25anys.jpg\",\"datePublished\":\"2021-02-08T13:33:38+00:00\",\"dateModified\":\"2021-05-14T12:17:21+00:00\",\"author\":{\"@id\":\"https:\\\/\\\/cfpmaresme.org\\\/#\\\/schema\\\/person\\\/b2634bcd796fafc667ea4055f61b9b2c\"},\"breadcrumb\":{\"@id\":\"https:\\\/\\\/cfpmaresme.org\\\/es\\\/forum-salut-mental-propone-acciones-prioritarias-a-llevar-a-cabo-en-materia-de-salud-mental-y-expone-la-situacion-actual\\\/#breadcrumb\"},\"inLanguage\":\"es\",\"potentialAction\":[{\"@type\":\"ReadAction\",\"target\":[\"https:\\\/\\\/cfpmaresme.org\\\/es\\\/forum-salut-mental-propone-acciones-prioritarias-a-llevar-a-cabo-en-materia-de-salud-mental-y-expone-la-situacion-actual\\\/\"]}]},{\"@type\":\"ImageObject\",\"inLanguage\":\"es\",\"@id\":\"https:\\\/\\\/cfpmaresme.org\\\/es\\\/forum-salut-mental-propone-acciones-prioritarias-a-llevar-a-cabo-en-materia-de-salud-mental-y-expone-la-situacion-actual\\\/#primaryimage\",\"url\":\"https:\\\/\\\/cfpmaresme.org\\\/wp-content\\\/uploads\\\/2021\\\/02\\\/Logotip_Forum_Salut_Mental_25anys_OK_Logo_forum_salut_mental_25anys.jpg\",\"contentUrl\":\"https:\\\/\\\/cfpmaresme.org\\\/wp-content\\\/uploads\\\/2021\\\/02\\\/Logotip_Forum_Salut_Mental_25anys_OK_Logo_forum_salut_mental_25anys.jpg\",\"width\":731,\"height\":319},{\"@type\":\"BreadcrumbList\",\"@id\":\"https:\\\/\\\/cfpmaresme.org\\\/es\\\/forum-salut-mental-propone-acciones-prioritarias-a-llevar-a-cabo-en-materia-de-salud-mental-y-expone-la-situacion-actual\\\/#breadcrumb\",\"itemListElement\":[{\"@type\":\"ListItem\",\"position\":1,\"name\":\"Home\",\"item\":\"https:\\\/\\\/cfpmaresme.org\\\/es\\\/\"},{\"@type\":\"ListItem\",\"position\":2,\"name\":\"F\u00f2rum Salut Mental propone acciones prioritarias a llevar a cabo en materia de salud mental y expone la situaci\u00f3n actual\"}]},{\"@type\":\"WebSite\",\"@id\":\"https:\\\/\\\/cfpmaresme.org\\\/#website\",\"url\":\"https:\\\/\\\/cfpmaresme.org\\\/\",\"name\":\"CFP Maresme\",\"description\":\"Centre Formaci\u00f3 Prevenci\u00f3\",\"potentialAction\":[{\"@type\":\"SearchAction\",\"target\":{\"@type\":\"EntryPoint\",\"urlTemplate\":\"https:\\\/\\\/cfpmaresme.org\\\/?s={search_term_string}\"},\"query-input\":{\"@type\":\"PropertyValueSpecification\",\"valueRequired\":true,\"valueName\":\"search_term_string\"}}],\"inLanguage\":\"es\"},{\"@type\":\"Person\",\"@id\":\"https:\\\/\\\/cfpmaresme.org\\\/#\\\/schema\\\/person\\\/b2634bcd796fafc667ea4055f61b9b2c\",\"name\":\"CFPMaresme\"}]}<\/script>\n<!-- \/ Yoast SEO plugin. -->","yoast_head_json":{"title":"F\u00f2rum Salut Mental propone acciones prioritarias a llevar a cabo en materia de salud mental y expone la situaci\u00f3n actual | CFP Maresme","robots":{"index":"index","follow":"follow","max-snippet":"max-snippet:-1","max-image-preview":"max-image-preview:large","max-video-preview":"max-video-preview:-1"},"canonical":"https:\/\/cfpmaresme.org\/es\/forum-salut-mental-propone-acciones-prioritarias-a-llevar-a-cabo-en-materia-de-salud-mental-y-expone-la-situacion-actual\/","og_locale":"es_ES","og_type":"article","og_title":"F\u00f2rum Salut Mental propone acciones prioritarias a llevar a cabo en materia de salud mental y expone la situaci\u00f3n actual | CFP Maresme","og_description":"La salud mental es una de las grandes preocupaciones ante la crisis sanitaria, econ\u00f3mica y social que estamos viviendo y a la que tendremos que hacer frente. Es por esto que la federaci\u00f3n de entidades F\u00f2rum Salut Mental est\u00e1 trabajando en un Plan Integral de...","og_url":"https:\/\/cfpmaresme.org\/es\/forum-salut-mental-propone-acciones-prioritarias-a-llevar-a-cabo-en-materia-de-salud-mental-y-expone-la-situacion-actual\/","og_site_name":"CFP Maresme","article_published_time":"2021-02-08T13:33:38+00:00","article_modified_time":"2021-05-14T12:17:21+00:00","og_image":[{"width":731,"height":319,"url":"https:\/\/cfpmaresme.org\/wp-content\/uploads\/2021\/02\/Logotip_Forum_Salut_Mental_25anys_OK_Logo_forum_salut_mental_25anys.jpg","type":"image\/jpeg"}],"author":"CFPMaresme","twitter_card":"summary_large_image","twitter_creator":"@cfpmaresme","twitter_site":"@cfpmaresme","twitter_misc":{"Escrito por":"CFPMaresme","Tiempo de lectura":"1 minuto"},"schema":{"@context":"https:\/\/schema.org","@graph":[{"@type":"Article","@id":"https:\/\/cfpmaresme.org\/es\/forum-salut-mental-propone-acciones-prioritarias-a-llevar-a-cabo-en-materia-de-salud-mental-y-expone-la-situacion-actual\/#article","isPartOf":{"@id":"https:\/\/cfpmaresme.org\/es\/forum-salut-mental-propone-acciones-prioritarias-a-llevar-a-cabo-en-materia-de-salud-mental-y-expone-la-situacion-actual\/"},"author":{"name":"CFPMaresme","@id":"https:\/\/cfpmaresme.org\/#\/schema\/person\/b2634bcd796fafc667ea4055f61b9b2c"},"headline":"F\u00f2rum Salut Mental propone acciones prioritarias a llevar a cabo en materia de salud mental y expone la situaci\u00f3n actual","datePublished":"2021-02-08T13:33:38+00:00","dateModified":"2021-05-14T12:17:21+00:00","mainEntityOfPage":{"@id":"https:\/\/cfpmaresme.org\/es\/forum-salut-mental-propone-acciones-prioritarias-a-llevar-a-cabo-en-materia-de-salud-mental-y-expone-la-situacion-actual\/"},"wordCount":252,"commentCount":0,"image":{"@id":"https:\/\/cfpmaresme.org\/es\/forum-salut-mental-propone-acciones-prioritarias-a-llevar-a-cabo-en-materia-de-salud-mental-y-expone-la-situacion-actual\/#primaryimage"},"thumbnailUrl":"https:\/\/cfpmaresme.org\/wp-content\/uploads\/2021\/02\/Logotip_Forum_Salut_Mental_25anys_OK_Logo_forum_salut_mental_25anys.jpg","articleSection":["CFP Maresme"],"inLanguage":"es"},{"@type":"WebPage","@id":"https:\/\/cfpmaresme.org\/es\/forum-salut-mental-propone-acciones-prioritarias-a-llevar-a-cabo-en-materia-de-salud-mental-y-expone-la-situacion-actual\/","url":"https:\/\/cfpmaresme.org\/es\/forum-salut-mental-propone-acciones-prioritarias-a-llevar-a-cabo-en-materia-de-salud-mental-y-expone-la-situacion-actual\/","name":"F\u00f2rum Salut Mental propone acciones prioritarias a llevar a cabo en materia de salud mental y expone la situaci\u00f3n actual | CFP Maresme","isPartOf":{"@id":"https:\/\/cfpmaresme.org\/#website"},"primaryImageOfPage":{"@id":"https:\/\/cfpmaresme.org\/es\/forum-salut-mental-propone-acciones-prioritarias-a-llevar-a-cabo-en-materia-de-salud-mental-y-expone-la-situacion-actual\/#primaryimage"},"image":{"@id":"https:\/\/cfpmaresme.org\/es\/forum-salut-mental-propone-acciones-prioritarias-a-llevar-a-cabo-en-materia-de-salud-mental-y-expone-la-situacion-actual\/#primaryimage"},"thumbnailUrl":"https:\/\/cfpmaresme.org\/wp-content\/uploads\/2021\/02\/Logotip_Forum_Salut_Mental_25anys_OK_Logo_forum_salut_mental_25anys.jpg","datePublished":"2021-02-08T13:33:38+00:00","dateModified":"2021-05-14T12:17:21+00:00","author":{"@id":"https:\/\/cfpmaresme.org\/#\/schema\/person\/b2634bcd796fafc667ea4055f61b9b2c"},"breadcrumb":{"@id":"https:\/\/cfpmaresme.org\/es\/forum-salut-mental-propone-acciones-prioritarias-a-llevar-a-cabo-en-materia-de-salud-mental-y-expone-la-situacion-actual\/#breadcrumb"},"inLanguage":"es","potentialAction":[{"@type":"ReadAction","target":["https:\/\/cfpmaresme.org\/es\/forum-salut-mental-propone-acciones-prioritarias-a-llevar-a-cabo-en-materia-de-salud-mental-y-expone-la-situacion-actual\/"]}]},{"@type":"ImageObject","inLanguage":"es","@id":"https:\/\/cfpmaresme.org\/es\/forum-salut-mental-propone-acciones-prioritarias-a-llevar-a-cabo-en-materia-de-salud-mental-y-expone-la-situacion-actual\/#primaryimage","url":"https:\/\/cfpmaresme.org\/wp-content\/uploads\/2021\/02\/Logotip_Forum_Salut_Mental_25anys_OK_Logo_forum_salut_mental_25anys.jpg","contentUrl":"https:\/\/cfpmaresme.org\/wp-content\/uploads\/2021\/02\/Logotip_Forum_Salut_Mental_25anys_OK_Logo_forum_salut_mental_25anys.jpg","width":731,"height":319},{"@type":"BreadcrumbList","@id":"https:\/\/cfpmaresme.org\/es\/forum-salut-mental-propone-acciones-prioritarias-a-llevar-a-cabo-en-materia-de-salud-mental-y-expone-la-situacion-actual\/#breadcrumb","itemListElement":[{"@type":"ListItem","position":1,"name":"Home","item":"https:\/\/cfpmaresme.org\/es\/"},{"@type":"ListItem","position":2,"name":"F\u00f2rum Salut Mental propone acciones prioritarias a llevar a cabo en materia de salud mental y expone la situaci\u00f3n actual"}]},{"@type":"WebSite","@id":"https:\/\/cfpmaresme.org\/#website","url":"https:\/\/cfpmaresme.org\/","name":"CFP Maresme","description":"Centre Formaci\u00f3 Prevenci\u00f3","potentialAction":[{"@type":"SearchAction","target":{"@type":"EntryPoint","urlTemplate":"https:\/\/cfpmaresme.org\/?s={search_term_string}"},"query-input":{"@type":"PropertyValueSpecification","valueRequired":true,"valueName":"search_term_string"}}],"inLanguage":"es"},{"@type":"Person","@id":"https:\/\/cfpmaresme.org\/#\/schema\/person\/b2634bcd796fafc667ea4055f61b9b2c","name":"CFPMaresme"}]}},"_links":{"self":[{"href":"https:\/\/cfpmaresme.org\/es\/wp-json\/wp\/v2\/posts\/23158","targetHints":{"allow":["GET"]}}],"collection":[{"href":"https:\/\/cfpmaresme.org\/es\/wp-json\/wp\/v2\/posts"}],"about":[{"href":"https:\/\/cfpmaresme.org\/es\/wp-json\/wp\/v2\/types\/post"}],"author":[{"embeddable":true,"href":"https:\/\/cfpmaresme.org\/es\/wp-json\/wp\/v2\/users\/2"}],"replies":[{"embeddable":true,"href":"https:\/\/cfpmaresme.org\/es\/wp-json\/wp\/v2\/comments?post=23158"}],"version-history":[{"count":1,"href":"https:\/\/cfpmaresme.org\/es\/wp-json\/wp\/v2\/posts\/23158\/revisions"}],"predecessor-version":[{"id":23159,"href":"https:\/\/cfpmaresme.org\/es\/wp-json\/wp\/v2\/posts\/23158\/revisions\/23159"}],"wp:featuredmedia":[{"embeddable":true,"href":"https:\/\/cfpmaresme.org\/es\/wp-json\/wp\/v2\/media\/23154"}],"wp:attachment":[{"href":"https:\/\/cfpmaresme.org\/es\/wp-json\/wp\/v2\/media?parent=23158"}],"wp:term":[{"taxonomy":"category","embeddable":true,"href":"https:\/\/cfpmaresme.org\/es\/wp-json\/wp\/v2\/categories?post=23158"},{"taxonomy":"post_tag","embeddable":true,"href":"https:\/\/cfpmaresme.org\/es\/wp-json\/wp\/v2\/tags?post=23158"}],"curies":[{"name":"wp","href":"https:\/\/api.w.org\/{rel}","templated":true}]}}