{"id":23182,"date":"2021-02-09T17:01:30","date_gmt":"2021-02-09T15:01:30","guid":{"rendered":"https:\/\/www.cfpmaresme.org\/?p=23182"},"modified":"2022-05-24T10:01:14","modified_gmt":"2022-05-24T08:01:14","slug":"poner-en-el-centro-a-las-familias-haciendolas-protagonistas-del-proceso-la-maxima-de-parentalidad-positiva","status":"publish","type":"post","link":"https:\/\/cfpmaresme.org\/es\/poner-en-el-centro-a-las-familias-haciendolas-protagonistas-del-proceso-la-maxima-de-parentalidad-positiva\/","title":{"rendered":"Poner en el centro a las familias, haci\u00e9ndolas protagonistas del proceso, la m\u00e1xima de Parentalidad Positiva"},"content":{"rendered":"<p><strong>Por Sonia S\u00e1nchez Bartolom\u00e9, Psic\u00f3loga Sanitaria con maestr\u00eda en Terapia Sist\u00e9mica Familiar. Encargada del programa <a href=\"\/?page_id=16530\" target=\"_blank\" rel=\"noopener noreferrer\">Parentalidad Positiva<\/a> del CFP. <\/strong><\/p>\n<h3>Pong\u00e1monos en situaci\u00f3n: \u00bfqu\u00e9 recorrido ha seguido un infante hasta llegar a este recurso?<\/h3>\n<p>Cuando un infante o adolescente es declarado en situaci\u00f3n de desamparo, la<strong> DGAIA pone en marcha la medida de protecci\u00f3n m\u00e1s adecuada<\/strong> en cada caso, priorizando el inter\u00e9s del menor.<\/p>\n<p>En muchas ocasiones, la medida pasa por el ingreso del infante y\/o adolescente a un centro de protecci\u00f3n. Son Centros de Acogida, Centros Residenciales de Acci\u00f3n Educativa (CRAE), Centros Residenciales de Educaci\u00f3n Intensiva (CREI) y Centros de Primera Acogida.<\/p>\n<p>Los centros de protecci\u00f3n tienen un car\u00e1cter temporal y, por lo tanto, <strong>es necesario buscar una situaci\u00f3n estable para el infante<\/strong> con la m\u00e1xima <strong>celeridad<\/strong>. A menudo es el retorno a la familia y, si eso no es posible, la filiaci\u00f3n a otra, que pasar\u00e1 a ser la suya. Muchas veces el infante o adolescente no quiere formar parte de una familia diferente a la biol\u00f3gica o bien los equipos competentes no lo consideran conveniente.<\/p>\n<p>Lamentablemente, <strong>la realidad no es esta. <\/strong>A d\u00eda de hoy muchas acogidas familiares y residenciales se alargan mucho en el tiempo.<\/p>\n<p>El hecho de que un infante viva como indefinida una situaci\u00f3n que tendr\u00eda que ser temporal genera inestabilidad, inseguridad, falta de identidad y, en definitiva, malestar ps\u00edquico y psicol\u00f3gico.<\/p>\n<p>El <strong>entorno id\u00f3neo <\/strong>por el desarrollo integral de un infante es el de la <strong>pertinencia a una familia <\/strong>\u00a0y, por lo tanto, tendr\u00eda que ser \u00e9ste el que tendr\u00eda que perseguir y garantizar cualquier medida de protecci\u00f3n a la infancia.<\/p>\n<p>El hecho que las medidas de protecci\u00f3n no puedan garantizar su car\u00e1cter temporal es debido, entre otras razones, a que:<\/p>\n<ul>\n<li>A menudo cuando el infante es reintegrado al hogar familiar las dificultades reaparecen, ya que las problem\u00e1ticas familiares que son la base de la conducta no se han solucionado.<\/li>\n<li>La ruptura afectiva que vive el infante en el momento de la separaci\u00f3n de su familia genera consecuencias negativas que dificultar\u00e1n la futura relaci\u00f3n con sus familiares o nueva familia acogedora.<\/li>\n<\/ul>\n<p>Es, precisamente en estos \u00faltimos puntos, donde el servicio de Parentalidad Positiva del CFP Maresme trabaja y colabora con los equipos de Atenci\u00f3n a la Infancia y Adolescencia.<\/p>\n<p><strong>\u00a0<\/strong><\/p>\n<h3>El programa Parentalidad Positiva: misi\u00f3n y enfoque<\/h3>\n<p>Parentalidad Positiva pretende ofrecer a las familias un <strong>servicio psicoterap\u00e9utico <\/strong>que les permita revisar y <strong>reparar funciones parentales<\/strong> con el objetivo de posibilitar acoplamientos exitosos de los infantes a la propia familia o a familias acogedoras.<\/p>\n<p>Nacido el 2016, el programa Parentalidad Positiva tiene como m\u00e1xima poner en el centro a las familias, haci\u00e9ndolas protagonistas del proceso y ofreciendo ayuda all\u00ed donde ellas dicen necesitarla. Aunque la coordinaci\u00f3n con los equipos de la EAIA es trascendental para conseguir una mejora de la situaci\u00f3n, nuestro trabajo se centra en escuchar y atender a la familia desde un lugar distinto al control, donde las familias puedan expresar, si miedo a represalias, las dificultades reales con las que se encuentran. As\u00ed, podremos dise\u00f1ar conjuntamente ((familia y profesional) un plan de trabajo individualizado para cada familia.<\/p>\n<p>Para hacer posible este reto, el servicio <strong>Parentalidad Positiva trabaja desde el enfoque Sist\u00e9mico. <\/strong>\u00c9ste\u00a0 considera a la familia como un sistema donde cada miembro de la familia interact\u00faa con los otros y se influyen mutuamente. A consecuencia, todo cambio de los miembros repercutir\u00e1 en todo el sistema y provocar\u00e1 cambios para mantener un status o equilibrio. Este enfoque y m\u00e9todo de trabajo permite marcar un mismo objetivo general o espec\u00edficos a todos los miembros de la familia y posibilita trabajar de forma grupal, por sistemas (pareja, fraternales&#8230;), o individual.<\/p>\n<h3>Una valoraci\u00f3n muy positiva y la necesidad de inversi\u00f3n para ofrecer los servicios demandados<\/h3>\n<p>Actualmente muchas derivaciones del EAIA del territorio y los buenos resultados en los cuestionarios de satisfacci\u00f3n de las familias beneficiarias nos dan a entender que vamos por el camino correcto y, hacer tambi\u00e9n, una <strong>valoraci\u00f3n muy positiva del recurso.<\/strong>\u00a0 Esta nos permite no solamente justificar su existencia sino continuar trabajando para hacerlo crecer.<\/p>\n<p>El programa Parentalidad Positiva tiene un <strong>alto potencial de crecimiento<\/strong>. Las maneras de incidir en las familias para conseguir mejorar los modelos de educaci\u00f3n y crianza son muchas. Actualmente estamos ofreciendo <strong>Terapia Familiar<\/strong> por resolver conflictos en el sistema pero, si dispusi\u00e9ramos de m\u00e1s recursos, podr\u00edamos ofrecer recursos que las EAIAs del territorio nos se\u00f1alan como necesarios. Estos ser\u00edan atenci\u00f3n psicol\u00f3gica individual a los infantes y adolescentes, grupos Psicoeducativos de Parentalidad Positiva a madres y padres y\/o familias acogedoras, grupos de ayuda mutua para adolescentes y j\u00f3venes con trastornos de conducta, grupos de Parentalidad para madres y padres con problemas de salud mental&#8230;<\/p>\n<p>Dadas las necesidades que se nos se\u00f1alan nos proponemos, ahora, <strong>el reto <\/strong>de encontrar <strong>m\u00e1s inversi\u00f3n p\u00fablica y\/o privada<\/strong> que nos permita continuar trabajando en Pro de la Parentalidad Positiva.<\/p>\n","protected":false},"excerpt":{"rendered":"<p>Por Sonia S\u00e1nchez Bartolom\u00e9, Psic\u00f3loga Sanitaria con maestr\u00eda en Terapia Sist\u00e9mica Familiar. Encargada del programa Parentalidad Positiva del CFP. Pong\u00e1monos en situaci\u00f3n: \u00bfqu\u00e9 recorrido ha seguido un infante hasta llegar a este recurso? Cuando un infante o adolescente es declarado en situaci\u00f3n de desamparo, la&#8230;<\/p>\n","protected":false},"author":2,"featured_media":23186,"comment_status":"open","ping_status":"open","sticky":false,"template":"","format":"standard","meta":{"footnotes":""},"categories":[1256],"tags":[],"class_list":["post-23182","post","type-post","status-publish","format-standard","has-post-thumbnail","hentry","category-articulos-profesionales"],"yoast_head":"<!-- This site is optimized with the Yoast SEO plugin v27.4 - https:\/\/yoast.com\/product\/yoast-seo-wordpress\/ -->\n<title>Poner en el centro a las familias, haci\u00e9ndolas protagonistas del proceso, la m\u00e1xima de Parentalidad Positiva | CFP Maresme<\/title>\n<meta name=\"robots\" content=\"index, follow, max-snippet:-1, max-image-preview:large, max-video-preview:-1\" \/>\n<link rel=\"canonical\" href=\"https:\/\/cfpmaresme.org\/es\/poner-en-el-centro-a-las-familias-haciendolas-protagonistas-del-proceso-la-maxima-de-parentalidad-positiva\/\" \/>\n<meta property=\"og:locale\" content=\"es_ES\" \/>\n<meta property=\"og:type\" content=\"article\" \/>\n<meta property=\"og:title\" content=\"Poner en el centro a las familias, haci\u00e9ndolas protagonistas del proceso, la m\u00e1xima de Parentalidad Positiva | CFP Maresme\" \/>\n<meta property=\"og:description\" content=\"Por Sonia S\u00e1nchez Bartolom\u00e9, Psic\u00f3loga Sanitaria con maestr\u00eda en Terapia Sist\u00e9mica Familiar. Encargada del programa Parentalidad Positiva del CFP. Pong\u00e1monos en situaci\u00f3n: \u00bfqu\u00e9 recorrido ha seguido un infante hasta llegar a este recurso? Cuando un infante o adolescente es declarado en situaci\u00f3n de desamparo, la...\" \/>\n<meta property=\"og:url\" content=\"https:\/\/cfpmaresme.org\/es\/poner-en-el-centro-a-las-familias-haciendolas-protagonistas-del-proceso-la-maxima-de-parentalidad-positiva\/\" \/>\n<meta property=\"og:site_name\" content=\"CFP Maresme\" \/>\n<meta property=\"article:published_time\" content=\"2021-02-09T15:01:30+00:00\" \/>\n<meta property=\"article:modified_time\" content=\"2022-05-24T08:01:14+00:00\" \/>\n<meta property=\"og:image\" content=\"https:\/\/cfpmaresme.org\/wp-content\/uploads\/2021\/02\/banner-castella-1.jpg\" \/>\n\t<meta property=\"og:image:width\" content=\"846\" \/>\n\t<meta property=\"og:image:height\" content=\"214\" \/>\n\t<meta property=\"og:image:type\" content=\"image\/jpeg\" \/>\n<meta name=\"author\" content=\"CFPMaresme\" \/>\n<meta name=\"twitter:card\" content=\"summary_large_image\" \/>\n<meta name=\"twitter:creator\" content=\"@cfpmaresme\" \/>\n<meta name=\"twitter:site\" content=\"@cfpmaresme\" \/>\n<meta name=\"twitter:label1\" content=\"Escrito por\" \/>\n\t<meta name=\"twitter:data1\" content=\"CFPMaresme\" \/>\n\t<meta name=\"twitter:label2\" content=\"Tiempo de lectura\" \/>\n\t<meta name=\"twitter:data2\" content=\"4 minutos\" \/>\n<script type=\"application\/ld+json\" class=\"yoast-schema-graph\">{\"@context\":\"https:\\\/\\\/schema.org\",\"@graph\":[{\"@type\":\"Article\",\"@id\":\"https:\\\/\\\/cfpmaresme.org\\\/es\\\/poner-en-el-centro-a-las-familias-haciendolas-protagonistas-del-proceso-la-maxima-de-parentalidad-positiva\\\/#article\",\"isPartOf\":{\"@id\":\"https:\\\/\\\/cfpmaresme.org\\\/es\\\/poner-en-el-centro-a-las-familias-haciendolas-protagonistas-del-proceso-la-maxima-de-parentalidad-positiva\\\/\"},\"author\":{\"name\":\"CFPMaresme\",\"@id\":\"https:\\\/\\\/cfpmaresme.org\\\/#\\\/schema\\\/person\\\/b2634bcd796fafc667ea4055f61b9b2c\"},\"headline\":\"Poner en el centro a las familias, haci\u00e9ndolas protagonistas del proceso, la m\u00e1xima de Parentalidad Positiva\",\"datePublished\":\"2021-02-09T15:01:30+00:00\",\"dateModified\":\"2022-05-24T08:01:14+00:00\",\"mainEntityOfPage\":{\"@id\":\"https:\\\/\\\/cfpmaresme.org\\\/es\\\/poner-en-el-centro-a-las-familias-haciendolas-protagonistas-del-proceso-la-maxima-de-parentalidad-positiva\\\/\"},\"wordCount\":888,\"commentCount\":0,\"image\":{\"@id\":\"https:\\\/\\\/cfpmaresme.org\\\/es\\\/poner-en-el-centro-a-las-familias-haciendolas-protagonistas-del-proceso-la-maxima-de-parentalidad-positiva\\\/#primaryimage\"},\"thumbnailUrl\":\"https:\\\/\\\/cfpmaresme.org\\\/wp-content\\\/uploads\\\/2021\\\/02\\\/banner-castella-1.jpg\",\"articleSection\":[\"Art\u00edculos profesionales\"],\"inLanguage\":\"es\"},{\"@type\":\"WebPage\",\"@id\":\"https:\\\/\\\/cfpmaresme.org\\\/es\\\/poner-en-el-centro-a-las-familias-haciendolas-protagonistas-del-proceso-la-maxima-de-parentalidad-positiva\\\/\",\"url\":\"https:\\\/\\\/cfpmaresme.org\\\/es\\\/poner-en-el-centro-a-las-familias-haciendolas-protagonistas-del-proceso-la-maxima-de-parentalidad-positiva\\\/\",\"name\":\"Poner en el centro a las familias, haci\u00e9ndolas protagonistas del proceso, la m\u00e1xima de Parentalidad Positiva | CFP Maresme\",\"isPartOf\":{\"@id\":\"https:\\\/\\\/cfpmaresme.org\\\/#website\"},\"primaryImageOfPage\":{\"@id\":\"https:\\\/\\\/cfpmaresme.org\\\/es\\\/poner-en-el-centro-a-las-familias-haciendolas-protagonistas-del-proceso-la-maxima-de-parentalidad-positiva\\\/#primaryimage\"},\"image\":{\"@id\":\"https:\\\/\\\/cfpmaresme.org\\\/es\\\/poner-en-el-centro-a-las-familias-haciendolas-protagonistas-del-proceso-la-maxima-de-parentalidad-positiva\\\/#primaryimage\"},\"thumbnailUrl\":\"https:\\\/\\\/cfpmaresme.org\\\/wp-content\\\/uploads\\\/2021\\\/02\\\/banner-castella-1.jpg\",\"datePublished\":\"2021-02-09T15:01:30+00:00\",\"dateModified\":\"2022-05-24T08:01:14+00:00\",\"author\":{\"@id\":\"https:\\\/\\\/cfpmaresme.org\\\/#\\\/schema\\\/person\\\/b2634bcd796fafc667ea4055f61b9b2c\"},\"breadcrumb\":{\"@id\":\"https:\\\/\\\/cfpmaresme.org\\\/es\\\/poner-en-el-centro-a-las-familias-haciendolas-protagonistas-del-proceso-la-maxima-de-parentalidad-positiva\\\/#breadcrumb\"},\"inLanguage\":\"es\",\"potentialAction\":[{\"@type\":\"ReadAction\",\"target\":[\"https:\\\/\\\/cfpmaresme.org\\\/es\\\/poner-en-el-centro-a-las-familias-haciendolas-protagonistas-del-proceso-la-maxima-de-parentalidad-positiva\\\/\"]}]},{\"@type\":\"ImageObject\",\"inLanguage\":\"es\",\"@id\":\"https:\\\/\\\/cfpmaresme.org\\\/es\\\/poner-en-el-centro-a-las-familias-haciendolas-protagonistas-del-proceso-la-maxima-de-parentalidad-positiva\\\/#primaryimage\",\"url\":\"https:\\\/\\\/cfpmaresme.org\\\/wp-content\\\/uploads\\\/2021\\\/02\\\/banner-castella-1.jpg\",\"contentUrl\":\"https:\\\/\\\/cfpmaresme.org\\\/wp-content\\\/uploads\\\/2021\\\/02\\\/banner-castella-1.jpg\",\"width\":846,\"height\":214},{\"@type\":\"BreadcrumbList\",\"@id\":\"https:\\\/\\\/cfpmaresme.org\\\/es\\\/poner-en-el-centro-a-las-familias-haciendolas-protagonistas-del-proceso-la-maxima-de-parentalidad-positiva\\\/#breadcrumb\",\"itemListElement\":[{\"@type\":\"ListItem\",\"position\":1,\"name\":\"Home\",\"item\":\"https:\\\/\\\/cfpmaresme.org\\\/es\\\/\"},{\"@type\":\"ListItem\",\"position\":2,\"name\":\"Poner en el centro a las familias, haci\u00e9ndolas protagonistas del proceso, la m\u00e1xima de Parentalidad Positiva\"}]},{\"@type\":\"WebSite\",\"@id\":\"https:\\\/\\\/cfpmaresme.org\\\/#website\",\"url\":\"https:\\\/\\\/cfpmaresme.org\\\/\",\"name\":\"CFP Maresme\",\"description\":\"Centre Formaci\u00f3 Prevenci\u00f3\",\"potentialAction\":[{\"@type\":\"SearchAction\",\"target\":{\"@type\":\"EntryPoint\",\"urlTemplate\":\"https:\\\/\\\/cfpmaresme.org\\\/?s={search_term_string}\"},\"query-input\":{\"@type\":\"PropertyValueSpecification\",\"valueRequired\":true,\"valueName\":\"search_term_string\"}}],\"inLanguage\":\"es\"},{\"@type\":\"Person\",\"@id\":\"https:\\\/\\\/cfpmaresme.org\\\/#\\\/schema\\\/person\\\/b2634bcd796fafc667ea4055f61b9b2c\",\"name\":\"CFPMaresme\"}]}<\/script>\n<!-- \/ Yoast SEO plugin. -->","yoast_head_json":{"title":"Poner en el centro a las familias, haci\u00e9ndolas protagonistas del proceso, la m\u00e1xima de Parentalidad Positiva | CFP Maresme","robots":{"index":"index","follow":"follow","max-snippet":"max-snippet:-1","max-image-preview":"max-image-preview:large","max-video-preview":"max-video-preview:-1"},"canonical":"https:\/\/cfpmaresme.org\/es\/poner-en-el-centro-a-las-familias-haciendolas-protagonistas-del-proceso-la-maxima-de-parentalidad-positiva\/","og_locale":"es_ES","og_type":"article","og_title":"Poner en el centro a las familias, haci\u00e9ndolas protagonistas del proceso, la m\u00e1xima de Parentalidad Positiva | CFP Maresme","og_description":"Por Sonia S\u00e1nchez Bartolom\u00e9, Psic\u00f3loga Sanitaria con maestr\u00eda en Terapia Sist\u00e9mica Familiar. Encargada del programa Parentalidad Positiva del CFP. Pong\u00e1monos en situaci\u00f3n: \u00bfqu\u00e9 recorrido ha seguido un infante hasta llegar a este recurso? Cuando un infante o adolescente es declarado en situaci\u00f3n de desamparo, la...","og_url":"https:\/\/cfpmaresme.org\/es\/poner-en-el-centro-a-las-familias-haciendolas-protagonistas-del-proceso-la-maxima-de-parentalidad-positiva\/","og_site_name":"CFP Maresme","article_published_time":"2021-02-09T15:01:30+00:00","article_modified_time":"2022-05-24T08:01:14+00:00","og_image":[{"width":846,"height":214,"url":"https:\/\/cfpmaresme.org\/wp-content\/uploads\/2021\/02\/banner-castella-1.jpg","type":"image\/jpeg"}],"author":"CFPMaresme","twitter_card":"summary_large_image","twitter_creator":"@cfpmaresme","twitter_site":"@cfpmaresme","twitter_misc":{"Escrito por":"CFPMaresme","Tiempo de lectura":"4 minutos"},"schema":{"@context":"https:\/\/schema.org","@graph":[{"@type":"Article","@id":"https:\/\/cfpmaresme.org\/es\/poner-en-el-centro-a-las-familias-haciendolas-protagonistas-del-proceso-la-maxima-de-parentalidad-positiva\/#article","isPartOf":{"@id":"https:\/\/cfpmaresme.org\/es\/poner-en-el-centro-a-las-familias-haciendolas-protagonistas-del-proceso-la-maxima-de-parentalidad-positiva\/"},"author":{"name":"CFPMaresme","@id":"https:\/\/cfpmaresme.org\/#\/schema\/person\/b2634bcd796fafc667ea4055f61b9b2c"},"headline":"Poner en el centro a las familias, haci\u00e9ndolas protagonistas del proceso, la m\u00e1xima de Parentalidad Positiva","datePublished":"2021-02-09T15:01:30+00:00","dateModified":"2022-05-24T08:01:14+00:00","mainEntityOfPage":{"@id":"https:\/\/cfpmaresme.org\/es\/poner-en-el-centro-a-las-familias-haciendolas-protagonistas-del-proceso-la-maxima-de-parentalidad-positiva\/"},"wordCount":888,"commentCount":0,"image":{"@id":"https:\/\/cfpmaresme.org\/es\/poner-en-el-centro-a-las-familias-haciendolas-protagonistas-del-proceso-la-maxima-de-parentalidad-positiva\/#primaryimage"},"thumbnailUrl":"https:\/\/cfpmaresme.org\/wp-content\/uploads\/2021\/02\/banner-castella-1.jpg","articleSection":["Art\u00edculos profesionales"],"inLanguage":"es"},{"@type":"WebPage","@id":"https:\/\/cfpmaresme.org\/es\/poner-en-el-centro-a-las-familias-haciendolas-protagonistas-del-proceso-la-maxima-de-parentalidad-positiva\/","url":"https:\/\/cfpmaresme.org\/es\/poner-en-el-centro-a-las-familias-haciendolas-protagonistas-del-proceso-la-maxima-de-parentalidad-positiva\/","name":"Poner en el centro a las familias, haci\u00e9ndolas protagonistas del proceso, la m\u00e1xima de Parentalidad Positiva | CFP Maresme","isPartOf":{"@id":"https:\/\/cfpmaresme.org\/#website"},"primaryImageOfPage":{"@id":"https:\/\/cfpmaresme.org\/es\/poner-en-el-centro-a-las-familias-haciendolas-protagonistas-del-proceso-la-maxima-de-parentalidad-positiva\/#primaryimage"},"image":{"@id":"https:\/\/cfpmaresme.org\/es\/poner-en-el-centro-a-las-familias-haciendolas-protagonistas-del-proceso-la-maxima-de-parentalidad-positiva\/#primaryimage"},"thumbnailUrl":"https:\/\/cfpmaresme.org\/wp-content\/uploads\/2021\/02\/banner-castella-1.jpg","datePublished":"2021-02-09T15:01:30+00:00","dateModified":"2022-05-24T08:01:14+00:00","author":{"@id":"https:\/\/cfpmaresme.org\/#\/schema\/person\/b2634bcd796fafc667ea4055f61b9b2c"},"breadcrumb":{"@id":"https:\/\/cfpmaresme.org\/es\/poner-en-el-centro-a-las-familias-haciendolas-protagonistas-del-proceso-la-maxima-de-parentalidad-positiva\/#breadcrumb"},"inLanguage":"es","potentialAction":[{"@type":"ReadAction","target":["https:\/\/cfpmaresme.org\/es\/poner-en-el-centro-a-las-familias-haciendolas-protagonistas-del-proceso-la-maxima-de-parentalidad-positiva\/"]}]},{"@type":"ImageObject","inLanguage":"es","@id":"https:\/\/cfpmaresme.org\/es\/poner-en-el-centro-a-las-familias-haciendolas-protagonistas-del-proceso-la-maxima-de-parentalidad-positiva\/#primaryimage","url":"https:\/\/cfpmaresme.org\/wp-content\/uploads\/2021\/02\/banner-castella-1.jpg","contentUrl":"https:\/\/cfpmaresme.org\/wp-content\/uploads\/2021\/02\/banner-castella-1.jpg","width":846,"height":214},{"@type":"BreadcrumbList","@id":"https:\/\/cfpmaresme.org\/es\/poner-en-el-centro-a-las-familias-haciendolas-protagonistas-del-proceso-la-maxima-de-parentalidad-positiva\/#breadcrumb","itemListElement":[{"@type":"ListItem","position":1,"name":"Home","item":"https:\/\/cfpmaresme.org\/es\/"},{"@type":"ListItem","position":2,"name":"Poner en el centro a las familias, haci\u00e9ndolas protagonistas del proceso, la m\u00e1xima de Parentalidad Positiva"}]},{"@type":"WebSite","@id":"https:\/\/cfpmaresme.org\/#website","url":"https:\/\/cfpmaresme.org\/","name":"CFP Maresme","description":"Centre Formaci\u00f3 Prevenci\u00f3","potentialAction":[{"@type":"SearchAction","target":{"@type":"EntryPoint","urlTemplate":"https:\/\/cfpmaresme.org\/?s={search_term_string}"},"query-input":{"@type":"PropertyValueSpecification","valueRequired":true,"valueName":"search_term_string"}}],"inLanguage":"es"},{"@type":"Person","@id":"https:\/\/cfpmaresme.org\/#\/schema\/person\/b2634bcd796fafc667ea4055f61b9b2c","name":"CFPMaresme"}]}},"_links":{"self":[{"href":"https:\/\/cfpmaresme.org\/es\/wp-json\/wp\/v2\/posts\/23182","targetHints":{"allow":["GET"]}}],"collection":[{"href":"https:\/\/cfpmaresme.org\/es\/wp-json\/wp\/v2\/posts"}],"about":[{"href":"https:\/\/cfpmaresme.org\/es\/wp-json\/wp\/v2\/types\/post"}],"author":[{"embeddable":true,"href":"https:\/\/cfpmaresme.org\/es\/wp-json\/wp\/v2\/users\/2"}],"replies":[{"embeddable":true,"href":"https:\/\/cfpmaresme.org\/es\/wp-json\/wp\/v2\/comments?post=23182"}],"version-history":[{"count":2,"href":"https:\/\/cfpmaresme.org\/es\/wp-json\/wp\/v2\/posts\/23182\/revisions"}],"predecessor-version":[{"id":23188,"href":"https:\/\/cfpmaresme.org\/es\/wp-json\/wp\/v2\/posts\/23182\/revisions\/23188"}],"wp:featuredmedia":[{"embeddable":true,"href":"https:\/\/cfpmaresme.org\/es\/wp-json\/wp\/v2\/media\/23186"}],"wp:attachment":[{"href":"https:\/\/cfpmaresme.org\/es\/wp-json\/wp\/v2\/media?parent=23182"}],"wp:term":[{"taxonomy":"category","embeddable":true,"href":"https:\/\/cfpmaresme.org\/es\/wp-json\/wp\/v2\/categories?post=23182"},{"taxonomy":"post_tag","embeddable":true,"href":"https:\/\/cfpmaresme.org\/es\/wp-json\/wp\/v2\/tags?post=23182"}],"curies":[{"name":"wp","href":"https:\/\/api.w.org\/{rel}","templated":true}]}}