{"id":23252,"date":"2021-02-14T20:34:42","date_gmt":"2021-02-14T18:34:42","guid":{"rendered":"https:\/\/www.cfpmaresme.org\/?p=23252"},"modified":"2022-05-24T09:41:19","modified_gmt":"2022-05-24T07:41:19","slug":"a-veces-las-personas-que-tienen-una-problematica-de-salud-mental-estan-muy-invisibilizadas-vamos-por-buen-camino-y-cada-vez-son-mas-escuchadas","status":"publish","type":"post","link":"https:\/\/cfpmaresme.org\/es\/a-veces-las-personas-que-tienen-una-problematica-de-salud-mental-estan-muy-invisibilizadas-vamos-por-buen-camino-y-cada-vez-son-mas-escuchadas\/","title":{"rendered":"A veces las personas que tienen una problem\u00e1tica de salud mental est\u00e1n muy invisibilizadas. Vamos por buen camino y cada vez son m\u00e1s escuchadas"},"content":{"rendered":"<h4>Por Carla Cruells, responsable de comunicaci\u00f3n del CFP.<\/h4>\n<p>&nbsp;<\/p>\n<h3>Perfil<\/h3>\n<h4>Enfermera, postgraduada en Salud Mental Colectiva. S\u00edlvia tiene una amplia experiencia en Centros de Salud Mental y \u00e1mbitos basados en la parte social del individuo y en el rol de la enfermera en tareas comunitarias que ayuden a la autonom\u00eda de las personas. Paralelamente, junto con un compa\u00f1ero, cre\u00f3 un proyecto radiof\u00f3nico en Matar\u00f3 para reivindicar una inclusi\u00f3n real, dar voz a las personas con una problem\u00e1tica de salud mental y luchas contra el estigma hacia este colectivo.<\/h4>\n<p>&nbsp;<\/p>\n<h3>LA ENTREVISTA<\/h3>\n<p>&nbsp;<\/p>\n<h3>Los talleres de radio de los SRC y la Comisi\u00f3n de salud mental Maresme Barcelona<\/h3>\n<p>&nbsp;<\/p>\n<p><strong>Coordinas los talleres de radio de los SRC del CFP: Pati Interior, de Matar\u00f3 y Bricura, de Premi\u00e0. \u00bfNos puedes explicar un poco en qu\u00e9 consisten y el rol de los participantes?\u00a0<\/strong><\/p>\n<p>La organizaci\u00f3n de los dos talleres es similar, la diferencia rae m\u00e1s en los contenidos. Las <strong>tem\u00e1ticas<\/strong> de las que hablamos dependen de los deseos y <strong>motivaciones de los participantes. <\/strong>Nos reunimos una vez a la semana y cada uno hace una propuesta tem\u00e1tica. Algunos deciden siempre\u00a0 hablar de lo mismo y especializarse en el tema en cuesti\u00f3n y, otros, cada programa tratan una tem\u00e1tica distinta. En Premi\u00e0 suelen ser de los primeros y, en Matar\u00f3, hablan m\u00e1s de lo que les apetece en cada momento. Las dos semanas siguientes de hacer la propuesta, la trabajan. Adem\u00e1s, en cada programa mensual<strong> intentamos traer una entidad<\/strong>, asociaci\u00f3n<strong> o personaje del pueblo <\/strong>porque nos hable de sus proyectos, para crear v\u00ednculos y hacer red en la comunidad.<\/p>\n<p><strong>\u00a0<\/strong><\/p>\n<p><strong>\u00bfCu\u00e1l es tu tarea como coordinadora?\u00a0<\/strong><\/p>\n<p>En esencia consiste en crear un espacio donde ellos y ellas est\u00e9n c\u00f3modos porqu\u00e9, a partir de din\u00e1micas, puedan expresarse y preparar la tem\u00e1tica elegida y compartirla con el grupo. En ning\u00fan momento les digo ten\u00e9is que hablar de esto sino que <strong>creo como din\u00e1micas porque puedan decir la suya <\/strong>y, si quieren, hacer secciones conjuntas.<\/p>\n<p>Tambi\u00e9n a veces les ayudo a buscar o orientar el contenido del tema que quieren hablar. Por ejemplo, si me comentan que quieren hablar de un tema pero no saben c\u00f3mo enfocarlo o de d\u00f3nde sacar el contenido, busco los recursos o ideas de sitios d\u00f3nde consultar la informaci\u00f3n.<\/p>\n<p>&nbsp;<\/p>\n<p><strong>Form\u00e1is parte de la Comisi\u00f3n de radios de Salud Mental del Maresme Barcelona. \u00bfC\u00f3mo naci\u00f3?\u00a0<\/strong><\/p>\n<p>La comisi\u00f3n surgi\u00f3 de una conferencia que se hizo en Barcelona a finales del 2019. Trataba sobre radio y voz en primera persona y se presentaban proyectos de radio similares al nuestro, un de ellos era el de la asociaci\u00f3n Arep. Nosotros asistimos como p\u00fablico y algunos de los participantes explicaron qu\u00e9 hacemos en los talleres. A principios del 2020 hicimos una quedada de los distintos proyectos de radio vinculados a alg\u00fan centro de salud mental, servicio de rehabilitaci\u00f3n o club social y comentamos qu\u00e9 cosas nos gustar\u00eda hacer conjuntamente.<\/p>\n<p>&nbsp;<\/p>\n<p><strong>\u00bfAhora ha quedado un poco parado no, por el tema Covid19?\u00a0<\/strong><\/p>\n<p>Exacto. Desde aquella reuni\u00f3n hubieron c\u00f3mo muchas ideas. Desde formaci\u00f3n a nivel de radio, creaci\u00f3n de una plataforma para dar m\u00e1s visibilidad a los programas, creaci\u00f3n de eventos o programas conjuntos. Pero claro&#8230;de repente nos encontramos con que nos confinan y esto ha quedado un poco parado. Aun as\u00ed, nos hemos ido reuniendo de manera telem\u00e1tica pero es complicado ver qu\u00e9 hacemos.<\/p>\n<p>Un tema interesante que debatimos es si esta comisi\u00f3n tendr\u00eda que estar solamente enfocada a colectivos de salud mental o bien abrirlo a colectivos tambi\u00e9n vinculados a la comunidad como pueden ser colectivos de g\u00e9nero o inmigraci\u00f3n. Parece ser que ir\u00e1 hacia esta direcci\u00f3n: enfocarlo a <strong>colectivos de radios que inciden a la comunidad.\u00a0<\/strong><\/p>\n<p>&nbsp;<\/p>\n<h3>Comunicaci\u00f3n y salud mental<\/h3>\n<p>&nbsp;<\/p>\n<p><strong>\u00bfC\u00f3mo afrontan personas comunicadoras con\u00a0 una problem\u00e1tica de salud mental, que hablan por radio recurrentemente, hablar sobre \u00e9ste tema?\u00a0<\/strong><\/p>\n<p>Hay un poco de todo. A algunos s\u00ed que les gusta hablar de salud mental y hacen un enfoque como muy activista, transmiten que hablan de este tema porque quieren luchar contra el estigma y reivindicar. En cambio, otros, no lo quieren mostrar tanto y prefieren hablar de otras tem\u00e1ticas; por ejemplo, uno de ellos habla mucho de m\u00fasica porque por \u00e9l es importante y, seguramente, le ayuda a afrontar muchas situaciones de su vida y por esto le gusta hablar de este tema.<\/p>\n<p>Creo que es interesante que puedan hablar de salud mental y compartirlo entre ellos y ellas, pero que hablen de otras tem\u00e1ticas como hacen otros locutores me parece muy v\u00e1lido y, a la vez, ayuda a normalizar m\u00e1s su situaci\u00f3n. En el caso de Premia, por ejemplo, no hablan mucho de salud mental y en Matar\u00f3, en cambio, a las mujeres (por cierto, todas son mujeres) les encanta hablar de este tema desde una vertiente m\u00e1s emocional, no tanto de la parte m\u00e9dica y de diagn\u00f3stico.<\/p>\n<p>&nbsp;<\/p>\n<p><strong>\u00bfC\u00f3mo puede ayudar la comunicaci\u00f3n en el proceso de recuperaci\u00f3n de estas personas?\u00a0<\/strong><\/p>\n<p>Hay muchos beneficios. A nivel general, primero de todo, el<strong> protagonismo<\/strong> y la <strong>seguridad<\/strong> que les da a la hora de decir lo que piensan por el hecho de estar dentro de un grupo donde preparan una secci\u00f3n, otras personas las escuchan y se crea una conversaci\u00f3n. En segundo lugar, que se <strong>\u00a0visibilizan <\/strong>las personas con una problem\u00e1tica de salud mental creo que vamos por buen camino ya que cada vez son m\u00e1s escuchadas.<\/p>\n<p>Tambi\u00e9n les ayuda mucho <strong>a nivel comunitario<\/strong>. Aprovechamos los programas para hacer red con entidades locales. Vienen personas de asociaciones o proyectos a hablar a la radio, ellos preparan las preguntas y conocen una entidad de su pueblo y, si ven que les aporta beneficios, se vinculan con ella.<\/p>\n<p>&nbsp;<\/p>\n<p><strong>La radio es voz. \u00bfCrees que este canal es m\u00e1s c\u00f3modo para ellas o que ser\u00eda tambi\u00e9n viable hacerlo en un formato donde pusiesen cada a su realidad como es la televisi\u00f3n?\u00a0<\/strong><\/p>\n<p>La radio es voz y se los escucha, creo que esto la hace muy potente. Creo que el hecho de que alguien est\u00e9 escuchando la radio desde su casa hace que diga: \u00ab\u00a1Ei, qu\u00e9 cosas m\u00e1s interesantes que dicen!\u00bb y se quedan con el mensaje. Yo de tele nunca he hecho nada pero creo que puede ser una v\u00eda de comunicaci\u00f3n potente para luchar para una inclusi\u00f3n real del colectivo.<\/p>\n<p>Creo que se quieran mostrar o no depender\u00e1 de las experiencias personales. Si no han tenido de buenas, quiz\u00e1s no se querr\u00e1n mostrar y la voz es una manera de decir la suya pero, a la vez, de esconderse del resto.<\/p>\n<p>&nbsp;<\/p>\n<h3>Confinamiento y radio<\/h3>\n<p><strong>Durante el confinamiento os tuvisteis que reinventar, en tiempo r\u00e9cord, para seguir con vuestra actividad. \u00bfC\u00f3mo vivisteis este proceso?\u00a0\u00a0<\/strong><\/p>\n<p>Personalmente tuve que investigar varios programas: que si ahora Skype, que si ahora Jitsi, que si se me borra el programa&#8230;Para poder hacer conexiones telem\u00e1ticas y tambi\u00e9n aprender a editar los programas de manera autodidacta.<\/p>\n<p>Con los participantes en el taller, el trabajo fue adaptarnos a cada uno. Algunos dominaban perfectamente las nuevas tecnolog\u00edas y otros nada. Entonces para seguir trabajando buscamos maneras de hacer actividades viables. Con el grupo de Matar\u00f3 pudimos grabar semanalmente un programa y se pudo emitir. \u00a1Estuvimos muy contentas! Normalmente grabamos un programa mensual y, durante el confinamiento, hicimos uno a la semana.<\/p>\n<p>&nbsp;<\/p>\n<p><strong>Y erais los que m\u00e1s contenido dabais de largo para la p\u00e1gina <a href=\"\/?cat_ID=1197\" target=\"_blank\" rel=\"noopener noreferrer\">CFP des de casa<\/a>.<\/strong><\/p>\n<p>S\u00ed, s\u00ed, fue guai! Para ellos\/as tambi\u00e9n tener el momento de la semana de decir: \u00abaunque no pueda hacer nada y est\u00e9 bajo de moral, almenos podemos hacer radio\u00bb y continuar con nuestros objetivos. va ser guai!<\/p>\n<p>Para aquellos que no ten\u00edan tanta facilidad para conectarse telem\u00e1ticamente decidimos que generasen contenidos y, en lugar de programas, hac\u00edan recomendaciones cin\u00e9filas, reflexiones&#8230;y las public\u00e1bamos en la p\u00e1gina CFP desde casa.\u00a0 <strong>A pesar de la situaci\u00f3n, pudimos continuar.\u00a0<\/strong><\/p>\n<p>&nbsp;<\/p>\n<h3>Trabajo comunitario e inclusi\u00f3n<\/h3>\n<p><strong>Despu\u00e9s de hacer el posgrado de Salud Mental Colectiva hiciste un voluntariado en Italia para descubrir el modelo de salud mental de all\u00ed, donde las enfermeras realizan tareas m\u00e1s comunitarias. \u00bfC\u00f3mo explicar\u00edas la diferencia entre este modelo y el de nuestro territorio?\u00a0<\/strong><\/p>\n<p>Una de las cosas que hac\u00edamos en el posgrado era cuestionarnos en modelo existente aqu\u00ed y nos explicaban otros modelos. Uno de ellos era el de Trieste. Por mi lado tambi\u00e9n investigu\u00e9 mucho sobre el cuestionamiento del sistema psiqui\u00e1trico que tenemos aqu\u00ed, que se basa sobretodo en la parte m\u00e1s cl\u00ednica. Es decir, se centra en el diagn\u00f3stico y no da lo mismo por la parte social, el contexto econ\u00f3mico, etc. que rodean a la persona, adem\u00e1s de la vertiente biol\u00f3gica.<\/p>\n<p>&nbsp;<\/p>\n<p><strong>\u00bfQu\u00e9 descubriste en Trieste?\u00a0<\/strong><\/p>\n<p>Trieste para m\u00ed fue todo un referente en lo que se refiere al trabajo comunitario en salud mental. Este modelo lo desarroll\u00f3 un psiquiatra que se llama Franco Basaslia y su equipo, hicieron una reforma psiqui\u00e1trica basada en<strong> dejar atr\u00e1s<\/strong> los <strong>hospitales psiqui\u00e1tricos <\/strong>y hacer que <strong>la referencia<\/strong> por las personas usuarias fueran los <strong>centros comunitarios de salud mental.\u00a0<\/strong><\/p>\n<p>Lo primero que vi es un trabajo de poner la persona en el centro, m\u00e1s humanitario y no tan un trabajo sanitario o cl\u00ednico. A veces pongo el ejemplo de que, cuando fue a lo que ser\u00eda el equivalente a un CSMA, <strong>\u00a0las enfermeras o psiquiatras no llevaban bata blanca<\/strong>. Para m\u00ed fue \u00a1Uau! Se ponen a un nivel m\u00e1s de tu a tu, no el poder del m\u00e9dico de bata blanca. Esto fue de las primeras impresiones que me llev\u00e9. Aqu\u00ed tenemos recursos comunitarios, como los SRC pero la principal diferencia respecto la estructura de aqu\u00ed que vi es esta.<\/p>\n<p>La idea es que all\u00ed e<strong>l trabajo comunitario <\/strong>es mucho m\u00e1s <strong>multidisciplinar<\/strong> que aqu\u00ed, donde el enfoque es m\u00e1s cl\u00ednico y no se da tanta importancia al trabajo comunitario. Por ejemplo, yo aqu\u00ed\u00a0 como enfermera he tenido mucha suerte en el CFP porque encontrar trabajo en trabajo comunitario siendo enfermera es complicado.<\/p>\n<p>All\u00ed, adem\u00e1s, los centros comunitarios est\u00e1n repartidos por toda la ciudad y est\u00e1n concebidos como casas. Aqu\u00ed los CSMA son como ambulatorios y all\u00ed, en cambio, como hogares, abiertos 4 horas y muy flexibles en cuanto a maneras de intervenir, donde adem\u00e1s, cuando lo necesiten, las personas usuarias podr\u00e1n pasar su ingreso.<\/p>\n<p><strong>\u00a0<\/strong><\/p>\n<p><strong>Entonces, \u00bfLo que aqu\u00ed entendemos como hospital, CAP y SRC, est\u00e1 unificado, verdad?<\/strong><\/p>\n<p>Exacto, es esto. Conviven personas que van a hacer actividades puntuales con otras que est\u00e1n ingresadas. Tambi\u00e9n existe la opci\u00f3n de hacer atenci\u00f3n domiciliaria. Es decir, si una persona no quiere ingresar, los profesionales pueden ir a tratarla en su casa y la relaci\u00f3n entre paciente y profesional es m\u00e1s horizontal.<\/p>\n<p>En estos centros tambi\u00e9n van personas que est\u00e1n estables y recuperadas a hacer <strong>\u201cAyuda entre iguales\u00bb\u201d<\/strong>. Es lo que en los SRC del CFP ser\u00edan los Pacientes con Experiencia.Organizan actividades y charlas para ayudar a las personas que en ese momento est\u00e1n siendo atendidas. Me parece muy interesante porque yo puedo ayudar a qui\u00e9n tiene un trastorno mental pero las personas que lo han sufrido y se han recuperado empatizar\u00e1n y entender\u00e1n mucho mejor las personas con un problema de salud mental. Adem\u00e1s, hay <strong>cooperativas sociales<\/strong>, como aqu\u00ed podr\u00eda ser la parte Prelaboral donde pueden ir, trabajar y participar.<\/p>\n<p>&nbsp;<\/p>\n<p><strong>\u00bfC\u00f3mo se consigue la inclusi\u00f3n total de personas con una problem\u00e1tica de salud mental en la comunidad?\u00a0<\/strong><\/p>\n<p>Creo que estamos lejos de conseguir la inclusi\u00f3n real, ojal\u00e1 existiese como una f\u00f3rmula perfecta para conseguirlo pero queda mucho trabajo por hacer. Una de las primeras cosas que se tendr\u00eda que hacer para conseguir una inclusi\u00f3n real es cambiar la <strong>mentalidad de la sociedad entorno de la salud mental. <\/strong>Hoy en d\u00eda todav\u00eda estamos poniendo la importancia en los diagn\u00f3sticos y en los s\u00edntomas que acompa\u00f1an a las enfermedades y quiz\u00e1s nos tendr\u00edamos que cuestionar un poco esto y <strong>dar m\u00e1s peso a la experiencia subjetiva<\/strong> de las personas que se ven atravesadas por este sufrimiento. En lugar de preguntar qu\u00e9 s\u00edntomas tienes, que el profesional pregunte m\u00e1s qu\u00e9 te preocupa. Mucha gente que puede tener una enfermedad quiz\u00e1s le viene\u00a0 por un trauma de peque\u00f1o o porque ha perdido el trabajo o de mil cosas que no vienen de un diagn\u00f3stico en salud mental. <strong>Cada uno tiene su historia de vida.\u00a0<\/strong><\/p>\n<p>&nbsp;<\/p>\n<p>&nbsp;<\/p>\n","protected":false},"excerpt":{"rendered":"<p>Por Carla Cruells, responsable de comunicaci\u00f3n del CFP. &nbsp; Perfil Enfermera, postgraduada en Salud Mental Colectiva. S\u00edlvia tiene una amplia experiencia en Centros de Salud Mental y \u00e1mbitos basados en la parte social del individuo y en el rol de la enfermera en tareas comunitarias&#8230;<\/p>\n","protected":false},"author":2,"featured_media":23239,"comment_status":"open","ping_status":"open","sticky":false,"template":"","format":"standard","meta":{"footnotes":""},"categories":[1258],"tags":[],"class_list":["post-23252","post","type-post","status-publish","format-standard","has-post-thumbnail","hentry","category-entrevistas"],"yoast_head":"<!-- This site is optimized with the Yoast SEO plugin v27.4 - https:\/\/yoast.com\/product\/yoast-seo-wordpress\/ -->\n<title>A veces las personas que tienen una problem\u00e1tica de salud mental est\u00e1n muy invisibilizadas. Vamos por buen camino y cada vez son m\u00e1s escuchadas | CFP Maresme<\/title>\n<meta name=\"robots\" content=\"index, follow, max-snippet:-1, max-image-preview:large, max-video-preview:-1\" \/>\n<link rel=\"canonical\" href=\"https:\/\/cfpmaresme.org\/es\/a-veces-las-personas-que-tienen-una-problematica-de-salud-mental-estan-muy-invisibilizadas-vamos-por-buen-camino-y-cada-vez-son-mas-escuchadas\/\" \/>\n<meta property=\"og:locale\" content=\"es_ES\" \/>\n<meta property=\"og:type\" content=\"article\" \/>\n<meta property=\"og:title\" content=\"A veces las personas que tienen una problem\u00e1tica de salud mental est\u00e1n muy invisibilizadas. Vamos por buen camino y cada vez son m\u00e1s escuchadas | CFP Maresme\" \/>\n<meta property=\"og:description\" content=\"Por Carla Cruells, responsable de comunicaci\u00f3n del CFP. &nbsp; Perfil Enfermera, postgraduada en Salud Mental Colectiva. S\u00edlvia tiene una amplia experiencia en Centros de Salud Mental y \u00e1mbitos basados en la parte social del individuo y en el rol de la enfermera en tareas comunitarias...\" \/>\n<meta property=\"og:url\" content=\"https:\/\/cfpmaresme.org\/es\/a-veces-las-personas-que-tienen-una-problematica-de-salud-mental-estan-muy-invisibilizadas-vamos-por-buen-camino-y-cada-vez-son-mas-escuchadas\/\" \/>\n<meta property=\"og:site_name\" content=\"CFP Maresme\" \/>\n<meta property=\"article:published_time\" content=\"2021-02-14T18:34:42+00:00\" \/>\n<meta property=\"article:modified_time\" content=\"2022-05-24T07:41:19+00:00\" \/>\n<meta property=\"og:image\" content=\"https:\/\/cfpmaresme.org\/wp-content\/uploads\/2021\/02\/banner-silvia.jpg\" \/>\n\t<meta property=\"og:image:width\" content=\"653\" \/>\n\t<meta property=\"og:image:height\" content=\"209\" \/>\n\t<meta property=\"og:image:type\" content=\"image\/jpeg\" \/>\n<meta name=\"author\" content=\"CFPMaresme\" \/>\n<meta name=\"twitter:card\" content=\"summary_large_image\" \/>\n<meta name=\"twitter:creator\" content=\"@cfpmaresme\" \/>\n<meta name=\"twitter:site\" content=\"@cfpmaresme\" \/>\n<meta name=\"twitter:label1\" content=\"Escrito por\" \/>\n\t<meta name=\"twitter:data1\" content=\"CFPMaresme\" \/>\n\t<meta name=\"twitter:label2\" content=\"Tiempo de lectura\" \/>\n\t<meta name=\"twitter:data2\" content=\"11 minutos\" \/>\n<script type=\"application\/ld+json\" class=\"yoast-schema-graph\">{\"@context\":\"https:\\\/\\\/schema.org\",\"@graph\":[{\"@type\":\"Article\",\"@id\":\"https:\\\/\\\/cfpmaresme.org\\\/es\\\/a-veces-las-personas-que-tienen-una-problematica-de-salud-mental-estan-muy-invisibilizadas-vamos-por-buen-camino-y-cada-vez-son-mas-escuchadas\\\/#article\",\"isPartOf\":{\"@id\":\"https:\\\/\\\/cfpmaresme.org\\\/es\\\/a-veces-las-personas-que-tienen-una-problematica-de-salud-mental-estan-muy-invisibilizadas-vamos-por-buen-camino-y-cada-vez-son-mas-escuchadas\\\/\"},\"author\":{\"name\":\"CFPMaresme\",\"@id\":\"https:\\\/\\\/cfpmaresme.org\\\/#\\\/schema\\\/person\\\/b2634bcd796fafc667ea4055f61b9b2c\"},\"headline\":\"A veces las personas que tienen una problem\u00e1tica de salud mental est\u00e1n muy invisibilizadas. Vamos por buen camino y cada vez son m\u00e1s escuchadas\",\"datePublished\":\"2021-02-14T18:34:42+00:00\",\"dateModified\":\"2022-05-24T07:41:19+00:00\",\"mainEntityOfPage\":{\"@id\":\"https:\\\/\\\/cfpmaresme.org\\\/es\\\/a-veces-las-personas-que-tienen-una-problematica-de-salud-mental-estan-muy-invisibilizadas-vamos-por-buen-camino-y-cada-vez-son-mas-escuchadas\\\/\"},\"wordCount\":2225,\"commentCount\":0,\"image\":{\"@id\":\"https:\\\/\\\/cfpmaresme.org\\\/es\\\/a-veces-las-personas-que-tienen-una-problematica-de-salud-mental-estan-muy-invisibilizadas-vamos-por-buen-camino-y-cada-vez-son-mas-escuchadas\\\/#primaryimage\"},\"thumbnailUrl\":\"https:\\\/\\\/cfpmaresme.org\\\/wp-content\\\/uploads\\\/2021\\\/02\\\/banner-silvia.jpg\",\"articleSection\":[\"Entrevistas\"],\"inLanguage\":\"es\"},{\"@type\":\"WebPage\",\"@id\":\"https:\\\/\\\/cfpmaresme.org\\\/es\\\/a-veces-las-personas-que-tienen-una-problematica-de-salud-mental-estan-muy-invisibilizadas-vamos-por-buen-camino-y-cada-vez-son-mas-escuchadas\\\/\",\"url\":\"https:\\\/\\\/cfpmaresme.org\\\/es\\\/a-veces-las-personas-que-tienen-una-problematica-de-salud-mental-estan-muy-invisibilizadas-vamos-por-buen-camino-y-cada-vez-son-mas-escuchadas\\\/\",\"name\":\"A veces las personas que tienen una problem\u00e1tica de salud mental est\u00e1n muy invisibilizadas. Vamos por buen camino y cada vez son m\u00e1s escuchadas | CFP Maresme\",\"isPartOf\":{\"@id\":\"https:\\\/\\\/cfpmaresme.org\\\/#website\"},\"primaryImageOfPage\":{\"@id\":\"https:\\\/\\\/cfpmaresme.org\\\/es\\\/a-veces-las-personas-que-tienen-una-problematica-de-salud-mental-estan-muy-invisibilizadas-vamos-por-buen-camino-y-cada-vez-son-mas-escuchadas\\\/#primaryimage\"},\"image\":{\"@id\":\"https:\\\/\\\/cfpmaresme.org\\\/es\\\/a-veces-las-personas-que-tienen-una-problematica-de-salud-mental-estan-muy-invisibilizadas-vamos-por-buen-camino-y-cada-vez-son-mas-escuchadas\\\/#primaryimage\"},\"thumbnailUrl\":\"https:\\\/\\\/cfpmaresme.org\\\/wp-content\\\/uploads\\\/2021\\\/02\\\/banner-silvia.jpg\",\"datePublished\":\"2021-02-14T18:34:42+00:00\",\"dateModified\":\"2022-05-24T07:41:19+00:00\",\"author\":{\"@id\":\"https:\\\/\\\/cfpmaresme.org\\\/#\\\/schema\\\/person\\\/b2634bcd796fafc667ea4055f61b9b2c\"},\"breadcrumb\":{\"@id\":\"https:\\\/\\\/cfpmaresme.org\\\/es\\\/a-veces-las-personas-que-tienen-una-problematica-de-salud-mental-estan-muy-invisibilizadas-vamos-por-buen-camino-y-cada-vez-son-mas-escuchadas\\\/#breadcrumb\"},\"inLanguage\":\"es\",\"potentialAction\":[{\"@type\":\"ReadAction\",\"target\":[\"https:\\\/\\\/cfpmaresme.org\\\/es\\\/a-veces-las-personas-que-tienen-una-problematica-de-salud-mental-estan-muy-invisibilizadas-vamos-por-buen-camino-y-cada-vez-son-mas-escuchadas\\\/\"]}]},{\"@type\":\"ImageObject\",\"inLanguage\":\"es\",\"@id\":\"https:\\\/\\\/cfpmaresme.org\\\/es\\\/a-veces-las-personas-que-tienen-una-problematica-de-salud-mental-estan-muy-invisibilizadas-vamos-por-buen-camino-y-cada-vez-son-mas-escuchadas\\\/#primaryimage\",\"url\":\"https:\\\/\\\/cfpmaresme.org\\\/wp-content\\\/uploads\\\/2021\\\/02\\\/banner-silvia.jpg\",\"contentUrl\":\"https:\\\/\\\/cfpmaresme.org\\\/wp-content\\\/uploads\\\/2021\\\/02\\\/banner-silvia.jpg\",\"width\":653,\"height\":209},{\"@type\":\"BreadcrumbList\",\"@id\":\"https:\\\/\\\/cfpmaresme.org\\\/es\\\/a-veces-las-personas-que-tienen-una-problematica-de-salud-mental-estan-muy-invisibilizadas-vamos-por-buen-camino-y-cada-vez-son-mas-escuchadas\\\/#breadcrumb\",\"itemListElement\":[{\"@type\":\"ListItem\",\"position\":1,\"name\":\"Home\",\"item\":\"https:\\\/\\\/cfpmaresme.org\\\/es\\\/\"},{\"@type\":\"ListItem\",\"position\":2,\"name\":\"A veces las personas que tienen una problem\u00e1tica de salud mental est\u00e1n muy invisibilizadas. Vamos por buen camino y cada vez son m\u00e1s escuchadas\"}]},{\"@type\":\"WebSite\",\"@id\":\"https:\\\/\\\/cfpmaresme.org\\\/#website\",\"url\":\"https:\\\/\\\/cfpmaresme.org\\\/\",\"name\":\"CFP Maresme\",\"description\":\"Centre Formaci\u00f3 Prevenci\u00f3\",\"potentialAction\":[{\"@type\":\"SearchAction\",\"target\":{\"@type\":\"EntryPoint\",\"urlTemplate\":\"https:\\\/\\\/cfpmaresme.org\\\/?s={search_term_string}\"},\"query-input\":{\"@type\":\"PropertyValueSpecification\",\"valueRequired\":true,\"valueName\":\"search_term_string\"}}],\"inLanguage\":\"es\"},{\"@type\":\"Person\",\"@id\":\"https:\\\/\\\/cfpmaresme.org\\\/#\\\/schema\\\/person\\\/b2634bcd796fafc667ea4055f61b9b2c\",\"name\":\"CFPMaresme\"}]}<\/script>\n<!-- \/ Yoast SEO plugin. -->","yoast_head_json":{"title":"A veces las personas que tienen una problem\u00e1tica de salud mental est\u00e1n muy invisibilizadas. Vamos por buen camino y cada vez son m\u00e1s escuchadas | CFP Maresme","robots":{"index":"index","follow":"follow","max-snippet":"max-snippet:-1","max-image-preview":"max-image-preview:large","max-video-preview":"max-video-preview:-1"},"canonical":"https:\/\/cfpmaresme.org\/es\/a-veces-las-personas-que-tienen-una-problematica-de-salud-mental-estan-muy-invisibilizadas-vamos-por-buen-camino-y-cada-vez-son-mas-escuchadas\/","og_locale":"es_ES","og_type":"article","og_title":"A veces las personas que tienen una problem\u00e1tica de salud mental est\u00e1n muy invisibilizadas. Vamos por buen camino y cada vez son m\u00e1s escuchadas | CFP Maresme","og_description":"Por Carla Cruells, responsable de comunicaci\u00f3n del CFP. &nbsp; Perfil Enfermera, postgraduada en Salud Mental Colectiva. S\u00edlvia tiene una amplia experiencia en Centros de Salud Mental y \u00e1mbitos basados en la parte social del individuo y en el rol de la enfermera en tareas comunitarias...","og_url":"https:\/\/cfpmaresme.org\/es\/a-veces-las-personas-que-tienen-una-problematica-de-salud-mental-estan-muy-invisibilizadas-vamos-por-buen-camino-y-cada-vez-son-mas-escuchadas\/","og_site_name":"CFP Maresme","article_published_time":"2021-02-14T18:34:42+00:00","article_modified_time":"2022-05-24T07:41:19+00:00","og_image":[{"width":653,"height":209,"url":"https:\/\/cfpmaresme.org\/wp-content\/uploads\/2021\/02\/banner-silvia.jpg","type":"image\/jpeg"}],"author":"CFPMaresme","twitter_card":"summary_large_image","twitter_creator":"@cfpmaresme","twitter_site":"@cfpmaresme","twitter_misc":{"Escrito por":"CFPMaresme","Tiempo de lectura":"11 minutos"},"schema":{"@context":"https:\/\/schema.org","@graph":[{"@type":"Article","@id":"https:\/\/cfpmaresme.org\/es\/a-veces-las-personas-que-tienen-una-problematica-de-salud-mental-estan-muy-invisibilizadas-vamos-por-buen-camino-y-cada-vez-son-mas-escuchadas\/#article","isPartOf":{"@id":"https:\/\/cfpmaresme.org\/es\/a-veces-las-personas-que-tienen-una-problematica-de-salud-mental-estan-muy-invisibilizadas-vamos-por-buen-camino-y-cada-vez-son-mas-escuchadas\/"},"author":{"name":"CFPMaresme","@id":"https:\/\/cfpmaresme.org\/#\/schema\/person\/b2634bcd796fafc667ea4055f61b9b2c"},"headline":"A veces las personas que tienen una problem\u00e1tica de salud mental est\u00e1n muy invisibilizadas. Vamos por buen camino y cada vez son m\u00e1s escuchadas","datePublished":"2021-02-14T18:34:42+00:00","dateModified":"2022-05-24T07:41:19+00:00","mainEntityOfPage":{"@id":"https:\/\/cfpmaresme.org\/es\/a-veces-las-personas-que-tienen-una-problematica-de-salud-mental-estan-muy-invisibilizadas-vamos-por-buen-camino-y-cada-vez-son-mas-escuchadas\/"},"wordCount":2225,"commentCount":0,"image":{"@id":"https:\/\/cfpmaresme.org\/es\/a-veces-las-personas-que-tienen-una-problematica-de-salud-mental-estan-muy-invisibilizadas-vamos-por-buen-camino-y-cada-vez-son-mas-escuchadas\/#primaryimage"},"thumbnailUrl":"https:\/\/cfpmaresme.org\/wp-content\/uploads\/2021\/02\/banner-silvia.jpg","articleSection":["Entrevistas"],"inLanguage":"es"},{"@type":"WebPage","@id":"https:\/\/cfpmaresme.org\/es\/a-veces-las-personas-que-tienen-una-problematica-de-salud-mental-estan-muy-invisibilizadas-vamos-por-buen-camino-y-cada-vez-son-mas-escuchadas\/","url":"https:\/\/cfpmaresme.org\/es\/a-veces-las-personas-que-tienen-una-problematica-de-salud-mental-estan-muy-invisibilizadas-vamos-por-buen-camino-y-cada-vez-son-mas-escuchadas\/","name":"A veces las personas que tienen una problem\u00e1tica de salud mental est\u00e1n muy invisibilizadas. Vamos por buen camino y cada vez son m\u00e1s escuchadas | CFP Maresme","isPartOf":{"@id":"https:\/\/cfpmaresme.org\/#website"},"primaryImageOfPage":{"@id":"https:\/\/cfpmaresme.org\/es\/a-veces-las-personas-que-tienen-una-problematica-de-salud-mental-estan-muy-invisibilizadas-vamos-por-buen-camino-y-cada-vez-son-mas-escuchadas\/#primaryimage"},"image":{"@id":"https:\/\/cfpmaresme.org\/es\/a-veces-las-personas-que-tienen-una-problematica-de-salud-mental-estan-muy-invisibilizadas-vamos-por-buen-camino-y-cada-vez-son-mas-escuchadas\/#primaryimage"},"thumbnailUrl":"https:\/\/cfpmaresme.org\/wp-content\/uploads\/2021\/02\/banner-silvia.jpg","datePublished":"2021-02-14T18:34:42+00:00","dateModified":"2022-05-24T07:41:19+00:00","author":{"@id":"https:\/\/cfpmaresme.org\/#\/schema\/person\/b2634bcd796fafc667ea4055f61b9b2c"},"breadcrumb":{"@id":"https:\/\/cfpmaresme.org\/es\/a-veces-las-personas-que-tienen-una-problematica-de-salud-mental-estan-muy-invisibilizadas-vamos-por-buen-camino-y-cada-vez-son-mas-escuchadas\/#breadcrumb"},"inLanguage":"es","potentialAction":[{"@type":"ReadAction","target":["https:\/\/cfpmaresme.org\/es\/a-veces-las-personas-que-tienen-una-problematica-de-salud-mental-estan-muy-invisibilizadas-vamos-por-buen-camino-y-cada-vez-son-mas-escuchadas\/"]}]},{"@type":"ImageObject","inLanguage":"es","@id":"https:\/\/cfpmaresme.org\/es\/a-veces-las-personas-que-tienen-una-problematica-de-salud-mental-estan-muy-invisibilizadas-vamos-por-buen-camino-y-cada-vez-son-mas-escuchadas\/#primaryimage","url":"https:\/\/cfpmaresme.org\/wp-content\/uploads\/2021\/02\/banner-silvia.jpg","contentUrl":"https:\/\/cfpmaresme.org\/wp-content\/uploads\/2021\/02\/banner-silvia.jpg","width":653,"height":209},{"@type":"BreadcrumbList","@id":"https:\/\/cfpmaresme.org\/es\/a-veces-las-personas-que-tienen-una-problematica-de-salud-mental-estan-muy-invisibilizadas-vamos-por-buen-camino-y-cada-vez-son-mas-escuchadas\/#breadcrumb","itemListElement":[{"@type":"ListItem","position":1,"name":"Home","item":"https:\/\/cfpmaresme.org\/es\/"},{"@type":"ListItem","position":2,"name":"A veces las personas que tienen una problem\u00e1tica de salud mental est\u00e1n muy invisibilizadas. Vamos por buen camino y cada vez son m\u00e1s escuchadas"}]},{"@type":"WebSite","@id":"https:\/\/cfpmaresme.org\/#website","url":"https:\/\/cfpmaresme.org\/","name":"CFP Maresme","description":"Centre Formaci\u00f3 Prevenci\u00f3","potentialAction":[{"@type":"SearchAction","target":{"@type":"EntryPoint","urlTemplate":"https:\/\/cfpmaresme.org\/?s={search_term_string}"},"query-input":{"@type":"PropertyValueSpecification","valueRequired":true,"valueName":"search_term_string"}}],"inLanguage":"es"},{"@type":"Person","@id":"https:\/\/cfpmaresme.org\/#\/schema\/person\/b2634bcd796fafc667ea4055f61b9b2c","name":"CFPMaresme"}]}},"_links":{"self":[{"href":"https:\/\/cfpmaresme.org\/es\/wp-json\/wp\/v2\/posts\/23252","targetHints":{"allow":["GET"]}}],"collection":[{"href":"https:\/\/cfpmaresme.org\/es\/wp-json\/wp\/v2\/posts"}],"about":[{"href":"https:\/\/cfpmaresme.org\/es\/wp-json\/wp\/v2\/types\/post"}],"author":[{"embeddable":true,"href":"https:\/\/cfpmaresme.org\/es\/wp-json\/wp\/v2\/users\/2"}],"replies":[{"embeddable":true,"href":"https:\/\/cfpmaresme.org\/es\/wp-json\/wp\/v2\/comments?post=23252"}],"version-history":[{"count":4,"href":"https:\/\/cfpmaresme.org\/es\/wp-json\/wp\/v2\/posts\/23252\/revisions"}],"predecessor-version":[{"id":24018,"href":"https:\/\/cfpmaresme.org\/es\/wp-json\/wp\/v2\/posts\/23252\/revisions\/24018"}],"wp:featuredmedia":[{"embeddable":true,"href":"https:\/\/cfpmaresme.org\/es\/wp-json\/wp\/v2\/media\/23239"}],"wp:attachment":[{"href":"https:\/\/cfpmaresme.org\/es\/wp-json\/wp\/v2\/media?parent=23252"}],"wp:term":[{"taxonomy":"category","embeddable":true,"href":"https:\/\/cfpmaresme.org\/es\/wp-json\/wp\/v2\/categories?post=23252"},{"taxonomy":"post_tag","embeddable":true,"href":"https:\/\/cfpmaresme.org\/es\/wp-json\/wp\/v2\/tags?post=23252"}],"curies":[{"name":"wp","href":"https:\/\/api.w.org\/{rel}","templated":true}]}}