{"id":23803,"date":"2021-03-15T11:55:46","date_gmt":"2021-03-15T09:55:46","guid":{"rendered":"https:\/\/www.cfpmaresme.org\/?p=23803"},"modified":"2021-05-14T14:16:38","modified_gmt":"2021-05-14T12:16:38","slug":"23803","status":"publish","type":"post","link":"https:\/\/cfpmaresme.org\/es\/23803\/","title":{"rendered":"\u00a1Celebramos La Diada! Os presentamos la segunda edici\u00f3n de los Juegos Florales del CFP"},"content":{"rendered":"<p>El a\u00f1o pasado, en pleno confinamiento, ideamos la f\u00f3rmula de celebrar la diada de Sant Jordi aunque no nos pod\u00edamos ver f\u00edsicamente. Una jornada que siempre hab\u00edamos vivido de manera festiva en nuestra entidad y no quer\u00edamos que la situaci\u00f3n sanitaria lo impidiese. As\u00ed, surgi\u00f3 la iniciativa de crear los Juegos Florales del CFP. Un concurso donde, las personas usuarias de la entidad que lo quisieron, presentaron sus obras en dos categor\u00edas: narrativa breve y poes\u00eda.<\/p>\n<p>Las<a href=\"\/?p=19823\" target=\"_blank\" rel=\"noopener noreferrer\"> obras ganadoras \u00a0<\/a>se comunicaron durante La Diada y se publicaron a trav\u00e9s de los canales de comunicaci\u00f3n del CFP y del medio digital La Clau. El premio fue un lote de libros de la librer\u00eda de intercambio del CFP, Llibre Actiu.<\/p>\n<p><strong>\u00a0<\/strong><\/p>\n<h3>M\u00e1s entidades, m\u00e1s participaci\u00f3n<\/h3>\n<p>Este a\u00f1o queremos repetir la experiencia buscando hacer de ella un <strong>evento de inclusi\u00f3n comunitaria<\/strong> y con el objetivo de poderlo hacer <strong>crecer territorialmente en pr\u00f3ximas ediciones <\/strong>y que devenga un acto festivo en el contexto de La Diada, tan arraigada a nuestra cultura.<\/p>\n<p>La novedad de esta segunda edici\u00f3n es que abrimos la participaci\u00f3n a diversas entidades mataroninas que atienden a personas con una problem\u00e1tica de salud mental. Incluiremos, as\u00ed, a m\u00e1s personas del colectivo que atendemos aficionadas a la escritura para que tambi\u00e9n puedan ser las ganadoras de este concurso.<\/p>\n<p>Os presentamos las\u00a0 <a href=\"https:\/\/www.cfpmaresme.org\/wp-content\/uploads\/2021\/03\/Bases-Jocs-Florals-2.pdf\" target=\"_blank\" rel=\"noopener noreferrer\">bases de los Juegos Florales <\/a>\u00a0para que conozc\u00e1is los detalles.<\/p>\n","protected":false},"excerpt":{"rendered":"<p>El a\u00f1o pasado, en pleno confinamiento, ideamos la f\u00f3rmula de celebrar la diada de Sant Jordi aunque no nos pod\u00edamos ver f\u00edsicamente. Una jornada que siempre hab\u00edamos vivido de manera festiva en nuestra entidad y no quer\u00edamos que la situaci\u00f3n sanitaria lo impidiese. As\u00ed, surgi\u00f3&#8230;<\/p>\n","protected":false},"author":2,"featured_media":23801,"comment_status":"open","ping_status":"open","sticky":false,"template":"","format":"standard","meta":{"footnotes":""},"categories":[1187],"tags":[],"class_list":["post-23803","post","type-post","status-publish","format-standard","has-post-thumbnail","hentry","category-cfp-maresme-es"],"yoast_head":"<!-- This site is optimized with the Yoast SEO plugin v27.4 - https:\/\/yoast.com\/product\/yoast-seo-wordpress\/ -->\n<title>\u00a1Celebramos La Diada! Os presentamos la segunda edici\u00f3n de los Juegos Florales del CFP | CFP Maresme<\/title>\n<meta name=\"robots\" content=\"index, follow, max-snippet:-1, max-image-preview:large, max-video-preview:-1\" \/>\n<link rel=\"canonical\" href=\"https:\/\/cfpmaresme.org\/es\/23803\/\" \/>\n<meta property=\"og:locale\" content=\"es_ES\" \/>\n<meta property=\"og:type\" content=\"article\" \/>\n<meta property=\"og:title\" content=\"\u00a1Celebramos La Diada! Os presentamos la segunda edici\u00f3n de los Juegos Florales del CFP | CFP Maresme\" \/>\n<meta property=\"og:description\" content=\"El a\u00f1o pasado, en pleno confinamiento, ideamos la f\u00f3rmula de celebrar la diada de Sant Jordi aunque no nos pod\u00edamos ver f\u00edsicamente. Una jornada que siempre hab\u00edamos vivido de manera festiva en nuestra entidad y no quer\u00edamos que la situaci\u00f3n sanitaria lo impidiese. As\u00ed, surgi\u00f3...\" \/>\n<meta property=\"og:url\" content=\"https:\/\/cfpmaresme.org\/es\/23803\/\" \/>\n<meta property=\"og:site_name\" content=\"CFP Maresme\" \/>\n<meta property=\"article:published_time\" content=\"2021-03-15T09:55:46+00:00\" \/>\n<meta property=\"article:modified_time\" content=\"2021-05-14T12:16:38+00:00\" \/>\n<meta property=\"og:image\" content=\"https:\/\/cfpmaresme.org\/wp-content\/uploads\/2021\/03\/banner.jpg\" \/>\n\t<meta property=\"og:image:width\" content=\"900\" \/>\n\t<meta property=\"og:image:height\" content=\"348\" \/>\n\t<meta property=\"og:image:type\" content=\"image\/jpeg\" \/>\n<meta name=\"author\" content=\"CFPMaresme\" \/>\n<meta name=\"twitter:card\" content=\"summary_large_image\" \/>\n<meta name=\"twitter:creator\" content=\"@cfpmaresme\" \/>\n<meta name=\"twitter:site\" content=\"@cfpmaresme\" \/>\n<meta name=\"twitter:label1\" content=\"Escrito por\" \/>\n\t<meta name=\"twitter:data1\" content=\"CFPMaresme\" \/>\n\t<meta name=\"twitter:label2\" content=\"Tiempo de lectura\" \/>\n\t<meta name=\"twitter:data2\" content=\"1 minuto\" \/>\n<script type=\"application\/ld+json\" class=\"yoast-schema-graph\">{\"@context\":\"https:\\\/\\\/schema.org\",\"@graph\":[{\"@type\":\"Article\",\"@id\":\"https:\\\/\\\/cfpmaresme.org\\\/es\\\/23803\\\/#article\",\"isPartOf\":{\"@id\":\"https:\\\/\\\/cfpmaresme.org\\\/es\\\/23803\\\/\"},\"author\":{\"name\":\"CFPMaresme\",\"@id\":\"https:\\\/\\\/cfpmaresme.org\\\/#\\\/schema\\\/person\\\/b2634bcd796fafc667ea4055f61b9b2c\"},\"headline\":\"\u00a1Celebramos La Diada! Os presentamos la segunda edici\u00f3n de los Juegos Florales del CFP\",\"datePublished\":\"2021-03-15T09:55:46+00:00\",\"dateModified\":\"2021-05-14T12:16:38+00:00\",\"mainEntityOfPage\":{\"@id\":\"https:\\\/\\\/cfpmaresme.org\\\/es\\\/23803\\\/\"},\"wordCount\":266,\"commentCount\":0,\"image\":{\"@id\":\"https:\\\/\\\/cfpmaresme.org\\\/es\\\/23803\\\/#primaryimage\"},\"thumbnailUrl\":\"https:\\\/\\\/cfpmaresme.org\\\/wp-content\\\/uploads\\\/2021\\\/03\\\/banner.jpg\",\"articleSection\":[\"CFP Maresme\"],\"inLanguage\":\"es\"},{\"@type\":\"WebPage\",\"@id\":\"https:\\\/\\\/cfpmaresme.org\\\/es\\\/23803\\\/\",\"url\":\"https:\\\/\\\/cfpmaresme.org\\\/es\\\/23803\\\/\",\"name\":\"\u00a1Celebramos La Diada! Os presentamos la segunda edici\u00f3n de los Juegos Florales del CFP | CFP Maresme\",\"isPartOf\":{\"@id\":\"https:\\\/\\\/cfpmaresme.org\\\/#website\"},\"primaryImageOfPage\":{\"@id\":\"https:\\\/\\\/cfpmaresme.org\\\/es\\\/23803\\\/#primaryimage\"},\"image\":{\"@id\":\"https:\\\/\\\/cfpmaresme.org\\\/es\\\/23803\\\/#primaryimage\"},\"thumbnailUrl\":\"https:\\\/\\\/cfpmaresme.org\\\/wp-content\\\/uploads\\\/2021\\\/03\\\/banner.jpg\",\"datePublished\":\"2021-03-15T09:55:46+00:00\",\"dateModified\":\"2021-05-14T12:16:38+00:00\",\"author\":{\"@id\":\"https:\\\/\\\/cfpmaresme.org\\\/#\\\/schema\\\/person\\\/b2634bcd796fafc667ea4055f61b9b2c\"},\"breadcrumb\":{\"@id\":\"https:\\\/\\\/cfpmaresme.org\\\/es\\\/23803\\\/#breadcrumb\"},\"inLanguage\":\"es\",\"potentialAction\":[{\"@type\":\"ReadAction\",\"target\":[\"https:\\\/\\\/cfpmaresme.org\\\/es\\\/23803\\\/\"]}]},{\"@type\":\"ImageObject\",\"inLanguage\":\"es\",\"@id\":\"https:\\\/\\\/cfpmaresme.org\\\/es\\\/23803\\\/#primaryimage\",\"url\":\"https:\\\/\\\/cfpmaresme.org\\\/wp-content\\\/uploads\\\/2021\\\/03\\\/banner.jpg\",\"contentUrl\":\"https:\\\/\\\/cfpmaresme.org\\\/wp-content\\\/uploads\\\/2021\\\/03\\\/banner.jpg\",\"width\":900,\"height\":348},{\"@type\":\"BreadcrumbList\",\"@id\":\"https:\\\/\\\/cfpmaresme.org\\\/es\\\/23803\\\/#breadcrumb\",\"itemListElement\":[{\"@type\":\"ListItem\",\"position\":1,\"name\":\"Home\",\"item\":\"https:\\\/\\\/cfpmaresme.org\\\/es\\\/\"},{\"@type\":\"ListItem\",\"position\":2,\"name\":\"\u00a1Celebramos La Diada! Os presentamos la segunda edici\u00f3n de los Juegos Florales del CFP\"}]},{\"@type\":\"WebSite\",\"@id\":\"https:\\\/\\\/cfpmaresme.org\\\/#website\",\"url\":\"https:\\\/\\\/cfpmaresme.org\\\/\",\"name\":\"CFP Maresme\",\"description\":\"Centre Formaci\u00f3 Prevenci\u00f3\",\"potentialAction\":[{\"@type\":\"SearchAction\",\"target\":{\"@type\":\"EntryPoint\",\"urlTemplate\":\"https:\\\/\\\/cfpmaresme.org\\\/?s={search_term_string}\"},\"query-input\":{\"@type\":\"PropertyValueSpecification\",\"valueRequired\":true,\"valueName\":\"search_term_string\"}}],\"inLanguage\":\"es\"},{\"@type\":\"Person\",\"@id\":\"https:\\\/\\\/cfpmaresme.org\\\/#\\\/schema\\\/person\\\/b2634bcd796fafc667ea4055f61b9b2c\",\"name\":\"CFPMaresme\"}]}<\/script>\n<!-- \/ Yoast SEO plugin. -->","yoast_head_json":{"title":"\u00a1Celebramos La Diada! Os presentamos la segunda edici\u00f3n de los Juegos Florales del CFP | CFP Maresme","robots":{"index":"index","follow":"follow","max-snippet":"max-snippet:-1","max-image-preview":"max-image-preview:large","max-video-preview":"max-video-preview:-1"},"canonical":"https:\/\/cfpmaresme.org\/es\/23803\/","og_locale":"es_ES","og_type":"article","og_title":"\u00a1Celebramos La Diada! Os presentamos la segunda edici\u00f3n de los Juegos Florales del CFP | CFP Maresme","og_description":"El a\u00f1o pasado, en pleno confinamiento, ideamos la f\u00f3rmula de celebrar la diada de Sant Jordi aunque no nos pod\u00edamos ver f\u00edsicamente. Una jornada que siempre hab\u00edamos vivido de manera festiva en nuestra entidad y no quer\u00edamos que la situaci\u00f3n sanitaria lo impidiese. As\u00ed, surgi\u00f3...","og_url":"https:\/\/cfpmaresme.org\/es\/23803\/","og_site_name":"CFP Maresme","article_published_time":"2021-03-15T09:55:46+00:00","article_modified_time":"2021-05-14T12:16:38+00:00","og_image":[{"width":900,"height":348,"url":"https:\/\/cfpmaresme.org\/wp-content\/uploads\/2021\/03\/banner.jpg","type":"image\/jpeg"}],"author":"CFPMaresme","twitter_card":"summary_large_image","twitter_creator":"@cfpmaresme","twitter_site":"@cfpmaresme","twitter_misc":{"Escrito por":"CFPMaresme","Tiempo de lectura":"1 minuto"},"schema":{"@context":"https:\/\/schema.org","@graph":[{"@type":"Article","@id":"https:\/\/cfpmaresme.org\/es\/23803\/#article","isPartOf":{"@id":"https:\/\/cfpmaresme.org\/es\/23803\/"},"author":{"name":"CFPMaresme","@id":"https:\/\/cfpmaresme.org\/#\/schema\/person\/b2634bcd796fafc667ea4055f61b9b2c"},"headline":"\u00a1Celebramos La Diada! Os presentamos la segunda edici\u00f3n de los Juegos Florales del CFP","datePublished":"2021-03-15T09:55:46+00:00","dateModified":"2021-05-14T12:16:38+00:00","mainEntityOfPage":{"@id":"https:\/\/cfpmaresme.org\/es\/23803\/"},"wordCount":266,"commentCount":0,"image":{"@id":"https:\/\/cfpmaresme.org\/es\/23803\/#primaryimage"},"thumbnailUrl":"https:\/\/cfpmaresme.org\/wp-content\/uploads\/2021\/03\/banner.jpg","articleSection":["CFP Maresme"],"inLanguage":"es"},{"@type":"WebPage","@id":"https:\/\/cfpmaresme.org\/es\/23803\/","url":"https:\/\/cfpmaresme.org\/es\/23803\/","name":"\u00a1Celebramos La Diada! Os presentamos la segunda edici\u00f3n de los Juegos Florales del CFP | CFP Maresme","isPartOf":{"@id":"https:\/\/cfpmaresme.org\/#website"},"primaryImageOfPage":{"@id":"https:\/\/cfpmaresme.org\/es\/23803\/#primaryimage"},"image":{"@id":"https:\/\/cfpmaresme.org\/es\/23803\/#primaryimage"},"thumbnailUrl":"https:\/\/cfpmaresme.org\/wp-content\/uploads\/2021\/03\/banner.jpg","datePublished":"2021-03-15T09:55:46+00:00","dateModified":"2021-05-14T12:16:38+00:00","author":{"@id":"https:\/\/cfpmaresme.org\/#\/schema\/person\/b2634bcd796fafc667ea4055f61b9b2c"},"breadcrumb":{"@id":"https:\/\/cfpmaresme.org\/es\/23803\/#breadcrumb"},"inLanguage":"es","potentialAction":[{"@type":"ReadAction","target":["https:\/\/cfpmaresme.org\/es\/23803\/"]}]},{"@type":"ImageObject","inLanguage":"es","@id":"https:\/\/cfpmaresme.org\/es\/23803\/#primaryimage","url":"https:\/\/cfpmaresme.org\/wp-content\/uploads\/2021\/03\/banner.jpg","contentUrl":"https:\/\/cfpmaresme.org\/wp-content\/uploads\/2021\/03\/banner.jpg","width":900,"height":348},{"@type":"BreadcrumbList","@id":"https:\/\/cfpmaresme.org\/es\/23803\/#breadcrumb","itemListElement":[{"@type":"ListItem","position":1,"name":"Home","item":"https:\/\/cfpmaresme.org\/es\/"},{"@type":"ListItem","position":2,"name":"\u00a1Celebramos La Diada! Os presentamos la segunda edici\u00f3n de los Juegos Florales del CFP"}]},{"@type":"WebSite","@id":"https:\/\/cfpmaresme.org\/#website","url":"https:\/\/cfpmaresme.org\/","name":"CFP Maresme","description":"Centre Formaci\u00f3 Prevenci\u00f3","potentialAction":[{"@type":"SearchAction","target":{"@type":"EntryPoint","urlTemplate":"https:\/\/cfpmaresme.org\/?s={search_term_string}"},"query-input":{"@type":"PropertyValueSpecification","valueRequired":true,"valueName":"search_term_string"}}],"inLanguage":"es"},{"@type":"Person","@id":"https:\/\/cfpmaresme.org\/#\/schema\/person\/b2634bcd796fafc667ea4055f61b9b2c","name":"CFPMaresme"}]}},"_links":{"self":[{"href":"https:\/\/cfpmaresme.org\/es\/wp-json\/wp\/v2\/posts\/23803","targetHints":{"allow":["GET"]}}],"collection":[{"href":"https:\/\/cfpmaresme.org\/es\/wp-json\/wp\/v2\/posts"}],"about":[{"href":"https:\/\/cfpmaresme.org\/es\/wp-json\/wp\/v2\/types\/post"}],"author":[{"embeddable":true,"href":"https:\/\/cfpmaresme.org\/es\/wp-json\/wp\/v2\/users\/2"}],"replies":[{"embeddable":true,"href":"https:\/\/cfpmaresme.org\/es\/wp-json\/wp\/v2\/comments?post=23803"}],"version-history":[{"count":3,"href":"https:\/\/cfpmaresme.org\/es\/wp-json\/wp\/v2\/posts\/23803\/revisions"}],"predecessor-version":[{"id":23812,"href":"https:\/\/cfpmaresme.org\/es\/wp-json\/wp\/v2\/posts\/23803\/revisions\/23812"}],"wp:featuredmedia":[{"embeddable":true,"href":"https:\/\/cfpmaresme.org\/es\/wp-json\/wp\/v2\/media\/23801"}],"wp:attachment":[{"href":"https:\/\/cfpmaresme.org\/es\/wp-json\/wp\/v2\/media?parent=23803"}],"wp:term":[{"taxonomy":"category","embeddable":true,"href":"https:\/\/cfpmaresme.org\/es\/wp-json\/wp\/v2\/categories?post=23803"},{"taxonomy":"post_tag","embeddable":true,"href":"https:\/\/cfpmaresme.org\/es\/wp-json\/wp\/v2\/tags?post=23803"}],"curies":[{"name":"wp","href":"https:\/\/api.w.org\/{rel}","templated":true}]}}