{"id":24188,"date":"2021-03-31T16:28:33","date_gmt":"2021-03-31T14:28:33","guid":{"rendered":"https:\/\/www.cfpmaresme.org\/?p=24188"},"modified":"2021-05-14T14:15:47","modified_gmt":"2021-05-14T12:15:47","slug":"maresme-continuum-estrena-nueva-web","status":"publish","type":"post","link":"https:\/\/cfpmaresme.org\/es\/maresme-continuum-estrena-nueva-web\/","title":{"rendered":"Maresme Continuum estrena nueva web"},"content":{"rendered":"<p>La alianza de las entidades maresmencas Comunitat Terap\u00e8utica del Maresme, CFP, Fundaci\u00f3 Mol\u00ed d\u2019en Puigvert i La Klosca- CET busca, con este <a href=\"https:\/\/maresmecontinuum.cat\/\" target=\"_blank\" rel=\"noopener noreferrer\"><strong>sitio web renovado<\/strong><\/a>, dar a conocer su misi\u00f3n a profesionales, entidades del sector y ciudadan\u00eda de forma m\u00e1s \u00e1gil e intuitiva.<\/p>\n<p>Descubrir\u00e9is su objetivo y raz\u00f3n de ser, misi\u00f3n y valores, el engranaje de recursos de atenci\u00f3n a personas con una problem\u00e1tica de Salud Mental que ofrece, la Unidad de Prevenci\u00f3n a la Exclusi\u00f3n (UPE) y la actualidad de la alianza y de las entidades que forman parte.<\/p>\n<p>&nbsp;<\/p>\n<h3>Maresme Continuum<\/h3>\n<p>La asociaci\u00f3n Maresme Continuum nace de la uni\u00f3n de entidades del territorio que prestan servicios asistenciales desde anta\u00f1o.<\/p>\n<p>Su principal objetivo es establecer una l\u00ednea de actuaci\u00f3n com\u00fan, especialmente en Rehabilitaci\u00f3n Psicosocial, coherente con las necesidades de la comarca. As\u00ed mismo, para conseguir una optimizaci\u00f3n de recursos y para ofrecer una continuidad asistencial mediante el desarrollo de programas comunes, la consolidaci\u00f3n de los recursos ya existentes y la creaci\u00f3n de iniciativas de inserci\u00f3n laboral.<\/p>\n<p>Esta alianza estrat\u00e9gica, en el marco de una atenci\u00f3n centrada en la persona y en un contexto de recursos escasos, deviene una oportunidad de ofrecer servicios m\u00e1s potenciados y articulados para un n\u00famero m\u00e1s grande de personas.<\/p>\n<p>Os animamos a visitarla: <a href=\"http:\/\/maresmecontinuum.cat\/es\/\" target=\"_blank\" rel=\"noopener noreferrer\"><strong>web Maresme Continuum.<\/strong><\/a><\/p>\n","protected":false},"excerpt":{"rendered":"<p>La alianza de las entidades maresmencas Comunitat Terap\u00e8utica del Maresme, CFP, Fundaci\u00f3 Mol\u00ed d\u2019en Puigvert i La Klosca- CET busca, con este sitio web renovado, dar a conocer su misi\u00f3n a profesionales, entidades del sector y ciudadan\u00eda de forma m\u00e1s \u00e1gil e intuitiva. Descubrir\u00e9is su&#8230;<\/p>\n","protected":false},"author":2,"featured_media":24186,"comment_status":"open","ping_status":"open","sticky":false,"template":"","format":"standard","meta":{"footnotes":""},"categories":[1187],"tags":[],"class_list":["post-24188","post","type-post","status-publish","format-standard","has-post-thumbnail","hentry","category-cfp-maresme-es"],"yoast_head":"<!-- This site is optimized with the Yoast SEO plugin v27.4 - https:\/\/yoast.com\/product\/yoast-seo-wordpress\/ -->\n<title>Maresme Continuum estrena nueva web | CFP Maresme<\/title>\n<meta name=\"robots\" content=\"index, follow, max-snippet:-1, max-image-preview:large, max-video-preview:-1\" \/>\n<link rel=\"canonical\" href=\"https:\/\/cfpmaresme.org\/es\/maresme-continuum-estrena-nueva-web\/\" \/>\n<meta property=\"og:locale\" content=\"es_ES\" \/>\n<meta property=\"og:type\" content=\"article\" \/>\n<meta property=\"og:title\" content=\"Maresme Continuum estrena nueva web | CFP Maresme\" \/>\n<meta property=\"og:description\" content=\"La alianza de las entidades maresmencas Comunitat Terap\u00e8utica del Maresme, CFP, Fundaci\u00f3 Mol\u00ed d\u2019en Puigvert i La Klosca- CET busca, con este sitio web renovado, dar a conocer su misi\u00f3n a profesionales, entidades del sector y ciudadan\u00eda de forma m\u00e1s \u00e1gil e intuitiva. Descubrir\u00e9is su...\" \/>\n<meta property=\"og:url\" content=\"https:\/\/cfpmaresme.org\/es\/maresme-continuum-estrena-nueva-web\/\" \/>\n<meta property=\"og:site_name\" content=\"CFP Maresme\" \/>\n<meta property=\"article:published_time\" content=\"2021-03-31T14:28:33+00:00\" \/>\n<meta property=\"article:modified_time\" content=\"2021-05-14T12:15:47+00:00\" \/>\n<meta property=\"og:image\" content=\"https:\/\/cfpmaresme.org\/wp-content\/uploads\/2021\/03\/Maresme-Continuum-NOU-LOGO-1024x248.png\" \/>\n\t<meta property=\"og:image:width\" content=\"1024\" \/>\n\t<meta property=\"og:image:height\" content=\"248\" \/>\n\t<meta property=\"og:image:type\" content=\"image\/png\" \/>\n<meta name=\"author\" content=\"CFPMaresme\" \/>\n<meta name=\"twitter:card\" content=\"summary_large_image\" \/>\n<meta name=\"twitter:creator\" content=\"@cfpmaresme\" \/>\n<meta name=\"twitter:site\" content=\"@cfpmaresme\" \/>\n<meta name=\"twitter:label1\" content=\"Escrito por\" \/>\n\t<meta name=\"twitter:data1\" content=\"CFPMaresme\" \/>\n\t<meta name=\"twitter:label2\" content=\"Tiempo de lectura\" \/>\n\t<meta name=\"twitter:data2\" content=\"1 minuto\" \/>\n<script type=\"application\/ld+json\" class=\"yoast-schema-graph\">{\"@context\":\"https:\\\/\\\/schema.org\",\"@graph\":[{\"@type\":\"Article\",\"@id\":\"https:\\\/\\\/cfpmaresme.org\\\/es\\\/maresme-continuum-estrena-nueva-web\\\/#article\",\"isPartOf\":{\"@id\":\"https:\\\/\\\/cfpmaresme.org\\\/es\\\/maresme-continuum-estrena-nueva-web\\\/\"},\"author\":{\"name\":\"CFPMaresme\",\"@id\":\"https:\\\/\\\/cfpmaresme.org\\\/#\\\/schema\\\/person\\\/b2634bcd796fafc667ea4055f61b9b2c\"},\"headline\":\"Maresme Continuum estrena nueva web\",\"datePublished\":\"2021-03-31T14:28:33+00:00\",\"dateModified\":\"2021-05-14T12:15:47+00:00\",\"mainEntityOfPage\":{\"@id\":\"https:\\\/\\\/cfpmaresme.org\\\/es\\\/maresme-continuum-estrena-nueva-web\\\/\"},\"wordCount\":244,\"commentCount\":0,\"image\":{\"@id\":\"https:\\\/\\\/cfpmaresme.org\\\/es\\\/maresme-continuum-estrena-nueva-web\\\/#primaryimage\"},\"thumbnailUrl\":\"https:\\\/\\\/cfpmaresme.org\\\/wp-content\\\/uploads\\\/2021\\\/03\\\/Maresme-Continuum-NOU-LOGO.png\",\"articleSection\":[\"CFP Maresme\"],\"inLanguage\":\"es\"},{\"@type\":\"WebPage\",\"@id\":\"https:\\\/\\\/cfpmaresme.org\\\/es\\\/maresme-continuum-estrena-nueva-web\\\/\",\"url\":\"https:\\\/\\\/cfpmaresme.org\\\/es\\\/maresme-continuum-estrena-nueva-web\\\/\",\"name\":\"Maresme Continuum estrena nueva web | CFP Maresme\",\"isPartOf\":{\"@id\":\"https:\\\/\\\/cfpmaresme.org\\\/#website\"},\"primaryImageOfPage\":{\"@id\":\"https:\\\/\\\/cfpmaresme.org\\\/es\\\/maresme-continuum-estrena-nueva-web\\\/#primaryimage\"},\"image\":{\"@id\":\"https:\\\/\\\/cfpmaresme.org\\\/es\\\/maresme-continuum-estrena-nueva-web\\\/#primaryimage\"},\"thumbnailUrl\":\"https:\\\/\\\/cfpmaresme.org\\\/wp-content\\\/uploads\\\/2021\\\/03\\\/Maresme-Continuum-NOU-LOGO.png\",\"datePublished\":\"2021-03-31T14:28:33+00:00\",\"dateModified\":\"2021-05-14T12:15:47+00:00\",\"author\":{\"@id\":\"https:\\\/\\\/cfpmaresme.org\\\/#\\\/schema\\\/person\\\/b2634bcd796fafc667ea4055f61b9b2c\"},\"breadcrumb\":{\"@id\":\"https:\\\/\\\/cfpmaresme.org\\\/es\\\/maresme-continuum-estrena-nueva-web\\\/#breadcrumb\"},\"inLanguage\":\"es\",\"potentialAction\":[{\"@type\":\"ReadAction\",\"target\":[\"https:\\\/\\\/cfpmaresme.org\\\/es\\\/maresme-continuum-estrena-nueva-web\\\/\"]}]},{\"@type\":\"ImageObject\",\"inLanguage\":\"es\",\"@id\":\"https:\\\/\\\/cfpmaresme.org\\\/es\\\/maresme-continuum-estrena-nueva-web\\\/#primaryimage\",\"url\":\"https:\\\/\\\/cfpmaresme.org\\\/wp-content\\\/uploads\\\/2021\\\/03\\\/Maresme-Continuum-NOU-LOGO.png\",\"contentUrl\":\"https:\\\/\\\/cfpmaresme.org\\\/wp-content\\\/uploads\\\/2021\\\/03\\\/Maresme-Continuum-NOU-LOGO.png\",\"width\":2560,\"height\":620},{\"@type\":\"BreadcrumbList\",\"@id\":\"https:\\\/\\\/cfpmaresme.org\\\/es\\\/maresme-continuum-estrena-nueva-web\\\/#breadcrumb\",\"itemListElement\":[{\"@type\":\"ListItem\",\"position\":1,\"name\":\"Home\",\"item\":\"https:\\\/\\\/cfpmaresme.org\\\/es\\\/\"},{\"@type\":\"ListItem\",\"position\":2,\"name\":\"Maresme Continuum estrena nueva web\"}]},{\"@type\":\"WebSite\",\"@id\":\"https:\\\/\\\/cfpmaresme.org\\\/#website\",\"url\":\"https:\\\/\\\/cfpmaresme.org\\\/\",\"name\":\"CFP Maresme\",\"description\":\"Centre Formaci\u00f3 Prevenci\u00f3\",\"potentialAction\":[{\"@type\":\"SearchAction\",\"target\":{\"@type\":\"EntryPoint\",\"urlTemplate\":\"https:\\\/\\\/cfpmaresme.org\\\/?s={search_term_string}\"},\"query-input\":{\"@type\":\"PropertyValueSpecification\",\"valueRequired\":true,\"valueName\":\"search_term_string\"}}],\"inLanguage\":\"es\"},{\"@type\":\"Person\",\"@id\":\"https:\\\/\\\/cfpmaresme.org\\\/#\\\/schema\\\/person\\\/b2634bcd796fafc667ea4055f61b9b2c\",\"name\":\"CFPMaresme\"}]}<\/script>\n<!-- \/ Yoast SEO plugin. -->","yoast_head_json":{"title":"Maresme Continuum estrena nueva web | CFP Maresme","robots":{"index":"index","follow":"follow","max-snippet":"max-snippet:-1","max-image-preview":"max-image-preview:large","max-video-preview":"max-video-preview:-1"},"canonical":"https:\/\/cfpmaresme.org\/es\/maresme-continuum-estrena-nueva-web\/","og_locale":"es_ES","og_type":"article","og_title":"Maresme Continuum estrena nueva web | CFP Maresme","og_description":"La alianza de las entidades maresmencas Comunitat Terap\u00e8utica del Maresme, CFP, Fundaci\u00f3 Mol\u00ed d\u2019en Puigvert i La Klosca- CET busca, con este sitio web renovado, dar a conocer su misi\u00f3n a profesionales, entidades del sector y ciudadan\u00eda de forma m\u00e1s \u00e1gil e intuitiva. Descubrir\u00e9is su...","og_url":"https:\/\/cfpmaresme.org\/es\/maresme-continuum-estrena-nueva-web\/","og_site_name":"CFP Maresme","article_published_time":"2021-03-31T14:28:33+00:00","article_modified_time":"2021-05-14T12:15:47+00:00","og_image":[{"width":1024,"height":248,"url":"https:\/\/cfpmaresme.org\/wp-content\/uploads\/2021\/03\/Maresme-Continuum-NOU-LOGO-1024x248.png","type":"image\/png"}],"author":"CFPMaresme","twitter_card":"summary_large_image","twitter_creator":"@cfpmaresme","twitter_site":"@cfpmaresme","twitter_misc":{"Escrito por":"CFPMaresme","Tiempo de lectura":"1 minuto"},"schema":{"@context":"https:\/\/schema.org","@graph":[{"@type":"Article","@id":"https:\/\/cfpmaresme.org\/es\/maresme-continuum-estrena-nueva-web\/#article","isPartOf":{"@id":"https:\/\/cfpmaresme.org\/es\/maresme-continuum-estrena-nueva-web\/"},"author":{"name":"CFPMaresme","@id":"https:\/\/cfpmaresme.org\/#\/schema\/person\/b2634bcd796fafc667ea4055f61b9b2c"},"headline":"Maresme Continuum estrena nueva web","datePublished":"2021-03-31T14:28:33+00:00","dateModified":"2021-05-14T12:15:47+00:00","mainEntityOfPage":{"@id":"https:\/\/cfpmaresme.org\/es\/maresme-continuum-estrena-nueva-web\/"},"wordCount":244,"commentCount":0,"image":{"@id":"https:\/\/cfpmaresme.org\/es\/maresme-continuum-estrena-nueva-web\/#primaryimage"},"thumbnailUrl":"https:\/\/cfpmaresme.org\/wp-content\/uploads\/2021\/03\/Maresme-Continuum-NOU-LOGO.png","articleSection":["CFP Maresme"],"inLanguage":"es"},{"@type":"WebPage","@id":"https:\/\/cfpmaresme.org\/es\/maresme-continuum-estrena-nueva-web\/","url":"https:\/\/cfpmaresme.org\/es\/maresme-continuum-estrena-nueva-web\/","name":"Maresme Continuum estrena nueva web | CFP Maresme","isPartOf":{"@id":"https:\/\/cfpmaresme.org\/#website"},"primaryImageOfPage":{"@id":"https:\/\/cfpmaresme.org\/es\/maresme-continuum-estrena-nueva-web\/#primaryimage"},"image":{"@id":"https:\/\/cfpmaresme.org\/es\/maresme-continuum-estrena-nueva-web\/#primaryimage"},"thumbnailUrl":"https:\/\/cfpmaresme.org\/wp-content\/uploads\/2021\/03\/Maresme-Continuum-NOU-LOGO.png","datePublished":"2021-03-31T14:28:33+00:00","dateModified":"2021-05-14T12:15:47+00:00","author":{"@id":"https:\/\/cfpmaresme.org\/#\/schema\/person\/b2634bcd796fafc667ea4055f61b9b2c"},"breadcrumb":{"@id":"https:\/\/cfpmaresme.org\/es\/maresme-continuum-estrena-nueva-web\/#breadcrumb"},"inLanguage":"es","potentialAction":[{"@type":"ReadAction","target":["https:\/\/cfpmaresme.org\/es\/maresme-continuum-estrena-nueva-web\/"]}]},{"@type":"ImageObject","inLanguage":"es","@id":"https:\/\/cfpmaresme.org\/es\/maresme-continuum-estrena-nueva-web\/#primaryimage","url":"https:\/\/cfpmaresme.org\/wp-content\/uploads\/2021\/03\/Maresme-Continuum-NOU-LOGO.png","contentUrl":"https:\/\/cfpmaresme.org\/wp-content\/uploads\/2021\/03\/Maresme-Continuum-NOU-LOGO.png","width":2560,"height":620},{"@type":"BreadcrumbList","@id":"https:\/\/cfpmaresme.org\/es\/maresme-continuum-estrena-nueva-web\/#breadcrumb","itemListElement":[{"@type":"ListItem","position":1,"name":"Home","item":"https:\/\/cfpmaresme.org\/es\/"},{"@type":"ListItem","position":2,"name":"Maresme Continuum estrena nueva web"}]},{"@type":"WebSite","@id":"https:\/\/cfpmaresme.org\/#website","url":"https:\/\/cfpmaresme.org\/","name":"CFP Maresme","description":"Centre Formaci\u00f3 Prevenci\u00f3","potentialAction":[{"@type":"SearchAction","target":{"@type":"EntryPoint","urlTemplate":"https:\/\/cfpmaresme.org\/?s={search_term_string}"},"query-input":{"@type":"PropertyValueSpecification","valueRequired":true,"valueName":"search_term_string"}}],"inLanguage":"es"},{"@type":"Person","@id":"https:\/\/cfpmaresme.org\/#\/schema\/person\/b2634bcd796fafc667ea4055f61b9b2c","name":"CFPMaresme"}]}},"_links":{"self":[{"href":"https:\/\/cfpmaresme.org\/es\/wp-json\/wp\/v2\/posts\/24188","targetHints":{"allow":["GET"]}}],"collection":[{"href":"https:\/\/cfpmaresme.org\/es\/wp-json\/wp\/v2\/posts"}],"about":[{"href":"https:\/\/cfpmaresme.org\/es\/wp-json\/wp\/v2\/types\/post"}],"author":[{"embeddable":true,"href":"https:\/\/cfpmaresme.org\/es\/wp-json\/wp\/v2\/users\/2"}],"replies":[{"embeddable":true,"href":"https:\/\/cfpmaresme.org\/es\/wp-json\/wp\/v2\/comments?post=24188"}],"version-history":[{"count":1,"href":"https:\/\/cfpmaresme.org\/es\/wp-json\/wp\/v2\/posts\/24188\/revisions"}],"predecessor-version":[{"id":24189,"href":"https:\/\/cfpmaresme.org\/es\/wp-json\/wp\/v2\/posts\/24188\/revisions\/24189"}],"wp:featuredmedia":[{"embeddable":true,"href":"https:\/\/cfpmaresme.org\/es\/wp-json\/wp\/v2\/media\/24186"}],"wp:attachment":[{"href":"https:\/\/cfpmaresme.org\/es\/wp-json\/wp\/v2\/media?parent=24188"}],"wp:term":[{"taxonomy":"category","embeddable":true,"href":"https:\/\/cfpmaresme.org\/es\/wp-json\/wp\/v2\/categories?post=24188"},{"taxonomy":"post_tag","embeddable":true,"href":"https:\/\/cfpmaresme.org\/es\/wp-json\/wp\/v2\/tags?post=24188"}],"curies":[{"name":"wp","href":"https:\/\/api.w.org\/{rel}","templated":true}]}}