{"id":24424,"date":"2021-04-20T13:45:58","date_gmt":"2021-04-20T11:45:58","guid":{"rendered":"https:\/\/www.cfpmaresme.org\/?p=24424"},"modified":"2021-04-20T14:37:48","modified_gmt":"2021-04-20T12:37:48","slug":"el-vivero-del-cfp-inicia-la-produccion-en-masa","status":"publish","type":"post","link":"https:\/\/cfpmaresme.org\/es\/el-vivero-del-cfp-inicia-la-produccion-en-masa\/","title":{"rendered":"El vivero del CFP inicia la producci\u00f3n en masa"},"content":{"rendered":"<p>A principios del a\u00f1o pasado os hac\u00edamos part\u00edcipes de la noticia que el nuevo servicio comercial, el <a href=\"\/?cat_ID=1190\" target=\"_blank\" rel=\"noopener noreferrer\">Vivero del CFP<\/a> iniciar\u00eda su actividad. La intenci\u00f3n era hacer una inauguraci\u00f3n y compartirla con las personas vinculadas a la entidad, miembros de la administraci\u00f3n e interesados\/as en conocer la tarea que realizar\u00edamos. Debido a la r\u00e1pida evoluci\u00f3n de la situaci\u00f3n sanitaria no fue posible. s<\/p>\n<p>Nuestra voluntad era tirar adelante este proyecto y <strong>consolidarlo durante el 2020<\/strong>. La inicial parada de toda la actividad y la posterior necesidad de reinventarnos, dar prioridad a las urgencias que requer\u00eda la situaci\u00f3n y dar forma a la actividad de los serviocios comerciales con la nueva realidad fue que <strong>no fuera posible.\u00a0<\/strong><\/p>\n<p>&nbsp;<\/p>\n<h3>Situaci\u00f3n actual del Vivero del CFP<\/h3>\n<p>El equipo comercial est\u00e1 planificando e <strong>iniciando la producci\u00f3n en masa<\/strong> del Vivero del CFP. <strong>Ahora mismo, <\/strong>centr\u00e1ndose en la <strong>producci\u00f3n de grama americana<\/strong> por esta temporada,<img loading=\"lazy\" decoding=\"async\" class=\"alignright wp-image-24412 size-medium\" src=\"https:\/\/www.cfpmaresme.org\/wp-content\/uploads\/2021\/04\/elviver-publicar-300x257.jpg\" alt=\"\" width=\"300\" height=\"257\" srcset=\"https:\/\/cfpmaresme.org\/wp-content\/uploads\/2021\/04\/elviver-publicar-300x257.jpg 300w, https:\/\/cfpmaresme.org\/wp-content\/uploads\/2021\/04\/elviver-publicar.jpg 637w\" sizes=\"auto, (max-width: 300px) 100vw, 300px\" \/> que empieza muy pronto.<\/p>\n<p>La producci\u00f3n del vivero est\u00e1 enfocada a la venta a <strong>clientes<\/strong> privados, como pueden ser <strong>mayoristas, particulares<\/strong> y\u00a0<strong><em>gardens<\/em> especializados <\/strong>del territorio. Las tareas que hacen actualmente son el mantenimiento de espacios diarios y la producci\u00f3n de grama americana, tal y como coment\u00e1bamos, y de planta arom\u00e1tica (tomillo, romero, laurel&#8230;) as\u00ed como plantar festuca, una planta ornamental del jard\u00edn que se hace a partir de semillas.<\/p>\n<p>El equipo comercial cuenta con el soporte de personas atendidas des del <a href=\"\/?page_id=16541\" target=\"_blank\" rel=\"noopener noreferrer\">servicio Prelaboral<\/a>, que mejoran sus capacidades y habilidades y, a su vez, ayudan a hacer crecer la actividad y producci\u00f3n del vivero.<\/p>\n<p>&nbsp;<\/p>\n<h3>Un servicio comercial m\u00e1s que ayude a la inserci\u00f3n de colectivos vulnerables<\/h3>\n<p>El objetivo del vivero es devenir un servicio m\u00e1s de los que forman parte del departamento comercial del CFP con una doble vertiente. Por un lado, devenir proveedores de particulares y mejorar la actividad comercial de la entidad. Y, por otro lado, promocionar la inserci\u00f3n laboral de personas en riesgo de exclusi\u00f3n, especialmente, aquellas que tienen una problem\u00e1tica de salud mental.<\/p>\n","protected":false},"excerpt":{"rendered":"<p>A principios del a\u00f1o pasado os hac\u00edamos part\u00edcipes de la noticia que el nuevo servicio comercial, el Vivero del CFP iniciar\u00eda su actividad. La intenci\u00f3n era hacer una inauguraci\u00f3n y compartirla con las personas vinculadas a la entidad, miembros de la administraci\u00f3n e interesados\/as en&#8230;<\/p>\n","protected":false},"author":2,"featured_media":19777,"comment_status":"open","ping_status":"open","sticky":false,"template":"","format":"standard","meta":{"footnotes":""},"categories":[1190],"tags":[],"class_list":["post-24424","post","type-post","status-publish","format-standard","has-post-thumbnail","hentry","category-servicios-a-las-empresas"],"yoast_head":"<!-- This site is optimized with the Yoast SEO plugin v27.4 - https:\/\/yoast.com\/product\/yoast-seo-wordpress\/ -->\n<title>El vivero del CFP inicia la producci\u00f3n en masa | CFP Maresme<\/title>\n<meta name=\"robots\" content=\"index, follow, max-snippet:-1, max-image-preview:large, max-video-preview:-1\" \/>\n<link rel=\"canonical\" href=\"https:\/\/cfpmaresme.org\/es\/el-vivero-del-cfp-inicia-la-produccion-en-masa\/\" \/>\n<meta property=\"og:locale\" content=\"es_ES\" \/>\n<meta property=\"og:type\" content=\"article\" \/>\n<meta property=\"og:title\" content=\"El vivero del CFP inicia la producci\u00f3n en masa | CFP Maresme\" \/>\n<meta property=\"og:description\" content=\"A principios del a\u00f1o pasado os hac\u00edamos part\u00edcipes de la noticia que el nuevo servicio comercial, el Vivero del CFP iniciar\u00eda su actividad. La intenci\u00f3n era hacer una inauguraci\u00f3n y compartirla con las personas vinculadas a la entidad, miembros de la administraci\u00f3n e interesados\/as en...\" \/>\n<meta property=\"og:url\" content=\"https:\/\/cfpmaresme.org\/es\/el-vivero-del-cfp-inicia-la-produccion-en-masa\/\" \/>\n<meta property=\"og:site_name\" content=\"CFP Maresme\" \/>\n<meta property=\"article:published_time\" content=\"2021-04-20T11:45:58+00:00\" \/>\n<meta property=\"article:modified_time\" content=\"2021-04-20T12:37:48+00:00\" \/>\n<meta property=\"og:image\" content=\"https:\/\/cfpmaresme.org\/wp-content\/uploads\/2020\/04\/campanya-agraria-verd-fulles.jpg\" \/>\n\t<meta property=\"og:image:width\" content=\"883\" \/>\n\t<meta property=\"og:image:height\" content=\"484\" \/>\n\t<meta property=\"og:image:type\" content=\"image\/jpeg\" \/>\n<meta name=\"author\" content=\"CFPMaresme\" \/>\n<meta name=\"twitter:card\" content=\"summary_large_image\" \/>\n<meta name=\"twitter:creator\" content=\"@cfpmaresme\" \/>\n<meta name=\"twitter:site\" content=\"@cfpmaresme\" \/>\n<meta name=\"twitter:label1\" content=\"Escrito por\" \/>\n\t<meta name=\"twitter:data1\" content=\"CFPMaresme\" \/>\n\t<meta name=\"twitter:label2\" content=\"Tiempo de lectura\" \/>\n\t<meta name=\"twitter:data2\" content=\"2 minutos\" \/>\n<script type=\"application\/ld+json\" class=\"yoast-schema-graph\">{\"@context\":\"https:\\\/\\\/schema.org\",\"@graph\":[{\"@type\":\"Article\",\"@id\":\"https:\\\/\\\/cfpmaresme.org\\\/es\\\/el-vivero-del-cfp-inicia-la-produccion-en-masa\\\/#article\",\"isPartOf\":{\"@id\":\"https:\\\/\\\/cfpmaresme.org\\\/es\\\/el-vivero-del-cfp-inicia-la-produccion-en-masa\\\/\"},\"author\":{\"name\":\"CFPMaresme\",\"@id\":\"https:\\\/\\\/cfpmaresme.org\\\/#\\\/schema\\\/person\\\/b2634bcd796fafc667ea4055f61b9b2c\"},\"headline\":\"El vivero del CFP inicia la producci\u00f3n en masa\",\"datePublished\":\"2021-04-20T11:45:58+00:00\",\"dateModified\":\"2021-04-20T12:37:48+00:00\",\"mainEntityOfPage\":{\"@id\":\"https:\\\/\\\/cfpmaresme.org\\\/es\\\/el-vivero-del-cfp-inicia-la-produccion-en-masa\\\/\"},\"wordCount\":367,\"commentCount\":0,\"image\":{\"@id\":\"https:\\\/\\\/cfpmaresme.org\\\/es\\\/el-vivero-del-cfp-inicia-la-produccion-en-masa\\\/#primaryimage\"},\"thumbnailUrl\":\"https:\\\/\\\/cfpmaresme.org\\\/wp-content\\\/uploads\\\/2020\\\/04\\\/campanya-agraria-verd-fulles.jpg\",\"articleSection\":[\"Servicios a las empresas\"],\"inLanguage\":\"es\"},{\"@type\":\"WebPage\",\"@id\":\"https:\\\/\\\/cfpmaresme.org\\\/es\\\/el-vivero-del-cfp-inicia-la-produccion-en-masa\\\/\",\"url\":\"https:\\\/\\\/cfpmaresme.org\\\/es\\\/el-vivero-del-cfp-inicia-la-produccion-en-masa\\\/\",\"name\":\"El vivero del CFP inicia la producci\u00f3n en masa | CFP Maresme\",\"isPartOf\":{\"@id\":\"https:\\\/\\\/cfpmaresme.org\\\/#website\"},\"primaryImageOfPage\":{\"@id\":\"https:\\\/\\\/cfpmaresme.org\\\/es\\\/el-vivero-del-cfp-inicia-la-produccion-en-masa\\\/#primaryimage\"},\"image\":{\"@id\":\"https:\\\/\\\/cfpmaresme.org\\\/es\\\/el-vivero-del-cfp-inicia-la-produccion-en-masa\\\/#primaryimage\"},\"thumbnailUrl\":\"https:\\\/\\\/cfpmaresme.org\\\/wp-content\\\/uploads\\\/2020\\\/04\\\/campanya-agraria-verd-fulles.jpg\",\"datePublished\":\"2021-04-20T11:45:58+00:00\",\"dateModified\":\"2021-04-20T12:37:48+00:00\",\"author\":{\"@id\":\"https:\\\/\\\/cfpmaresme.org\\\/#\\\/schema\\\/person\\\/b2634bcd796fafc667ea4055f61b9b2c\"},\"breadcrumb\":{\"@id\":\"https:\\\/\\\/cfpmaresme.org\\\/es\\\/el-vivero-del-cfp-inicia-la-produccion-en-masa\\\/#breadcrumb\"},\"inLanguage\":\"es\",\"potentialAction\":[{\"@type\":\"ReadAction\",\"target\":[\"https:\\\/\\\/cfpmaresme.org\\\/es\\\/el-vivero-del-cfp-inicia-la-produccion-en-masa\\\/\"]}]},{\"@type\":\"ImageObject\",\"inLanguage\":\"es\",\"@id\":\"https:\\\/\\\/cfpmaresme.org\\\/es\\\/el-vivero-del-cfp-inicia-la-produccion-en-masa\\\/#primaryimage\",\"url\":\"https:\\\/\\\/cfpmaresme.org\\\/wp-content\\\/uploads\\\/2020\\\/04\\\/campanya-agraria-verd-fulles.jpg\",\"contentUrl\":\"https:\\\/\\\/cfpmaresme.org\\\/wp-content\\\/uploads\\\/2020\\\/04\\\/campanya-agraria-verd-fulles.jpg\",\"width\":883,\"height\":484},{\"@type\":\"BreadcrumbList\",\"@id\":\"https:\\\/\\\/cfpmaresme.org\\\/es\\\/el-vivero-del-cfp-inicia-la-produccion-en-masa\\\/#breadcrumb\",\"itemListElement\":[{\"@type\":\"ListItem\",\"position\":1,\"name\":\"Home\",\"item\":\"https:\\\/\\\/cfpmaresme.org\\\/es\\\/\"},{\"@type\":\"ListItem\",\"position\":2,\"name\":\"El vivero del CFP inicia la producci\u00f3n en masa\"}]},{\"@type\":\"WebSite\",\"@id\":\"https:\\\/\\\/cfpmaresme.org\\\/#website\",\"url\":\"https:\\\/\\\/cfpmaresme.org\\\/\",\"name\":\"CFP Maresme\",\"description\":\"Centre Formaci\u00f3 Prevenci\u00f3\",\"potentialAction\":[{\"@type\":\"SearchAction\",\"target\":{\"@type\":\"EntryPoint\",\"urlTemplate\":\"https:\\\/\\\/cfpmaresme.org\\\/?s={search_term_string}\"},\"query-input\":{\"@type\":\"PropertyValueSpecification\",\"valueRequired\":true,\"valueName\":\"search_term_string\"}}],\"inLanguage\":\"es\"},{\"@type\":\"Person\",\"@id\":\"https:\\\/\\\/cfpmaresme.org\\\/#\\\/schema\\\/person\\\/b2634bcd796fafc667ea4055f61b9b2c\",\"name\":\"CFPMaresme\"}]}<\/script>\n<!-- \/ Yoast SEO plugin. -->","yoast_head_json":{"title":"El vivero del CFP inicia la producci\u00f3n en masa | CFP Maresme","robots":{"index":"index","follow":"follow","max-snippet":"max-snippet:-1","max-image-preview":"max-image-preview:large","max-video-preview":"max-video-preview:-1"},"canonical":"https:\/\/cfpmaresme.org\/es\/el-vivero-del-cfp-inicia-la-produccion-en-masa\/","og_locale":"es_ES","og_type":"article","og_title":"El vivero del CFP inicia la producci\u00f3n en masa | CFP Maresme","og_description":"A principios del a\u00f1o pasado os hac\u00edamos part\u00edcipes de la noticia que el nuevo servicio comercial, el Vivero del CFP iniciar\u00eda su actividad. La intenci\u00f3n era hacer una inauguraci\u00f3n y compartirla con las personas vinculadas a la entidad, miembros de la administraci\u00f3n e interesados\/as en...","og_url":"https:\/\/cfpmaresme.org\/es\/el-vivero-del-cfp-inicia-la-produccion-en-masa\/","og_site_name":"CFP Maresme","article_published_time":"2021-04-20T11:45:58+00:00","article_modified_time":"2021-04-20T12:37:48+00:00","og_image":[{"width":883,"height":484,"url":"https:\/\/cfpmaresme.org\/wp-content\/uploads\/2020\/04\/campanya-agraria-verd-fulles.jpg","type":"image\/jpeg"}],"author":"CFPMaresme","twitter_card":"summary_large_image","twitter_creator":"@cfpmaresme","twitter_site":"@cfpmaresme","twitter_misc":{"Escrito por":"CFPMaresme","Tiempo de lectura":"2 minutos"},"schema":{"@context":"https:\/\/schema.org","@graph":[{"@type":"Article","@id":"https:\/\/cfpmaresme.org\/es\/el-vivero-del-cfp-inicia-la-produccion-en-masa\/#article","isPartOf":{"@id":"https:\/\/cfpmaresme.org\/es\/el-vivero-del-cfp-inicia-la-produccion-en-masa\/"},"author":{"name":"CFPMaresme","@id":"https:\/\/cfpmaresme.org\/#\/schema\/person\/b2634bcd796fafc667ea4055f61b9b2c"},"headline":"El vivero del CFP inicia la producci\u00f3n en masa","datePublished":"2021-04-20T11:45:58+00:00","dateModified":"2021-04-20T12:37:48+00:00","mainEntityOfPage":{"@id":"https:\/\/cfpmaresme.org\/es\/el-vivero-del-cfp-inicia-la-produccion-en-masa\/"},"wordCount":367,"commentCount":0,"image":{"@id":"https:\/\/cfpmaresme.org\/es\/el-vivero-del-cfp-inicia-la-produccion-en-masa\/#primaryimage"},"thumbnailUrl":"https:\/\/cfpmaresme.org\/wp-content\/uploads\/2020\/04\/campanya-agraria-verd-fulles.jpg","articleSection":["Servicios a las empresas"],"inLanguage":"es"},{"@type":"WebPage","@id":"https:\/\/cfpmaresme.org\/es\/el-vivero-del-cfp-inicia-la-produccion-en-masa\/","url":"https:\/\/cfpmaresme.org\/es\/el-vivero-del-cfp-inicia-la-produccion-en-masa\/","name":"El vivero del CFP inicia la producci\u00f3n en masa | CFP Maresme","isPartOf":{"@id":"https:\/\/cfpmaresme.org\/#website"},"primaryImageOfPage":{"@id":"https:\/\/cfpmaresme.org\/es\/el-vivero-del-cfp-inicia-la-produccion-en-masa\/#primaryimage"},"image":{"@id":"https:\/\/cfpmaresme.org\/es\/el-vivero-del-cfp-inicia-la-produccion-en-masa\/#primaryimage"},"thumbnailUrl":"https:\/\/cfpmaresme.org\/wp-content\/uploads\/2020\/04\/campanya-agraria-verd-fulles.jpg","datePublished":"2021-04-20T11:45:58+00:00","dateModified":"2021-04-20T12:37:48+00:00","author":{"@id":"https:\/\/cfpmaresme.org\/#\/schema\/person\/b2634bcd796fafc667ea4055f61b9b2c"},"breadcrumb":{"@id":"https:\/\/cfpmaresme.org\/es\/el-vivero-del-cfp-inicia-la-produccion-en-masa\/#breadcrumb"},"inLanguage":"es","potentialAction":[{"@type":"ReadAction","target":["https:\/\/cfpmaresme.org\/es\/el-vivero-del-cfp-inicia-la-produccion-en-masa\/"]}]},{"@type":"ImageObject","inLanguage":"es","@id":"https:\/\/cfpmaresme.org\/es\/el-vivero-del-cfp-inicia-la-produccion-en-masa\/#primaryimage","url":"https:\/\/cfpmaresme.org\/wp-content\/uploads\/2020\/04\/campanya-agraria-verd-fulles.jpg","contentUrl":"https:\/\/cfpmaresme.org\/wp-content\/uploads\/2020\/04\/campanya-agraria-verd-fulles.jpg","width":883,"height":484},{"@type":"BreadcrumbList","@id":"https:\/\/cfpmaresme.org\/es\/el-vivero-del-cfp-inicia-la-produccion-en-masa\/#breadcrumb","itemListElement":[{"@type":"ListItem","position":1,"name":"Home","item":"https:\/\/cfpmaresme.org\/es\/"},{"@type":"ListItem","position":2,"name":"El vivero del CFP inicia la producci\u00f3n en masa"}]},{"@type":"WebSite","@id":"https:\/\/cfpmaresme.org\/#website","url":"https:\/\/cfpmaresme.org\/","name":"CFP Maresme","description":"Centre Formaci\u00f3 Prevenci\u00f3","potentialAction":[{"@type":"SearchAction","target":{"@type":"EntryPoint","urlTemplate":"https:\/\/cfpmaresme.org\/?s={search_term_string}"},"query-input":{"@type":"PropertyValueSpecification","valueRequired":true,"valueName":"search_term_string"}}],"inLanguage":"es"},{"@type":"Person","@id":"https:\/\/cfpmaresme.org\/#\/schema\/person\/b2634bcd796fafc667ea4055f61b9b2c","name":"CFPMaresme"}]}},"_links":{"self":[{"href":"https:\/\/cfpmaresme.org\/es\/wp-json\/wp\/v2\/posts\/24424","targetHints":{"allow":["GET"]}}],"collection":[{"href":"https:\/\/cfpmaresme.org\/es\/wp-json\/wp\/v2\/posts"}],"about":[{"href":"https:\/\/cfpmaresme.org\/es\/wp-json\/wp\/v2\/types\/post"}],"author":[{"embeddable":true,"href":"https:\/\/cfpmaresme.org\/es\/wp-json\/wp\/v2\/users\/2"}],"replies":[{"embeddable":true,"href":"https:\/\/cfpmaresme.org\/es\/wp-json\/wp\/v2\/comments?post=24424"}],"version-history":[{"count":2,"href":"https:\/\/cfpmaresme.org\/es\/wp-json\/wp\/v2\/posts\/24424\/revisions"}],"predecessor-version":[{"id":24426,"href":"https:\/\/cfpmaresme.org\/es\/wp-json\/wp\/v2\/posts\/24424\/revisions\/24426"}],"wp:featuredmedia":[{"embeddable":true,"href":"https:\/\/cfpmaresme.org\/es\/wp-json\/wp\/v2\/media\/19777"}],"wp:attachment":[{"href":"https:\/\/cfpmaresme.org\/es\/wp-json\/wp\/v2\/media?parent=24424"}],"wp:term":[{"taxonomy":"category","embeddable":true,"href":"https:\/\/cfpmaresme.org\/es\/wp-json\/wp\/v2\/categories?post=24424"},{"taxonomy":"post_tag","embeddable":true,"href":"https:\/\/cfpmaresme.org\/es\/wp-json\/wp\/v2\/tags?post=24424"}],"curies":[{"name":"wp","href":"https:\/\/api.w.org\/{rel}","templated":true}]}}