{"id":24603,"date":"2021-04-22T12:23:53","date_gmt":"2021-04-22T10:23:53","guid":{"rendered":"https:\/\/www.cfpmaresme.org\/?p=24603"},"modified":"2021-05-14T14:14:48","modified_gmt":"2021-05-14T12:14:48","slug":"jocs-florals-cfp-2021-candidaturas-poesia","status":"publish","type":"post","link":"https:\/\/cfpmaresme.org\/es\/jocs-florals-cfp-2021-candidaturas-poesia\/","title":{"rendered":"Jocs Florals CFP 2021. Candidaturas poes\u00eda"},"content":{"rendered":"<h3>\u00abEl abrigo de tu recuerdo\u00bb de Jimmy Shibaru<\/h3>\n<p>Lo intent\u00e9, entre tus brazos me abrigu\u00e9,<\/p>\n<p>a amarte me obligu\u00e9,<\/p>\n<p>ese sentir tan agradable charlando<\/p>\n<p>siempre mirando a tus ojos y dudando<\/p>\n<p>despu\u00e9s de ti me castigu\u00e9,<\/p>\n<p>mis miedos forc\u00e9<\/p>\n<p>como el que abre una puerta<\/p>\n<p>con el alma muerta,<\/p>\n<p>deseando el pecado,<\/p>\n<p>y con ilusi\u00f3n apagu\u00e9 los recuerdos<\/p>\n<p>queriendo olvidar<\/p>\n<p>buscando una felicidad<\/p>\n<p>con honestidad.<\/p>\n<p>Lo intent\u00e9, entre tus brazos me abrigu\u00e9,<\/p>\n<p>a amarte me obligu\u00e9,<\/p>\n<p>eras mi todo,<\/p>\n<p>la \u00fanica salida del lodo,<\/p>\n<p>por eso y a mi pesar<\/p>\n<p>puedo decir que despu\u00e9s de ti no hay nada.<\/p>\n<p>nunca te pude besar<\/p>\n<p>ni compartir contigo una calada<\/p>\n<p>de tu boca helada<\/p>\n<p>y tan deseada.<\/p>\n<p>&nbsp;<\/p>\n<h3>\u00abEl Instante\u00bb de Maria Galopa<\/h3>\n<p>Nadie sabe por qu\u00e9 no toma conciencia al momento de nacer.<\/p>\n<p>M\u00e1s tarde, mucho m\u00e1s tarde, debemos desaparecer.<\/p>\n<p>Pero mientras tanto nos forjamos ni\u00f1os, adolescentes, personas adultas.<\/p>\n<p>Dependiendo de nuestros valores \u00e9ticos disfrutamos de nuestros logros, ambiciones cumplidas, y con suerte, el gozo del amor compartido.<\/p>\n<p>Esto \u00faltimo, a veces se detiene por millones de razones, pero seguimos siendo nosotros, que vamos a por m\u00e1s despu\u00e9s de un duelo.<\/p>\n<p>Al llegar la madurez, ya sabemos que nada es eterno.<\/p>\n<p>Pero no es bueno vivir de un pasado que no volver\u00e1, ni anhelar un futuro que no es tangible.<\/p>\n<p>Por lo tanto mi presente es el que cuenta siempre kil\u00f3metro cero, que significa un paso m\u00e1s para vivir en este instante, pues como nada es eterno, pero s\u00ed et\u00e9reo\u2026<\/p>\n<p>Mi instante se llama felicidad.<\/p>\n<p>&nbsp;<\/p>\n<h3>\u00abRes \u00e9s etern\u00bb de MB<\/h3>\n<p>Conversa aliena, cercant els passos<\/p>\n<p>xiuxiuejant paraules imm\u00f2bils<\/p>\n<p>Vers versos d\u2019acostament en perjudici<\/p>\n<p>Almenys volta en el seu cap<\/p>\n<p>Paraules d\u2019amargura<\/p>\n<p>\u00c9s el seu tarann\u00e0<\/p>\n<p>S\u2019 ha acabat la tempura<\/p>\n<p>Ja tot \u00e9s ofensa<\/p>\n<p>Fins a parar.<\/p>\n<p>Tot frena , res frena<\/p>\n<p>Tot es audible i res tangible<\/p>\n<p>El seu cap vola d\u2019entre<\/p>\n<p>Els seus llavis<\/p>\n<p>D\u2019entre una escriptura palpable<\/p>\n<p>En el caos<\/p>\n<p>I una conversa aliena<\/p>\n<p>Desxifra les seves frases.<\/p>\n<p>El conflicte \u00e9s excessiu&#8230;<\/p>\n<p>Acapara la seva atenci\u00f3.<\/p>\n<p>I salta dintre seu<\/p>\n<p>La llum d\u2019alarma<\/p>\n<p>Es el confinament<\/p>\n<p>D\u2019una persona velo\u00e7<\/p>\n<p>En els seus passos<\/p>\n<p>I, lenta, en la seva ment<\/p>\n<p>Oportuna conviv\u00e8ncia del que soc<\/p>\n<p>I que poc es transmet<\/p>\n<p>En gent propera<\/p>\n<p>i em fa emmalaltir<\/p>\n<p>En els seus actes i<\/p>\n<p>En la seva ment<\/p>\n<p>Tortuosa d\u2019arrog\u00e0ncia<\/p>\n<p>I inverossim\u00edl<\/p>\n<p>En els altres<\/p>\n<p>Com creure mentre un paladar imm\u00f2bil<\/p>\n<p>Contempla els meus actes,<\/p>\n<p>La seva fe d\u2019 un mateix<\/p>\n<p>I destrossa,<\/p>\n<p>En subordinades tortures<\/p>\n<p>A qui l\u2019envolta.<\/p>\n<p>Creure, creure<\/p>\n<p>I tanmateix desesperan\u00e7a<\/p>\n<p>Que all\u00f2 que acullo<\/p>\n<p>Sigui fe en la vida<\/p>\n<p>I una ment sana<\/p>\n<p>a qui no combatre&#8230;<\/p>\n<p>Res no planyo<\/p>\n<p>I tot ho soc.<\/p>\n<p>&nbsp;<\/p>\n<h3>\u00abLa corona\u00bb de Ana M\u00aa<\/h3>\n<p>Levanta la cara princesa,<br \/>\nQue si no se te cae la corona de la cabeza.<br \/>\nVamos para el castillo, recuerda,<br \/>\nTenemos que llegar a la meta.<br \/>\nTodo en su lugar y en su tiempo,<br \/>\nDe nada sirve sacudir el reloj de arena,<br \/>\nNo, con todas tus fuerzas.<br \/>\nHay que evitar los problemas.<br \/>\nQue viva la vida! ese es mi lema.<br \/>\nVoy a poner un mundo metaf\u00edsico en mi teorema, voy a quitarme de dilemas, a salirme de la botella.<br \/>\nRepensar mi forma de actuar<br \/>\nY entrar en consciencia,<br \/>\nCueste lo que cueste y c\u00f3mo cuesta.<br \/>\nEl despertar es el despertar<br \/>\nDel coraz\u00f3n y de la inteligencia plena.<br \/>\nMientras que la ciencia<br \/>\nSe enfoca en lo material,<br \/>\nLos que apoyamos la supremac\u00eda de lo casual, cada vez somos m\u00e1s.<br \/>\nLa peor enfermedad<br \/>\nEs el miedo fren\u00e9tico en la sociedad,<br \/>\nEl ego fragmentado,<br \/>\nEl orgullo exaltado!<\/p>\n<p>&nbsp;<\/p>\n<h3>\u00abRius de Plata\u00bb de Rossell\u00f3<\/h3>\n<p><strong>\u00a0<\/strong>Las cuixes son rius de plata<\/p>\n<p>Que desemboquen en un mar de plaer<\/p>\n<p>La cara tendre mirada<\/p>\n<p>Expressen el seu afer<\/p>\n<p>Quines cames tan boniques\u2026<\/p>\n<p>Que la meva muller tingu\u00e9.<\/p>\n<p>M\u2019agrada el teu somriure i car\u00e0cter tamb\u00e9.<\/p>\n<p>Fou donzella enamorada d\u2019un Mariner.<\/p>\n<p>Mare de Deu meva<\/p>\n<p>Qui se la endu\u00e9, seva se la feu.<\/p>\n<p>&nbsp;<\/p>\n<h3>\u00abCuando despierto\u00bb de DavidVF<\/h3>\n<p>Cuando despierto<\/p>\n<p>la ma\u00f1ana abre mi cuerpo<\/p>\n<p>oscuro, bebo la luz<\/p>\n<p>olvidado, ya la noche<\/p>\n<p>y es entonces cuando la arena<\/p>\n<p>acaricia la ola. La gaviota<\/p>\n<p>besa entonces el cielo, la abraza<\/p>\n<p>la abraza tanto que se pierde<\/p>\n<p>entre un aire y otro.<\/p>\n<p>M\u00e1s tarde el ocaso vendr\u00e1<\/p>\n<p>la luz se retirar\u00e1 y las sombras<\/p>\n<p>recuperar\u00e1n su origen.<\/p>\n<p>&nbsp;<\/p>\n<h3>\u00abLa segunda oportunidad\u00bb de Aitor Galv\u00e1n Quir\u00f3s<\/h3>\n<p>Si pudiera suspirar<\/p>\n<p>Entre los muros de la verdad<\/p>\n<p>Y caminar con las huellas<\/p>\n<p>Que t\u00fa me supiste dejar<\/p>\n<p>Me demostrar\u00eda por un momento<\/p>\n<p>Toda estrella en movimiento<\/p>\n<p>As\u00ed es como te veo<\/p>\n<p>Sin tapujos<\/p>\n<p>Ni remordimientos<\/p>\n<p>Esperando alcanzar<\/p>\n<p>Un estado sobrenatural<\/p>\n<p>Bajo mi conciencia<\/p>\n<p>Ser\u00e1 el principio<\/p>\n<p>O el final<\/p>\n<p>De una nueva vida<\/p>\n<p>Ni t\u00fa ni yo<\/p>\n<p>Volveremos a separarnos<\/p>\n<p>C\u00f3mo estubieron nuestros cuerpos<\/p>\n<p>Que m\u00e1s dar\u00e1<\/p>\n<p>Si podremos empezar<\/p>\n<p>Nuestro v\u00ednculo familiar<\/p>\n<p>Estoy seguro<\/p>\n<p>De que Dios<\/p>\n<p>Nos dar\u00e1 esa oportunidad<\/p>\n<p>&nbsp;<\/p>\n<h3>\u00abEl present\u00bb de M.V.<\/h3>\n<p>En moltes ocasions<\/p>\n<p>hem pensat<\/p>\n<p>en el passat<\/p>\n<p>i en el futur<\/p>\n<p>per\u00f2 no en<\/p>\n<p>el present,<\/p>\n<p>el aqu\u00ed i ara.<\/p>\n<p>Hi han moltes<\/p>\n<p>coses i molts<\/p>\n<p>fets que<\/p>\n<p>ens hem perdut<\/p>\n<p>i ja no es<\/p>\n<p>recuperen.<\/p>\n<p>Sempre anem,<\/p>\n<p>atabalats,<\/p>\n<p>amb presses,<\/p>\n<p>i aix\u00f2,<\/p>\n<p>tard o d\u00b4hora<\/p>\n<p>ens perdudica<\/p>\n<p>sobretot en<\/p>\n<p>la salut.<\/p>\n<p>Hem d\u00b4aprendre<\/p>\n<p>a captar<\/p>\n<p>l\u00b4ess\u00e8ncia del<\/p>\n<p>moment en<\/p>\n<p>que ens trobem,<\/p>\n<p>com s\u00f3n:<\/p>\n<p>el cant<\/p>\n<p>dels ocells,<\/p>\n<p>les ones del mar,<\/p>\n<p>el so del<\/p>\n<p>vent quan bufa,<\/p>\n<p>el caminar<\/p>\n<p>de la gent,<\/p>\n<p>tenir empatia<\/p>\n<p>amb els dem\u00e9s,<\/p>\n<p>el silenci,<\/p>\n<p>que moltes<\/p>\n<p>vegades<\/p>\n<p>ens manca,<\/p>\n<p>la paci\u00e8ncia,<\/p>\n<p>saber escoltar<\/p>\n<p>als petits i<\/p>\n<p>les hist\u00f2ries<\/p>\n<p>de la gent gran<\/p>\n<p>i,sobretot,<\/p>\n<p>escoltar-nos a<\/p>\n<p>nosaltres mateixos<\/p>\n<p>que,de tant<\/p>\n<p>en tant<\/p>\n<p>ens conv\u00e9.<\/p>\n<p>&nbsp;<\/p>\n<h3>Mi ni\u00f1o Duero\u201d \u00a0de\u00a0El Enamorado<\/h3>\n<p>Aun te sigo queriendo,<\/p>\n<p>todav\u00eda me sigo acordando<\/p>\n<p>a pesar del paso del tiempo sigo sintiendo<\/p>\n<p>escalofr\u00edos de emoci\u00f3n s\u00f3lo de pensarlo.<\/p>\n<p>Querido colega que surca tus aguas,<\/p>\n<p>Duero te veo dorado y a veces plateado<\/p>\n<p>desde el puente de hierro o el de piedra<\/p>\n<p>veo que en tus orillas crece la vida en forma de flores.<\/p>\n<p>Tu larga melena acuosa y h\u00fameda,<\/p>\n<p>tu camino largo y mojado riegas alamedas.<\/p>\n<p>Toda Castilla lo camina desde Picos de Urbi\u00f3n hasta Lisboa<\/p>\n<p>al transitar por Zamora riegas las ace\u00f1as<\/p>\n<p>das de beber a tu sediento cauce regando trigos y cebadas.<\/p>\n<p>Vienes de lejos tibio y cristalino para ba\u00f1ar a muchos pe\u00f1ascos<\/p>\n<p>en tus riberas hay ca\u00f1izos que te peinan el alma.<\/p>\n<p>Hay una flora y una fauna y de razas muy basta y muy bonita.<\/p>\n<p>En tus fueros hay islotes que sue\u00f1an on\u00edricamente cada madrugada<\/p>\n<p>se inspiran en cada atardecer y cada anochecer<\/p>\n<p>abrigados de cada cence\u00f1ada suplicando al amanecer seguir un d\u00eda m\u00e1s.<\/p>\n<p>Al esconderse el sol, el claroscuro ti\u00f1e tus aguas de ocres y cobres<\/p>\n<p>el lento difuminar de la luz el cielo pinta el agua de madre perla<\/p>\n<p>los dorados en el agua de ese resol chisporrotean cual bengala<\/p>\n<p>El Duero tiene en su seno los cuatro elementos de la creaci\u00f3n,<\/p>\n<p>el agua por supuesto, el aire fresco, la tierra del pan y del vino.<\/p>\n<p>Al final el calor del r\u00edo es como el abrigo de una candela<\/p>\n<p>el fuego quema si juegas con \u00e9l<\/p>\n<p>En cambio, el rio calienta como un abrazo.<\/p>\n<p>Estar asomado al Duero te colma de gloria los 5 sentidos,<\/p>\n<p>el olfato, pues el perfume y la fragancia del rio es un aroma que embriaga,<\/p>\n<p>el gusto, pues asomarte a la barandilla es un placer y te relames ante<\/p>\n<p>las vistas al ver Zamora ba\u00f1ada por el Duero te hacen los ojos chiribitas.<\/p>\n<p>El o\u00eddo es especialmente agasajado<\/p>\n<p>pues el discurrir el sonido del agua se relaja<\/p>\n<p>como al escuchar una fuente de la Alhambra.<\/p>\n<p>El rio Duero, cuando te habla, lo hace con un tacto extremo<\/p>\n<p>para no estresarte, no crisparte y sin acritud decirte piropos al acariciarte<\/p>\n<p>pues quiere que su compa\u00f1\u00eda te haga la vida agradable.<\/p>\n<p>El r\u00edo te hace cumplir lo votos de obediencia, de castidad y de pobreza,<\/p>\n<p>te sientes muy pobre ante el alarde de facultades y sus facultades.<\/p>\n<p>Su talento hace innato que no caiga<\/p>\n<p>en ninguno de los 7 pecados capitales.<\/p>\n<p>Pereza pues no la tiene en ning\u00fan momento<\/p>\n<p>al estar siempre en continuos movimientos regando campos y vi\u00f1as.<\/p>\n<p>Esa agua hace parecerse el rio al milagro del man\u00e1<\/p>\n<p>o el milagro de los panes y los peces del monte del Sina\u00ed<\/p>\n<p>creando vinos que son caldos que est\u00e1n entre los mejores del mundo.<\/p>\n<p>El Duero no tiene nada que envidiarles a otros r\u00edos m\u00e1s caudalosos,<\/p>\n<p>afluentes, arroyos o grandes r\u00edos que a priori parezcan m\u00e1s bellos.<\/p>\n<p>La avaricia es un pecadillo que el Duero tiene pues es avaro de hermosura.<\/p>\n<p>La gula es un pecado capital que jam\u00e1s, nunca tuvo el r\u00edo pues no come nada,<\/p>\n<p>lo que tiene lo da todo, como las carpas a los pescadores de ca\u00f1a.<\/p>\n<p>El Duero da mucho pescado y sus afluentes muchos cangrejos como el Tormes.<\/p>\n<p>No cabe decir que la soberbia es para el r\u00edo un insulto a la inteligencia,<\/p>\n<p>la Lujuria es poco menos que indecente e indecoroso s\u00f3lo con insinuarlo.<\/p>\n<p>&nbsp;<\/p>\n<h3>\u00abTe mir\u00e9\u00bb d\u2019 Esther Mas<\/h3>\n<p>Te mir\u00e9<\/p>\n<p>Y vi en tus ojos<\/p>\n<p>Un resplandor<\/p>\n<p>Y te brillaban<\/p>\n<p>Como dos estrelles fugaces<\/p>\n<p>Tu pelo ondulado<\/p>\n<p>Y barba de tres d\u00edas<\/p>\n<p>Yo de ti me enamor\u00e9<\/p>\n<p>Al llegar la noche<\/p>\n<p>Prepar\u00e9 para los dos<\/p>\n<p>Una cena rom\u00e1ntica<\/p>\n<p>Con dos velas y la mesa llena<\/p>\n<p>De p\u00e9talos perfumados<\/p>\n<p>T\u00fa me cautivaste<\/p>\n<p>Con tu mirada<\/p>\n<p>Y fui tuya<\/p>\n<p>Solamente tuya<\/p>\n<p>Oh mi pr\u00edncipe<\/p>\n<p>Era mi gran oportunidad<\/p>\n<p>No la pude desaprovechar<\/p>\n<p>Ahora soy feliz<\/p>\n<p>Junto a ti<\/p>\n<p>Oh eres mi h\u00e9roe<\/p>\n<p>El que yo tanto so\u00f1\u00e9.<\/p>\n<p>Te amo<\/p>\n<p>&nbsp;<\/p>\n<h3>\u00abPq\u00bb de Manoli<\/h3>\n<p>Caf\u00e9 y te quiero<\/p>\n<p>\u00bfTomar\u00e1s caf\u00e9 conmigo?<\/p>\n<p>\u00bfPor qu\u00e9?, el \u00bfpor qu\u00e9?<\/p>\n<p>Porque me amas<\/p>\n<p>Porque te quiero de este modo<\/p>\n<p>Que admirable eres&#8230;<\/p>\n<p>M\u00ed i mi<\/p>\n<p>Sabes mucho de m\u00ed<\/p>\n<p>Es cierto<\/p>\n<p>M\u00e1s en este caso:<\/p>\n<p>\u201cEs cierto\u201d<\/p>\n<p>Te quiero.<\/p>\n<p>\u00bfpor qu\u00e9 me amas ?<\/p>\n<p>Porque te quiero.<\/p>\n<p>\u00bfVendr\u00e1s enseguida?<\/p>\n<p>Caf\u00e9 y te quiero.<\/p>\n<p>&nbsp;<\/p>\n<h3>\u00abAmb un amic\u00bb de Estrella de Mar<\/h3>\n<p>Amb un amic he quedat<\/p>\n<p>A dos quarts d\u00b4 una hem dinat<\/p>\n<p>A casa seva hem estat<\/p>\n<p>I despr\u00e8s hem passejat.<\/p>\n<p>L\u00b4 endem\u00e0 hem tornat a quedar<\/p>\n<p>Aquesta vegada per esmorzar<\/p>\n<p>Despr\u00e8s hem anat a caminar<\/p>\n<p>Parlant, parlant el temps ha passat.<\/p>\n<p>Dem\u00e0 tornarem a quedar<\/p>\n<p>Per fer una volteta i xerrar<\/p>\n<p>&nbsp;<\/p>\n","protected":false},"excerpt":{"rendered":"<p>\u00abEl abrigo de tu recuerdo\u00bb de Jimmy Shibaru Lo intent\u00e9, entre tus brazos me abrigu\u00e9, a amarte me obligu\u00e9, ese sentir tan agradable charlando siempre mirando a tus ojos y dudando despu\u00e9s de ti me castigu\u00e9, mis miedos forc\u00e9 como el que abre una puerta&#8230;<\/p>\n","protected":false},"author":2,"featured_media":24475,"comment_status":"open","ping_status":"open","sticky":false,"template":"","format":"standard","meta":{"footnotes":""},"categories":[1187],"tags":[],"class_list":["post-24603","post","type-post","status-publish","format-standard","has-post-thumbnail","hentry","category-cfp-maresme-es"],"yoast_head":"<!-- This site is optimized with the Yoast SEO plugin v27.4 - https:\/\/yoast.com\/product\/yoast-seo-wordpress\/ -->\n<title>Jocs Florals CFP 2021. Candidaturas poes\u00eda | CFP Maresme<\/title>\n<meta name=\"robots\" content=\"index, follow, max-snippet:-1, max-image-preview:large, max-video-preview:-1\" \/>\n<link rel=\"canonical\" href=\"https:\/\/cfpmaresme.org\/es\/jocs-florals-cfp-2021-candidaturas-poesia\/\" \/>\n<meta property=\"og:locale\" content=\"es_ES\" \/>\n<meta property=\"og:type\" content=\"article\" \/>\n<meta property=\"og:title\" content=\"Jocs Florals CFP 2021. Candidaturas poes\u00eda | CFP Maresme\" \/>\n<meta property=\"og:description\" content=\"\u00abEl abrigo de tu recuerdo\u00bb de Jimmy Shibaru Lo intent\u00e9, entre tus brazos me abrigu\u00e9, a amarte me obligu\u00e9, ese sentir tan agradable charlando siempre mirando a tus ojos y dudando despu\u00e9s de ti me castigu\u00e9, mis miedos forc\u00e9 como el que abre una puerta...\" \/>\n<meta property=\"og:url\" content=\"https:\/\/cfpmaresme.org\/es\/jocs-florals-cfp-2021-candidaturas-poesia\/\" \/>\n<meta property=\"og:site_name\" content=\"CFP Maresme\" \/>\n<meta property=\"article:published_time\" content=\"2021-04-22T10:23:53+00:00\" \/>\n<meta property=\"article:modified_time\" content=\"2021-05-14T12:14:48+00:00\" \/>\n<meta property=\"og:image\" content=\"https:\/\/cfpmaresme.org\/wp-content\/uploads\/2021\/04\/banner-1.jpg\" \/>\n\t<meta property=\"og:image:width\" content=\"1343\" \/>\n\t<meta property=\"og:image:height\" content=\"563\" \/>\n\t<meta property=\"og:image:type\" content=\"image\/jpeg\" \/>\n<meta name=\"author\" content=\"CFPMaresme\" \/>\n<meta name=\"twitter:card\" content=\"summary_large_image\" \/>\n<meta name=\"twitter:creator\" content=\"@cfpmaresme\" \/>\n<meta name=\"twitter:site\" content=\"@cfpmaresme\" \/>\n<meta name=\"twitter:label1\" content=\"Escrito por\" \/>\n\t<meta name=\"twitter:data1\" content=\"CFPMaresme\" \/>\n\t<meta name=\"twitter:label2\" content=\"Tiempo de lectura\" \/>\n\t<meta name=\"twitter:data2\" content=\"9 minutos\" \/>\n<script type=\"application\/ld+json\" class=\"yoast-schema-graph\">{\"@context\":\"https:\\\/\\\/schema.org\",\"@graph\":[{\"@type\":\"Article\",\"@id\":\"https:\\\/\\\/cfpmaresme.org\\\/es\\\/jocs-florals-cfp-2021-candidaturas-poesia\\\/#article\",\"isPartOf\":{\"@id\":\"https:\\\/\\\/cfpmaresme.org\\\/es\\\/jocs-florals-cfp-2021-candidaturas-poesia\\\/\"},\"author\":{\"name\":\"CFPMaresme\",\"@id\":\"https:\\\/\\\/cfpmaresme.org\\\/#\\\/schema\\\/person\\\/b2634bcd796fafc667ea4055f61b9b2c\"},\"headline\":\"Jocs Florals CFP 2021. Candidaturas poes\u00eda\",\"datePublished\":\"2021-04-22T10:23:53+00:00\",\"dateModified\":\"2021-05-14T12:14:48+00:00\",\"mainEntityOfPage\":{\"@id\":\"https:\\\/\\\/cfpmaresme.org\\\/es\\\/jocs-florals-cfp-2021-candidaturas-poesia\\\/\"},\"wordCount\":1826,\"commentCount\":0,\"image\":{\"@id\":\"https:\\\/\\\/cfpmaresme.org\\\/es\\\/jocs-florals-cfp-2021-candidaturas-poesia\\\/#primaryimage\"},\"thumbnailUrl\":\"https:\\\/\\\/cfpmaresme.org\\\/wp-content\\\/uploads\\\/2021\\\/04\\\/banner-1.jpg\",\"articleSection\":[\"CFP Maresme\"],\"inLanguage\":\"es\"},{\"@type\":\"WebPage\",\"@id\":\"https:\\\/\\\/cfpmaresme.org\\\/es\\\/jocs-florals-cfp-2021-candidaturas-poesia\\\/\",\"url\":\"https:\\\/\\\/cfpmaresme.org\\\/es\\\/jocs-florals-cfp-2021-candidaturas-poesia\\\/\",\"name\":\"Jocs Florals CFP 2021. Candidaturas poes\u00eda | CFP Maresme\",\"isPartOf\":{\"@id\":\"https:\\\/\\\/cfpmaresme.org\\\/#website\"},\"primaryImageOfPage\":{\"@id\":\"https:\\\/\\\/cfpmaresme.org\\\/es\\\/jocs-florals-cfp-2021-candidaturas-poesia\\\/#primaryimage\"},\"image\":{\"@id\":\"https:\\\/\\\/cfpmaresme.org\\\/es\\\/jocs-florals-cfp-2021-candidaturas-poesia\\\/#primaryimage\"},\"thumbnailUrl\":\"https:\\\/\\\/cfpmaresme.org\\\/wp-content\\\/uploads\\\/2021\\\/04\\\/banner-1.jpg\",\"datePublished\":\"2021-04-22T10:23:53+00:00\",\"dateModified\":\"2021-05-14T12:14:48+00:00\",\"author\":{\"@id\":\"https:\\\/\\\/cfpmaresme.org\\\/#\\\/schema\\\/person\\\/b2634bcd796fafc667ea4055f61b9b2c\"},\"breadcrumb\":{\"@id\":\"https:\\\/\\\/cfpmaresme.org\\\/es\\\/jocs-florals-cfp-2021-candidaturas-poesia\\\/#breadcrumb\"},\"inLanguage\":\"es\",\"potentialAction\":[{\"@type\":\"ReadAction\",\"target\":[\"https:\\\/\\\/cfpmaresme.org\\\/es\\\/jocs-florals-cfp-2021-candidaturas-poesia\\\/\"]}]},{\"@type\":\"ImageObject\",\"inLanguage\":\"es\",\"@id\":\"https:\\\/\\\/cfpmaresme.org\\\/es\\\/jocs-florals-cfp-2021-candidaturas-poesia\\\/#primaryimage\",\"url\":\"https:\\\/\\\/cfpmaresme.org\\\/wp-content\\\/uploads\\\/2021\\\/04\\\/banner-1.jpg\",\"contentUrl\":\"https:\\\/\\\/cfpmaresme.org\\\/wp-content\\\/uploads\\\/2021\\\/04\\\/banner-1.jpg\",\"width\":1343,\"height\":563},{\"@type\":\"BreadcrumbList\",\"@id\":\"https:\\\/\\\/cfpmaresme.org\\\/es\\\/jocs-florals-cfp-2021-candidaturas-poesia\\\/#breadcrumb\",\"itemListElement\":[{\"@type\":\"ListItem\",\"position\":1,\"name\":\"Home\",\"item\":\"https:\\\/\\\/cfpmaresme.org\\\/es\\\/\"},{\"@type\":\"ListItem\",\"position\":2,\"name\":\"Jocs Florals CFP 2021. Candidaturas poes\u00eda\"}]},{\"@type\":\"WebSite\",\"@id\":\"https:\\\/\\\/cfpmaresme.org\\\/#website\",\"url\":\"https:\\\/\\\/cfpmaresme.org\\\/\",\"name\":\"CFP Maresme\",\"description\":\"Centre Formaci\u00f3 Prevenci\u00f3\",\"potentialAction\":[{\"@type\":\"SearchAction\",\"target\":{\"@type\":\"EntryPoint\",\"urlTemplate\":\"https:\\\/\\\/cfpmaresme.org\\\/?s={search_term_string}\"},\"query-input\":{\"@type\":\"PropertyValueSpecification\",\"valueRequired\":true,\"valueName\":\"search_term_string\"}}],\"inLanguage\":\"es\"},{\"@type\":\"Person\",\"@id\":\"https:\\\/\\\/cfpmaresme.org\\\/#\\\/schema\\\/person\\\/b2634bcd796fafc667ea4055f61b9b2c\",\"name\":\"CFPMaresme\"}]}<\/script>\n<!-- \/ Yoast SEO plugin. -->","yoast_head_json":{"title":"Jocs Florals CFP 2021. Candidaturas poes\u00eda | CFP Maresme","robots":{"index":"index","follow":"follow","max-snippet":"max-snippet:-1","max-image-preview":"max-image-preview:large","max-video-preview":"max-video-preview:-1"},"canonical":"https:\/\/cfpmaresme.org\/es\/jocs-florals-cfp-2021-candidaturas-poesia\/","og_locale":"es_ES","og_type":"article","og_title":"Jocs Florals CFP 2021. Candidaturas poes\u00eda | CFP Maresme","og_description":"\u00abEl abrigo de tu recuerdo\u00bb de Jimmy Shibaru Lo intent\u00e9, entre tus brazos me abrigu\u00e9, a amarte me obligu\u00e9, ese sentir tan agradable charlando siempre mirando a tus ojos y dudando despu\u00e9s de ti me castigu\u00e9, mis miedos forc\u00e9 como el que abre una puerta...","og_url":"https:\/\/cfpmaresme.org\/es\/jocs-florals-cfp-2021-candidaturas-poesia\/","og_site_name":"CFP Maresme","article_published_time":"2021-04-22T10:23:53+00:00","article_modified_time":"2021-05-14T12:14:48+00:00","og_image":[{"width":1343,"height":563,"url":"https:\/\/cfpmaresme.org\/wp-content\/uploads\/2021\/04\/banner-1.jpg","type":"image\/jpeg"}],"author":"CFPMaresme","twitter_card":"summary_large_image","twitter_creator":"@cfpmaresme","twitter_site":"@cfpmaresme","twitter_misc":{"Escrito por":"CFPMaresme","Tiempo de lectura":"9 minutos"},"schema":{"@context":"https:\/\/schema.org","@graph":[{"@type":"Article","@id":"https:\/\/cfpmaresme.org\/es\/jocs-florals-cfp-2021-candidaturas-poesia\/#article","isPartOf":{"@id":"https:\/\/cfpmaresme.org\/es\/jocs-florals-cfp-2021-candidaturas-poesia\/"},"author":{"name":"CFPMaresme","@id":"https:\/\/cfpmaresme.org\/#\/schema\/person\/b2634bcd796fafc667ea4055f61b9b2c"},"headline":"Jocs Florals CFP 2021. Candidaturas poes\u00eda","datePublished":"2021-04-22T10:23:53+00:00","dateModified":"2021-05-14T12:14:48+00:00","mainEntityOfPage":{"@id":"https:\/\/cfpmaresme.org\/es\/jocs-florals-cfp-2021-candidaturas-poesia\/"},"wordCount":1826,"commentCount":0,"image":{"@id":"https:\/\/cfpmaresme.org\/es\/jocs-florals-cfp-2021-candidaturas-poesia\/#primaryimage"},"thumbnailUrl":"https:\/\/cfpmaresme.org\/wp-content\/uploads\/2021\/04\/banner-1.jpg","articleSection":["CFP Maresme"],"inLanguage":"es"},{"@type":"WebPage","@id":"https:\/\/cfpmaresme.org\/es\/jocs-florals-cfp-2021-candidaturas-poesia\/","url":"https:\/\/cfpmaresme.org\/es\/jocs-florals-cfp-2021-candidaturas-poesia\/","name":"Jocs Florals CFP 2021. Candidaturas poes\u00eda | CFP Maresme","isPartOf":{"@id":"https:\/\/cfpmaresme.org\/#website"},"primaryImageOfPage":{"@id":"https:\/\/cfpmaresme.org\/es\/jocs-florals-cfp-2021-candidaturas-poesia\/#primaryimage"},"image":{"@id":"https:\/\/cfpmaresme.org\/es\/jocs-florals-cfp-2021-candidaturas-poesia\/#primaryimage"},"thumbnailUrl":"https:\/\/cfpmaresme.org\/wp-content\/uploads\/2021\/04\/banner-1.jpg","datePublished":"2021-04-22T10:23:53+00:00","dateModified":"2021-05-14T12:14:48+00:00","author":{"@id":"https:\/\/cfpmaresme.org\/#\/schema\/person\/b2634bcd796fafc667ea4055f61b9b2c"},"breadcrumb":{"@id":"https:\/\/cfpmaresme.org\/es\/jocs-florals-cfp-2021-candidaturas-poesia\/#breadcrumb"},"inLanguage":"es","potentialAction":[{"@type":"ReadAction","target":["https:\/\/cfpmaresme.org\/es\/jocs-florals-cfp-2021-candidaturas-poesia\/"]}]},{"@type":"ImageObject","inLanguage":"es","@id":"https:\/\/cfpmaresme.org\/es\/jocs-florals-cfp-2021-candidaturas-poesia\/#primaryimage","url":"https:\/\/cfpmaresme.org\/wp-content\/uploads\/2021\/04\/banner-1.jpg","contentUrl":"https:\/\/cfpmaresme.org\/wp-content\/uploads\/2021\/04\/banner-1.jpg","width":1343,"height":563},{"@type":"BreadcrumbList","@id":"https:\/\/cfpmaresme.org\/es\/jocs-florals-cfp-2021-candidaturas-poesia\/#breadcrumb","itemListElement":[{"@type":"ListItem","position":1,"name":"Home","item":"https:\/\/cfpmaresme.org\/es\/"},{"@type":"ListItem","position":2,"name":"Jocs Florals CFP 2021. Candidaturas poes\u00eda"}]},{"@type":"WebSite","@id":"https:\/\/cfpmaresme.org\/#website","url":"https:\/\/cfpmaresme.org\/","name":"CFP Maresme","description":"Centre Formaci\u00f3 Prevenci\u00f3","potentialAction":[{"@type":"SearchAction","target":{"@type":"EntryPoint","urlTemplate":"https:\/\/cfpmaresme.org\/?s={search_term_string}"},"query-input":{"@type":"PropertyValueSpecification","valueRequired":true,"valueName":"search_term_string"}}],"inLanguage":"es"},{"@type":"Person","@id":"https:\/\/cfpmaresme.org\/#\/schema\/person\/b2634bcd796fafc667ea4055f61b9b2c","name":"CFPMaresme"}]}},"_links":{"self":[{"href":"https:\/\/cfpmaresme.org\/es\/wp-json\/wp\/v2\/posts\/24603","targetHints":{"allow":["GET"]}}],"collection":[{"href":"https:\/\/cfpmaresme.org\/es\/wp-json\/wp\/v2\/posts"}],"about":[{"href":"https:\/\/cfpmaresme.org\/es\/wp-json\/wp\/v2\/types\/post"}],"author":[{"embeddable":true,"href":"https:\/\/cfpmaresme.org\/es\/wp-json\/wp\/v2\/users\/2"}],"replies":[{"embeddable":true,"href":"https:\/\/cfpmaresme.org\/es\/wp-json\/wp\/v2\/comments?post=24603"}],"version-history":[{"count":1,"href":"https:\/\/cfpmaresme.org\/es\/wp-json\/wp\/v2\/posts\/24603\/revisions"}],"predecessor-version":[{"id":24604,"href":"https:\/\/cfpmaresme.org\/es\/wp-json\/wp\/v2\/posts\/24603\/revisions\/24604"}],"wp:featuredmedia":[{"embeddable":true,"href":"https:\/\/cfpmaresme.org\/es\/wp-json\/wp\/v2\/media\/24475"}],"wp:attachment":[{"href":"https:\/\/cfpmaresme.org\/es\/wp-json\/wp\/v2\/media?parent=24603"}],"wp:term":[{"taxonomy":"category","embeddable":true,"href":"https:\/\/cfpmaresme.org\/es\/wp-json\/wp\/v2\/categories?post=24603"},{"taxonomy":"post_tag","embeddable":true,"href":"https:\/\/cfpmaresme.org\/es\/wp-json\/wp\/v2\/tags?post=24603"}],"curies":[{"name":"wp","href":"https:\/\/api.w.org\/{rel}","templated":true}]}}