{"id":24605,"date":"2021-04-22T12:27:24","date_gmt":"2021-04-22T10:27:24","guid":{"rendered":"https:\/\/www.cfpmaresme.org\/?p=24605"},"modified":"2021-05-14T14:13:55","modified_gmt":"2021-05-14T12:13:55","slug":"jocs-florals-cfp-2021-candidaturas-narrativa-breve","status":"publish","type":"post","link":"https:\/\/cfpmaresme.org\/es\/jocs-florals-cfp-2021-candidaturas-narrativa-breve\/","title":{"rendered":"Jocs Florals CFP 2021. Candidaturas narrativa breve"},"content":{"rendered":"<h3>\u201cMi lucha\u201d de Sergi Uceda Chaves<\/h3>\n<p>No se me ocurre mejor persona que mi hermano peque\u00f1o, para dedicarle este escrito.<br \/>\nOs presento a David mi hermano peque\u00f1o tiene 40 a\u00f1os y lleva luchando contra el c\u00e1ncer toda su vida, tiene 40 a\u00f1os y lleva desde los 2 a\u00f1os luchando contra el c\u00e1ncer, de peque\u00f1o sufri\u00f3 una meningitis, por aquellas fechas la quimioterapia era muy fuerte y muy agresiva la cual le hizo perder la movilidad del brazo izquierdo y perdi\u00f3 un ojo, estuvo a punto de fallecer por las altas fiebres que sufr\u00eda y por la potencia de la quimioterapia. Pudo tener una infancia m\u00ednimamente buena. Todo el tiempo paso como puedo con sus limitaciones, pero echando para adelante\u2026su vida fue \u201cnormal\u201d hasta que empez\u00f3 a sufrir problemas de pr\u00f3stata que hubo que operar\u2026. Hasta que a los 24 a\u00f1os llego lo peor un tumor en la cabeza el cual fue operado con \u00e9xito, y los m\u00e9dicos le dijeron que el tumor tardar\u00eda en crecer 10 a\u00f1os. Pero no fue as\u00ed el tumor creci\u00f3 en 2 a\u00f1os lo que deber\u00eda haber crecido en diez. Creci\u00f3 tanto que le presionaba el cr\u00e1neo y le hizo perder la vista del ojo derecho, por lo tanto, se quedaba ciego\u2026<br \/>\nAl final el m\u00e9dico decide operar era eso o la muerte a corto plazo, as\u00ed que mi hermano decide arriesgar la operaci\u00f3n. Con todas las contradicciones que ella trae puede quedarse sin habla, sin movilidad en coma incluso la muerte, recuerdo cuando le\u00ed este papel donde pon\u00eda las contradicciones se me vivo el mundo al suelo, \u00bfPor qu\u00e9 el? \u00bfNo hab\u00eda sufrido ya bastante? Porque la vida es tan injusta sin pensamientos que no dejaban de rondar mi cabeza.<br \/>\n\u00a1As\u00ed que los m\u00e9dicos se la jugaban todo a una carta el d\u00eda 23 de abril de este a\u00f1o fue operado con \u00e9xito seg\u00fan los m\u00e9dicos ya por finen casa se rehabilita lentamente esperemos que pronto vuelva a la \u201cnormalidad\u201d, seguro que s\u00ed! Mi hermano es todo un guerrero y con nuestro apoyo lo conseguir\u00e1\u2026.<br \/>\n\u00bfY yo como me encuentro? Lucho y intento mantenerme erguido ayudo en todo lo que puedo y m\u00e1s, intentando no venirme abajo y animarlo en todo o posible, ahora soy sus ojos, su compa\u00f1\u00eda, y el que le da palabras de \u00e1nimo y de aliento, no pod\u00e9is imaginar el dolor que se pasa cuando te dice que le gustar\u00eda volver a ver, que esta desanimado, que porque le toco a \u00e9l, que qu\u00e9 da\u00f1o ha hecho el para que le pase todo esto\u2026hay veces que no tengo palabras de aliento para \u00e9l ni se c\u00f3mo animarlo no os pod\u00e9is imaginar lo duro que se me hace\u2026pero bueno siempre intento animarlo dici\u00e9ndole que es un guerrero y que vence en todas las batallas que la vida le pone, tiene suerte de tener amigos de la infancia que vienen a verlo a casa cada dos por tres y se lo llevan a tomar algo por ah\u00ed, el fin de semana es su escapatoria ya que vamos a tomar algo a un bar donde todos lo conocen y aprecian\u2026bueno solo quer\u00eda dejaros esta vivencia personal.<br \/>\nY el que este en esta situaci\u00f3n o parecida le d\u00e9 \u00e1nimos y que sepa que no est\u00e1 solo que en mi tienen un apoyo y un amigo para lo que sea\u2026.<\/p>\n<p>&nbsp;<\/p>\n<h3>\u201cL\u00e1grimas de felicidad\u201d de Miguel<\/h3>\n<p>V\u00edctor era un tipo corriente, pero \u00faltimamente sus compa\u00f1eros de universidad lo encontraron cambiado, ausente y en su mundo. Se hab\u00eda distanciado de todos, incluso de su familia. Lo estaba pasando mal, por lo que la gente llama \u201cparanoia\u201d.<br \/>\nCre\u00eda que era un elegido de Dios para salvar el mundo del mal. O\u00eda voces que le daban instrucciones para llevar a cabo tal empresa.<br \/>\nO\u00eda un murmullo de voces y a la gente mir\u00e1ndole mal en los pasillos de la universidad. Podr\u00edan ser demonios que conspiraban contra \u00e9l. Ten\u00edan apariencia humana, pero parec\u00edan estar pose\u00eddos por EL MALIGNO. Cre\u00eda que los demonios lo vigilaban e intentaban apoderarse de su cuerpo. A veces cuando estaba en la cama cre\u00eda levitar en la cama como la ni\u00f1a del exorcista. Le hablaban unas voces de \u00e1ngeles y demonios. Las voces se confund\u00edan entre s\u00ed y parec\u00eda que le iba a estallar la cabeza.<br \/>\nCre\u00eda tener un don especial para vivir situaciones de la vida diaria con anticipaci\u00f3n en sue\u00f1os. Lo que llaman deja v\u00fa.<br \/>\n\u00bfPor qu\u00e9 era \u00e9l el elegido? Las voces solo las o\u00eda \u00e9l. Todo era muy raro. No pod\u00eda soportar la presi\u00f3n y al ver que el mundo iba a peor, pens\u00f3 en tomar una gran cantidad de somn\u00edferos para dormir indefinidamente. Era la \u00fanica forma de acabar con esta pesadilla. As\u00ed que las tom\u00f3 y entr\u00f3 en coma, o\u00eda voces que le eran familiares y sent\u00eda que alguien le tocaba la mano. Todo estaba oscuro, no pod\u00eda abrir los ojos ni moverse. Ten\u00eda sue\u00f1os fant\u00e1sticos y estaba en una paz y descanso que parec\u00edan eternos. De repente abri\u00f3 los ojos: all\u00ed estaba su padre, su madre y su mejor amigo con l\u00e1grimas de felicidad en los ojos.<\/p>\n<p>&nbsp;<\/p>\n<h3>\u201cImperfectos\u201d de Capturadora de momentos<\/h3>\n<p>Pasamos tiempos de incertidumbres donde a veces nos dan ganas de invocar otra realidad al no ser comprendidos por este mundo llamado sociedad.<br \/>\nVivimos en un viaje repleto de luces pero tambi\u00e9n no podemos olvidarnos de aquellas sombras que en el mundo terrenal se conocen como miedo: aquel que siempre ha estado presente porqu\u00e9 no es una moda ni un pasatiempo es un sentimiento real.<br \/>\nPensamientos que nos envuelven en una monta\u00f1a rusa de emociones, aquellas que nos hacen ser somos una que nos permite ser nosotros mismos a pesar de las sombras.<br \/>\nPero en esta vida tambi\u00e9n existe un anti sombras aquel que nos permite disfrutar del entorno que nos rodea una simple canci\u00f3n que tambi\u00e9n nos hace vivir una viaje repleto de<br \/>\nemociones o un simple abrazo aquel que muchas veces nos salva en nuestros peores momentos.<\/p>\n<p>&nbsp;<\/p>\n<h3>\u201cEl bloque 14C\u201d de MCC<\/h3>\n<p>Es un bloque de 20 pisos, cuatro por rellano. La vecina del primero se llama Adela y es una mujer mayor que vive sola. El otro d\u00eda recibi\u00f3 una carta de los testigos de Jehov\u00e1 y como no sab\u00eda de qu\u00e9 era la carta se le ocurri\u00f3 ir a la casa de Lola. Cuando toc\u00f3 la puerta Adela le dijo:<br \/>\n&#8211; \u00a1Soy yo! \u00a1Lola! \u00a1Abre la puerta, por favor!<br \/>\n&#8211; \u00bfQu\u00e9 quieres? Estoy en bragas y no puedo abrirle.<br \/>\n&#8211; Pues ponte un albornoz y sal.<br \/>\n&#8211; No ahora no puedo atenderte, \u00a1V\u00e1yase echando leches!<br \/>\n&#8211; Hija m\u00eda abre, por favor, he recibido una carta y no s\u00e9 si es muy importante.<br \/>\n&#8211; Un momento \u2013responde Lola.<\/p>\n<p>Lola abri\u00f3 la puerta y mir\u00f3 la carta.<br \/>\n&#8211; Es de los testigos de Jehov\u00e1.<br \/>\n&#8211; \u00bfY eso qu\u00e9 es?<br \/>\n&#8211; Esos que van tocando al timbre y te dicen que leas la Biblia.<br \/>\n&#8211; \u00bfY eso qu\u00e9 es?<br \/>\n&#8211; La Biblia es un cuento que habla de Dios.<br \/>\n&#8211; \u00a1Vale, vale! Se lo dir\u00e9 a la vecina de mi rellano a ver si ella tambi\u00e9n lo ha recibido. \u00a1Gracias Lola! Abr\u00edgate bien y no cojas fr\u00edo. Adi\u00f3s.<br \/>\n&#8211; \u00a1S\u00ed, s\u00ed, as\u00ed lo har\u00e9!<\/p>\n<p>El vecino del tercero es un marroqu\u00ed que cada noche se acuesta con una mujer diferente y como su vecina est\u00e1 al loro de lo que pasa en el bloque lo mira y piensa \u201cno hace falta que se esconda, puede echar los polvos que quiera, me importa un bledo\u201d.<br \/>\nAs\u00ed es el bloque 14c con todas sus historias.<\/p>\n<p>&nbsp;<\/p>\n<h3>\u201cLa meva mare\u201d de Paula<\/h3>\n<p>Sempre he pensat que jo no he sigut desitjada al m\u00f3n\u2026..Per\u00f2 tot va canviar quan la meva mare i jo ens vam trobar, perqu\u00e8 jo buscava una mare i ella desitjava una filla, i va ser amor a primera vista !!<br \/>\nSempre m\u00b4explica que despr\u00e9s d&#8217;agafar-me a coll ,va saber que estar\u00edem juntes per sempre.<br \/>\nElla sembla que tingui poders m\u00e0gics , perqu\u00e8 sempre em descobreix quan faig malifetes\u2026. a vegades \u00e9s dura i no em passa ni una, per\u00f2 aix\u00f2 es perqu\u00e8 m\u00b4estima molt .<br \/>\nDe tant en tant penso que ella i jo no ens assemblem en res f\u00edsicament i em poso trista, per\u00f2 llavors ella em mira somrient i em diu que no \u00e9s aix\u00ed .Un dia la meva Mare i jo ens vam posar davant del mirall i vam descobrir que tenim una orella m\u00e9s gran que l\u00b4altra les dues, i a m\u00e9s vaig veure que tenim els mateixos gestos de la cara.Jo em vaig posar molt contenta de veure que s\u00ed que ens assembl\u00e0vem!!!<br \/>\nJo s\u00e9 que sempre estarem juntes ,passi el que passi, tant en els mals moments com en els bons moments, perqu\u00e8 ella es la meva mare i m\u00b4estima tal com s\u00f3c , i \u00e9s que a una mare se li t\u00e9 un amor tant infinit que no es pot ni imaginar\u2026\u2026.<\/p>\n<p>&nbsp;<\/p>\n<h3>\u201cLa hist\u00f2ria de blacky\u201d d\u2019Elena<\/h3>\n<p>Em dic Blacky aquest es el nom me \u2019l va posar la fam\u00edlia d \u00b4humans que em va acollir i \u00e9s que jo soc negre, tant com el carb\u00f3. I a mes soc un gat.<br \/>\nDe vegades sento algun hum\u00e0 que quan em veu diu porto mala sort.<br \/>\nQuina bajanada! Quina relaci\u00f3 tindr\u00e0 el color del meu pelatge amb la sort o desgracia d\u2019un hum\u00e0? Si la sort o desgracia d\u2019un hum\u00e0 nomes dep\u00e8n del que fa o deixa de fer cada persona!<br \/>\nAquest mat\u00ed he baixat a veure la fam\u00edlia a la botiga que regenten.\u00c9s una botiga de queviures i entre tot el que venen all\u00e0 el que m\u00e9s m\u2018agrada s\u00f3n les llaunes de tonyina. Per\u00f2 no la llauna sin\u00f3 el que hi ha a dins.<br \/>\nDoncs mentre em mirava les llaunes de tonyina va entrar un hum\u00e0 i quan em va veure va cridar: \u201cUn gat negre! Quina mala sort que tindr\u00e9! \u201c<br \/>\nI jo no vaig poder res mes que insultar-lo: carallot! poca-solta !b\u00edpede!<br \/>\n\u00c9s clar ,dit amb el meu idioma, aix\u00ed que vaig miolar ben fort i ben clar el que pensava d\u2018 ell: marrameu!!!<br \/>\nI em vaig quedar ben a gust.<\/p>\n","protected":false},"excerpt":{"rendered":"<p>\u201cMi lucha\u201d de Sergi Uceda Chaves No se me ocurre mejor persona que mi hermano peque\u00f1o, para dedicarle este escrito. Os presento a David mi hermano peque\u00f1o tiene 40 a\u00f1os y lleva luchando contra el c\u00e1ncer toda su vida, tiene 40 a\u00f1os y lleva desde&#8230;<\/p>\n","protected":false},"author":2,"featured_media":24475,"comment_status":"open","ping_status":"open","sticky":false,"template":"","format":"standard","meta":{"footnotes":""},"categories":[1187],"tags":[],"class_list":["post-24605","post","type-post","status-publish","format-standard","has-post-thumbnail","hentry","category-cfp-maresme-es"],"yoast_head":"<!-- This site is optimized with the Yoast SEO plugin v27.4 - https:\/\/yoast.com\/product\/yoast-seo-wordpress\/ -->\n<title>Jocs Florals CFP 2021. Candidaturas narrativa breve | CFP Maresme<\/title>\n<meta name=\"robots\" content=\"index, follow, max-snippet:-1, max-image-preview:large, max-video-preview:-1\" \/>\n<link rel=\"canonical\" href=\"https:\/\/cfpmaresme.org\/es\/jocs-florals-cfp-2021-candidaturas-narrativa-breve\/\" \/>\n<meta property=\"og:locale\" content=\"es_ES\" \/>\n<meta property=\"og:type\" content=\"article\" \/>\n<meta property=\"og:title\" content=\"Jocs Florals CFP 2021. Candidaturas narrativa breve | CFP Maresme\" \/>\n<meta property=\"og:description\" content=\"\u201cMi lucha\u201d de Sergi Uceda Chaves No se me ocurre mejor persona que mi hermano peque\u00f1o, para dedicarle este escrito. Os presento a David mi hermano peque\u00f1o tiene 40 a\u00f1os y lleva luchando contra el c\u00e1ncer toda su vida, tiene 40 a\u00f1os y lleva desde...\" \/>\n<meta property=\"og:url\" content=\"https:\/\/cfpmaresme.org\/es\/jocs-florals-cfp-2021-candidaturas-narrativa-breve\/\" \/>\n<meta property=\"og:site_name\" content=\"CFP Maresme\" \/>\n<meta property=\"article:published_time\" content=\"2021-04-22T10:27:24+00:00\" \/>\n<meta property=\"article:modified_time\" content=\"2021-05-14T12:13:55+00:00\" \/>\n<meta property=\"og:image\" content=\"https:\/\/cfpmaresme.org\/wp-content\/uploads\/2021\/04\/banner-1.jpg\" \/>\n\t<meta property=\"og:image:width\" content=\"1343\" \/>\n\t<meta property=\"og:image:height\" content=\"563\" \/>\n\t<meta property=\"og:image:type\" content=\"image\/jpeg\" \/>\n<meta name=\"author\" content=\"CFPMaresme\" \/>\n<meta name=\"twitter:card\" content=\"summary_large_image\" \/>\n<meta name=\"twitter:creator\" content=\"@cfpmaresme\" \/>\n<meta name=\"twitter:site\" content=\"@cfpmaresme\" \/>\n<meta name=\"twitter:label1\" content=\"Escrito por\" \/>\n\t<meta name=\"twitter:data1\" content=\"CFPMaresme\" \/>\n\t<meta name=\"twitter:label2\" content=\"Tiempo de lectura\" \/>\n\t<meta name=\"twitter:data2\" content=\"9 minutos\" \/>\n<script type=\"application\/ld+json\" class=\"yoast-schema-graph\">{\"@context\":\"https:\\\/\\\/schema.org\",\"@graph\":[{\"@type\":\"Article\",\"@id\":\"https:\\\/\\\/cfpmaresme.org\\\/es\\\/jocs-florals-cfp-2021-candidaturas-narrativa-breve\\\/#article\",\"isPartOf\":{\"@id\":\"https:\\\/\\\/cfpmaresme.org\\\/es\\\/jocs-florals-cfp-2021-candidaturas-narrativa-breve\\\/\"},\"author\":{\"name\":\"CFPMaresme\",\"@id\":\"https:\\\/\\\/cfpmaresme.org\\\/#\\\/schema\\\/person\\\/b2634bcd796fafc667ea4055f61b9b2c\"},\"headline\":\"Jocs Florals CFP 2021. Candidaturas narrativa breve\",\"datePublished\":\"2021-04-22T10:27:24+00:00\",\"dateModified\":\"2021-05-14T12:13:55+00:00\",\"mainEntityOfPage\":{\"@id\":\"https:\\\/\\\/cfpmaresme.org\\\/es\\\/jocs-florals-cfp-2021-candidaturas-narrativa-breve\\\/\"},\"wordCount\":1794,\"commentCount\":0,\"image\":{\"@id\":\"https:\\\/\\\/cfpmaresme.org\\\/es\\\/jocs-florals-cfp-2021-candidaturas-narrativa-breve\\\/#primaryimage\"},\"thumbnailUrl\":\"https:\\\/\\\/cfpmaresme.org\\\/wp-content\\\/uploads\\\/2021\\\/04\\\/banner-1.jpg\",\"articleSection\":[\"CFP Maresme\"],\"inLanguage\":\"es\"},{\"@type\":\"WebPage\",\"@id\":\"https:\\\/\\\/cfpmaresme.org\\\/es\\\/jocs-florals-cfp-2021-candidaturas-narrativa-breve\\\/\",\"url\":\"https:\\\/\\\/cfpmaresme.org\\\/es\\\/jocs-florals-cfp-2021-candidaturas-narrativa-breve\\\/\",\"name\":\"Jocs Florals CFP 2021. Candidaturas narrativa breve | CFP Maresme\",\"isPartOf\":{\"@id\":\"https:\\\/\\\/cfpmaresme.org\\\/#website\"},\"primaryImageOfPage\":{\"@id\":\"https:\\\/\\\/cfpmaresme.org\\\/es\\\/jocs-florals-cfp-2021-candidaturas-narrativa-breve\\\/#primaryimage\"},\"image\":{\"@id\":\"https:\\\/\\\/cfpmaresme.org\\\/es\\\/jocs-florals-cfp-2021-candidaturas-narrativa-breve\\\/#primaryimage\"},\"thumbnailUrl\":\"https:\\\/\\\/cfpmaresme.org\\\/wp-content\\\/uploads\\\/2021\\\/04\\\/banner-1.jpg\",\"datePublished\":\"2021-04-22T10:27:24+00:00\",\"dateModified\":\"2021-05-14T12:13:55+00:00\",\"author\":{\"@id\":\"https:\\\/\\\/cfpmaresme.org\\\/#\\\/schema\\\/person\\\/b2634bcd796fafc667ea4055f61b9b2c\"},\"breadcrumb\":{\"@id\":\"https:\\\/\\\/cfpmaresme.org\\\/es\\\/jocs-florals-cfp-2021-candidaturas-narrativa-breve\\\/#breadcrumb\"},\"inLanguage\":\"es\",\"potentialAction\":[{\"@type\":\"ReadAction\",\"target\":[\"https:\\\/\\\/cfpmaresme.org\\\/es\\\/jocs-florals-cfp-2021-candidaturas-narrativa-breve\\\/\"]}]},{\"@type\":\"ImageObject\",\"inLanguage\":\"es\",\"@id\":\"https:\\\/\\\/cfpmaresme.org\\\/es\\\/jocs-florals-cfp-2021-candidaturas-narrativa-breve\\\/#primaryimage\",\"url\":\"https:\\\/\\\/cfpmaresme.org\\\/wp-content\\\/uploads\\\/2021\\\/04\\\/banner-1.jpg\",\"contentUrl\":\"https:\\\/\\\/cfpmaresme.org\\\/wp-content\\\/uploads\\\/2021\\\/04\\\/banner-1.jpg\",\"width\":1343,\"height\":563},{\"@type\":\"BreadcrumbList\",\"@id\":\"https:\\\/\\\/cfpmaresme.org\\\/es\\\/jocs-florals-cfp-2021-candidaturas-narrativa-breve\\\/#breadcrumb\",\"itemListElement\":[{\"@type\":\"ListItem\",\"position\":1,\"name\":\"Home\",\"item\":\"https:\\\/\\\/cfpmaresme.org\\\/es\\\/\"},{\"@type\":\"ListItem\",\"position\":2,\"name\":\"Jocs Florals CFP 2021. Candidaturas narrativa breve\"}]},{\"@type\":\"WebSite\",\"@id\":\"https:\\\/\\\/cfpmaresme.org\\\/#website\",\"url\":\"https:\\\/\\\/cfpmaresme.org\\\/\",\"name\":\"CFP Maresme\",\"description\":\"Centre Formaci\u00f3 Prevenci\u00f3\",\"potentialAction\":[{\"@type\":\"SearchAction\",\"target\":{\"@type\":\"EntryPoint\",\"urlTemplate\":\"https:\\\/\\\/cfpmaresme.org\\\/?s={search_term_string}\"},\"query-input\":{\"@type\":\"PropertyValueSpecification\",\"valueRequired\":true,\"valueName\":\"search_term_string\"}}],\"inLanguage\":\"es\"},{\"@type\":\"Person\",\"@id\":\"https:\\\/\\\/cfpmaresme.org\\\/#\\\/schema\\\/person\\\/b2634bcd796fafc667ea4055f61b9b2c\",\"name\":\"CFPMaresme\"}]}<\/script>\n<!-- \/ Yoast SEO plugin. -->","yoast_head_json":{"title":"Jocs Florals CFP 2021. Candidaturas narrativa breve | CFP Maresme","robots":{"index":"index","follow":"follow","max-snippet":"max-snippet:-1","max-image-preview":"max-image-preview:large","max-video-preview":"max-video-preview:-1"},"canonical":"https:\/\/cfpmaresme.org\/es\/jocs-florals-cfp-2021-candidaturas-narrativa-breve\/","og_locale":"es_ES","og_type":"article","og_title":"Jocs Florals CFP 2021. Candidaturas narrativa breve | CFP Maresme","og_description":"\u201cMi lucha\u201d de Sergi Uceda Chaves No se me ocurre mejor persona que mi hermano peque\u00f1o, para dedicarle este escrito. Os presento a David mi hermano peque\u00f1o tiene 40 a\u00f1os y lleva luchando contra el c\u00e1ncer toda su vida, tiene 40 a\u00f1os y lleva desde...","og_url":"https:\/\/cfpmaresme.org\/es\/jocs-florals-cfp-2021-candidaturas-narrativa-breve\/","og_site_name":"CFP Maresme","article_published_time":"2021-04-22T10:27:24+00:00","article_modified_time":"2021-05-14T12:13:55+00:00","og_image":[{"width":1343,"height":563,"url":"https:\/\/cfpmaresme.org\/wp-content\/uploads\/2021\/04\/banner-1.jpg","type":"image\/jpeg"}],"author":"CFPMaresme","twitter_card":"summary_large_image","twitter_creator":"@cfpmaresme","twitter_site":"@cfpmaresme","twitter_misc":{"Escrito por":"CFPMaresme","Tiempo de lectura":"9 minutos"},"schema":{"@context":"https:\/\/schema.org","@graph":[{"@type":"Article","@id":"https:\/\/cfpmaresme.org\/es\/jocs-florals-cfp-2021-candidaturas-narrativa-breve\/#article","isPartOf":{"@id":"https:\/\/cfpmaresme.org\/es\/jocs-florals-cfp-2021-candidaturas-narrativa-breve\/"},"author":{"name":"CFPMaresme","@id":"https:\/\/cfpmaresme.org\/#\/schema\/person\/b2634bcd796fafc667ea4055f61b9b2c"},"headline":"Jocs Florals CFP 2021. Candidaturas narrativa breve","datePublished":"2021-04-22T10:27:24+00:00","dateModified":"2021-05-14T12:13:55+00:00","mainEntityOfPage":{"@id":"https:\/\/cfpmaresme.org\/es\/jocs-florals-cfp-2021-candidaturas-narrativa-breve\/"},"wordCount":1794,"commentCount":0,"image":{"@id":"https:\/\/cfpmaresme.org\/es\/jocs-florals-cfp-2021-candidaturas-narrativa-breve\/#primaryimage"},"thumbnailUrl":"https:\/\/cfpmaresme.org\/wp-content\/uploads\/2021\/04\/banner-1.jpg","articleSection":["CFP Maresme"],"inLanguage":"es"},{"@type":"WebPage","@id":"https:\/\/cfpmaresme.org\/es\/jocs-florals-cfp-2021-candidaturas-narrativa-breve\/","url":"https:\/\/cfpmaresme.org\/es\/jocs-florals-cfp-2021-candidaturas-narrativa-breve\/","name":"Jocs Florals CFP 2021. Candidaturas narrativa breve | CFP Maresme","isPartOf":{"@id":"https:\/\/cfpmaresme.org\/#website"},"primaryImageOfPage":{"@id":"https:\/\/cfpmaresme.org\/es\/jocs-florals-cfp-2021-candidaturas-narrativa-breve\/#primaryimage"},"image":{"@id":"https:\/\/cfpmaresme.org\/es\/jocs-florals-cfp-2021-candidaturas-narrativa-breve\/#primaryimage"},"thumbnailUrl":"https:\/\/cfpmaresme.org\/wp-content\/uploads\/2021\/04\/banner-1.jpg","datePublished":"2021-04-22T10:27:24+00:00","dateModified":"2021-05-14T12:13:55+00:00","author":{"@id":"https:\/\/cfpmaresme.org\/#\/schema\/person\/b2634bcd796fafc667ea4055f61b9b2c"},"breadcrumb":{"@id":"https:\/\/cfpmaresme.org\/es\/jocs-florals-cfp-2021-candidaturas-narrativa-breve\/#breadcrumb"},"inLanguage":"es","potentialAction":[{"@type":"ReadAction","target":["https:\/\/cfpmaresme.org\/es\/jocs-florals-cfp-2021-candidaturas-narrativa-breve\/"]}]},{"@type":"ImageObject","inLanguage":"es","@id":"https:\/\/cfpmaresme.org\/es\/jocs-florals-cfp-2021-candidaturas-narrativa-breve\/#primaryimage","url":"https:\/\/cfpmaresme.org\/wp-content\/uploads\/2021\/04\/banner-1.jpg","contentUrl":"https:\/\/cfpmaresme.org\/wp-content\/uploads\/2021\/04\/banner-1.jpg","width":1343,"height":563},{"@type":"BreadcrumbList","@id":"https:\/\/cfpmaresme.org\/es\/jocs-florals-cfp-2021-candidaturas-narrativa-breve\/#breadcrumb","itemListElement":[{"@type":"ListItem","position":1,"name":"Home","item":"https:\/\/cfpmaresme.org\/es\/"},{"@type":"ListItem","position":2,"name":"Jocs Florals CFP 2021. Candidaturas narrativa breve"}]},{"@type":"WebSite","@id":"https:\/\/cfpmaresme.org\/#website","url":"https:\/\/cfpmaresme.org\/","name":"CFP Maresme","description":"Centre Formaci\u00f3 Prevenci\u00f3","potentialAction":[{"@type":"SearchAction","target":{"@type":"EntryPoint","urlTemplate":"https:\/\/cfpmaresme.org\/?s={search_term_string}"},"query-input":{"@type":"PropertyValueSpecification","valueRequired":true,"valueName":"search_term_string"}}],"inLanguage":"es"},{"@type":"Person","@id":"https:\/\/cfpmaresme.org\/#\/schema\/person\/b2634bcd796fafc667ea4055f61b9b2c","name":"CFPMaresme"}]}},"_links":{"self":[{"href":"https:\/\/cfpmaresme.org\/es\/wp-json\/wp\/v2\/posts\/24605","targetHints":{"allow":["GET"]}}],"collection":[{"href":"https:\/\/cfpmaresme.org\/es\/wp-json\/wp\/v2\/posts"}],"about":[{"href":"https:\/\/cfpmaresme.org\/es\/wp-json\/wp\/v2\/types\/post"}],"author":[{"embeddable":true,"href":"https:\/\/cfpmaresme.org\/es\/wp-json\/wp\/v2\/users\/2"}],"replies":[{"embeddable":true,"href":"https:\/\/cfpmaresme.org\/es\/wp-json\/wp\/v2\/comments?post=24605"}],"version-history":[{"count":1,"href":"https:\/\/cfpmaresme.org\/es\/wp-json\/wp\/v2\/posts\/24605\/revisions"}],"predecessor-version":[{"id":24606,"href":"https:\/\/cfpmaresme.org\/es\/wp-json\/wp\/v2\/posts\/24605\/revisions\/24606"}],"wp:featuredmedia":[{"embeddable":true,"href":"https:\/\/cfpmaresme.org\/es\/wp-json\/wp\/v2\/media\/24475"}],"wp:attachment":[{"href":"https:\/\/cfpmaresme.org\/es\/wp-json\/wp\/v2\/media?parent=24605"}],"wp:term":[{"taxonomy":"category","embeddable":true,"href":"https:\/\/cfpmaresme.org\/es\/wp-json\/wp\/v2\/categories?post=24605"},{"taxonomy":"post_tag","embeddable":true,"href":"https:\/\/cfpmaresme.org\/es\/wp-json\/wp\/v2\/tags?post=24605"}],"curies":[{"name":"wp","href":"https:\/\/api.w.org\/{rel}","templated":true}]}}