{"id":24781,"date":"2021-05-13T10:20:40","date_gmt":"2021-05-13T08:20:40","guid":{"rendered":"https:\/\/www.cfpmaresme.org\/?p=24781"},"modified":"2021-05-13T10:22:57","modified_gmt":"2021-05-13T08:22:57","slug":"acogemos-a-brahim-en-los-talleres-del-cfp-como-estudiante-en-practicas","status":"publish","type":"post","link":"https:\/\/cfpmaresme.org\/es\/acogemos-a-brahim-en-los-talleres-del-cfp-como-estudiante-en-practicas\/","title":{"rendered":"Acogemos a Brahim en los talleres del CFP como estudiante en pr\u00e1cticas"},"content":{"rendered":"<p>Brahim vive en el piso para j\u00f3venes de 18 a 21 a\u00f1os (ASJTET) que gestiona el CFP, un recurso que hace de puente para que los chicos puedan conseguir\u00a0 una vida aut\u00f3noma, y asiste a la <a href=\"\/?page_id=16537\" target=\"_blank\" rel=\"noopener noreferrer\">\u00c1rea Diurna<\/a> donde participa a la <strong>actividad de competencias digitales.<\/strong> As\u00ed pues, conoce la entidad desde distintas vertientes. Una parte muy importante del acompa\u00f1amiento que realizamos a los j\u00f3venes se basa en promover la formaci\u00f3n y el trabajo para que mejoren sus competencias y habilidades laborales. <img loading=\"lazy\" decoding=\"async\" class=\"alignright wp-image-24776 size-medium\" src=\"https:\/\/www.cfpmaresme.org\/wp-content\/uploads\/2021\/05\/retallada-2-295x300.jpg\" alt=\"\" width=\"295\" height=\"300\" srcset=\"https:\/\/cfpmaresme.org\/wp-content\/uploads\/2021\/05\/retallada-2-295x300.jpg 295w, https:\/\/cfpmaresme.org\/wp-content\/uploads\/2021\/05\/retallada-2-45x45.jpg 45w, https:\/\/cfpmaresme.org\/wp-content\/uploads\/2021\/05\/retallada-2.jpg 431w\" sizes=\"auto, (max-width: 295px) 100vw, 295px\" \/><\/p>\n<p>Brahim est\u00e1 cursando actualmente un Programa de Formaci\u00f3n Inicial de Auxiliar en trabajos de carpinter\u00eda e instalaci\u00f3n de muebles, una iniciativa organizada por el departamento de Ense\u00f1anza de la Generalitat de Catalu\u00f1a, el Ayuntamiento de Arenys y la Diputaci\u00f3n de Barcelona.<\/p>\n<p>Para poner en pr\u00e1ctica lo que aprende y tener un primer contacto con lo que es la vida real en el mercado de trabajo est\u00e1 colaborando con los talleres del CFP como estudiante en pr\u00e1cticas, concretamente, con el servicio de mantenimiento.\u00a0 Realiza distintas tareas de carpinter\u00eda, como la fabricaci\u00f3n de muebles.<\/p>\n<p>&nbsp;<\/p>\n<h3>Vivienda, formaci\u00f3n e inserci\u00f3n laboral, las claves para poder devenir aut\u00f3nomos\/as<\/h3>\n<p>Desde el CFP atendemos a <strong>j\u00f3venes tutelados y\/o extutelados<\/strong> dot\u00e1ndolos de herramientas para <strong>facilitarles su emancipaci\u00f3n.<\/strong> La estancia en las viviendas y asistencia a distintos recursos de la entidad es un <strong>per\u00edodo de transici\u00f3n<\/strong>. A menudo viven en uno de los pisos y, desde aqu\u00ed y con la ayuda del equipo educativo, se forman y hacen actividades para incluirse en la comunidad. Adquirir nuevos aprendizajes y titulaciones que los acrediten ser\u00e1 vital para conseguir inserirse laboralmente. Es por esto que la mayor\u00eda de ellos escogen itinerarios acorde a sus intereses y habilidades a fin de aprender oficios que les den buenas opciones de salida laboral. Como es el caso de Brahim, muchos de los j\u00f3venes tambi\u00e9n participan a la \u00c1rea Diurna o al\u00a0 <a href=\"\/?page_id=16541\" target=\"_blank\" rel=\"noopener noreferrer\">servicio Prelaboral<\/a> de la entidad.<\/p>\n<p>&nbsp;<\/p>\n<p>Su principal ocupaci\u00f3n durante este per\u00edodo es trabajar para conseguir, tan pronto como sea posible, encontrar trabajo y tener los elementos para poder devenir <strong>ciudadanos de pleno derecho y deber<\/strong> y vivir <strong>sin necesidad de la ayuda<\/strong> de recursos como los del CFP. Este, y su <strong>inclusi\u00f3n comunitaria<\/strong>, son los objetivos con que trabajamos conjuntamente con todos los j\u00f3venes que atendemos.<\/p>\n<p>&nbsp;<\/p>\n","protected":false},"excerpt":{"rendered":"<p>Brahim vive en el piso para j\u00f3venes de 18 a 21 a\u00f1os (ASJTET) que gestiona el CFP, un recurso que hace de puente para que los chicos puedan conseguir\u00a0 una vida aut\u00f3noma, y asiste a la \u00c1rea Diurna donde participa a la actividad de competencias&#8230;<\/p>\n","protected":false},"author":2,"featured_media":24775,"comment_status":"open","ping_status":"open","sticky":false,"template":"","format":"standard","meta":{"footnotes":""},"categories":[1144,1238,1244],"tags":[],"class_list":["post-24781","post","type-post","status-publish","format-standard","has-post-thumbnail","hentry","category-infancia-y-familia","category-area-diurna-sociolaboral-es","category-pisos-jovenes"],"yoast_head":"<!-- This site is optimized with the Yoast SEO plugin v27.4 - https:\/\/yoast.com\/product\/yoast-seo-wordpress\/ -->\n<title>Acogemos a Brahim en los talleres del CFP como estudiante en pr\u00e1cticas | CFP Maresme<\/title>\n<meta name=\"robots\" content=\"index, follow, max-snippet:-1, max-image-preview:large, max-video-preview:-1\" \/>\n<link rel=\"canonical\" href=\"https:\/\/cfpmaresme.org\/es\/acogemos-a-brahim-en-los-talleres-del-cfp-como-estudiante-en-practicas\/\" \/>\n<meta property=\"og:locale\" content=\"es_ES\" \/>\n<meta property=\"og:type\" content=\"article\" \/>\n<meta property=\"og:title\" content=\"Acogemos a Brahim en los talleres del CFP como estudiante en pr\u00e1cticas | CFP Maresme\" \/>\n<meta property=\"og:description\" content=\"Brahim vive en el piso para j\u00f3venes de 18 a 21 a\u00f1os (ASJTET) que gestiona el CFP, un recurso que hace de puente para que los chicos puedan conseguir\u00a0 una vida aut\u00f3noma, y asiste a la \u00c1rea Diurna donde participa a la actividad de competencias...\" \/>\n<meta property=\"og:url\" content=\"https:\/\/cfpmaresme.org\/es\/acogemos-a-brahim-en-los-talleres-del-cfp-como-estudiante-en-practicas\/\" \/>\n<meta property=\"og:site_name\" content=\"CFP Maresme\" \/>\n<meta property=\"article:published_time\" content=\"2021-05-13T08:20:40+00:00\" \/>\n<meta property=\"article:modified_time\" content=\"2021-05-13T08:22:57+00:00\" \/>\n<meta property=\"og:image\" content=\"https:\/\/cfpmaresme.org\/wp-content\/uploads\/2021\/05\/cap\u00e7alera.jpg\" \/>\n\t<meta property=\"og:image:width\" content=\"792\" \/>\n\t<meta property=\"og:image:height\" content=\"438\" \/>\n\t<meta property=\"og:image:type\" content=\"image\/jpeg\" \/>\n<meta name=\"author\" content=\"CFPMaresme\" \/>\n<meta name=\"twitter:card\" content=\"summary_large_image\" \/>\n<meta name=\"twitter:creator\" content=\"@cfpmaresme\" \/>\n<meta name=\"twitter:site\" content=\"@cfpmaresme\" \/>\n<meta name=\"twitter:label1\" content=\"Escrito por\" \/>\n\t<meta name=\"twitter:data1\" content=\"CFPMaresme\" \/>\n\t<meta name=\"twitter:label2\" content=\"Tiempo de lectura\" \/>\n\t<meta name=\"twitter:data2\" content=\"2 minutos\" \/>\n<script type=\"application\/ld+json\" class=\"yoast-schema-graph\">{\"@context\":\"https:\\\/\\\/schema.org\",\"@graph\":[{\"@type\":\"Article\",\"@id\":\"https:\\\/\\\/cfpmaresme.org\\\/es\\\/acogemos-a-brahim-en-los-talleres-del-cfp-como-estudiante-en-practicas\\\/#article\",\"isPartOf\":{\"@id\":\"https:\\\/\\\/cfpmaresme.org\\\/es\\\/acogemos-a-brahim-en-los-talleres-del-cfp-como-estudiante-en-practicas\\\/\"},\"author\":{\"name\":\"CFPMaresme\",\"@id\":\"https:\\\/\\\/cfpmaresme.org\\\/#\\\/schema\\\/person\\\/b2634bcd796fafc667ea4055f61b9b2c\"},\"headline\":\"Acogemos a Brahim en los talleres del CFP como estudiante en pr\u00e1cticas\",\"datePublished\":\"2021-05-13T08:20:40+00:00\",\"dateModified\":\"2021-05-13T08:22:57+00:00\",\"mainEntityOfPage\":{\"@id\":\"https:\\\/\\\/cfpmaresme.org\\\/es\\\/acogemos-a-brahim-en-los-talleres-del-cfp-como-estudiante-en-practicas\\\/\"},\"wordCount\":421,\"commentCount\":0,\"image\":{\"@id\":\"https:\\\/\\\/cfpmaresme.org\\\/es\\\/acogemos-a-brahim-en-los-talleres-del-cfp-como-estudiante-en-practicas\\\/#primaryimage\"},\"thumbnailUrl\":\"https:\\\/\\\/cfpmaresme.org\\\/wp-content\\\/uploads\\\/2021\\\/05\\\/cap\u00e7alera.jpg\",\"articleSection\":[\"\u00c1rea de infancia, adolescencia y fam\u00edlia\",\"\u00c1rea Diurna\",\"Pisos j\u00f3venes\"],\"inLanguage\":\"es\"},{\"@type\":\"WebPage\",\"@id\":\"https:\\\/\\\/cfpmaresme.org\\\/es\\\/acogemos-a-brahim-en-los-talleres-del-cfp-como-estudiante-en-practicas\\\/\",\"url\":\"https:\\\/\\\/cfpmaresme.org\\\/es\\\/acogemos-a-brahim-en-los-talleres-del-cfp-como-estudiante-en-practicas\\\/\",\"name\":\"Acogemos a Brahim en los talleres del CFP como estudiante en pr\u00e1cticas | CFP Maresme\",\"isPartOf\":{\"@id\":\"https:\\\/\\\/cfpmaresme.org\\\/#website\"},\"primaryImageOfPage\":{\"@id\":\"https:\\\/\\\/cfpmaresme.org\\\/es\\\/acogemos-a-brahim-en-los-talleres-del-cfp-como-estudiante-en-practicas\\\/#primaryimage\"},\"image\":{\"@id\":\"https:\\\/\\\/cfpmaresme.org\\\/es\\\/acogemos-a-brahim-en-los-talleres-del-cfp-como-estudiante-en-practicas\\\/#primaryimage\"},\"thumbnailUrl\":\"https:\\\/\\\/cfpmaresme.org\\\/wp-content\\\/uploads\\\/2021\\\/05\\\/cap\u00e7alera.jpg\",\"datePublished\":\"2021-05-13T08:20:40+00:00\",\"dateModified\":\"2021-05-13T08:22:57+00:00\",\"author\":{\"@id\":\"https:\\\/\\\/cfpmaresme.org\\\/#\\\/schema\\\/person\\\/b2634bcd796fafc667ea4055f61b9b2c\"},\"breadcrumb\":{\"@id\":\"https:\\\/\\\/cfpmaresme.org\\\/es\\\/acogemos-a-brahim-en-los-talleres-del-cfp-como-estudiante-en-practicas\\\/#breadcrumb\"},\"inLanguage\":\"es\",\"potentialAction\":[{\"@type\":\"ReadAction\",\"target\":[\"https:\\\/\\\/cfpmaresme.org\\\/es\\\/acogemos-a-brahim-en-los-talleres-del-cfp-como-estudiante-en-practicas\\\/\"]}]},{\"@type\":\"ImageObject\",\"inLanguage\":\"es\",\"@id\":\"https:\\\/\\\/cfpmaresme.org\\\/es\\\/acogemos-a-brahim-en-los-talleres-del-cfp-como-estudiante-en-practicas\\\/#primaryimage\",\"url\":\"https:\\\/\\\/cfpmaresme.org\\\/wp-content\\\/uploads\\\/2021\\\/05\\\/cap\u00e7alera.jpg\",\"contentUrl\":\"https:\\\/\\\/cfpmaresme.org\\\/wp-content\\\/uploads\\\/2021\\\/05\\\/cap\u00e7alera.jpg\",\"width\":792,\"height\":438},{\"@type\":\"BreadcrumbList\",\"@id\":\"https:\\\/\\\/cfpmaresme.org\\\/es\\\/acogemos-a-brahim-en-los-talleres-del-cfp-como-estudiante-en-practicas\\\/#breadcrumb\",\"itemListElement\":[{\"@type\":\"ListItem\",\"position\":1,\"name\":\"Home\",\"item\":\"https:\\\/\\\/cfpmaresme.org\\\/es\\\/\"},{\"@type\":\"ListItem\",\"position\":2,\"name\":\"Acogemos a Brahim en los talleres del CFP como estudiante en pr\u00e1cticas\"}]},{\"@type\":\"WebSite\",\"@id\":\"https:\\\/\\\/cfpmaresme.org\\\/#website\",\"url\":\"https:\\\/\\\/cfpmaresme.org\\\/\",\"name\":\"CFP Maresme\",\"description\":\"Centre Formaci\u00f3 Prevenci\u00f3\",\"potentialAction\":[{\"@type\":\"SearchAction\",\"target\":{\"@type\":\"EntryPoint\",\"urlTemplate\":\"https:\\\/\\\/cfpmaresme.org\\\/?s={search_term_string}\"},\"query-input\":{\"@type\":\"PropertyValueSpecification\",\"valueRequired\":true,\"valueName\":\"search_term_string\"}}],\"inLanguage\":\"es\"},{\"@type\":\"Person\",\"@id\":\"https:\\\/\\\/cfpmaresme.org\\\/#\\\/schema\\\/person\\\/b2634bcd796fafc667ea4055f61b9b2c\",\"name\":\"CFPMaresme\"}]}<\/script>\n<!-- \/ Yoast SEO plugin. -->","yoast_head_json":{"title":"Acogemos a Brahim en los talleres del CFP como estudiante en pr\u00e1cticas | CFP Maresme","robots":{"index":"index","follow":"follow","max-snippet":"max-snippet:-1","max-image-preview":"max-image-preview:large","max-video-preview":"max-video-preview:-1"},"canonical":"https:\/\/cfpmaresme.org\/es\/acogemos-a-brahim-en-los-talleres-del-cfp-como-estudiante-en-practicas\/","og_locale":"es_ES","og_type":"article","og_title":"Acogemos a Brahim en los talleres del CFP como estudiante en pr\u00e1cticas | CFP Maresme","og_description":"Brahim vive en el piso para j\u00f3venes de 18 a 21 a\u00f1os (ASJTET) que gestiona el CFP, un recurso que hace de puente para que los chicos puedan conseguir\u00a0 una vida aut\u00f3noma, y asiste a la \u00c1rea Diurna donde participa a la actividad de competencias...","og_url":"https:\/\/cfpmaresme.org\/es\/acogemos-a-brahim-en-los-talleres-del-cfp-como-estudiante-en-practicas\/","og_site_name":"CFP Maresme","article_published_time":"2021-05-13T08:20:40+00:00","article_modified_time":"2021-05-13T08:22:57+00:00","og_image":[{"width":792,"height":438,"url":"https:\/\/cfpmaresme.org\/wp-content\/uploads\/2021\/05\/cap\u00e7alera.jpg","type":"image\/jpeg"}],"author":"CFPMaresme","twitter_card":"summary_large_image","twitter_creator":"@cfpmaresme","twitter_site":"@cfpmaresme","twitter_misc":{"Escrito por":"CFPMaresme","Tiempo de lectura":"2 minutos"},"schema":{"@context":"https:\/\/schema.org","@graph":[{"@type":"Article","@id":"https:\/\/cfpmaresme.org\/es\/acogemos-a-brahim-en-los-talleres-del-cfp-como-estudiante-en-practicas\/#article","isPartOf":{"@id":"https:\/\/cfpmaresme.org\/es\/acogemos-a-brahim-en-los-talleres-del-cfp-como-estudiante-en-practicas\/"},"author":{"name":"CFPMaresme","@id":"https:\/\/cfpmaresme.org\/#\/schema\/person\/b2634bcd796fafc667ea4055f61b9b2c"},"headline":"Acogemos a Brahim en los talleres del CFP como estudiante en pr\u00e1cticas","datePublished":"2021-05-13T08:20:40+00:00","dateModified":"2021-05-13T08:22:57+00:00","mainEntityOfPage":{"@id":"https:\/\/cfpmaresme.org\/es\/acogemos-a-brahim-en-los-talleres-del-cfp-como-estudiante-en-practicas\/"},"wordCount":421,"commentCount":0,"image":{"@id":"https:\/\/cfpmaresme.org\/es\/acogemos-a-brahim-en-los-talleres-del-cfp-como-estudiante-en-practicas\/#primaryimage"},"thumbnailUrl":"https:\/\/cfpmaresme.org\/wp-content\/uploads\/2021\/05\/cap\u00e7alera.jpg","articleSection":["\u00c1rea de infancia, adolescencia y fam\u00edlia","\u00c1rea Diurna","Pisos j\u00f3venes"],"inLanguage":"es"},{"@type":"WebPage","@id":"https:\/\/cfpmaresme.org\/es\/acogemos-a-brahim-en-los-talleres-del-cfp-como-estudiante-en-practicas\/","url":"https:\/\/cfpmaresme.org\/es\/acogemos-a-brahim-en-los-talleres-del-cfp-como-estudiante-en-practicas\/","name":"Acogemos a Brahim en los talleres del CFP como estudiante en pr\u00e1cticas | CFP Maresme","isPartOf":{"@id":"https:\/\/cfpmaresme.org\/#website"},"primaryImageOfPage":{"@id":"https:\/\/cfpmaresme.org\/es\/acogemos-a-brahim-en-los-talleres-del-cfp-como-estudiante-en-practicas\/#primaryimage"},"image":{"@id":"https:\/\/cfpmaresme.org\/es\/acogemos-a-brahim-en-los-talleres-del-cfp-como-estudiante-en-practicas\/#primaryimage"},"thumbnailUrl":"https:\/\/cfpmaresme.org\/wp-content\/uploads\/2021\/05\/cap\u00e7alera.jpg","datePublished":"2021-05-13T08:20:40+00:00","dateModified":"2021-05-13T08:22:57+00:00","author":{"@id":"https:\/\/cfpmaresme.org\/#\/schema\/person\/b2634bcd796fafc667ea4055f61b9b2c"},"breadcrumb":{"@id":"https:\/\/cfpmaresme.org\/es\/acogemos-a-brahim-en-los-talleres-del-cfp-como-estudiante-en-practicas\/#breadcrumb"},"inLanguage":"es","potentialAction":[{"@type":"ReadAction","target":["https:\/\/cfpmaresme.org\/es\/acogemos-a-brahim-en-los-talleres-del-cfp-como-estudiante-en-practicas\/"]}]},{"@type":"ImageObject","inLanguage":"es","@id":"https:\/\/cfpmaresme.org\/es\/acogemos-a-brahim-en-los-talleres-del-cfp-como-estudiante-en-practicas\/#primaryimage","url":"https:\/\/cfpmaresme.org\/wp-content\/uploads\/2021\/05\/cap\u00e7alera.jpg","contentUrl":"https:\/\/cfpmaresme.org\/wp-content\/uploads\/2021\/05\/cap\u00e7alera.jpg","width":792,"height":438},{"@type":"BreadcrumbList","@id":"https:\/\/cfpmaresme.org\/es\/acogemos-a-brahim-en-los-talleres-del-cfp-como-estudiante-en-practicas\/#breadcrumb","itemListElement":[{"@type":"ListItem","position":1,"name":"Home","item":"https:\/\/cfpmaresme.org\/es\/"},{"@type":"ListItem","position":2,"name":"Acogemos a Brahim en los talleres del CFP como estudiante en pr\u00e1cticas"}]},{"@type":"WebSite","@id":"https:\/\/cfpmaresme.org\/#website","url":"https:\/\/cfpmaresme.org\/","name":"CFP Maresme","description":"Centre Formaci\u00f3 Prevenci\u00f3","potentialAction":[{"@type":"SearchAction","target":{"@type":"EntryPoint","urlTemplate":"https:\/\/cfpmaresme.org\/?s={search_term_string}"},"query-input":{"@type":"PropertyValueSpecification","valueRequired":true,"valueName":"search_term_string"}}],"inLanguage":"es"},{"@type":"Person","@id":"https:\/\/cfpmaresme.org\/#\/schema\/person\/b2634bcd796fafc667ea4055f61b9b2c","name":"CFPMaresme"}]}},"_links":{"self":[{"href":"https:\/\/cfpmaresme.org\/es\/wp-json\/wp\/v2\/posts\/24781","targetHints":{"allow":["GET"]}}],"collection":[{"href":"https:\/\/cfpmaresme.org\/es\/wp-json\/wp\/v2\/posts"}],"about":[{"href":"https:\/\/cfpmaresme.org\/es\/wp-json\/wp\/v2\/types\/post"}],"author":[{"embeddable":true,"href":"https:\/\/cfpmaresme.org\/es\/wp-json\/wp\/v2\/users\/2"}],"replies":[{"embeddable":true,"href":"https:\/\/cfpmaresme.org\/es\/wp-json\/wp\/v2\/comments?post=24781"}],"version-history":[{"count":2,"href":"https:\/\/cfpmaresme.org\/es\/wp-json\/wp\/v2\/posts\/24781\/revisions"}],"predecessor-version":[{"id":24784,"href":"https:\/\/cfpmaresme.org\/es\/wp-json\/wp\/v2\/posts\/24781\/revisions\/24784"}],"wp:featuredmedia":[{"embeddable":true,"href":"https:\/\/cfpmaresme.org\/es\/wp-json\/wp\/v2\/media\/24775"}],"wp:attachment":[{"href":"https:\/\/cfpmaresme.org\/es\/wp-json\/wp\/v2\/media?parent=24781"}],"wp:term":[{"taxonomy":"category","embeddable":true,"href":"https:\/\/cfpmaresme.org\/es\/wp-json\/wp\/v2\/categories?post=24781"},{"taxonomy":"post_tag","embeddable":true,"href":"https:\/\/cfpmaresme.org\/es\/wp-json\/wp\/v2\/tags?post=24781"}],"curies":[{"name":"wp","href":"https:\/\/api.w.org\/{rel}","templated":true}]}}