{"id":24858,"date":"2021-05-04T13:13:05","date_gmt":"2021-05-04T11:13:05","guid":{"rendered":"https:\/\/www.cfpmaresme.org\/?p=24858"},"modified":"2021-05-18T14:26:59","modified_gmt":"2021-05-18T12:26:59","slug":"iniciamos-el-proyecto-tria-itinerari-a-fin-de-promover-la-insercion-sociolaboral-de-colectivos-vulnerables","status":"publish","type":"post","link":"https:\/\/cfpmaresme.org\/es\/iniciamos-el-proyecto-tria-itinerari-a-fin-de-promover-la-insercion-sociolaboral-de-colectivos-vulnerables\/","title":{"rendered":"Iniciamos el proyecto \u00abTria itinerari\u00bb a fin de promover la inserci\u00f3n sociolaboral de colectivos vulnerables"},"content":{"rendered":"<p>Uno de los \u00e1mbitos que se ha visto m\u00e1s perjudicado debido a la crisis sanitaria ha sido el mercado laboral, que ya ven\u00eda tocado de las crisis anteriores. Adem\u00e1s, las personas que viven en situaci\u00f3n de vulnerabilidad son especialmente susceptibles a tener dificultades para conseguir una inserci\u00f3n de larga duraci\u00f3n. Por lo tanto, este colectivo a menudo se encuentra con una situaci\u00f3n complicada a nivel laboral.<\/p>\n<p>&nbsp;<\/p>\n<p>Peor este motivo, desde el CFP hemos trabajado para crear el proyecto \u201cTria itinerari\u201d con el objetivo de trabajar para la inserci\u00f3n\u00a0 sociolaboral de personas que conviven con una problem\u00e1tica de salud mental y\/0 situaciones de vulnerabilidad, aportando recursos para su desarrollo personal, fomentar la igualdad de oportunidades y hacerlos part\u00edcipes de tareas comunitarias ayudando, as\u00ed, a mejorar su ocupabilidad.<\/p>\n<p>&nbsp;<\/p>\n<h3>El proyecto Tria Itinerari, posible gracias a la subvenci\u00f3n de La Caixa espec\u00edfica para Catalunya<\/h3>\n<p>Desde que la crisis de la Covid-19 irrumpi\u00f3, el impacto econ\u00f3mico y social que estamos viviendo se hizo evidente. Tanto la administraci\u00f3n como las organizaciones ciudadanas han creado medidas para proteger, especialmente, a los colectivos que m\u00e1s lo necesitan.<\/p>\n<p>En este contexto, Fundaci\u00f3n \u201dla Caixa\u201d, a trav\u00e9s del <strong>Programa de Ayudas de Iniciativas Sociales, present\u00f3 la Convocatoria Catalunya 2020<\/strong>. Su finalidad es colaborar con organizaciones no lucrativas que desarrollan proyectos en Catalunya dirigidos especialmente a personas que se encuentran en situaci\u00f3n de vulnerabilidad social, con el objetivo de mejorar su calidad de vida y fomentar la igualdad de oportunidades. La convocatoria est\u00e1 enmarcada tambi\u00e9n en los Objetivos de Desarrollo Sostenible y la\u00a0 Agenda 2030 de las Naciones Unidas.<\/p>\n<p>&nbsp;<\/p>\n<p>El proyecto Tria Itinerari es una oportunidad m\u00e1s para ayudar a que personas que se encuentran en una situaci\u00f3n de vulnerabilidad se inserten a nivel sociolaboral y puedan tener una vida aut\u00f3noma que mejore su calidad de vida en todos los aspectos. Un nuevo proyecto que emprendemos con mucha ilusi\u00f3n.<\/p>\n","protected":false},"excerpt":{"rendered":"<p>Uno de los \u00e1mbitos que se ha visto m\u00e1s perjudicado debido a la crisis sanitaria ha sido el mercado laboral, que ya ven\u00eda tocado de las crisis anteriores. Adem\u00e1s, las personas que viven en situaci\u00f3n de vulnerabilidad son especialmente susceptibles a tener dificultades para conseguir&#8230;<\/p>\n","protected":false},"author":2,"featured_media":24657,"comment_status":"open","ping_status":"open","sticky":false,"template":"","format":"standard","meta":{"footnotes":""},"categories":[1193],"tags":[],"class_list":["post-24858","post","type-post","status-publish","format-standard","has-post-thumbnail","hentry","category-servicio-de-formacion-e-intermediacion-laboral"],"yoast_head":"<!-- This site is optimized with the Yoast SEO plugin v27.4 - https:\/\/yoast.com\/product\/yoast-seo-wordpress\/ -->\n<title>Iniciamos el proyecto &quot;Tria itinerari&quot; a fin de promover la inserci\u00f3n sociolaboral de colectivos vulnerables | CFP Maresme<\/title>\n<meta name=\"robots\" content=\"index, follow, max-snippet:-1, max-image-preview:large, max-video-preview:-1\" \/>\n<link rel=\"canonical\" href=\"https:\/\/cfpmaresme.org\/es\/iniciamos-el-proyecto-tria-itinerari-a-fin-de-promover-la-insercion-sociolaboral-de-colectivos-vulnerables\/\" \/>\n<meta property=\"og:locale\" content=\"es_ES\" \/>\n<meta property=\"og:type\" content=\"article\" \/>\n<meta property=\"og:title\" content=\"Iniciamos el proyecto &quot;Tria itinerari&quot; a fin de promover la inserci\u00f3n sociolaboral de colectivos vulnerables | CFP Maresme\" \/>\n<meta property=\"og:description\" content=\"Uno de los \u00e1mbitos que se ha visto m\u00e1s perjudicado debido a la crisis sanitaria ha sido el mercado laboral, que ya ven\u00eda tocado de las crisis anteriores. Adem\u00e1s, las personas que viven en situaci\u00f3n de vulnerabilidad son especialmente susceptibles a tener dificultades para conseguir...\" \/>\n<meta property=\"og:url\" content=\"https:\/\/cfpmaresme.org\/es\/iniciamos-el-proyecto-tria-itinerari-a-fin-de-promover-la-insercion-sociolaboral-de-colectivos-vulnerables\/\" \/>\n<meta property=\"og:site_name\" content=\"CFP Maresme\" \/>\n<meta property=\"article:published_time\" content=\"2021-05-04T11:13:05+00:00\" \/>\n<meta property=\"article:modified_time\" content=\"2021-05-18T12:26:59+00:00\" \/>\n<meta property=\"og:image\" content=\"https:\/\/cfpmaresme.org\/wp-content\/uploads\/2021\/05\/Captura.jpg\" \/>\n\t<meta property=\"og:image:width\" content=\"1339\" \/>\n\t<meta property=\"og:image:height\" content=\"791\" \/>\n\t<meta property=\"og:image:type\" content=\"image\/jpeg\" \/>\n<meta name=\"author\" content=\"CFPMaresme\" \/>\n<meta name=\"twitter:card\" content=\"summary_large_image\" \/>\n<meta name=\"twitter:creator\" content=\"@cfpmaresme\" \/>\n<meta name=\"twitter:site\" content=\"@cfpmaresme\" \/>\n<meta name=\"twitter:label1\" content=\"Escrito por\" \/>\n\t<meta name=\"twitter:data1\" content=\"CFPMaresme\" \/>\n\t<meta name=\"twitter:label2\" content=\"Tiempo de lectura\" \/>\n\t<meta name=\"twitter:data2\" content=\"2 minutos\" \/>\n<script type=\"application\/ld+json\" class=\"yoast-schema-graph\">{\"@context\":\"https:\\\/\\\/schema.org\",\"@graph\":[{\"@type\":\"Article\",\"@id\":\"https:\\\/\\\/cfpmaresme.org\\\/es\\\/iniciamos-el-proyecto-tria-itinerari-a-fin-de-promover-la-insercion-sociolaboral-de-colectivos-vulnerables\\\/#article\",\"isPartOf\":{\"@id\":\"https:\\\/\\\/cfpmaresme.org\\\/es\\\/iniciamos-el-proyecto-tria-itinerari-a-fin-de-promover-la-insercion-sociolaboral-de-colectivos-vulnerables\\\/\"},\"author\":{\"name\":\"CFPMaresme\",\"@id\":\"https:\\\/\\\/cfpmaresme.org\\\/#\\\/schema\\\/person\\\/b2634bcd796fafc667ea4055f61b9b2c\"},\"headline\":\"Iniciamos el proyecto \u00abTria itinerari\u00bb a fin de promover la inserci\u00f3n sociolaboral de colectivos vulnerables\",\"datePublished\":\"2021-05-04T11:13:05+00:00\",\"dateModified\":\"2021-05-18T12:26:59+00:00\",\"mainEntityOfPage\":{\"@id\":\"https:\\\/\\\/cfpmaresme.org\\\/es\\\/iniciamos-el-proyecto-tria-itinerari-a-fin-de-promover-la-insercion-sociolaboral-de-colectivos-vulnerables\\\/\"},\"wordCount\":349,\"commentCount\":0,\"image\":{\"@id\":\"https:\\\/\\\/cfpmaresme.org\\\/es\\\/iniciamos-el-proyecto-tria-itinerari-a-fin-de-promover-la-insercion-sociolaboral-de-colectivos-vulnerables\\\/#primaryimage\"},\"thumbnailUrl\":\"https:\\\/\\\/cfpmaresme.org\\\/wp-content\\\/uploads\\\/2021\\\/05\\\/Captura.jpg\",\"articleSection\":[\"Formaci\u00f3n e Intermediaci\u00f3n Laboral\"],\"inLanguage\":\"es\"},{\"@type\":\"WebPage\",\"@id\":\"https:\\\/\\\/cfpmaresme.org\\\/es\\\/iniciamos-el-proyecto-tria-itinerari-a-fin-de-promover-la-insercion-sociolaboral-de-colectivos-vulnerables\\\/\",\"url\":\"https:\\\/\\\/cfpmaresme.org\\\/es\\\/iniciamos-el-proyecto-tria-itinerari-a-fin-de-promover-la-insercion-sociolaboral-de-colectivos-vulnerables\\\/\",\"name\":\"Iniciamos el proyecto \\\"Tria itinerari\\\" a fin de promover la inserci\u00f3n sociolaboral de colectivos vulnerables | CFP Maresme\",\"isPartOf\":{\"@id\":\"https:\\\/\\\/cfpmaresme.org\\\/#website\"},\"primaryImageOfPage\":{\"@id\":\"https:\\\/\\\/cfpmaresme.org\\\/es\\\/iniciamos-el-proyecto-tria-itinerari-a-fin-de-promover-la-insercion-sociolaboral-de-colectivos-vulnerables\\\/#primaryimage\"},\"image\":{\"@id\":\"https:\\\/\\\/cfpmaresme.org\\\/es\\\/iniciamos-el-proyecto-tria-itinerari-a-fin-de-promover-la-insercion-sociolaboral-de-colectivos-vulnerables\\\/#primaryimage\"},\"thumbnailUrl\":\"https:\\\/\\\/cfpmaresme.org\\\/wp-content\\\/uploads\\\/2021\\\/05\\\/Captura.jpg\",\"datePublished\":\"2021-05-04T11:13:05+00:00\",\"dateModified\":\"2021-05-18T12:26:59+00:00\",\"author\":{\"@id\":\"https:\\\/\\\/cfpmaresme.org\\\/#\\\/schema\\\/person\\\/b2634bcd796fafc667ea4055f61b9b2c\"},\"breadcrumb\":{\"@id\":\"https:\\\/\\\/cfpmaresme.org\\\/es\\\/iniciamos-el-proyecto-tria-itinerari-a-fin-de-promover-la-insercion-sociolaboral-de-colectivos-vulnerables\\\/#breadcrumb\"},\"inLanguage\":\"es\",\"potentialAction\":[{\"@type\":\"ReadAction\",\"target\":[\"https:\\\/\\\/cfpmaresme.org\\\/es\\\/iniciamos-el-proyecto-tria-itinerari-a-fin-de-promover-la-insercion-sociolaboral-de-colectivos-vulnerables\\\/\"]}]},{\"@type\":\"ImageObject\",\"inLanguage\":\"es\",\"@id\":\"https:\\\/\\\/cfpmaresme.org\\\/es\\\/iniciamos-el-proyecto-tria-itinerari-a-fin-de-promover-la-insercion-sociolaboral-de-colectivos-vulnerables\\\/#primaryimage\",\"url\":\"https:\\\/\\\/cfpmaresme.org\\\/wp-content\\\/uploads\\\/2021\\\/05\\\/Captura.jpg\",\"contentUrl\":\"https:\\\/\\\/cfpmaresme.org\\\/wp-content\\\/uploads\\\/2021\\\/05\\\/Captura.jpg\",\"width\":1339,\"height\":791},{\"@type\":\"BreadcrumbList\",\"@id\":\"https:\\\/\\\/cfpmaresme.org\\\/es\\\/iniciamos-el-proyecto-tria-itinerari-a-fin-de-promover-la-insercion-sociolaboral-de-colectivos-vulnerables\\\/#breadcrumb\",\"itemListElement\":[{\"@type\":\"ListItem\",\"position\":1,\"name\":\"Home\",\"item\":\"https:\\\/\\\/cfpmaresme.org\\\/es\\\/\"},{\"@type\":\"ListItem\",\"position\":2,\"name\":\"Iniciamos el proyecto \u00abTria itinerari\u00bb a fin de promover la inserci\u00f3n sociolaboral de colectivos vulnerables\"}]},{\"@type\":\"WebSite\",\"@id\":\"https:\\\/\\\/cfpmaresme.org\\\/#website\",\"url\":\"https:\\\/\\\/cfpmaresme.org\\\/\",\"name\":\"CFP Maresme\",\"description\":\"Centre Formaci\u00f3 Prevenci\u00f3\",\"potentialAction\":[{\"@type\":\"SearchAction\",\"target\":{\"@type\":\"EntryPoint\",\"urlTemplate\":\"https:\\\/\\\/cfpmaresme.org\\\/?s={search_term_string}\"},\"query-input\":{\"@type\":\"PropertyValueSpecification\",\"valueRequired\":true,\"valueName\":\"search_term_string\"}}],\"inLanguage\":\"es\"},{\"@type\":\"Person\",\"@id\":\"https:\\\/\\\/cfpmaresme.org\\\/#\\\/schema\\\/person\\\/b2634bcd796fafc667ea4055f61b9b2c\",\"name\":\"CFPMaresme\"}]}<\/script>\n<!-- \/ Yoast SEO plugin. -->","yoast_head_json":{"title":"Iniciamos el proyecto \"Tria itinerari\" a fin de promover la inserci\u00f3n sociolaboral de colectivos vulnerables | CFP Maresme","robots":{"index":"index","follow":"follow","max-snippet":"max-snippet:-1","max-image-preview":"max-image-preview:large","max-video-preview":"max-video-preview:-1"},"canonical":"https:\/\/cfpmaresme.org\/es\/iniciamos-el-proyecto-tria-itinerari-a-fin-de-promover-la-insercion-sociolaboral-de-colectivos-vulnerables\/","og_locale":"es_ES","og_type":"article","og_title":"Iniciamos el proyecto \"Tria itinerari\" a fin de promover la inserci\u00f3n sociolaboral de colectivos vulnerables | CFP Maresme","og_description":"Uno de los \u00e1mbitos que se ha visto m\u00e1s perjudicado debido a la crisis sanitaria ha sido el mercado laboral, que ya ven\u00eda tocado de las crisis anteriores. Adem\u00e1s, las personas que viven en situaci\u00f3n de vulnerabilidad son especialmente susceptibles a tener dificultades para conseguir...","og_url":"https:\/\/cfpmaresme.org\/es\/iniciamos-el-proyecto-tria-itinerari-a-fin-de-promover-la-insercion-sociolaboral-de-colectivos-vulnerables\/","og_site_name":"CFP Maresme","article_published_time":"2021-05-04T11:13:05+00:00","article_modified_time":"2021-05-18T12:26:59+00:00","og_image":[{"width":1339,"height":791,"url":"https:\/\/cfpmaresme.org\/wp-content\/uploads\/2021\/05\/Captura.jpg","type":"image\/jpeg"}],"author":"CFPMaresme","twitter_card":"summary_large_image","twitter_creator":"@cfpmaresme","twitter_site":"@cfpmaresme","twitter_misc":{"Escrito por":"CFPMaresme","Tiempo de lectura":"2 minutos"},"schema":{"@context":"https:\/\/schema.org","@graph":[{"@type":"Article","@id":"https:\/\/cfpmaresme.org\/es\/iniciamos-el-proyecto-tria-itinerari-a-fin-de-promover-la-insercion-sociolaboral-de-colectivos-vulnerables\/#article","isPartOf":{"@id":"https:\/\/cfpmaresme.org\/es\/iniciamos-el-proyecto-tria-itinerari-a-fin-de-promover-la-insercion-sociolaboral-de-colectivos-vulnerables\/"},"author":{"name":"CFPMaresme","@id":"https:\/\/cfpmaresme.org\/#\/schema\/person\/b2634bcd796fafc667ea4055f61b9b2c"},"headline":"Iniciamos el proyecto \u00abTria itinerari\u00bb a fin de promover la inserci\u00f3n sociolaboral de colectivos vulnerables","datePublished":"2021-05-04T11:13:05+00:00","dateModified":"2021-05-18T12:26:59+00:00","mainEntityOfPage":{"@id":"https:\/\/cfpmaresme.org\/es\/iniciamos-el-proyecto-tria-itinerari-a-fin-de-promover-la-insercion-sociolaboral-de-colectivos-vulnerables\/"},"wordCount":349,"commentCount":0,"image":{"@id":"https:\/\/cfpmaresme.org\/es\/iniciamos-el-proyecto-tria-itinerari-a-fin-de-promover-la-insercion-sociolaboral-de-colectivos-vulnerables\/#primaryimage"},"thumbnailUrl":"https:\/\/cfpmaresme.org\/wp-content\/uploads\/2021\/05\/Captura.jpg","articleSection":["Formaci\u00f3n e Intermediaci\u00f3n Laboral"],"inLanguage":"es"},{"@type":"WebPage","@id":"https:\/\/cfpmaresme.org\/es\/iniciamos-el-proyecto-tria-itinerari-a-fin-de-promover-la-insercion-sociolaboral-de-colectivos-vulnerables\/","url":"https:\/\/cfpmaresme.org\/es\/iniciamos-el-proyecto-tria-itinerari-a-fin-de-promover-la-insercion-sociolaboral-de-colectivos-vulnerables\/","name":"Iniciamos el proyecto \"Tria itinerari\" a fin de promover la inserci\u00f3n sociolaboral de colectivos vulnerables | CFP Maresme","isPartOf":{"@id":"https:\/\/cfpmaresme.org\/#website"},"primaryImageOfPage":{"@id":"https:\/\/cfpmaresme.org\/es\/iniciamos-el-proyecto-tria-itinerari-a-fin-de-promover-la-insercion-sociolaboral-de-colectivos-vulnerables\/#primaryimage"},"image":{"@id":"https:\/\/cfpmaresme.org\/es\/iniciamos-el-proyecto-tria-itinerari-a-fin-de-promover-la-insercion-sociolaboral-de-colectivos-vulnerables\/#primaryimage"},"thumbnailUrl":"https:\/\/cfpmaresme.org\/wp-content\/uploads\/2021\/05\/Captura.jpg","datePublished":"2021-05-04T11:13:05+00:00","dateModified":"2021-05-18T12:26:59+00:00","author":{"@id":"https:\/\/cfpmaresme.org\/#\/schema\/person\/b2634bcd796fafc667ea4055f61b9b2c"},"breadcrumb":{"@id":"https:\/\/cfpmaresme.org\/es\/iniciamos-el-proyecto-tria-itinerari-a-fin-de-promover-la-insercion-sociolaboral-de-colectivos-vulnerables\/#breadcrumb"},"inLanguage":"es","potentialAction":[{"@type":"ReadAction","target":["https:\/\/cfpmaresme.org\/es\/iniciamos-el-proyecto-tria-itinerari-a-fin-de-promover-la-insercion-sociolaboral-de-colectivos-vulnerables\/"]}]},{"@type":"ImageObject","inLanguage":"es","@id":"https:\/\/cfpmaresme.org\/es\/iniciamos-el-proyecto-tria-itinerari-a-fin-de-promover-la-insercion-sociolaboral-de-colectivos-vulnerables\/#primaryimage","url":"https:\/\/cfpmaresme.org\/wp-content\/uploads\/2021\/05\/Captura.jpg","contentUrl":"https:\/\/cfpmaresme.org\/wp-content\/uploads\/2021\/05\/Captura.jpg","width":1339,"height":791},{"@type":"BreadcrumbList","@id":"https:\/\/cfpmaresme.org\/es\/iniciamos-el-proyecto-tria-itinerari-a-fin-de-promover-la-insercion-sociolaboral-de-colectivos-vulnerables\/#breadcrumb","itemListElement":[{"@type":"ListItem","position":1,"name":"Home","item":"https:\/\/cfpmaresme.org\/es\/"},{"@type":"ListItem","position":2,"name":"Iniciamos el proyecto \u00abTria itinerari\u00bb a fin de promover la inserci\u00f3n sociolaboral de colectivos vulnerables"}]},{"@type":"WebSite","@id":"https:\/\/cfpmaresme.org\/#website","url":"https:\/\/cfpmaresme.org\/","name":"CFP Maresme","description":"Centre Formaci\u00f3 Prevenci\u00f3","potentialAction":[{"@type":"SearchAction","target":{"@type":"EntryPoint","urlTemplate":"https:\/\/cfpmaresme.org\/?s={search_term_string}"},"query-input":{"@type":"PropertyValueSpecification","valueRequired":true,"valueName":"search_term_string"}}],"inLanguage":"es"},{"@type":"Person","@id":"https:\/\/cfpmaresme.org\/#\/schema\/person\/b2634bcd796fafc667ea4055f61b9b2c","name":"CFPMaresme"}]}},"_links":{"self":[{"href":"https:\/\/cfpmaresme.org\/es\/wp-json\/wp\/v2\/posts\/24858","targetHints":{"allow":["GET"]}}],"collection":[{"href":"https:\/\/cfpmaresme.org\/es\/wp-json\/wp\/v2\/posts"}],"about":[{"href":"https:\/\/cfpmaresme.org\/es\/wp-json\/wp\/v2\/types\/post"}],"author":[{"embeddable":true,"href":"https:\/\/cfpmaresme.org\/es\/wp-json\/wp\/v2\/users\/2"}],"replies":[{"embeddable":true,"href":"https:\/\/cfpmaresme.org\/es\/wp-json\/wp\/v2\/comments?post=24858"}],"version-history":[{"count":3,"href":"https:\/\/cfpmaresme.org\/es\/wp-json\/wp\/v2\/posts\/24858\/revisions"}],"predecessor-version":[{"id":24861,"href":"https:\/\/cfpmaresme.org\/es\/wp-json\/wp\/v2\/posts\/24858\/revisions\/24861"}],"wp:featuredmedia":[{"embeddable":true,"href":"https:\/\/cfpmaresme.org\/es\/wp-json\/wp\/v2\/media\/24657"}],"wp:attachment":[{"href":"https:\/\/cfpmaresme.org\/es\/wp-json\/wp\/v2\/media?parent=24858"}],"wp:term":[{"taxonomy":"category","embeddable":true,"href":"https:\/\/cfpmaresme.org\/es\/wp-json\/wp\/v2\/categories?post=24858"},{"taxonomy":"post_tag","embeddable":true,"href":"https:\/\/cfpmaresme.org\/es\/wp-json\/wp\/v2\/tags?post=24858"}],"curies":[{"name":"wp","href":"https:\/\/api.w.org\/{rel}","templated":true}]}}