{"id":24874,"date":"2021-05-12T11:25:04","date_gmt":"2021-05-12T09:25:04","guid":{"rendered":"https:\/\/www.cfpmaresme.org\/?p=24874"},"modified":"2022-05-24T09:37:21","modified_gmt":"2022-05-24T07:37:21","slug":"en-general-cuesta-mucho-aceptar-la-problematica-de-salud-mental-de-algun-familiar","status":"publish","type":"post","link":"https:\/\/cfpmaresme.org\/es\/en-general-cuesta-mucho-aceptar-la-problematica-de-salud-mental-de-algun-familiar\/","title":{"rendered":"En general cuesta mucho aceptar la problem\u00e1tica de salud mental de alg\u00fan familiar\u00bb"},"content":{"rendered":"<h4>Por Carla Cruells, Responsable de Comunicaci\u00f3n<\/h4>\n<h4>Perfil: Jordi Escrig es, desde el 2003, Director T\u00e9cnico de la <a href=\"\/?page_id=17772\" target=\"_blank\" rel=\"noopener noreferrer\">\u00c1rea de Salud Mental<\/a> del CFP. Su recorrido en la entidad es tan largo como la misma. Empez\u00f3 como voluntario del Centro Abierto de Cirera el a\u00f1o 1980 y, posteriormente, pas\u00f3 a ser coordinador del Pre-Taller y, despu\u00e9s, del Servicio de Rehabilitaci\u00f3n Comunitaria Maresme.<\/h4>\n<p>&nbsp;<\/p>\n<h3>Tener un familiar con una problem\u00e1tica de Salud Mental<\/h3>\n<h4>\u00bfC\u00f3mo suele ser el proceso de aceptar que una persona de tu familia convive con una problem\u00e1tica de Salud Mental?<\/h4>\n<p>Complejo y varia seg\u00fan las familias. En general cuesta mucho aceptar la problem\u00e1tica de Salud Mental de alg\u00fan\u00a0 familiar, sobre todo al principio y durante el desencadenamiento de los primeros episodios.<\/p>\n<h4>\u00bfQu\u00e9 dificultades suelen aparecer a nivel de convivencia?<\/h4>\n<p>Normalmente hay problemas <strong>ya desde la infancia,<\/strong> con momentos en los que cuesta convivir con las personas que sufren problemas de Salud Mental, var\u00eda seg\u00fan la demanda de ayuda de las familias, tanto por lo que les afecta a ellas como por la persona que sufre un Trastorno Mental. Tambi\u00e9n depende de si hay consumo de t\u00f3xicos, que muchas veces va asociado, o de si se empieza un tratamiento en los servicios especializados.<\/p>\n<h4>\u00bfNos podr\u00edas explicar alg\u00fan caso en que te haya sorprendido el papel de la familia en el proceso de recuperaci\u00f3n?<\/h4>\n<p>En positivo me ha sorprendido la madre y los abuelos de un antiguo usuario por su lucha y perseverancia hacia la mejor\u00eda y la recuperaci\u00f3n de su hijo. Y, en el sentido contrario, otra madre que, cuando su hija realiz\u00f3 una muy buena mejor\u00eda y recuperaci\u00f3n, hizo todo lo posible para incapacitarla.<\/p>\n<h3>La entrada a recursos de salud mental y el papel de la familia<\/h3>\n<h4>Sabemos que la salud mental es muy com\u00fan y hay diversos grados, hasta una etapa depresiva o estado de angustia puntual puede ser una problem\u00e1tica de salud mental. \u00bfEn qu\u00e9 momento una familia se tiene que plantear pedir ayuda a recursos de salud mental?<\/h4>\n<p>Todo depende del grado de afectaci\u00f3n. Lo ideal ser\u00eda trabajar en ello <strong>tan pronto como sea posible <\/strong>en los casos de Trastorno Mental m\u00e1s graves.<br \/>\nAhora, con los <strong>nuevos programas PAE-TPI <\/strong><strong>(Trastornos Psic\u00f3ticos Incipientes)<\/strong>, se intenta abordar la problem\u00e1tica <strong>des de los momentos m\u00e1s cr\u00edticos y tempranos.<\/strong> Tambi\u00e9n depende del grado de afectaci\u00f3n. Hay v\u00edas como los tratamientos psicol\u00f3gicos, que desde abordajes cl\u00ednicos y terap\u00e9uticos pueden paliar que las afectaciones y los problemas de Salud Mental vayan a m\u00e1s.<\/p>\n<h4>\u00bfA qui\u00e9n se tendr\u00edan de dirigir para hacerlo?<\/h4>\n<p>El Protocolo nos marca que tienen que ser el CSMA , en algunas circunstancias, los servicios de Urgencias de la Red de Salud Mental. Aun as\u00ed, hay distintas puertas de entrada como pueden ser los CAPs, la escuela o los psic\u00f3logos privados.<\/p>\n<h4>\u00bfSuelen ser las familias las primeras en pedir ayuda o bien las personas usuarias?<\/h4>\n<p><strong>Habitualmente<\/strong> suele ser una demanda de <strong>las familias<\/strong>, muchas veces despu\u00e9s de mucho sufrimiento. Ahora, tambi\u00e9n es importante rese\u00f1ar la importancia que tienen las <strong>Asociaciones de Familiares<\/strong> organizadas, hacen una funci\u00f3n de trabajo de concienciaci\u00f3n de la problem\u00e1tica de la Salud Mental y dirigen a las familias al sitio m\u00e1s adecuado.<\/p>\n<h4>\u00bfQu\u00e9 recorrido siguen dentro de la red hasta llegar a ser atendidas por el SRC?<\/h4>\n<p>Como he dicho anteriormente, el recorrido puede variar. Ahora con los nuevos programas\u00a0 PAE-TPI (Trastornos Psic\u00f3ticos Incipientes) se intenta abordar la problem\u00e1tica desde momentos m\u00e1s cr\u00edticos y primerizos pero, hasta ahora, llevaban m\u00e1s casos con larga evoluci\u00f3n de la enfermedad.<\/p>\n<p>&nbsp;<\/p>\n<h3>Tarea del Servicio de Rehabilitaci\u00f3n Comunitaria<\/h3>\n<h4>Cont\u00e1is con un programa terap\u00e9utico por las familias. \u00bfCu\u00e1l es la tarea que se desarrolla y qu\u00e9 relaci\u00f3n manten\u00e9is con ellas?<\/h4>\n<p>El programa terap\u00e9utico por las familias se desarrolla a trav\u00e9s de dos niveles de intervenci\u00f3n. Uno es el <strong>trabajo m\u00e1s individualizado con las familias.<\/strong> Se abordan aspectos que tienen a ver con la relaci\u00f3n interpersonal y los posibles problemas de convivencia que puedan surgir.<\/p>\n<p>Y, la otra, es un <strong>Programa <\/strong>llamado<strong> Psicoeducativo<\/strong> que tiene distintos objetivos como asesorar e informar sobre recursos de la comunidad, favorecer la relaci\u00f3n social y entre las familias o ayudarlas a reducir la angustia en los momentos de posible claudicaci\u00f3n.<\/p>\n<h4>\u00bfLas familias suene estar abiertas a venir o se muestran reticentes?<\/h4>\n<p>Hay de todo. Normalmente aceptan bien poder sentarse y hablar sobre el familiar afectado y, muchas veces, agradecen ser escuchadas.<\/p>\n<h4>En el caso de las personas que no tienen familia o no mantienen relaci\u00f3n, potenci\u00e1is el v\u00ednculo con otras personas de su entorno cara a garantizar que tienen una red de soporte en el proceso de recuperaci\u00f3n y posteriormente?<\/h4>\n<p>Se intenta <strong>explorar todas las alternativas<\/strong> para dar soporte a las personas que no tienen familias y\/o referentes.\u00a0 En este aspecto, cada vez hay m\u00e1s <strong>asociaciones tutelares<\/strong> que suplen o complementan esta tarea.<\/p>\n","protected":false},"excerpt":{"rendered":"<p>Por Carla Cruells, Responsable de Comunicaci\u00f3n Perfil: Jordi Escrig es, desde el 2003, Director T\u00e9cnico de la \u00c1rea de Salud Mental del CFP. Su recorrido en la entidad es tan largo como la misma. Empez\u00f3 como voluntario del Centro Abierto de Cirera el a\u00f1o 1980&#8230;<\/p>\n","protected":false},"author":2,"featured_media":24877,"comment_status":"open","ping_status":"open","sticky":false,"template":"","format":"standard","meta":{"footnotes":""},"categories":[1258],"tags":[],"class_list":["post-24874","post","type-post","status-publish","format-standard","has-post-thumbnail","hentry","category-entrevistas"],"yoast_head":"<!-- This site is optimized with the Yoast SEO plugin v27.4 - https:\/\/yoast.com\/product\/yoast-seo-wordpress\/ -->\n<title>En general cuesta mucho aceptar la problem\u00e1tica de salud mental de alg\u00fan familiar&quot; | CFP Maresme<\/title>\n<meta name=\"robots\" content=\"index, follow, max-snippet:-1, max-image-preview:large, max-video-preview:-1\" \/>\n<link rel=\"canonical\" href=\"https:\/\/cfpmaresme.org\/es\/en-general-cuesta-mucho-aceptar-la-problematica-de-salud-mental-de-algun-familiar\/\" \/>\n<meta property=\"og:locale\" content=\"es_ES\" \/>\n<meta property=\"og:type\" content=\"article\" \/>\n<meta property=\"og:title\" content=\"En general cuesta mucho aceptar la problem\u00e1tica de salud mental de alg\u00fan familiar&quot; | CFP Maresme\" \/>\n<meta property=\"og:description\" content=\"Por Carla Cruells, Responsable de Comunicaci\u00f3n Perfil: Jordi Escrig es, desde el 2003, Director T\u00e9cnico de la \u00c1rea de Salud Mental del CFP. Su recorrido en la entidad es tan largo como la misma. Empez\u00f3 como voluntario del Centro Abierto de Cirera el a\u00f1o 1980...\" \/>\n<meta property=\"og:url\" content=\"https:\/\/cfpmaresme.org\/es\/en-general-cuesta-mucho-aceptar-la-problematica-de-salud-mental-de-algun-familiar\/\" \/>\n<meta property=\"og:site_name\" content=\"CFP Maresme\" \/>\n<meta property=\"article:published_time\" content=\"2021-05-12T09:25:04+00:00\" \/>\n<meta property=\"article:modified_time\" content=\"2022-05-24T07:37:21+00:00\" \/>\n<meta property=\"og:image\" content=\"https:\/\/cfpmaresme.org\/wp-content\/uploads\/2021\/05\/banner-castell\u00e0.jpg\" \/>\n\t<meta property=\"og:image:width\" content=\"619\" \/>\n\t<meta property=\"og:image:height\" content=\"146\" \/>\n\t<meta property=\"og:image:type\" content=\"image\/jpeg\" \/>\n<meta name=\"author\" content=\"CFPMaresme\" \/>\n<meta name=\"twitter:card\" content=\"summary_large_image\" \/>\n<meta name=\"twitter:creator\" content=\"@cfpmaresme\" \/>\n<meta name=\"twitter:site\" content=\"@cfpmaresme\" \/>\n<meta name=\"twitter:label1\" content=\"Escrito por\" \/>\n\t<meta name=\"twitter:data1\" content=\"CFPMaresme\" \/>\n\t<meta name=\"twitter:label2\" content=\"Tiempo de lectura\" \/>\n\t<meta name=\"twitter:data2\" content=\"4 minutos\" \/>\n<script type=\"application\/ld+json\" class=\"yoast-schema-graph\">{\"@context\":\"https:\\\/\\\/schema.org\",\"@graph\":[{\"@type\":\"Article\",\"@id\":\"https:\\\/\\\/cfpmaresme.org\\\/es\\\/en-general-cuesta-mucho-aceptar-la-problematica-de-salud-mental-de-algun-familiar\\\/#article\",\"isPartOf\":{\"@id\":\"https:\\\/\\\/cfpmaresme.org\\\/es\\\/en-general-cuesta-mucho-aceptar-la-problematica-de-salud-mental-de-algun-familiar\\\/\"},\"author\":{\"name\":\"CFPMaresme\",\"@id\":\"https:\\\/\\\/cfpmaresme.org\\\/#\\\/schema\\\/person\\\/b2634bcd796fafc667ea4055f61b9b2c\"},\"headline\":\"En general cuesta mucho aceptar la problem\u00e1tica de salud mental de alg\u00fan familiar\u00bb\",\"datePublished\":\"2021-05-12T09:25:04+00:00\",\"dateModified\":\"2022-05-24T07:37:21+00:00\",\"mainEntityOfPage\":{\"@id\":\"https:\\\/\\\/cfpmaresme.org\\\/es\\\/en-general-cuesta-mucho-aceptar-la-problematica-de-salud-mental-de-algun-familiar\\\/\"},\"wordCount\":882,\"commentCount\":0,\"image\":{\"@id\":\"https:\\\/\\\/cfpmaresme.org\\\/es\\\/en-general-cuesta-mucho-aceptar-la-problematica-de-salud-mental-de-algun-familiar\\\/#primaryimage\"},\"thumbnailUrl\":\"https:\\\/\\\/cfpmaresme.org\\\/wp-content\\\/uploads\\\/2021\\\/05\\\/banner-castell\u00e0.jpg\",\"articleSection\":[\"Entrevistas\"],\"inLanguage\":\"es\"},{\"@type\":\"WebPage\",\"@id\":\"https:\\\/\\\/cfpmaresme.org\\\/es\\\/en-general-cuesta-mucho-aceptar-la-problematica-de-salud-mental-de-algun-familiar\\\/\",\"url\":\"https:\\\/\\\/cfpmaresme.org\\\/es\\\/en-general-cuesta-mucho-aceptar-la-problematica-de-salud-mental-de-algun-familiar\\\/\",\"name\":\"En general cuesta mucho aceptar la problem\u00e1tica de salud mental de alg\u00fan familiar\\\" | CFP Maresme\",\"isPartOf\":{\"@id\":\"https:\\\/\\\/cfpmaresme.org\\\/#website\"},\"primaryImageOfPage\":{\"@id\":\"https:\\\/\\\/cfpmaresme.org\\\/es\\\/en-general-cuesta-mucho-aceptar-la-problematica-de-salud-mental-de-algun-familiar\\\/#primaryimage\"},\"image\":{\"@id\":\"https:\\\/\\\/cfpmaresme.org\\\/es\\\/en-general-cuesta-mucho-aceptar-la-problematica-de-salud-mental-de-algun-familiar\\\/#primaryimage\"},\"thumbnailUrl\":\"https:\\\/\\\/cfpmaresme.org\\\/wp-content\\\/uploads\\\/2021\\\/05\\\/banner-castell\u00e0.jpg\",\"datePublished\":\"2021-05-12T09:25:04+00:00\",\"dateModified\":\"2022-05-24T07:37:21+00:00\",\"author\":{\"@id\":\"https:\\\/\\\/cfpmaresme.org\\\/#\\\/schema\\\/person\\\/b2634bcd796fafc667ea4055f61b9b2c\"},\"breadcrumb\":{\"@id\":\"https:\\\/\\\/cfpmaresme.org\\\/es\\\/en-general-cuesta-mucho-aceptar-la-problematica-de-salud-mental-de-algun-familiar\\\/#breadcrumb\"},\"inLanguage\":\"es\",\"potentialAction\":[{\"@type\":\"ReadAction\",\"target\":[\"https:\\\/\\\/cfpmaresme.org\\\/es\\\/en-general-cuesta-mucho-aceptar-la-problematica-de-salud-mental-de-algun-familiar\\\/\"]}]},{\"@type\":\"ImageObject\",\"inLanguage\":\"es\",\"@id\":\"https:\\\/\\\/cfpmaresme.org\\\/es\\\/en-general-cuesta-mucho-aceptar-la-problematica-de-salud-mental-de-algun-familiar\\\/#primaryimage\",\"url\":\"https:\\\/\\\/cfpmaresme.org\\\/wp-content\\\/uploads\\\/2021\\\/05\\\/banner-castell\u00e0.jpg\",\"contentUrl\":\"https:\\\/\\\/cfpmaresme.org\\\/wp-content\\\/uploads\\\/2021\\\/05\\\/banner-castell\u00e0.jpg\",\"width\":619,\"height\":146},{\"@type\":\"BreadcrumbList\",\"@id\":\"https:\\\/\\\/cfpmaresme.org\\\/es\\\/en-general-cuesta-mucho-aceptar-la-problematica-de-salud-mental-de-algun-familiar\\\/#breadcrumb\",\"itemListElement\":[{\"@type\":\"ListItem\",\"position\":1,\"name\":\"Home\",\"item\":\"https:\\\/\\\/cfpmaresme.org\\\/es\\\/\"},{\"@type\":\"ListItem\",\"position\":2,\"name\":\"En general cuesta mucho aceptar la problem\u00e1tica de salud mental de alg\u00fan familiar\u00bb\"}]},{\"@type\":\"WebSite\",\"@id\":\"https:\\\/\\\/cfpmaresme.org\\\/#website\",\"url\":\"https:\\\/\\\/cfpmaresme.org\\\/\",\"name\":\"CFP Maresme\",\"description\":\"Centre Formaci\u00f3 Prevenci\u00f3\",\"potentialAction\":[{\"@type\":\"SearchAction\",\"target\":{\"@type\":\"EntryPoint\",\"urlTemplate\":\"https:\\\/\\\/cfpmaresme.org\\\/?s={search_term_string}\"},\"query-input\":{\"@type\":\"PropertyValueSpecification\",\"valueRequired\":true,\"valueName\":\"search_term_string\"}}],\"inLanguage\":\"es\"},{\"@type\":\"Person\",\"@id\":\"https:\\\/\\\/cfpmaresme.org\\\/#\\\/schema\\\/person\\\/b2634bcd796fafc667ea4055f61b9b2c\",\"name\":\"CFPMaresme\"}]}<\/script>\n<!-- \/ Yoast SEO plugin. -->","yoast_head_json":{"title":"En general cuesta mucho aceptar la problem\u00e1tica de salud mental de alg\u00fan familiar\" | CFP Maresme","robots":{"index":"index","follow":"follow","max-snippet":"max-snippet:-1","max-image-preview":"max-image-preview:large","max-video-preview":"max-video-preview:-1"},"canonical":"https:\/\/cfpmaresme.org\/es\/en-general-cuesta-mucho-aceptar-la-problematica-de-salud-mental-de-algun-familiar\/","og_locale":"es_ES","og_type":"article","og_title":"En general cuesta mucho aceptar la problem\u00e1tica de salud mental de alg\u00fan familiar\" | CFP Maresme","og_description":"Por Carla Cruells, Responsable de Comunicaci\u00f3n Perfil: Jordi Escrig es, desde el 2003, Director T\u00e9cnico de la \u00c1rea de Salud Mental del CFP. Su recorrido en la entidad es tan largo como la misma. Empez\u00f3 como voluntario del Centro Abierto de Cirera el a\u00f1o 1980...","og_url":"https:\/\/cfpmaresme.org\/es\/en-general-cuesta-mucho-aceptar-la-problematica-de-salud-mental-de-algun-familiar\/","og_site_name":"CFP Maresme","article_published_time":"2021-05-12T09:25:04+00:00","article_modified_time":"2022-05-24T07:37:21+00:00","og_image":[{"width":619,"height":146,"url":"https:\/\/cfpmaresme.org\/wp-content\/uploads\/2021\/05\/banner-castell\u00e0.jpg","type":"image\/jpeg"}],"author":"CFPMaresme","twitter_card":"summary_large_image","twitter_creator":"@cfpmaresme","twitter_site":"@cfpmaresme","twitter_misc":{"Escrito por":"CFPMaresme","Tiempo de lectura":"4 minutos"},"schema":{"@context":"https:\/\/schema.org","@graph":[{"@type":"Article","@id":"https:\/\/cfpmaresme.org\/es\/en-general-cuesta-mucho-aceptar-la-problematica-de-salud-mental-de-algun-familiar\/#article","isPartOf":{"@id":"https:\/\/cfpmaresme.org\/es\/en-general-cuesta-mucho-aceptar-la-problematica-de-salud-mental-de-algun-familiar\/"},"author":{"name":"CFPMaresme","@id":"https:\/\/cfpmaresme.org\/#\/schema\/person\/b2634bcd796fafc667ea4055f61b9b2c"},"headline":"En general cuesta mucho aceptar la problem\u00e1tica de salud mental de alg\u00fan familiar\u00bb","datePublished":"2021-05-12T09:25:04+00:00","dateModified":"2022-05-24T07:37:21+00:00","mainEntityOfPage":{"@id":"https:\/\/cfpmaresme.org\/es\/en-general-cuesta-mucho-aceptar-la-problematica-de-salud-mental-de-algun-familiar\/"},"wordCount":882,"commentCount":0,"image":{"@id":"https:\/\/cfpmaresme.org\/es\/en-general-cuesta-mucho-aceptar-la-problematica-de-salud-mental-de-algun-familiar\/#primaryimage"},"thumbnailUrl":"https:\/\/cfpmaresme.org\/wp-content\/uploads\/2021\/05\/banner-castell\u00e0.jpg","articleSection":["Entrevistas"],"inLanguage":"es"},{"@type":"WebPage","@id":"https:\/\/cfpmaresme.org\/es\/en-general-cuesta-mucho-aceptar-la-problematica-de-salud-mental-de-algun-familiar\/","url":"https:\/\/cfpmaresme.org\/es\/en-general-cuesta-mucho-aceptar-la-problematica-de-salud-mental-de-algun-familiar\/","name":"En general cuesta mucho aceptar la problem\u00e1tica de salud mental de alg\u00fan familiar\" | CFP Maresme","isPartOf":{"@id":"https:\/\/cfpmaresme.org\/#website"},"primaryImageOfPage":{"@id":"https:\/\/cfpmaresme.org\/es\/en-general-cuesta-mucho-aceptar-la-problematica-de-salud-mental-de-algun-familiar\/#primaryimage"},"image":{"@id":"https:\/\/cfpmaresme.org\/es\/en-general-cuesta-mucho-aceptar-la-problematica-de-salud-mental-de-algun-familiar\/#primaryimage"},"thumbnailUrl":"https:\/\/cfpmaresme.org\/wp-content\/uploads\/2021\/05\/banner-castell\u00e0.jpg","datePublished":"2021-05-12T09:25:04+00:00","dateModified":"2022-05-24T07:37:21+00:00","author":{"@id":"https:\/\/cfpmaresme.org\/#\/schema\/person\/b2634bcd796fafc667ea4055f61b9b2c"},"breadcrumb":{"@id":"https:\/\/cfpmaresme.org\/es\/en-general-cuesta-mucho-aceptar-la-problematica-de-salud-mental-de-algun-familiar\/#breadcrumb"},"inLanguage":"es","potentialAction":[{"@type":"ReadAction","target":["https:\/\/cfpmaresme.org\/es\/en-general-cuesta-mucho-aceptar-la-problematica-de-salud-mental-de-algun-familiar\/"]}]},{"@type":"ImageObject","inLanguage":"es","@id":"https:\/\/cfpmaresme.org\/es\/en-general-cuesta-mucho-aceptar-la-problematica-de-salud-mental-de-algun-familiar\/#primaryimage","url":"https:\/\/cfpmaresme.org\/wp-content\/uploads\/2021\/05\/banner-castell\u00e0.jpg","contentUrl":"https:\/\/cfpmaresme.org\/wp-content\/uploads\/2021\/05\/banner-castell\u00e0.jpg","width":619,"height":146},{"@type":"BreadcrumbList","@id":"https:\/\/cfpmaresme.org\/es\/en-general-cuesta-mucho-aceptar-la-problematica-de-salud-mental-de-algun-familiar\/#breadcrumb","itemListElement":[{"@type":"ListItem","position":1,"name":"Home","item":"https:\/\/cfpmaresme.org\/es\/"},{"@type":"ListItem","position":2,"name":"En general cuesta mucho aceptar la problem\u00e1tica de salud mental de alg\u00fan familiar\u00bb"}]},{"@type":"WebSite","@id":"https:\/\/cfpmaresme.org\/#website","url":"https:\/\/cfpmaresme.org\/","name":"CFP Maresme","description":"Centre Formaci\u00f3 Prevenci\u00f3","potentialAction":[{"@type":"SearchAction","target":{"@type":"EntryPoint","urlTemplate":"https:\/\/cfpmaresme.org\/?s={search_term_string}"},"query-input":{"@type":"PropertyValueSpecification","valueRequired":true,"valueName":"search_term_string"}}],"inLanguage":"es"},{"@type":"Person","@id":"https:\/\/cfpmaresme.org\/#\/schema\/person\/b2634bcd796fafc667ea4055f61b9b2c","name":"CFPMaresme"}]}},"_links":{"self":[{"href":"https:\/\/cfpmaresme.org\/es\/wp-json\/wp\/v2\/posts\/24874","targetHints":{"allow":["GET"]}}],"collection":[{"href":"https:\/\/cfpmaresme.org\/es\/wp-json\/wp\/v2\/posts"}],"about":[{"href":"https:\/\/cfpmaresme.org\/es\/wp-json\/wp\/v2\/types\/post"}],"author":[{"embeddable":true,"href":"https:\/\/cfpmaresme.org\/es\/wp-json\/wp\/v2\/users\/2"}],"replies":[{"embeddable":true,"href":"https:\/\/cfpmaresme.org\/es\/wp-json\/wp\/v2\/comments?post=24874"}],"version-history":[{"count":3,"href":"https:\/\/cfpmaresme.org\/es\/wp-json\/wp\/v2\/posts\/24874\/revisions"}],"predecessor-version":[{"id":24879,"href":"https:\/\/cfpmaresme.org\/es\/wp-json\/wp\/v2\/posts\/24874\/revisions\/24879"}],"wp:featuredmedia":[{"embeddable":true,"href":"https:\/\/cfpmaresme.org\/es\/wp-json\/wp\/v2\/media\/24877"}],"wp:attachment":[{"href":"https:\/\/cfpmaresme.org\/es\/wp-json\/wp\/v2\/media?parent=24874"}],"wp:term":[{"taxonomy":"category","embeddable":true,"href":"https:\/\/cfpmaresme.org\/es\/wp-json\/wp\/v2\/categories?post=24874"},{"taxonomy":"post_tag","embeddable":true,"href":"https:\/\/cfpmaresme.org\/es\/wp-json\/wp\/v2\/tags?post=24874"}],"curies":[{"name":"wp","href":"https:\/\/api.w.org\/{rel}","templated":true}]}}