{"id":24899,"date":"2019-05-28T14:38:10","date_gmt":"2019-05-28T12:38:10","guid":{"rendered":"https:\/\/www.cfpmaresme.org\/?p=24899"},"modified":"2021-06-01T15:15:15","modified_gmt":"2021-06-01T13:15:15","slug":"en-femeni-una-experiencia-integradora-per-a-dones-amb-problemes-de-salut-mental","status":"publish","type":"post","link":"https:\/\/cfpmaresme.org\/es\/en-femeni-una-experiencia-integradora-per-a-dones-amb-problemes-de-salut-mental\/","title":{"rendered":"En femenino: una experiencia integradora para mujeres con problemas de salud mental"},"content":{"rendered":"<p><strong>Durante estos meses de abril y mayo el CFP ha desarrollado el nuevo taller \u00abEn Femenino\u00bb, formado por un grupo de 8 mujeres usuarias de los servicios de salud mental de la entidad. Esta actividad ten\u00eda el objetivo de concienciar sus participantes sobre los beneficios de cuidar su higiene e imagen corporal. Por otro lado, tambi\u00e9n pretend\u00eda poner en com\u00fan sus sentimientos entorno al estigma que a veces sufren las personas con problemas de salud mental (en especial las mujeres) per su aspecto f\u00edsico. Este taller cont\u00f3 con diversas sesiones con participaci\u00f3n comunitaria, con la presencia de Caritas Matar\u00f3, la perruquer\u00eda Javier Equip y la maquilladora Marjorie Font.<\/strong><\/p>\n<p>&nbsp;<\/p>\n<p>Las mujeres con problemas de salud mental a menudo sufren m\u00e1s prejuicios sociales que los hombres. En los medios de comunicaci\u00f3n, lamentablemente, se acostumbran a presentar como\u00a0 persones d\u00e9biles, inestables y dejadas. Tambi\u00e9n sufren una sobreprotecci\u00f3n o condescendencia por parte de sus familiares en mayor grado que los barones. Todo esto deriva en una falta de posibilidades a nivel personal, social y laboral que provoca una inseguridad que afecta todos los \u00e1mbitos de su vida. El taller \u00abEn Femenino\u00bb ha sido un programa dedicado a fortalecer las capacidades de estas mujeres, a fomentar la confianza en s\u00ed mismas y a compartir sus experiencias con mujeres que han sufrido los mismos condicionantes.<\/p>\n<p>&nbsp;<\/p>\n<p>El taller ha contado con 6 sesiones dirigidas por la educadora social Carla Bud\u00f3 del CFP. Las dos primeras sirvieron para reflexionar sobre el papel de la mujer en la sociedad tanto en la \u00e9poca actual como hist\u00f3ricamente. Las dos siguientes contaron con la colaboraci\u00f3n de Rober de Caritas Matar\u00f3. Esta entidad cedi\u00f3 ropa para las usuarias que despu\u00e9s se pudieron quedar. Con la ayuda de Carla, tambi\u00e9n aprendieron trucos para combinar prendas y escoger mejor su vestuario.<\/p>\n<p>&nbsp;<\/p>\n<p><img loading=\"lazy\" decoding=\"async\" class=\"size-large wp-image-17971 aligncenter\" src=\"https:\/\/cfpmaresme.org\/wp-content\/uploads\/2019\/05\/IMG-20190430-WA0001-1024x576.jpg\" alt=\"\" width=\"1024\" height=\"576\" srcset=\"https:\/\/cfpmaresme.org\/wp-content\/uploads\/2019\/05\/IMG-20190430-WA0001-1024x576.jpg 1024w, https:\/\/cfpmaresme.org\/wp-content\/uploads\/2019\/05\/IMG-20190430-WA0001-300x169.jpg 300w, https:\/\/cfpmaresme.org\/wp-content\/uploads\/2019\/05\/IMG-20190430-WA0001-768x432.jpg 768w, https:\/\/cfpmaresme.org\/wp-content\/uploads\/2019\/05\/IMG-20190430-WA0001-700x394.jpg 700w, https:\/\/cfpmaresme.org\/wp-content\/uploads\/2019\/05\/IMG-20190430-WA0001-539x303.jpg 539w, https:\/\/cfpmaresme.org\/wp-content\/uploads\/2019\/05\/IMG-20190430-WA0001.jpg 1600w\" sizes=\"auto, (max-width: 1024px) 100vw, 1024px\" \/><\/p>\n<p>&nbsp;<\/p>\n<p>Las dos \u00faltimas citas con el taller \u00abEn Femenino\u00bb tambi\u00e9n tuvieron la colaboraci\u00f3n de personas externas a la entidad. Por un lado, la maquilladora Marjorie Font ofreci\u00f3 un taller de belleza a las participantes. Les mostr\u00f3 qu\u00e9 productos utilizar seg\u00fan las facciones o la forma de la cara, ojos y labios. Por otro lado, proporcion\u00f3 consejos sobre el cuidado de la piel. La otra sesi\u00f3n tuvo lugar en la peluquer\u00eda Javier Equip de Matar\u00f3. Los profesionales de este centro peinaron y cortaron el pelo a las chicas del taller. Todos los colaboradores de las actividades participaron de manera altruista y desinteresada, hecho que demuestra su compromiso y sensibilidad social.<\/p>\n<p>&nbsp;<\/p>\n<p>Finalmente, la clausura de \u00abEn Femenino\u00bb fue una cena a propuesta de las integrantes del programa. Fue un buen momento para expresar sus conclusiones. Todas ellas tienen muy buena opini\u00f3n sobre el monogr\u00e1fico y desean una segunda edici\u00f3n el a\u00f1o que viene. Profundizando en sus sensaciones, la mayor\u00eda coinciden en que <em>\u00abha sido una experiencia positiva que nos ha permitido expresarnos libremente\u00bb. <\/em>\u00a0Sobre las tem\u00e1ticas de la est\u00e9tica y la imagen personal, destacan que <em>\u00abhemos aprendido a mejorar nuestra confianza y a saber que podemos cuidarnos m\u00e1s. Pero tambi\u00e9n sabemos que cada persona es \u00fanica y nadie es perfecto\u00bb. <\/em>\u00a0Por \u00faltima, reflexionan sobre el estigma que sufren. Seg\u00fan ellas <em>\u00abmucha gente nos juzga por tener sobrepeso o mala imagen, pero no saben qu\u00e9 hay detr\u00e1s. La medicaci\u00f3n que tomamos nos deja a menudo sedadas t tambi\u00e9n engorda mucho. Y cuando no nos encontramos bien, no tenemos motivaci\u00f3n por arreglarnos ni cuidarnos\u00bb.\u00a0<\/em><\/p>\n<p>&nbsp;<\/p>\n<p>En palabras de la Educadora Social Carla Bud\u00f3, <em>\u00abla experiencia vivida a trav\u00e9s de este monogr\u00e1fico no solo ha sido inspiradora para las participantes, sino que para m\u00ed misma como profesional. Hemos vivido en primera persona la gran importancia de generar espacios de di\u00e1logo. De hacer actividades participativas. De generar complicidad. En definitiva, de los beneficios que conlleva poder ser y estar, sin m\u00e1s a\u00f1adidos. En muchas ocasiones, las personas que conviven con una enfermedad mental se pasan el d\u00eda recordando que, precisamente, tienen dificultades en su Salud Mental. Lo recuerdan cuando van a terapia, a talleres especializados, a actividades rehabilitadoras, etc. Por lo tanto, poder ofrecer un espacio libre de este bagaje, donde simplemente ser,\u00a0 tambi\u00e9n es necesario. Cuando ofrecemos estos espacios, potenciamos en las personas otra manera de definirse. En este caso concreto, otra definici\u00f3n de ellas mismas:\u00a0 la de ser simplemente mujeres.\u00bb<\/em><\/p>\n<p>&nbsp;<\/p>\n<p>Aunque el taller se ha desarrollado mayoritariamente en base a actividades aparentemente relacionadas con el espectro f\u00edsico, su verdadero pilar ha sido es despertar psicol\u00f3gico y emocional de las 8 mujeres participantes. Han formado un grupo que ha devenido un c\u00edrculo de confianza para compartir sus vivencias como mujeres. Han aprendido juntas y se han ayudado mutuamente para superar sus miedos y ver que no est\u00e1n solas. Que son m\u00e1s fuertes de lo que pensaban y ahora tienen m\u00e1s herramientas para mejorar su autoestima. En definitiva, que ahora piensan m\u00e1s en su felicidad, piensan m\u00e1s \u00aben femenino\u00bb.<\/p>\n<p>&nbsp;<\/p>\n","protected":false},"excerpt":{"rendered":"<p>Durante estos meses de abril y mayo el CFP ha desarrollado el nuevo taller \u00abEn Femenino\u00bb, formado por un grupo de 8 mujeres usuarias de los servicios de salud mental de la entidad. Esta actividad ten\u00eda el objetivo de concienciar sus participantes sobre los beneficios&#8230;<\/p>\n","protected":false},"author":2,"featured_media":17972,"comment_status":"open","ping_status":"open","sticky":false,"template":"","format":"standard","meta":{"footnotes":""},"categories":[1187],"tags":[971,657],"class_list":["post-24899","post","type-post","status-publish","format-standard","has-post-thumbnail","hentry","category-cfp-maresme-es","tag-salut-mental-es","tag-taller-es"],"yoast_head":"<!-- This site is optimized with the Yoast SEO plugin v27.4 - https:\/\/yoast.com\/product\/yoast-seo-wordpress\/ -->\n<title>En femenino: una experiencia integradora para mujeres con problemas de salud mental | CFP Maresme<\/title>\n<meta name=\"robots\" content=\"index, follow, max-snippet:-1, max-image-preview:large, max-video-preview:-1\" \/>\n<link rel=\"canonical\" href=\"https:\/\/cfpmaresme.org\/es\/en-femeni-una-experiencia-integradora-per-a-dones-amb-problemes-de-salut-mental\/\" \/>\n<meta property=\"og:locale\" content=\"es_ES\" \/>\n<meta property=\"og:type\" content=\"article\" \/>\n<meta property=\"og:title\" content=\"En femenino: una experiencia integradora para mujeres con problemas de salud mental | CFP Maresme\" \/>\n<meta property=\"og:description\" content=\"Durante estos meses de abril y mayo el CFP ha desarrollado el nuevo taller \u00abEn Femenino\u00bb, formado por un grupo de 8 mujeres usuarias de los servicios de salud mental de la entidad. Esta actividad ten\u00eda el objetivo de concienciar sus participantes sobre los beneficios...\" \/>\n<meta property=\"og:url\" content=\"https:\/\/cfpmaresme.org\/es\/en-femeni-una-experiencia-integradora-per-a-dones-amb-problemes-de-salut-mental\/\" \/>\n<meta property=\"og:site_name\" content=\"CFP Maresme\" \/>\n<meta property=\"article:published_time\" content=\"2019-05-28T12:38:10+00:00\" \/>\n<meta property=\"article:modified_time\" content=\"2021-06-01T13:15:15+00:00\" \/>\n<meta property=\"og:image\" content=\"https:\/\/cfpmaresme.org\/wp-content\/uploads\/2019\/05\/IMG-20190430-WA0001.jpg\" \/>\n\t<meta property=\"og:image:width\" content=\"1600\" \/>\n\t<meta property=\"og:image:height\" content=\"900\" \/>\n\t<meta property=\"og:image:type\" content=\"image\/jpeg\" \/>\n<meta name=\"author\" content=\"CFPMaresme\" \/>\n<meta name=\"twitter:card\" content=\"summary_large_image\" \/>\n<meta name=\"twitter:creator\" content=\"@cfpmaresme\" \/>\n<meta name=\"twitter:site\" content=\"@cfpmaresme\" \/>\n<meta name=\"twitter:label1\" content=\"Escrito por\" \/>\n\t<meta name=\"twitter:data1\" content=\"CFPMaresme\" \/>\n\t<meta name=\"twitter:label2\" content=\"Tiempo de lectura\" \/>\n\t<meta name=\"twitter:data2\" content=\"4 minutos\" \/>\n<script type=\"application\/ld+json\" class=\"yoast-schema-graph\">{\"@context\":\"https:\\\/\\\/schema.org\",\"@graph\":[{\"@type\":\"Article\",\"@id\":\"https:\\\/\\\/cfpmaresme.org\\\/es\\\/en-femeni-una-experiencia-integradora-per-a-dones-amb-problemes-de-salut-mental\\\/#article\",\"isPartOf\":{\"@id\":\"https:\\\/\\\/cfpmaresme.org\\\/es\\\/en-femeni-una-experiencia-integradora-per-a-dones-amb-problemes-de-salut-mental\\\/\"},\"author\":{\"name\":\"CFPMaresme\",\"@id\":\"https:\\\/\\\/cfpmaresme.org\\\/#\\\/schema\\\/person\\\/b2634bcd796fafc667ea4055f61b9b2c\"},\"headline\":\"En femenino: una experiencia integradora para mujeres con problemas de salud mental\",\"datePublished\":\"2019-05-28T12:38:10+00:00\",\"dateModified\":\"2021-06-01T13:15:15+00:00\",\"mainEntityOfPage\":{\"@id\":\"https:\\\/\\\/cfpmaresme.org\\\/es\\\/en-femeni-una-experiencia-integradora-per-a-dones-amb-problemes-de-salut-mental\\\/\"},\"wordCount\":867,\"commentCount\":0,\"image\":{\"@id\":\"https:\\\/\\\/cfpmaresme.org\\\/es\\\/en-femeni-una-experiencia-integradora-per-a-dones-amb-problemes-de-salut-mental\\\/#primaryimage\"},\"thumbnailUrl\":\"https:\\\/\\\/cfpmaresme.org\\\/wp-content\\\/uploads\\\/2019\\\/05\\\/IMG-20190430-WA0001.jpg\",\"keywords\":[\"salut mental\",\"taller\"],\"articleSection\":[\"CFP Maresme\"],\"inLanguage\":\"es\"},{\"@type\":\"WebPage\",\"@id\":\"https:\\\/\\\/cfpmaresme.org\\\/es\\\/en-femeni-una-experiencia-integradora-per-a-dones-amb-problemes-de-salut-mental\\\/\",\"url\":\"https:\\\/\\\/cfpmaresme.org\\\/es\\\/en-femeni-una-experiencia-integradora-per-a-dones-amb-problemes-de-salut-mental\\\/\",\"name\":\"En femenino: una experiencia integradora para mujeres con problemas de salud mental | CFP Maresme\",\"isPartOf\":{\"@id\":\"https:\\\/\\\/cfpmaresme.org\\\/#website\"},\"primaryImageOfPage\":{\"@id\":\"https:\\\/\\\/cfpmaresme.org\\\/es\\\/en-femeni-una-experiencia-integradora-per-a-dones-amb-problemes-de-salut-mental\\\/#primaryimage\"},\"image\":{\"@id\":\"https:\\\/\\\/cfpmaresme.org\\\/es\\\/en-femeni-una-experiencia-integradora-per-a-dones-amb-problemes-de-salut-mental\\\/#primaryimage\"},\"thumbnailUrl\":\"https:\\\/\\\/cfpmaresme.org\\\/wp-content\\\/uploads\\\/2019\\\/05\\\/IMG-20190430-WA0001.jpg\",\"datePublished\":\"2019-05-28T12:38:10+00:00\",\"dateModified\":\"2021-06-01T13:15:15+00:00\",\"author\":{\"@id\":\"https:\\\/\\\/cfpmaresme.org\\\/#\\\/schema\\\/person\\\/b2634bcd796fafc667ea4055f61b9b2c\"},\"breadcrumb\":{\"@id\":\"https:\\\/\\\/cfpmaresme.org\\\/es\\\/en-femeni-una-experiencia-integradora-per-a-dones-amb-problemes-de-salut-mental\\\/#breadcrumb\"},\"inLanguage\":\"es\",\"potentialAction\":[{\"@type\":\"ReadAction\",\"target\":[\"https:\\\/\\\/cfpmaresme.org\\\/es\\\/en-femeni-una-experiencia-integradora-per-a-dones-amb-problemes-de-salut-mental\\\/\"]}]},{\"@type\":\"ImageObject\",\"inLanguage\":\"es\",\"@id\":\"https:\\\/\\\/cfpmaresme.org\\\/es\\\/en-femeni-una-experiencia-integradora-per-a-dones-amb-problemes-de-salut-mental\\\/#primaryimage\",\"url\":\"https:\\\/\\\/cfpmaresme.org\\\/wp-content\\\/uploads\\\/2019\\\/05\\\/IMG-20190430-WA0001.jpg\",\"contentUrl\":\"https:\\\/\\\/cfpmaresme.org\\\/wp-content\\\/uploads\\\/2019\\\/05\\\/IMG-20190430-WA0001.jpg\",\"width\":1600,\"height\":900},{\"@type\":\"BreadcrumbList\",\"@id\":\"https:\\\/\\\/cfpmaresme.org\\\/es\\\/en-femeni-una-experiencia-integradora-per-a-dones-amb-problemes-de-salut-mental\\\/#breadcrumb\",\"itemListElement\":[{\"@type\":\"ListItem\",\"position\":1,\"name\":\"Home\",\"item\":\"https:\\\/\\\/cfpmaresme.org\\\/es\\\/\"},{\"@type\":\"ListItem\",\"position\":2,\"name\":\"En femenino: una experiencia integradora para mujeres con problemas de salud mental\"}]},{\"@type\":\"WebSite\",\"@id\":\"https:\\\/\\\/cfpmaresme.org\\\/#website\",\"url\":\"https:\\\/\\\/cfpmaresme.org\\\/\",\"name\":\"CFP Maresme\",\"description\":\"Centre Formaci\u00f3 Prevenci\u00f3\",\"potentialAction\":[{\"@type\":\"SearchAction\",\"target\":{\"@type\":\"EntryPoint\",\"urlTemplate\":\"https:\\\/\\\/cfpmaresme.org\\\/?s={search_term_string}\"},\"query-input\":{\"@type\":\"PropertyValueSpecification\",\"valueRequired\":true,\"valueName\":\"search_term_string\"}}],\"inLanguage\":\"es\"},{\"@type\":\"Person\",\"@id\":\"https:\\\/\\\/cfpmaresme.org\\\/#\\\/schema\\\/person\\\/b2634bcd796fafc667ea4055f61b9b2c\",\"name\":\"CFPMaresme\"}]}<\/script>\n<!-- \/ Yoast SEO plugin. -->","yoast_head_json":{"title":"En femenino: una experiencia integradora para mujeres con problemas de salud mental | CFP Maresme","robots":{"index":"index","follow":"follow","max-snippet":"max-snippet:-1","max-image-preview":"max-image-preview:large","max-video-preview":"max-video-preview:-1"},"canonical":"https:\/\/cfpmaresme.org\/es\/en-femeni-una-experiencia-integradora-per-a-dones-amb-problemes-de-salut-mental\/","og_locale":"es_ES","og_type":"article","og_title":"En femenino: una experiencia integradora para mujeres con problemas de salud mental | CFP Maresme","og_description":"Durante estos meses de abril y mayo el CFP ha desarrollado el nuevo taller \u00abEn Femenino\u00bb, formado por un grupo de 8 mujeres usuarias de los servicios de salud mental de la entidad. Esta actividad ten\u00eda el objetivo de concienciar sus participantes sobre los beneficios...","og_url":"https:\/\/cfpmaresme.org\/es\/en-femeni-una-experiencia-integradora-per-a-dones-amb-problemes-de-salut-mental\/","og_site_name":"CFP Maresme","article_published_time":"2019-05-28T12:38:10+00:00","article_modified_time":"2021-06-01T13:15:15+00:00","og_image":[{"width":1600,"height":900,"url":"https:\/\/cfpmaresme.org\/wp-content\/uploads\/2019\/05\/IMG-20190430-WA0001.jpg","type":"image\/jpeg"}],"author":"CFPMaresme","twitter_card":"summary_large_image","twitter_creator":"@cfpmaresme","twitter_site":"@cfpmaresme","twitter_misc":{"Escrito por":"CFPMaresme","Tiempo de lectura":"4 minutos"},"schema":{"@context":"https:\/\/schema.org","@graph":[{"@type":"Article","@id":"https:\/\/cfpmaresme.org\/es\/en-femeni-una-experiencia-integradora-per-a-dones-amb-problemes-de-salut-mental\/#article","isPartOf":{"@id":"https:\/\/cfpmaresme.org\/es\/en-femeni-una-experiencia-integradora-per-a-dones-amb-problemes-de-salut-mental\/"},"author":{"name":"CFPMaresme","@id":"https:\/\/cfpmaresme.org\/#\/schema\/person\/b2634bcd796fafc667ea4055f61b9b2c"},"headline":"En femenino: una experiencia integradora para mujeres con problemas de salud mental","datePublished":"2019-05-28T12:38:10+00:00","dateModified":"2021-06-01T13:15:15+00:00","mainEntityOfPage":{"@id":"https:\/\/cfpmaresme.org\/es\/en-femeni-una-experiencia-integradora-per-a-dones-amb-problemes-de-salut-mental\/"},"wordCount":867,"commentCount":0,"image":{"@id":"https:\/\/cfpmaresme.org\/es\/en-femeni-una-experiencia-integradora-per-a-dones-amb-problemes-de-salut-mental\/#primaryimage"},"thumbnailUrl":"https:\/\/cfpmaresme.org\/wp-content\/uploads\/2019\/05\/IMG-20190430-WA0001.jpg","keywords":["salut mental","taller"],"articleSection":["CFP Maresme"],"inLanguage":"es"},{"@type":"WebPage","@id":"https:\/\/cfpmaresme.org\/es\/en-femeni-una-experiencia-integradora-per-a-dones-amb-problemes-de-salut-mental\/","url":"https:\/\/cfpmaresme.org\/es\/en-femeni-una-experiencia-integradora-per-a-dones-amb-problemes-de-salut-mental\/","name":"En femenino: una experiencia integradora para mujeres con problemas de salud mental | CFP Maresme","isPartOf":{"@id":"https:\/\/cfpmaresme.org\/#website"},"primaryImageOfPage":{"@id":"https:\/\/cfpmaresme.org\/es\/en-femeni-una-experiencia-integradora-per-a-dones-amb-problemes-de-salut-mental\/#primaryimage"},"image":{"@id":"https:\/\/cfpmaresme.org\/es\/en-femeni-una-experiencia-integradora-per-a-dones-amb-problemes-de-salut-mental\/#primaryimage"},"thumbnailUrl":"https:\/\/cfpmaresme.org\/wp-content\/uploads\/2019\/05\/IMG-20190430-WA0001.jpg","datePublished":"2019-05-28T12:38:10+00:00","dateModified":"2021-06-01T13:15:15+00:00","author":{"@id":"https:\/\/cfpmaresme.org\/#\/schema\/person\/b2634bcd796fafc667ea4055f61b9b2c"},"breadcrumb":{"@id":"https:\/\/cfpmaresme.org\/es\/en-femeni-una-experiencia-integradora-per-a-dones-amb-problemes-de-salut-mental\/#breadcrumb"},"inLanguage":"es","potentialAction":[{"@type":"ReadAction","target":["https:\/\/cfpmaresme.org\/es\/en-femeni-una-experiencia-integradora-per-a-dones-amb-problemes-de-salut-mental\/"]}]},{"@type":"ImageObject","inLanguage":"es","@id":"https:\/\/cfpmaresme.org\/es\/en-femeni-una-experiencia-integradora-per-a-dones-amb-problemes-de-salut-mental\/#primaryimage","url":"https:\/\/cfpmaresme.org\/wp-content\/uploads\/2019\/05\/IMG-20190430-WA0001.jpg","contentUrl":"https:\/\/cfpmaresme.org\/wp-content\/uploads\/2019\/05\/IMG-20190430-WA0001.jpg","width":1600,"height":900},{"@type":"BreadcrumbList","@id":"https:\/\/cfpmaresme.org\/es\/en-femeni-una-experiencia-integradora-per-a-dones-amb-problemes-de-salut-mental\/#breadcrumb","itemListElement":[{"@type":"ListItem","position":1,"name":"Home","item":"https:\/\/cfpmaresme.org\/es\/"},{"@type":"ListItem","position":2,"name":"En femenino: una experiencia integradora para mujeres con problemas de salud mental"}]},{"@type":"WebSite","@id":"https:\/\/cfpmaresme.org\/#website","url":"https:\/\/cfpmaresme.org\/","name":"CFP Maresme","description":"Centre Formaci\u00f3 Prevenci\u00f3","potentialAction":[{"@type":"SearchAction","target":{"@type":"EntryPoint","urlTemplate":"https:\/\/cfpmaresme.org\/?s={search_term_string}"},"query-input":{"@type":"PropertyValueSpecification","valueRequired":true,"valueName":"search_term_string"}}],"inLanguage":"es"},{"@type":"Person","@id":"https:\/\/cfpmaresme.org\/#\/schema\/person\/b2634bcd796fafc667ea4055f61b9b2c","name":"CFPMaresme"}]}},"_links":{"self":[{"href":"https:\/\/cfpmaresme.org\/es\/wp-json\/wp\/v2\/posts\/24899","targetHints":{"allow":["GET"]}}],"collection":[{"href":"https:\/\/cfpmaresme.org\/es\/wp-json\/wp\/v2\/posts"}],"about":[{"href":"https:\/\/cfpmaresme.org\/es\/wp-json\/wp\/v2\/types\/post"}],"author":[{"embeddable":true,"href":"https:\/\/cfpmaresme.org\/es\/wp-json\/wp\/v2\/users\/2"}],"replies":[{"embeddable":true,"href":"https:\/\/cfpmaresme.org\/es\/wp-json\/wp\/v2\/comments?post=24899"}],"version-history":[{"count":3,"href":"https:\/\/cfpmaresme.org\/es\/wp-json\/wp\/v2\/posts\/24899\/revisions"}],"predecessor-version":[{"id":25151,"href":"https:\/\/cfpmaresme.org\/es\/wp-json\/wp\/v2\/posts\/24899\/revisions\/25151"}],"wp:featuredmedia":[{"embeddable":true,"href":"https:\/\/cfpmaresme.org\/es\/wp-json\/wp\/v2\/media\/17972"}],"wp:attachment":[{"href":"https:\/\/cfpmaresme.org\/es\/wp-json\/wp\/v2\/media?parent=24899"}],"wp:term":[{"taxonomy":"category","embeddable":true,"href":"https:\/\/cfpmaresme.org\/es\/wp-json\/wp\/v2\/categories?post=24899"},{"taxonomy":"post_tag","embeddable":true,"href":"https:\/\/cfpmaresme.org\/es\/wp-json\/wp\/v2\/tags?post=24899"}],"curies":[{"name":"wp","href":"https:\/\/api.w.org\/{rel}","templated":true}]}}