{"id":24902,"date":"2018-11-13T14:43:03","date_gmt":"2018-11-13T12:43:03","guid":{"rendered":"https:\/\/www.cfpmaresme.org\/?p=24902"},"modified":"2021-06-01T15:23:39","modified_gmt":"2021-06-01T13:23:39","slug":"mataro-celebra-la-7a-marxa-per-la-salut-mental","status":"publish","type":"post","link":"https:\/\/cfpmaresme.org\/es\/mataro-celebra-la-7a-marxa-per-la-salut-mental\/","title":{"rendered":"Matar\u00f3 celebra la 7a marcha para la salud mental"},"content":{"rendered":"<p><strong>Unas 700 personas participaron en esta caminata destinada a concienciar sobre el estigma de la salud mental en la sociedad <\/strong><\/p>\n<p>El pasado domingo 11 de noviembre ten\u00edamos una cita con la Marcha para la salud mental en Matar\u00f3, que este a\u00f1o llegaba a su s\u00e9ptima edici\u00f3n. En esta ocasi\u00f3n, m\u00e1s de 700 personas participaron en los dos recorridos propuestos. La caminata fue organizada como cada a\u00f1o por un buen n\u00famero de entidades, entre ellas el CFP.<\/p>\n<p>A las 9 de la ma\u00f1ana iniciaron su recorrido en la playa de El Callao de Matar\u00f3. Los que escogieron el itinerario largo siguieron rodeando la riera de Sant Sim\u00f3 y continuaron en direcci\u00f3n a las Cinc-S\u00e8nies hacia arriba. Los que optaron por el recorrido corto, se dirigieron hacia el Paseo Mar\u00edtimo en direcci\u00f3n a Vilassar.<\/p>\n<p>&nbsp;<\/p>\n<p>El objetivo de esta Marcha anual es hacer m\u00e1s visible la realidad de la salud mental en nuestra sociedad y poder seguir haciendo pi\u00f1a para reivindicarla a la ciudad de Matar\u00f3. As\u00ed tambi\u00e9n seremos m\u00e1s part\u00edcipes del trabajo que entidades y usuarios hacen cada d\u00eda para romper con el estigma y transformar la realidad de este colectivo.<\/p>\n","protected":false},"excerpt":{"rendered":"<p>Unas 700 personas participaron en esta caminata destinada a concienciar sobre el estigma de la salud mental en la sociedad El pasado domingo 11 de noviembre ten\u00edamos una cita con la Marcha para la salud mental en Matar\u00f3, que este a\u00f1o llegaba a su s\u00e9ptima&#8230;<\/p>\n","protected":false},"author":2,"featured_media":17268,"comment_status":"open","ping_status":"open","sticky":false,"template":"","format":"standard","meta":{"footnotes":""},"categories":[1187],"tags":[915,630,908,635,916,617,706,638,681],"class_list":["post-24902","post","type-post","status-publish","format-standard","has-post-thumbnail","hentry","category-cfp-maresme-es","tag-caminada-es","tag-centre-es","tag-estigma-es","tag-formacio-es","tag-marxa-es","tag-mataro-es","tag-mental-es","tag-prevencio-es","tag-salut-es"],"yoast_head":"<!-- This site is optimized with the Yoast SEO plugin v27.4 - https:\/\/yoast.com\/product\/yoast-seo-wordpress\/ -->\n<title>Matar\u00f3 celebra la 7a marcha para la salud mental | CFP Maresme<\/title>\n<meta name=\"robots\" content=\"index, follow, max-snippet:-1, max-image-preview:large, max-video-preview:-1\" \/>\n<link rel=\"canonical\" href=\"https:\/\/cfpmaresme.org\/es\/mataro-celebra-la-7a-marxa-per-la-salut-mental\/\" \/>\n<meta property=\"og:locale\" content=\"es_ES\" \/>\n<meta property=\"og:type\" content=\"article\" \/>\n<meta property=\"og:title\" content=\"Matar\u00f3 celebra la 7a marcha para la salud mental | CFP Maresme\" \/>\n<meta property=\"og:description\" content=\"Unas 700 personas participaron en esta caminata destinada a concienciar sobre el estigma de la salud mental en la sociedad El pasado domingo 11 de noviembre ten\u00edamos una cita con la Marcha para la salud mental en Matar\u00f3, que este a\u00f1o llegaba a su s\u00e9ptima...\" \/>\n<meta property=\"og:url\" content=\"https:\/\/cfpmaresme.org\/es\/mataro-celebra-la-7a-marxa-per-la-salut-mental\/\" \/>\n<meta property=\"og:site_name\" content=\"CFP Maresme\" \/>\n<meta property=\"article:published_time\" content=\"2018-11-13T12:43:03+00:00\" \/>\n<meta property=\"article:modified_time\" content=\"2021-06-01T13:23:39+00:00\" \/>\n<meta property=\"og:image\" content=\"https:\/\/cfpmaresme.org\/wp-content\/uploads\/2019\/01\/2018-11-13.jpg\" \/>\n\t<meta property=\"og:image:width\" content=\"584\" \/>\n\t<meta property=\"og:image:height\" content=\"329\" \/>\n\t<meta property=\"og:image:type\" content=\"image\/jpeg\" \/>\n<meta name=\"author\" content=\"CFPMaresme\" \/>\n<meta name=\"twitter:card\" content=\"summary_large_image\" \/>\n<meta name=\"twitter:creator\" content=\"@cfpmaresme\" \/>\n<meta name=\"twitter:site\" content=\"@cfpmaresme\" \/>\n<meta name=\"twitter:label1\" content=\"Escrito por\" \/>\n\t<meta name=\"twitter:data1\" content=\"CFPMaresme\" \/>\n\t<meta name=\"twitter:label2\" content=\"Tiempo de lectura\" \/>\n\t<meta name=\"twitter:data2\" content=\"1 minuto\" \/>\n<script type=\"application\/ld+json\" class=\"yoast-schema-graph\">{\"@context\":\"https:\\\/\\\/schema.org\",\"@graph\":[{\"@type\":\"Article\",\"@id\":\"https:\\\/\\\/cfpmaresme.org\\\/es\\\/mataro-celebra-la-7a-marxa-per-la-salut-mental\\\/#article\",\"isPartOf\":{\"@id\":\"https:\\\/\\\/cfpmaresme.org\\\/es\\\/mataro-celebra-la-7a-marxa-per-la-salut-mental\\\/\"},\"author\":{\"name\":\"CFPMaresme\",\"@id\":\"https:\\\/\\\/cfpmaresme.org\\\/#\\\/schema\\\/person\\\/b2634bcd796fafc667ea4055f61b9b2c\"},\"headline\":\"Matar\u00f3 celebra la 7a marcha para la salud mental\",\"datePublished\":\"2018-11-13T12:43:03+00:00\",\"dateModified\":\"2021-06-01T13:23:39+00:00\",\"mainEntityOfPage\":{\"@id\":\"https:\\\/\\\/cfpmaresme.org\\\/es\\\/mataro-celebra-la-7a-marxa-per-la-salut-mental\\\/\"},\"wordCount\":214,\"commentCount\":0,\"image\":{\"@id\":\"https:\\\/\\\/cfpmaresme.org\\\/es\\\/mataro-celebra-la-7a-marxa-per-la-salut-mental\\\/#primaryimage\"},\"thumbnailUrl\":\"https:\\\/\\\/cfpmaresme.org\\\/wp-content\\\/uploads\\\/2019\\\/01\\\/2018-11-13.jpg\",\"keywords\":[\"caminada\",\"centre\",\"estigma\",\"formaci\u00f3\",\"marxa\",\"matar\u00f3\",\"mental\",\"prevenci\u00f3\",\"salut\"],\"articleSection\":[\"CFP Maresme\"],\"inLanguage\":\"es\"},{\"@type\":\"WebPage\",\"@id\":\"https:\\\/\\\/cfpmaresme.org\\\/es\\\/mataro-celebra-la-7a-marxa-per-la-salut-mental\\\/\",\"url\":\"https:\\\/\\\/cfpmaresme.org\\\/es\\\/mataro-celebra-la-7a-marxa-per-la-salut-mental\\\/\",\"name\":\"Matar\u00f3 celebra la 7a marcha para la salud mental | CFP Maresme\",\"isPartOf\":{\"@id\":\"https:\\\/\\\/cfpmaresme.org\\\/#website\"},\"primaryImageOfPage\":{\"@id\":\"https:\\\/\\\/cfpmaresme.org\\\/es\\\/mataro-celebra-la-7a-marxa-per-la-salut-mental\\\/#primaryimage\"},\"image\":{\"@id\":\"https:\\\/\\\/cfpmaresme.org\\\/es\\\/mataro-celebra-la-7a-marxa-per-la-salut-mental\\\/#primaryimage\"},\"thumbnailUrl\":\"https:\\\/\\\/cfpmaresme.org\\\/wp-content\\\/uploads\\\/2019\\\/01\\\/2018-11-13.jpg\",\"datePublished\":\"2018-11-13T12:43:03+00:00\",\"dateModified\":\"2021-06-01T13:23:39+00:00\",\"author\":{\"@id\":\"https:\\\/\\\/cfpmaresme.org\\\/#\\\/schema\\\/person\\\/b2634bcd796fafc667ea4055f61b9b2c\"},\"breadcrumb\":{\"@id\":\"https:\\\/\\\/cfpmaresme.org\\\/es\\\/mataro-celebra-la-7a-marxa-per-la-salut-mental\\\/#breadcrumb\"},\"inLanguage\":\"es\",\"potentialAction\":[{\"@type\":\"ReadAction\",\"target\":[\"https:\\\/\\\/cfpmaresme.org\\\/es\\\/mataro-celebra-la-7a-marxa-per-la-salut-mental\\\/\"]}]},{\"@type\":\"ImageObject\",\"inLanguage\":\"es\",\"@id\":\"https:\\\/\\\/cfpmaresme.org\\\/es\\\/mataro-celebra-la-7a-marxa-per-la-salut-mental\\\/#primaryimage\",\"url\":\"https:\\\/\\\/cfpmaresme.org\\\/wp-content\\\/uploads\\\/2019\\\/01\\\/2018-11-13.jpg\",\"contentUrl\":\"https:\\\/\\\/cfpmaresme.org\\\/wp-content\\\/uploads\\\/2019\\\/01\\\/2018-11-13.jpg\",\"width\":584,\"height\":329},{\"@type\":\"BreadcrumbList\",\"@id\":\"https:\\\/\\\/cfpmaresme.org\\\/es\\\/mataro-celebra-la-7a-marxa-per-la-salut-mental\\\/#breadcrumb\",\"itemListElement\":[{\"@type\":\"ListItem\",\"position\":1,\"name\":\"Home\",\"item\":\"https:\\\/\\\/cfpmaresme.org\\\/es\\\/\"},{\"@type\":\"ListItem\",\"position\":2,\"name\":\"Matar\u00f3 celebra la 7a marcha para la salud mental\"}]},{\"@type\":\"WebSite\",\"@id\":\"https:\\\/\\\/cfpmaresme.org\\\/#website\",\"url\":\"https:\\\/\\\/cfpmaresme.org\\\/\",\"name\":\"CFP Maresme\",\"description\":\"Centre Formaci\u00f3 Prevenci\u00f3\",\"potentialAction\":[{\"@type\":\"SearchAction\",\"target\":{\"@type\":\"EntryPoint\",\"urlTemplate\":\"https:\\\/\\\/cfpmaresme.org\\\/?s={search_term_string}\"},\"query-input\":{\"@type\":\"PropertyValueSpecification\",\"valueRequired\":true,\"valueName\":\"search_term_string\"}}],\"inLanguage\":\"es\"},{\"@type\":\"Person\",\"@id\":\"https:\\\/\\\/cfpmaresme.org\\\/#\\\/schema\\\/person\\\/b2634bcd796fafc667ea4055f61b9b2c\",\"name\":\"CFPMaresme\"}]}<\/script>\n<!-- \/ Yoast SEO plugin. -->","yoast_head_json":{"title":"Matar\u00f3 celebra la 7a marcha para la salud mental | CFP Maresme","robots":{"index":"index","follow":"follow","max-snippet":"max-snippet:-1","max-image-preview":"max-image-preview:large","max-video-preview":"max-video-preview:-1"},"canonical":"https:\/\/cfpmaresme.org\/es\/mataro-celebra-la-7a-marxa-per-la-salut-mental\/","og_locale":"es_ES","og_type":"article","og_title":"Matar\u00f3 celebra la 7a marcha para la salud mental | CFP Maresme","og_description":"Unas 700 personas participaron en esta caminata destinada a concienciar sobre el estigma de la salud mental en la sociedad El pasado domingo 11 de noviembre ten\u00edamos una cita con la Marcha para la salud mental en Matar\u00f3, que este a\u00f1o llegaba a su s\u00e9ptima...","og_url":"https:\/\/cfpmaresme.org\/es\/mataro-celebra-la-7a-marxa-per-la-salut-mental\/","og_site_name":"CFP Maresme","article_published_time":"2018-11-13T12:43:03+00:00","article_modified_time":"2021-06-01T13:23:39+00:00","og_image":[{"width":584,"height":329,"url":"https:\/\/cfpmaresme.org\/wp-content\/uploads\/2019\/01\/2018-11-13.jpg","type":"image\/jpeg"}],"author":"CFPMaresme","twitter_card":"summary_large_image","twitter_creator":"@cfpmaresme","twitter_site":"@cfpmaresme","twitter_misc":{"Escrito por":"CFPMaresme","Tiempo de lectura":"1 minuto"},"schema":{"@context":"https:\/\/schema.org","@graph":[{"@type":"Article","@id":"https:\/\/cfpmaresme.org\/es\/mataro-celebra-la-7a-marxa-per-la-salut-mental\/#article","isPartOf":{"@id":"https:\/\/cfpmaresme.org\/es\/mataro-celebra-la-7a-marxa-per-la-salut-mental\/"},"author":{"name":"CFPMaresme","@id":"https:\/\/cfpmaresme.org\/#\/schema\/person\/b2634bcd796fafc667ea4055f61b9b2c"},"headline":"Matar\u00f3 celebra la 7a marcha para la salud mental","datePublished":"2018-11-13T12:43:03+00:00","dateModified":"2021-06-01T13:23:39+00:00","mainEntityOfPage":{"@id":"https:\/\/cfpmaresme.org\/es\/mataro-celebra-la-7a-marxa-per-la-salut-mental\/"},"wordCount":214,"commentCount":0,"image":{"@id":"https:\/\/cfpmaresme.org\/es\/mataro-celebra-la-7a-marxa-per-la-salut-mental\/#primaryimage"},"thumbnailUrl":"https:\/\/cfpmaresme.org\/wp-content\/uploads\/2019\/01\/2018-11-13.jpg","keywords":["caminada","centre","estigma","formaci\u00f3","marxa","matar\u00f3","mental","prevenci\u00f3","salut"],"articleSection":["CFP Maresme"],"inLanguage":"es"},{"@type":"WebPage","@id":"https:\/\/cfpmaresme.org\/es\/mataro-celebra-la-7a-marxa-per-la-salut-mental\/","url":"https:\/\/cfpmaresme.org\/es\/mataro-celebra-la-7a-marxa-per-la-salut-mental\/","name":"Matar\u00f3 celebra la 7a marcha para la salud mental | CFP Maresme","isPartOf":{"@id":"https:\/\/cfpmaresme.org\/#website"},"primaryImageOfPage":{"@id":"https:\/\/cfpmaresme.org\/es\/mataro-celebra-la-7a-marxa-per-la-salut-mental\/#primaryimage"},"image":{"@id":"https:\/\/cfpmaresme.org\/es\/mataro-celebra-la-7a-marxa-per-la-salut-mental\/#primaryimage"},"thumbnailUrl":"https:\/\/cfpmaresme.org\/wp-content\/uploads\/2019\/01\/2018-11-13.jpg","datePublished":"2018-11-13T12:43:03+00:00","dateModified":"2021-06-01T13:23:39+00:00","author":{"@id":"https:\/\/cfpmaresme.org\/#\/schema\/person\/b2634bcd796fafc667ea4055f61b9b2c"},"breadcrumb":{"@id":"https:\/\/cfpmaresme.org\/es\/mataro-celebra-la-7a-marxa-per-la-salut-mental\/#breadcrumb"},"inLanguage":"es","potentialAction":[{"@type":"ReadAction","target":["https:\/\/cfpmaresme.org\/es\/mataro-celebra-la-7a-marxa-per-la-salut-mental\/"]}]},{"@type":"ImageObject","inLanguage":"es","@id":"https:\/\/cfpmaresme.org\/es\/mataro-celebra-la-7a-marxa-per-la-salut-mental\/#primaryimage","url":"https:\/\/cfpmaresme.org\/wp-content\/uploads\/2019\/01\/2018-11-13.jpg","contentUrl":"https:\/\/cfpmaresme.org\/wp-content\/uploads\/2019\/01\/2018-11-13.jpg","width":584,"height":329},{"@type":"BreadcrumbList","@id":"https:\/\/cfpmaresme.org\/es\/mataro-celebra-la-7a-marxa-per-la-salut-mental\/#breadcrumb","itemListElement":[{"@type":"ListItem","position":1,"name":"Home","item":"https:\/\/cfpmaresme.org\/es\/"},{"@type":"ListItem","position":2,"name":"Matar\u00f3 celebra la 7a marcha para la salud mental"}]},{"@type":"WebSite","@id":"https:\/\/cfpmaresme.org\/#website","url":"https:\/\/cfpmaresme.org\/","name":"CFP Maresme","description":"Centre Formaci\u00f3 Prevenci\u00f3","potentialAction":[{"@type":"SearchAction","target":{"@type":"EntryPoint","urlTemplate":"https:\/\/cfpmaresme.org\/?s={search_term_string}"},"query-input":{"@type":"PropertyValueSpecification","valueRequired":true,"valueName":"search_term_string"}}],"inLanguage":"es"},{"@type":"Person","@id":"https:\/\/cfpmaresme.org\/#\/schema\/person\/b2634bcd796fafc667ea4055f61b9b2c","name":"CFPMaresme"}]}},"_links":{"self":[{"href":"https:\/\/cfpmaresme.org\/es\/wp-json\/wp\/v2\/posts\/24902","targetHints":{"allow":["GET"]}}],"collection":[{"href":"https:\/\/cfpmaresme.org\/es\/wp-json\/wp\/v2\/posts"}],"about":[{"href":"https:\/\/cfpmaresme.org\/es\/wp-json\/wp\/v2\/types\/post"}],"author":[{"embeddable":true,"href":"https:\/\/cfpmaresme.org\/es\/wp-json\/wp\/v2\/users\/2"}],"replies":[{"embeddable":true,"href":"https:\/\/cfpmaresme.org\/es\/wp-json\/wp\/v2\/comments?post=24902"}],"version-history":[{"count":3,"href":"https:\/\/cfpmaresme.org\/es\/wp-json\/wp\/v2\/posts\/24902\/revisions"}],"predecessor-version":[{"id":25154,"href":"https:\/\/cfpmaresme.org\/es\/wp-json\/wp\/v2\/posts\/24902\/revisions\/25154"}],"wp:featuredmedia":[{"embeddable":true,"href":"https:\/\/cfpmaresme.org\/es\/wp-json\/wp\/v2\/media\/17268"}],"wp:attachment":[{"href":"https:\/\/cfpmaresme.org\/es\/wp-json\/wp\/v2\/media?parent=24902"}],"wp:term":[{"taxonomy":"category","embeddable":true,"href":"https:\/\/cfpmaresme.org\/es\/wp-json\/wp\/v2\/categories?post=24902"},{"taxonomy":"post_tag","embeddable":true,"href":"https:\/\/cfpmaresme.org\/es\/wp-json\/wp\/v2\/tags?post=24902"}],"curies":[{"name":"wp","href":"https:\/\/api.w.org\/{rel}","templated":true}]}}