{"id":25073,"date":"2021-05-27T11:38:12","date_gmt":"2021-05-27T09:38:12","guid":{"rendered":"https:\/\/www.cfpmaresme.org\/?p=25073"},"modified":"2021-05-28T11:46:38","modified_gmt":"2021-05-28T09:46:38","slug":"memoria-2020-un-ano-que-nos-ha-marcado-para-siempre","status":"publish","type":"post","link":"https:\/\/cfpmaresme.org\/es\/memoria-2020-un-ano-que-nos-ha-marcado-para-siempre\/","title":{"rendered":"Memoria 2020: un a\u00f1o que nos ha marcado para siempre"},"content":{"rendered":"<div class=\"blog_single blog_holder\">\n<article id=\"post-25045\" class=\"post-25045 post type-post status-publish format-standard has-post-thumbnail hentry category-cfp-maresme\">\n<div class=\"post_content_holder\">\n<div class=\"post_text\">\n<div class=\"post_text_inner\">\n<p>Os presentamos la <a href=\"https:\/\/www.cfpmaresme.org\/wp-content\/uploads\/2021\/05\/2020_Mem%C3%B2ria-CFP.pdf\" target=\"_blank\" rel=\"noopener noreferrer\">\u00a0Memoria del 2020. <\/a>Un a\u00f1o donde el equipo profesional del engranaje de servicios, programas y actividades de la entidad se han tenido que reinventar en tiempo r\u00e9cord para hacer frente a una situaci\u00f3n sin precedentes.<\/p>\n<p>Con la m\u00e1xima de mantener la atenci\u00f3n y, en la mayor\u00eda de casos, intensificarla estando <strong>juntos, en la distancia<\/strong>, hemos encarado la realidad dando lo mejor de cada uno\/a de nosotros y acompa\u00f1ando a personas con una problem\u00e1tica de salud mental, infantes, j\u00f3venes y sus familias poniendo <strong>las personas siempre en el centro de la atenci\u00f3n<\/strong>. A d\u00eda de hoy podemos hacer un <strong>balance m\u00e1s que positivo <\/strong>de c\u00f3mo hemos superado esta primera etapa de la pandemia y de la respuesta y actitud activa de la mayor\u00eda de personas vinculadas a los recursos del CFP.<\/p>\n<p>&nbsp;<\/p>\n<p>No queremos acabar esta presentaci\u00f3n sin nombrar y agradecer el soporte llevado a cabo por entidades, instituciones, personas colaboradoras y profesionales que han formado parte de la tarea del CFP durante el 2020. Ellos\/as son actores y actrices vitales para llevar a cabo la actividad de la entidad.<\/p>\n<p>&nbsp;<\/p>\n<p>Os animamos a echarle un vistazo: <a href=\"https:\/\/www.cfpmaresme.org\/wp-content\/uploads\/2021\/05\/2020_Mem%C3%B2ria-CFP.pdf\" target=\"_blank\" rel=\"noopener noreferrer\">Mem\u00f2ria 2020<\/a><\/p>\n<\/div>\n<\/div>\n<\/div>\n<\/article>\n<\/div>\n","protected":false},"excerpt":{"rendered":"<p>Os presentamos la \u00a0Memoria del 2020. Un a\u00f1o donde el equipo profesional del engranaje de servicios, programas y actividades de la entidad se han tenido que reinventar en tiempo r\u00e9cord para hacer frente a una situaci\u00f3n sin precedentes. Con la m\u00e1xima de mantener la atenci\u00f3n&#8230;<\/p>\n","protected":false},"author":2,"featured_media":25047,"comment_status":"open","ping_status":"open","sticky":false,"template":"","format":"standard","meta":{"footnotes":""},"categories":[1187],"tags":[],"class_list":["post-25073","post","type-post","status-publish","format-standard","has-post-thumbnail","hentry","category-cfp-maresme-es"],"yoast_head":"<!-- This site is optimized with the Yoast SEO plugin v27.4 - https:\/\/yoast.com\/product\/yoast-seo-wordpress\/ -->\n<title>Memoria 2020: un a\u00f1o que nos ha marcado para siempre | CFP Maresme<\/title>\n<meta name=\"robots\" content=\"index, follow, max-snippet:-1, max-image-preview:large, max-video-preview:-1\" \/>\n<link rel=\"canonical\" href=\"https:\/\/cfpmaresme.org\/es\/memoria-2020-un-ano-que-nos-ha-marcado-para-siempre\/\" \/>\n<meta property=\"og:locale\" content=\"es_ES\" \/>\n<meta property=\"og:type\" content=\"article\" \/>\n<meta property=\"og:title\" content=\"Memoria 2020: un a\u00f1o que nos ha marcado para siempre | CFP Maresme\" \/>\n<meta property=\"og:description\" content=\"Os presentamos la \u00a0Memoria del 2020. Un a\u00f1o donde el equipo profesional del engranaje de servicios, programas y actividades de la entidad se han tenido que reinventar en tiempo r\u00e9cord para hacer frente a una situaci\u00f3n sin precedentes. Con la m\u00e1xima de mantener la atenci\u00f3n...\" \/>\n<meta property=\"og:url\" content=\"https:\/\/cfpmaresme.org\/es\/memoria-2020-un-ano-que-nos-ha-marcado-para-siempre\/\" \/>\n<meta property=\"og:site_name\" content=\"CFP Maresme\" \/>\n<meta property=\"article:published_time\" content=\"2021-05-27T09:38:12+00:00\" \/>\n<meta property=\"article:modified_time\" content=\"2021-05-28T09:46:38+00:00\" \/>\n<meta property=\"og:image\" content=\"https:\/\/cfpmaresme.org\/wp-content\/uploads\/2021\/05\/banner-butllet\u00ed-mem\u00f2ria-2020-retallat.jpg\" \/>\n\t<meta property=\"og:image:width\" content=\"1038\" \/>\n\t<meta property=\"og:image:height\" content=\"303\" \/>\n\t<meta property=\"og:image:type\" content=\"image\/jpeg\" \/>\n<meta name=\"author\" content=\"CFPMaresme\" \/>\n<meta name=\"twitter:card\" content=\"summary_large_image\" \/>\n<meta name=\"twitter:creator\" content=\"@cfpmaresme\" \/>\n<meta name=\"twitter:site\" content=\"@cfpmaresme\" \/>\n<meta name=\"twitter:label1\" content=\"Escrito por\" \/>\n\t<meta name=\"twitter:data1\" content=\"CFPMaresme\" \/>\n\t<meta name=\"twitter:label2\" content=\"Tiempo de lectura\" \/>\n\t<meta name=\"twitter:data2\" content=\"1 minuto\" \/>\n<script type=\"application\/ld+json\" class=\"yoast-schema-graph\">{\"@context\":\"https:\\\/\\\/schema.org\",\"@graph\":[{\"@type\":\"Article\",\"@id\":\"https:\\\/\\\/cfpmaresme.org\\\/es\\\/memoria-2020-un-ano-que-nos-ha-marcado-para-siempre\\\/#article\",\"isPartOf\":{\"@id\":\"https:\\\/\\\/cfpmaresme.org\\\/es\\\/memoria-2020-un-ano-que-nos-ha-marcado-para-siempre\\\/\"},\"author\":{\"name\":\"CFPMaresme\",\"@id\":\"https:\\\/\\\/cfpmaresme.org\\\/#\\\/schema\\\/person\\\/b2634bcd796fafc667ea4055f61b9b2c\"},\"headline\":\"Memoria 2020: un a\u00f1o que nos ha marcado para siempre\",\"datePublished\":\"2021-05-27T09:38:12+00:00\",\"dateModified\":\"2021-05-28T09:46:38+00:00\",\"mainEntityOfPage\":{\"@id\":\"https:\\\/\\\/cfpmaresme.org\\\/es\\\/memoria-2020-un-ano-que-nos-ha-marcado-para-siempre\\\/\"},\"wordCount\":216,\"commentCount\":0,\"image\":{\"@id\":\"https:\\\/\\\/cfpmaresme.org\\\/es\\\/memoria-2020-un-ano-que-nos-ha-marcado-para-siempre\\\/#primaryimage\"},\"thumbnailUrl\":\"https:\\\/\\\/cfpmaresme.org\\\/wp-content\\\/uploads\\\/2021\\\/05\\\/banner-butllet\u00ed-mem\u00f2ria-2020-retallat.jpg\",\"articleSection\":[\"CFP Maresme\"],\"inLanguage\":\"es\"},{\"@type\":\"WebPage\",\"@id\":\"https:\\\/\\\/cfpmaresme.org\\\/es\\\/memoria-2020-un-ano-que-nos-ha-marcado-para-siempre\\\/\",\"url\":\"https:\\\/\\\/cfpmaresme.org\\\/es\\\/memoria-2020-un-ano-que-nos-ha-marcado-para-siempre\\\/\",\"name\":\"Memoria 2020: un a\u00f1o que nos ha marcado para siempre | CFP Maresme\",\"isPartOf\":{\"@id\":\"https:\\\/\\\/cfpmaresme.org\\\/#website\"},\"primaryImageOfPage\":{\"@id\":\"https:\\\/\\\/cfpmaresme.org\\\/es\\\/memoria-2020-un-ano-que-nos-ha-marcado-para-siempre\\\/#primaryimage\"},\"image\":{\"@id\":\"https:\\\/\\\/cfpmaresme.org\\\/es\\\/memoria-2020-un-ano-que-nos-ha-marcado-para-siempre\\\/#primaryimage\"},\"thumbnailUrl\":\"https:\\\/\\\/cfpmaresme.org\\\/wp-content\\\/uploads\\\/2021\\\/05\\\/banner-butllet\u00ed-mem\u00f2ria-2020-retallat.jpg\",\"datePublished\":\"2021-05-27T09:38:12+00:00\",\"dateModified\":\"2021-05-28T09:46:38+00:00\",\"author\":{\"@id\":\"https:\\\/\\\/cfpmaresme.org\\\/#\\\/schema\\\/person\\\/b2634bcd796fafc667ea4055f61b9b2c\"},\"breadcrumb\":{\"@id\":\"https:\\\/\\\/cfpmaresme.org\\\/es\\\/memoria-2020-un-ano-que-nos-ha-marcado-para-siempre\\\/#breadcrumb\"},\"inLanguage\":\"es\",\"potentialAction\":[{\"@type\":\"ReadAction\",\"target\":[\"https:\\\/\\\/cfpmaresme.org\\\/es\\\/memoria-2020-un-ano-que-nos-ha-marcado-para-siempre\\\/\"]}]},{\"@type\":\"ImageObject\",\"inLanguage\":\"es\",\"@id\":\"https:\\\/\\\/cfpmaresme.org\\\/es\\\/memoria-2020-un-ano-que-nos-ha-marcado-para-siempre\\\/#primaryimage\",\"url\":\"https:\\\/\\\/cfpmaresme.org\\\/wp-content\\\/uploads\\\/2021\\\/05\\\/banner-butllet\u00ed-mem\u00f2ria-2020-retallat.jpg\",\"contentUrl\":\"https:\\\/\\\/cfpmaresme.org\\\/wp-content\\\/uploads\\\/2021\\\/05\\\/banner-butllet\u00ed-mem\u00f2ria-2020-retallat.jpg\",\"width\":1038,\"height\":303},{\"@type\":\"BreadcrumbList\",\"@id\":\"https:\\\/\\\/cfpmaresme.org\\\/es\\\/memoria-2020-un-ano-que-nos-ha-marcado-para-siempre\\\/#breadcrumb\",\"itemListElement\":[{\"@type\":\"ListItem\",\"position\":1,\"name\":\"Home\",\"item\":\"https:\\\/\\\/cfpmaresme.org\\\/es\\\/\"},{\"@type\":\"ListItem\",\"position\":2,\"name\":\"Memoria 2020: un a\u00f1o que nos ha marcado para siempre\"}]},{\"@type\":\"WebSite\",\"@id\":\"https:\\\/\\\/cfpmaresme.org\\\/#website\",\"url\":\"https:\\\/\\\/cfpmaresme.org\\\/\",\"name\":\"CFP Maresme\",\"description\":\"Centre Formaci\u00f3 Prevenci\u00f3\",\"potentialAction\":[{\"@type\":\"SearchAction\",\"target\":{\"@type\":\"EntryPoint\",\"urlTemplate\":\"https:\\\/\\\/cfpmaresme.org\\\/?s={search_term_string}\"},\"query-input\":{\"@type\":\"PropertyValueSpecification\",\"valueRequired\":true,\"valueName\":\"search_term_string\"}}],\"inLanguage\":\"es\"},{\"@type\":\"Person\",\"@id\":\"https:\\\/\\\/cfpmaresme.org\\\/#\\\/schema\\\/person\\\/b2634bcd796fafc667ea4055f61b9b2c\",\"name\":\"CFPMaresme\"}]}<\/script>\n<!-- \/ Yoast SEO plugin. -->","yoast_head_json":{"title":"Memoria 2020: un a\u00f1o que nos ha marcado para siempre | CFP Maresme","robots":{"index":"index","follow":"follow","max-snippet":"max-snippet:-1","max-image-preview":"max-image-preview:large","max-video-preview":"max-video-preview:-1"},"canonical":"https:\/\/cfpmaresme.org\/es\/memoria-2020-un-ano-que-nos-ha-marcado-para-siempre\/","og_locale":"es_ES","og_type":"article","og_title":"Memoria 2020: un a\u00f1o que nos ha marcado para siempre | CFP Maresme","og_description":"Os presentamos la \u00a0Memoria del 2020. Un a\u00f1o donde el equipo profesional del engranaje de servicios, programas y actividades de la entidad se han tenido que reinventar en tiempo r\u00e9cord para hacer frente a una situaci\u00f3n sin precedentes. Con la m\u00e1xima de mantener la atenci\u00f3n...","og_url":"https:\/\/cfpmaresme.org\/es\/memoria-2020-un-ano-que-nos-ha-marcado-para-siempre\/","og_site_name":"CFP Maresme","article_published_time":"2021-05-27T09:38:12+00:00","article_modified_time":"2021-05-28T09:46:38+00:00","og_image":[{"width":1038,"height":303,"url":"https:\/\/cfpmaresme.org\/wp-content\/uploads\/2021\/05\/banner-butllet\u00ed-mem\u00f2ria-2020-retallat.jpg","type":"image\/jpeg"}],"author":"CFPMaresme","twitter_card":"summary_large_image","twitter_creator":"@cfpmaresme","twitter_site":"@cfpmaresme","twitter_misc":{"Escrito por":"CFPMaresme","Tiempo de lectura":"1 minuto"},"schema":{"@context":"https:\/\/schema.org","@graph":[{"@type":"Article","@id":"https:\/\/cfpmaresme.org\/es\/memoria-2020-un-ano-que-nos-ha-marcado-para-siempre\/#article","isPartOf":{"@id":"https:\/\/cfpmaresme.org\/es\/memoria-2020-un-ano-que-nos-ha-marcado-para-siempre\/"},"author":{"name":"CFPMaresme","@id":"https:\/\/cfpmaresme.org\/#\/schema\/person\/b2634bcd796fafc667ea4055f61b9b2c"},"headline":"Memoria 2020: un a\u00f1o que nos ha marcado para siempre","datePublished":"2021-05-27T09:38:12+00:00","dateModified":"2021-05-28T09:46:38+00:00","mainEntityOfPage":{"@id":"https:\/\/cfpmaresme.org\/es\/memoria-2020-un-ano-que-nos-ha-marcado-para-siempre\/"},"wordCount":216,"commentCount":0,"image":{"@id":"https:\/\/cfpmaresme.org\/es\/memoria-2020-un-ano-que-nos-ha-marcado-para-siempre\/#primaryimage"},"thumbnailUrl":"https:\/\/cfpmaresme.org\/wp-content\/uploads\/2021\/05\/banner-butllet\u00ed-mem\u00f2ria-2020-retallat.jpg","articleSection":["CFP Maresme"],"inLanguage":"es"},{"@type":"WebPage","@id":"https:\/\/cfpmaresme.org\/es\/memoria-2020-un-ano-que-nos-ha-marcado-para-siempre\/","url":"https:\/\/cfpmaresme.org\/es\/memoria-2020-un-ano-que-nos-ha-marcado-para-siempre\/","name":"Memoria 2020: un a\u00f1o que nos ha marcado para siempre | CFP Maresme","isPartOf":{"@id":"https:\/\/cfpmaresme.org\/#website"},"primaryImageOfPage":{"@id":"https:\/\/cfpmaresme.org\/es\/memoria-2020-un-ano-que-nos-ha-marcado-para-siempre\/#primaryimage"},"image":{"@id":"https:\/\/cfpmaresme.org\/es\/memoria-2020-un-ano-que-nos-ha-marcado-para-siempre\/#primaryimage"},"thumbnailUrl":"https:\/\/cfpmaresme.org\/wp-content\/uploads\/2021\/05\/banner-butllet\u00ed-mem\u00f2ria-2020-retallat.jpg","datePublished":"2021-05-27T09:38:12+00:00","dateModified":"2021-05-28T09:46:38+00:00","author":{"@id":"https:\/\/cfpmaresme.org\/#\/schema\/person\/b2634bcd796fafc667ea4055f61b9b2c"},"breadcrumb":{"@id":"https:\/\/cfpmaresme.org\/es\/memoria-2020-un-ano-que-nos-ha-marcado-para-siempre\/#breadcrumb"},"inLanguage":"es","potentialAction":[{"@type":"ReadAction","target":["https:\/\/cfpmaresme.org\/es\/memoria-2020-un-ano-que-nos-ha-marcado-para-siempre\/"]}]},{"@type":"ImageObject","inLanguage":"es","@id":"https:\/\/cfpmaresme.org\/es\/memoria-2020-un-ano-que-nos-ha-marcado-para-siempre\/#primaryimage","url":"https:\/\/cfpmaresme.org\/wp-content\/uploads\/2021\/05\/banner-butllet\u00ed-mem\u00f2ria-2020-retallat.jpg","contentUrl":"https:\/\/cfpmaresme.org\/wp-content\/uploads\/2021\/05\/banner-butllet\u00ed-mem\u00f2ria-2020-retallat.jpg","width":1038,"height":303},{"@type":"BreadcrumbList","@id":"https:\/\/cfpmaresme.org\/es\/memoria-2020-un-ano-que-nos-ha-marcado-para-siempre\/#breadcrumb","itemListElement":[{"@type":"ListItem","position":1,"name":"Home","item":"https:\/\/cfpmaresme.org\/es\/"},{"@type":"ListItem","position":2,"name":"Memoria 2020: un a\u00f1o que nos ha marcado para siempre"}]},{"@type":"WebSite","@id":"https:\/\/cfpmaresme.org\/#website","url":"https:\/\/cfpmaresme.org\/","name":"CFP Maresme","description":"Centre Formaci\u00f3 Prevenci\u00f3","potentialAction":[{"@type":"SearchAction","target":{"@type":"EntryPoint","urlTemplate":"https:\/\/cfpmaresme.org\/?s={search_term_string}"},"query-input":{"@type":"PropertyValueSpecification","valueRequired":true,"valueName":"search_term_string"}}],"inLanguage":"es"},{"@type":"Person","@id":"https:\/\/cfpmaresme.org\/#\/schema\/person\/b2634bcd796fafc667ea4055f61b9b2c","name":"CFPMaresme"}]}},"_links":{"self":[{"href":"https:\/\/cfpmaresme.org\/es\/wp-json\/wp\/v2\/posts\/25073","targetHints":{"allow":["GET"]}}],"collection":[{"href":"https:\/\/cfpmaresme.org\/es\/wp-json\/wp\/v2\/posts"}],"about":[{"href":"https:\/\/cfpmaresme.org\/es\/wp-json\/wp\/v2\/types\/post"}],"author":[{"embeddable":true,"href":"https:\/\/cfpmaresme.org\/es\/wp-json\/wp\/v2\/users\/2"}],"replies":[{"embeddable":true,"href":"https:\/\/cfpmaresme.org\/es\/wp-json\/wp\/v2\/comments?post=25073"}],"version-history":[{"count":1,"href":"https:\/\/cfpmaresme.org\/es\/wp-json\/wp\/v2\/posts\/25073\/revisions"}],"predecessor-version":[{"id":25074,"href":"https:\/\/cfpmaresme.org\/es\/wp-json\/wp\/v2\/posts\/25073\/revisions\/25074"}],"wp:featuredmedia":[{"embeddable":true,"href":"https:\/\/cfpmaresme.org\/es\/wp-json\/wp\/v2\/media\/25047"}],"wp:attachment":[{"href":"https:\/\/cfpmaresme.org\/es\/wp-json\/wp\/v2\/media?parent=25073"}],"wp:term":[{"taxonomy":"category","embeddable":true,"href":"https:\/\/cfpmaresme.org\/es\/wp-json\/wp\/v2\/categories?post=25073"},{"taxonomy":"post_tag","embeddable":true,"href":"https:\/\/cfpmaresme.org\/es\/wp-json\/wp\/v2\/tags?post=25073"}],"curies":[{"name":"wp","href":"https:\/\/api.w.org\/{rel}","templated":true}]}}