{"id":25083,"date":"2025-05-21T12:24:32","date_gmt":"2025-05-21T10:24:32","guid":{"rendered":"https:\/\/www.cfpmaresme.org\/?p=25083"},"modified":"2025-05-21T12:54:19","modified_gmt":"2025-05-21T10:54:19","slug":"os-invitamos-a-participar-al-concurso-volart","status":"publish","type":"post","link":"https:\/\/cfpmaresme.org\/es\/os-invitamos-a-participar-al-concurso-volart\/","title":{"rendered":"Os invitamos a participar al concurso VOLART"},"content":{"rendered":"<p>Presentamos la quinta edici\u00f3n del <strong>concurso Volart organizado por el CFP<\/strong>. Un certamen que tiene como finalidad potenciar el arte en una doble vertiente, pl\u00e1stica y escrita, como una v\u00eda privilegiada de expresi\u00f3n subjetiva, a la vez que promueve la solidaridad y sinergias entre entidades, colectivos y personas dentro de la comunidad.<\/p>\n<p>&nbsp;<\/p>\n<h3>Arte postal como inicio de un v\u00ednculo y del viaje hacia un destinatario<\/h3>\n<p>El eje central deviene el &#8216;arte e-mail&#8217; o arte postal, a partir del cual se crea un objeto vivo que tendr\u00e1 un destinatario. Esta creaci\u00f3n no muere con el concurso si no que es el inicio de un v\u00ednculo. <strong>Las postales<\/strong> seleccionadas<strong> se env\u00edan cada a\u00f1o a una entidad relacionada con el lema <\/strong>que guiar\u00e1 la creaci\u00f3n de la postal literaria. En esta tercera edici\u00f3n las postales se enviar\u00e1n a\u00a0<a href=\"http:\/\/xamfra.net\/\" target=\"_blank\" rel=\"noopener\"><em>Xamfr\u00e0<\/em>,<\/a> una iniciativa que promueve el acceso a la pr\u00e1ctica art\u00edstica de personas de todas las edades, poniendo especial atenci\u00f3n a las personas y colectivos en riesgo de exclusi\u00f3n social. El tema que guiar\u00e1 las postales es La m\u00fasica y la salud mental y el lema: \u201c\u00a1Suena la m\u00fasica!\u201d<\/p>\n<div class=\"blog_single blog_holder\">\n<article id=\"post-24835\" class=\"post-24835 post type-post status-publish format-standard has-post-thumbnail hentry category-concurs-volart\">\n<div class=\"post_content_holder\">\n<div class=\"post_text\">\n<div class=\"post_text_inner\">\n<p>La postal es una peque\u00f1a gran <strong>creaci\u00f3n de texto e ilustraci\u00f3n<\/strong>, que <strong>viaja<\/strong> hasta llegar a las manos de su destinatario <strong>provocando la sorpresa y la magia de recibir,<\/strong> como antes, <strong>una correspondencia al buz\u00f3n<\/strong>. As\u00ed mismo, la fuerza de las postales reside en su <strong>mensaje breve y personal<\/strong>. Los principales valores que re\u00fane el objeto &#8216;postal&#8217; son: la ilusi\u00f3n de escribir pensando en un destinatario, el valor de la creaci\u00f3n art\u00edstica y artesanal y la sorpresa que provocar\u00e1 al otro el hecho de recibirla.<\/p>\n<\/div>\n<\/article>\n<\/div>\n<p><strong>Para participar, <\/strong>leed detalladamente <a href=\"http:\/\/cfpmaresme.org\/wp-content\/uploads\/2024\/05\/Bases-Concurs-Volart-2025_cast.pdf\">las bases de participaci\u00f3n al concurso.<\/a>\u00a0Os ofrecemos el <a href=\"https:\/\/cfpmaresme.org\/wp-content\/uploads\/2023\/05\/VOLART_Formulari-de-registre.docx\" target=\"_blank\" rel=\"noopener noreferrer\">documento de registro <\/a>en formato digital, tambi\u00e9n.<\/p>\n<p>&nbsp;<\/p>\n<p>Molta sort<\/p>\n<p>Mucha suerte<\/p>\n","protected":false},"excerpt":{"rendered":"<p>Presentamos la quinta edici\u00f3n del concurso Volart organizado por el CFP. Un certamen que tiene como finalidad potenciar el arte en una doble vertiente, pl\u00e1stica y escrita, como una v\u00eda privilegiada de expresi\u00f3n subjetiva, a la vez que promueve la solidaridad y sinergias entre entidades,&#8230;<\/p>\n","protected":false},"author":2,"featured_media":110459,"comment_status":"closed","ping_status":"closed","sticky":false,"template":"","format":"standard","meta":{"footnotes":""},"categories":[1249],"tags":[],"class_list":["post-25083","post","type-post","status-publish","format-standard","has-post-thumbnail","hentry","category-concurso-volart-es"],"yoast_head":"<!-- This site is optimized with the Yoast SEO plugin v27.4 - https:\/\/yoast.com\/product\/yoast-seo-wordpress\/ -->\n<title>Os invitamos a participar al concurso VOLART | CFP Maresme<\/title>\n<meta name=\"robots\" content=\"index, follow, max-snippet:-1, max-image-preview:large, max-video-preview:-1\" \/>\n<link rel=\"canonical\" href=\"https:\/\/cfpmaresme.org\/es\/os-invitamos-a-participar-al-concurso-volart\/\" \/>\n<meta property=\"og:locale\" content=\"es_ES\" \/>\n<meta property=\"og:type\" content=\"article\" \/>\n<meta property=\"og:title\" content=\"Os invitamos a participar al concurso VOLART | CFP Maresme\" \/>\n<meta property=\"og:description\" content=\"Presentamos la quinta edici\u00f3n del concurso Volart organizado por el CFP. Un certamen que tiene como finalidad potenciar el arte en una doble vertiente, pl\u00e1stica y escrita, como una v\u00eda privilegiada de expresi\u00f3n subjetiva, a la vez que promueve la solidaridad y sinergias entre entidades,...\" \/>\n<meta property=\"og:url\" content=\"https:\/\/cfpmaresme.org\/es\/os-invitamos-a-participar-al-concurso-volart\/\" \/>\n<meta property=\"og:site_name\" content=\"CFP Maresme\" \/>\n<meta property=\"article:published_time\" content=\"2025-05-21T10:24:32+00:00\" \/>\n<meta property=\"article:modified_time\" content=\"2025-05-21T10:54:19+00:00\" \/>\n<meta property=\"og:image\" content=\"https:\/\/cfpmaresme.org\/wp-content\/uploads\/2024\/05\/VOLART-2025_Banner-scaled.jpg\" \/>\n\t<meta property=\"og:image:width\" content=\"2560\" \/>\n\t<meta property=\"og:image:height\" content=\"1280\" \/>\n\t<meta property=\"og:image:type\" content=\"image\/jpeg\" \/>\n<meta name=\"author\" content=\"CFPMaresme\" \/>\n<meta name=\"twitter:card\" content=\"summary_large_image\" \/>\n<meta name=\"twitter:creator\" content=\"@cfpmaresme\" \/>\n<meta name=\"twitter:site\" content=\"@cfpmaresme\" \/>\n<meta name=\"twitter:label1\" content=\"Escrito por\" \/>\n\t<meta name=\"twitter:data1\" content=\"CFPMaresme\" \/>\n\t<meta name=\"twitter:label2\" content=\"Tiempo de lectura\" \/>\n\t<meta name=\"twitter:data2\" content=\"2 minutos\" \/>\n<script type=\"application\/ld+json\" class=\"yoast-schema-graph\">{\"@context\":\"https:\\\/\\\/schema.org\",\"@graph\":[{\"@type\":\"Article\",\"@id\":\"https:\\\/\\\/cfpmaresme.org\\\/es\\\/os-invitamos-a-participar-al-concurso-volart\\\/#article\",\"isPartOf\":{\"@id\":\"https:\\\/\\\/cfpmaresme.org\\\/es\\\/os-invitamos-a-participar-al-concurso-volart\\\/\"},\"author\":{\"name\":\"CFPMaresme\",\"@id\":\"https:\\\/\\\/cfpmaresme.org\\\/#\\\/schema\\\/person\\\/b2634bcd796fafc667ea4055f61b9b2c\"},\"headline\":\"Os invitamos a participar al concurso VOLART\",\"datePublished\":\"2025-05-21T10:24:32+00:00\",\"dateModified\":\"2025-05-21T10:54:19+00:00\",\"mainEntityOfPage\":{\"@id\":\"https:\\\/\\\/cfpmaresme.org\\\/es\\\/os-invitamos-a-participar-al-concurso-volart\\\/\"},\"wordCount\":330,\"image\":{\"@id\":\"https:\\\/\\\/cfpmaresme.org\\\/es\\\/os-invitamos-a-participar-al-concurso-volart\\\/#primaryimage\"},\"thumbnailUrl\":\"https:\\\/\\\/cfpmaresme.org\\\/wp-content\\\/uploads\\\/2024\\\/05\\\/VOLART-2025_Banner-scaled.jpg\",\"articleSection\":[\"Concurso Volart\"],\"inLanguage\":\"es\"},{\"@type\":\"WebPage\",\"@id\":\"https:\\\/\\\/cfpmaresme.org\\\/es\\\/os-invitamos-a-participar-al-concurso-volart\\\/\",\"url\":\"https:\\\/\\\/cfpmaresme.org\\\/es\\\/os-invitamos-a-participar-al-concurso-volart\\\/\",\"name\":\"Os invitamos a participar al concurso VOLART | CFP Maresme\",\"isPartOf\":{\"@id\":\"https:\\\/\\\/cfpmaresme.org\\\/#website\"},\"primaryImageOfPage\":{\"@id\":\"https:\\\/\\\/cfpmaresme.org\\\/es\\\/os-invitamos-a-participar-al-concurso-volart\\\/#primaryimage\"},\"image\":{\"@id\":\"https:\\\/\\\/cfpmaresme.org\\\/es\\\/os-invitamos-a-participar-al-concurso-volart\\\/#primaryimage\"},\"thumbnailUrl\":\"https:\\\/\\\/cfpmaresme.org\\\/wp-content\\\/uploads\\\/2024\\\/05\\\/VOLART-2025_Banner-scaled.jpg\",\"datePublished\":\"2025-05-21T10:24:32+00:00\",\"dateModified\":\"2025-05-21T10:54:19+00:00\",\"author\":{\"@id\":\"https:\\\/\\\/cfpmaresme.org\\\/#\\\/schema\\\/person\\\/b2634bcd796fafc667ea4055f61b9b2c\"},\"breadcrumb\":{\"@id\":\"https:\\\/\\\/cfpmaresme.org\\\/es\\\/os-invitamos-a-participar-al-concurso-volart\\\/#breadcrumb\"},\"inLanguage\":\"es\",\"potentialAction\":[{\"@type\":\"ReadAction\",\"target\":[\"https:\\\/\\\/cfpmaresme.org\\\/es\\\/os-invitamos-a-participar-al-concurso-volart\\\/\"]}]},{\"@type\":\"ImageObject\",\"inLanguage\":\"es\",\"@id\":\"https:\\\/\\\/cfpmaresme.org\\\/es\\\/os-invitamos-a-participar-al-concurso-volart\\\/#primaryimage\",\"url\":\"https:\\\/\\\/cfpmaresme.org\\\/wp-content\\\/uploads\\\/2024\\\/05\\\/VOLART-2025_Banner-scaled.jpg\",\"contentUrl\":\"https:\\\/\\\/cfpmaresme.org\\\/wp-content\\\/uploads\\\/2024\\\/05\\\/VOLART-2025_Banner-scaled.jpg\",\"width\":2560,\"height\":1280},{\"@type\":\"BreadcrumbList\",\"@id\":\"https:\\\/\\\/cfpmaresme.org\\\/es\\\/os-invitamos-a-participar-al-concurso-volart\\\/#breadcrumb\",\"itemListElement\":[{\"@type\":\"ListItem\",\"position\":1,\"name\":\"Home\",\"item\":\"https:\\\/\\\/cfpmaresme.org\\\/es\\\/\"},{\"@type\":\"ListItem\",\"position\":2,\"name\":\"Os invitamos a participar al concurso VOLART\"}]},{\"@type\":\"WebSite\",\"@id\":\"https:\\\/\\\/cfpmaresme.org\\\/#website\",\"url\":\"https:\\\/\\\/cfpmaresme.org\\\/\",\"name\":\"CFP Maresme\",\"description\":\"Centre Formaci\u00f3 Prevenci\u00f3\",\"potentialAction\":[{\"@type\":\"SearchAction\",\"target\":{\"@type\":\"EntryPoint\",\"urlTemplate\":\"https:\\\/\\\/cfpmaresme.org\\\/?s={search_term_string}\"},\"query-input\":{\"@type\":\"PropertyValueSpecification\",\"valueRequired\":true,\"valueName\":\"search_term_string\"}}],\"inLanguage\":\"es\"},{\"@type\":\"Person\",\"@id\":\"https:\\\/\\\/cfpmaresme.org\\\/#\\\/schema\\\/person\\\/b2634bcd796fafc667ea4055f61b9b2c\",\"name\":\"CFPMaresme\"}]}<\/script>\n<!-- \/ Yoast SEO plugin. -->","yoast_head_json":{"title":"Os invitamos a participar al concurso VOLART | CFP Maresme","robots":{"index":"index","follow":"follow","max-snippet":"max-snippet:-1","max-image-preview":"max-image-preview:large","max-video-preview":"max-video-preview:-1"},"canonical":"https:\/\/cfpmaresme.org\/es\/os-invitamos-a-participar-al-concurso-volart\/","og_locale":"es_ES","og_type":"article","og_title":"Os invitamos a participar al concurso VOLART | CFP Maresme","og_description":"Presentamos la quinta edici\u00f3n del concurso Volart organizado por el CFP. Un certamen que tiene como finalidad potenciar el arte en una doble vertiente, pl\u00e1stica y escrita, como una v\u00eda privilegiada de expresi\u00f3n subjetiva, a la vez que promueve la solidaridad y sinergias entre entidades,...","og_url":"https:\/\/cfpmaresme.org\/es\/os-invitamos-a-participar-al-concurso-volart\/","og_site_name":"CFP Maresme","article_published_time":"2025-05-21T10:24:32+00:00","article_modified_time":"2025-05-21T10:54:19+00:00","og_image":[{"width":2560,"height":1280,"url":"https:\/\/cfpmaresme.org\/wp-content\/uploads\/2024\/05\/VOLART-2025_Banner-scaled.jpg","type":"image\/jpeg"}],"author":"CFPMaresme","twitter_card":"summary_large_image","twitter_creator":"@cfpmaresme","twitter_site":"@cfpmaresme","twitter_misc":{"Escrito por":"CFPMaresme","Tiempo de lectura":"2 minutos"},"schema":{"@context":"https:\/\/schema.org","@graph":[{"@type":"Article","@id":"https:\/\/cfpmaresme.org\/es\/os-invitamos-a-participar-al-concurso-volart\/#article","isPartOf":{"@id":"https:\/\/cfpmaresme.org\/es\/os-invitamos-a-participar-al-concurso-volart\/"},"author":{"name":"CFPMaresme","@id":"https:\/\/cfpmaresme.org\/#\/schema\/person\/b2634bcd796fafc667ea4055f61b9b2c"},"headline":"Os invitamos a participar al concurso VOLART","datePublished":"2025-05-21T10:24:32+00:00","dateModified":"2025-05-21T10:54:19+00:00","mainEntityOfPage":{"@id":"https:\/\/cfpmaresme.org\/es\/os-invitamos-a-participar-al-concurso-volart\/"},"wordCount":330,"image":{"@id":"https:\/\/cfpmaresme.org\/es\/os-invitamos-a-participar-al-concurso-volart\/#primaryimage"},"thumbnailUrl":"https:\/\/cfpmaresme.org\/wp-content\/uploads\/2024\/05\/VOLART-2025_Banner-scaled.jpg","articleSection":["Concurso Volart"],"inLanguage":"es"},{"@type":"WebPage","@id":"https:\/\/cfpmaresme.org\/es\/os-invitamos-a-participar-al-concurso-volart\/","url":"https:\/\/cfpmaresme.org\/es\/os-invitamos-a-participar-al-concurso-volart\/","name":"Os invitamos a participar al concurso VOLART | CFP Maresme","isPartOf":{"@id":"https:\/\/cfpmaresme.org\/#website"},"primaryImageOfPage":{"@id":"https:\/\/cfpmaresme.org\/es\/os-invitamos-a-participar-al-concurso-volart\/#primaryimage"},"image":{"@id":"https:\/\/cfpmaresme.org\/es\/os-invitamos-a-participar-al-concurso-volart\/#primaryimage"},"thumbnailUrl":"https:\/\/cfpmaresme.org\/wp-content\/uploads\/2024\/05\/VOLART-2025_Banner-scaled.jpg","datePublished":"2025-05-21T10:24:32+00:00","dateModified":"2025-05-21T10:54:19+00:00","author":{"@id":"https:\/\/cfpmaresme.org\/#\/schema\/person\/b2634bcd796fafc667ea4055f61b9b2c"},"breadcrumb":{"@id":"https:\/\/cfpmaresme.org\/es\/os-invitamos-a-participar-al-concurso-volart\/#breadcrumb"},"inLanguage":"es","potentialAction":[{"@type":"ReadAction","target":["https:\/\/cfpmaresme.org\/es\/os-invitamos-a-participar-al-concurso-volart\/"]}]},{"@type":"ImageObject","inLanguage":"es","@id":"https:\/\/cfpmaresme.org\/es\/os-invitamos-a-participar-al-concurso-volart\/#primaryimage","url":"https:\/\/cfpmaresme.org\/wp-content\/uploads\/2024\/05\/VOLART-2025_Banner-scaled.jpg","contentUrl":"https:\/\/cfpmaresme.org\/wp-content\/uploads\/2024\/05\/VOLART-2025_Banner-scaled.jpg","width":2560,"height":1280},{"@type":"BreadcrumbList","@id":"https:\/\/cfpmaresme.org\/es\/os-invitamos-a-participar-al-concurso-volart\/#breadcrumb","itemListElement":[{"@type":"ListItem","position":1,"name":"Home","item":"https:\/\/cfpmaresme.org\/es\/"},{"@type":"ListItem","position":2,"name":"Os invitamos a participar al concurso VOLART"}]},{"@type":"WebSite","@id":"https:\/\/cfpmaresme.org\/#website","url":"https:\/\/cfpmaresme.org\/","name":"CFP Maresme","description":"Centre Formaci\u00f3 Prevenci\u00f3","potentialAction":[{"@type":"SearchAction","target":{"@type":"EntryPoint","urlTemplate":"https:\/\/cfpmaresme.org\/?s={search_term_string}"},"query-input":{"@type":"PropertyValueSpecification","valueRequired":true,"valueName":"search_term_string"}}],"inLanguage":"es"},{"@type":"Person","@id":"https:\/\/cfpmaresme.org\/#\/schema\/person\/b2634bcd796fafc667ea4055f61b9b2c","name":"CFPMaresme"}]}},"_links":{"self":[{"href":"https:\/\/cfpmaresme.org\/es\/wp-json\/wp\/v2\/posts\/25083","targetHints":{"allow":["GET"]}}],"collection":[{"href":"https:\/\/cfpmaresme.org\/es\/wp-json\/wp\/v2\/posts"}],"about":[{"href":"https:\/\/cfpmaresme.org\/es\/wp-json\/wp\/v2\/types\/post"}],"author":[{"embeddable":true,"href":"https:\/\/cfpmaresme.org\/es\/wp-json\/wp\/v2\/users\/2"}],"replies":[{"embeddable":true,"href":"https:\/\/cfpmaresme.org\/es\/wp-json\/wp\/v2\/comments?post=25083"}],"version-history":[{"count":24,"href":"https:\/\/cfpmaresme.org\/es\/wp-json\/wp\/v2\/posts\/25083\/revisions"}],"predecessor-version":[{"id":110473,"href":"https:\/\/cfpmaresme.org\/es\/wp-json\/wp\/v2\/posts\/25083\/revisions\/110473"}],"wp:featuredmedia":[{"embeddable":true,"href":"https:\/\/cfpmaresme.org\/es\/wp-json\/wp\/v2\/media\/110459"}],"wp:attachment":[{"href":"https:\/\/cfpmaresme.org\/es\/wp-json\/wp\/v2\/media?parent=25083"}],"wp:term":[{"taxonomy":"category","embeddable":true,"href":"https:\/\/cfpmaresme.org\/es\/wp-json\/wp\/v2\/categories?post=25083"},{"taxonomy":"post_tag","embeddable":true,"href":"https:\/\/cfpmaresme.org\/es\/wp-json\/wp\/v2\/tags?post=25083"}],"curies":[{"name":"wp","href":"https:\/\/api.w.org\/{rel}","templated":true}]}}