{"id":25352,"date":"2021-06-16T13:45:21","date_gmt":"2021-06-16T11:45:21","guid":{"rendered":"https:\/\/www.cfpmaresme.org\/?p=25352"},"modified":"2021-09-07T12:05:24","modified_gmt":"2021-09-07T10:05:24","slug":"el-crae-ya-esta-preparado-por-un-ano-distinto-al-que-hemos-vivido-siempre","status":"publish","type":"post","link":"https:\/\/cfpmaresme.org\/es\/el-crae-ya-esta-preparado-por-un-ano-distinto-al-que-hemos-vivido-siempre\/","title":{"rendered":"El CRAE ya est\u00e1 preparado por un a\u00f1o distinto al que hemos vivido siempre"},"content":{"rendered":"<p>Quedan pocos d\u00edas porque los infantes y adolescentes del <a href=\"\/?page_id=16523\" target=\"_blank\" rel=\"noopener noreferrer\">Centro Residencia de Acci\u00f3n Educativa (CRAE)<\/a> del CFP, el Mas Sant Jordi, finalicen la etapa escolar y la programaci\u00f3n de verano ya est\u00e1 m\u00e1s que definida.<\/p>\n<p>Un verano que se prev\u00e9 muy distinto del 2020, marcado totalmente por la situaci\u00f3n pand\u00e9mica y, tambi\u00e9n, al de todos los anteriores. Ser\u00e1 un h\u00edbrido entre lo que vivimos el a\u00f1o pasado y lo que conoc\u00edamos como verano antes de que la situaci\u00f3n pand\u00e9mica se desbordase debido a la proliferaci\u00f3n de la Covid-19.<\/p>\n<p>El a\u00f1o pasado fue imposible la asistencia a casales y colonias ya que la mayor\u00eda fueron anulados. Es por esto que el CRAE <a href=\"\/?p=21204\" target=\"_blank\" rel=\"noopener noreferrer\">se reinvent\u00f3 creando un casal propio<\/a>, con actividades preparadas conjuntamente por los j\u00f3venes e infantes y el equipo educativo. El resultado fue todo un \u00e9xito.<\/p>\n<p>Este a\u00f1o, con la reapertura de actividades pero, a la vez, la necesidad de seguir manteniendo las medidas para prevenir el contagio de la Covid-19, los infantes y j\u00f3venes del CRAE disfrutar\u00e1n de actividades a otros recursos, donde podr\u00e1n estar con ni\u00f1os y ni\u00f1as con los que no conviven y, tambi\u00e9n, otras preparadas solamente para todos los convivientes de la residencia.<\/p>\n<h3>Julio, mes de casales y\/o campus deportivos y de repetir la experiencia de casal propio<\/h3>\n<p>Durante el mes de julio la mayor\u00eda de infantes y adolescentes medianos y peque\u00f1os del CRAE participar\u00e1n a casales de verano y\/o a campus deportivos. Es de vital importancia que sea as\u00ed pues esto les permite relacionarse con otros ni\u00f1os y ni\u00f1as.\u00a0 <img loading=\"lazy\" decoding=\"async\" class=\"alignright wp-image-25330 size-medium\" src=\"https:\/\/www.cfpmaresme.org\/wp-content\/uploads\/2021\/06\/foto-retallada-229x300.jpg\" alt=\"\" width=\"229\" height=\"300\" srcset=\"https:\/\/cfpmaresme.org\/wp-content\/uploads\/2021\/06\/foto-retallada-229x300.jpg 229w, https:\/\/cfpmaresme.org\/wp-content\/uploads\/2021\/06\/foto-retallada.jpg 486w\" sizes=\"auto, (max-width: 229px) 100vw, 229px\" \/><\/p>\n<p>En el grupo de los m\u00e1s grandes el planteamiento ser\u00e1 distinto. Debido al \u00e9xito del a\u00f1o pasado han pedido organizar, de nuevo, actividades conjuntamente y mantener la idea del casal propio. El equipo educativo ha decidido que los grupos de peque\u00f1os y medianos es necesario que vayan a recursos externos para relacionarse con otros infantes pero que, en el caso de los mayores, se puede repetir la experiencia. As\u00ed, estos participar\u00e1n de una programaci\u00f3n paralela de actividades tanto en el CRAE como fuera del mismo, acompa\u00f1ados\/as por educadores\/as.<\/p>\n<p>&nbsp;<\/p>\n<h3>Un agosto con variedad de opciones<\/h3>\n<p>En agosto la diversidad de actividades es m\u00e1s grande que en julio. Por un lado, haremos una programaci\u00f3n con todos los infantes y j\u00f3venes, a la que participar\u00e1n gracias a asambleas.<\/p>\n<p>Adem\u00e1s, algunos realizar\u00e1n estancias con sus familias. Y, otros, asistiran a colonias organizadas por\u00a0 Fundaci\u00f3 Pere Tarr\u00e9s, Esplai la Tribu de Matar\u00f3 y la Residencia La Carral. A menudo encuentran ni\u00f1os que ya conoc\u00edan de a\u00f1os anteriores y ya esperan que llegue el momento de ir.<\/p>\n<p>&nbsp;<\/p>\n<h3>Una gran diversidad de actividades y el mantenimiento de las medidas para prevenir los contagios de la Covid-19<\/h3>\n<p>La planificaci\u00f3n de verano cuenta con propuestas muy variadas, siempre priorizando las visitas a familiares de los infantes y el mantenimiento de las medidas para prevenir los contagios estando preparados, en todo momento, por si hay confinamientos.<\/p>\n<p>Se intenta que sean actividades diversas al aire libre. Entre ellas, salidas a la playa, para conocer la comarca (Castell de Burriac, Creu de Canet, Corredor del Montnegre&#8230;) i de otras zonas del territorio como el Cap de Creus.<\/p>\n<p>Es importante que, aunque el verano es una etapa de desconexi\u00f3n, los infantes y adolescentes mantengan la rutina en aspectos como hacer la limpieza o bien refuerzo escolar semanalmente. Adem\u00e1s, hay ratos libres, a fin de que cada uno\/a de ellos\/as puedan hacer lo que quieran.<\/p>\n<p>&nbsp;<\/p>\n<p>Para <strong>prevenir los contagios de la Covid-19<\/strong> mantenemos la realizaci\u00f3n de actividades en peque\u00f1os grupos, evitando las que conllevan mucha afluencia de gente, remarcamos la necesidad de mantener la distancia, utilizar mascarilla y hacer un lavado de manos a menudo. Adem\u00e1s, no realizaremos una salida conjunta y dirigida des de el CRAE, a petici\u00f3n del equipo. Y, por \u00faltimo, seguiremos estando coordinados con la DGAIA y los profesionales del CAP que nos hacen indicaciones y seguimiento m\u00e9dico y epidermiol\u00f3gico para proteger los infantes y los y las profesionales.<\/p>\n<p>&nbsp;<\/p>\n<p>Con todo, este verano se presenta como una experiencia nueva, otra vez. Se reactivan actividades y estadas a casales y colonias pero, a la vez, con unas caracter\u00edsticas distintas y medidas de prevenci\u00f3n a seguir. Nuestro deseo es que, tanto el equipo como los infantes y adolescentes, puedan disfrutar de estos meses <strong>estando el m\u00e1ximo de protegidos y protegidas.\u00a0<\/strong><\/p>\n<p>&nbsp;<\/p>\n<p>&nbsp;<\/p>\n","protected":false},"excerpt":{"rendered":"<p>Quedan pocos d\u00edas porque los infantes y adolescentes del Centro Residencia de Acci\u00f3n Educativa (CRAE) del CFP, el Mas Sant Jordi, finalicen la etapa escolar y la programaci\u00f3n de verano ya est\u00e1 m\u00e1s que definida. Un verano que se prev\u00e9 muy distinto del 2020, marcado&#8230;<\/p>\n","protected":false},"author":2,"featured_media":25329,"comment_status":"open","ping_status":"open","sticky":false,"template":"","format":"standard","meta":{"footnotes":""},"categories":[1144,1243],"tags":[],"class_list":["post-25352","post","type-post","status-publish","format-standard","has-post-thumbnail","hentry","category-infancia-y-familia","category-crae"],"yoast_head":"<!-- This site is optimized with the Yoast SEO plugin v27.4 - https:\/\/yoast.com\/product\/yoast-seo-wordpress\/ -->\n<title>El CRAE ya est\u00e1 preparado por un a\u00f1o distinto al que hemos vivido siempre | CFP Maresme<\/title>\n<meta name=\"robots\" content=\"index, follow, max-snippet:-1, max-image-preview:large, max-video-preview:-1\" \/>\n<link rel=\"canonical\" href=\"https:\/\/cfpmaresme.org\/es\/el-crae-ya-esta-preparado-por-un-ano-distinto-al-que-hemos-vivido-siempre\/\" \/>\n<meta property=\"og:locale\" content=\"es_ES\" \/>\n<meta property=\"og:type\" content=\"article\" \/>\n<meta property=\"og:title\" content=\"El CRAE ya est\u00e1 preparado por un a\u00f1o distinto al que hemos vivido siempre | CFP Maresme\" \/>\n<meta property=\"og:description\" content=\"Quedan pocos d\u00edas porque los infantes y adolescentes del Centro Residencia de Acci\u00f3n Educativa (CRAE) del CFP, el Mas Sant Jordi, finalicen la etapa escolar y la programaci\u00f3n de verano ya est\u00e1 m\u00e1s que definida. Un verano que se prev\u00e9 muy distinto del 2020, marcado...\" \/>\n<meta property=\"og:url\" content=\"https:\/\/cfpmaresme.org\/es\/el-crae-ya-esta-preparado-por-un-ano-distinto-al-que-hemos-vivido-siempre\/\" \/>\n<meta property=\"og:site_name\" content=\"CFP Maresme\" \/>\n<meta property=\"article:published_time\" content=\"2021-06-16T11:45:21+00:00\" \/>\n<meta property=\"article:modified_time\" content=\"2021-09-07T10:05:24+00:00\" \/>\n<meta property=\"og:image\" content=\"https:\/\/cfpmaresme.org\/wp-content\/uploads\/2021\/06\/cap\u00e7alera.jpg\" \/>\n\t<meta property=\"og:image:width\" content=\"1188\" \/>\n\t<meta property=\"og:image:height\" content=\"655\" \/>\n\t<meta property=\"og:image:type\" content=\"image\/jpeg\" \/>\n<meta name=\"author\" content=\"CFPMaresme\" \/>\n<meta name=\"twitter:card\" content=\"summary_large_image\" \/>\n<meta name=\"twitter:creator\" content=\"@cfpmaresme\" \/>\n<meta name=\"twitter:site\" content=\"@cfpmaresme\" \/>\n<meta name=\"twitter:label1\" content=\"Escrito por\" \/>\n\t<meta name=\"twitter:data1\" content=\"CFPMaresme\" \/>\n\t<meta name=\"twitter:label2\" content=\"Tiempo de lectura\" \/>\n\t<meta name=\"twitter:data2\" content=\"4 minutos\" \/>\n<script type=\"application\/ld+json\" class=\"yoast-schema-graph\">{\"@context\":\"https:\\\/\\\/schema.org\",\"@graph\":[{\"@type\":\"Article\",\"@id\":\"https:\\\/\\\/cfpmaresme.org\\\/es\\\/el-crae-ya-esta-preparado-por-un-ano-distinto-al-que-hemos-vivido-siempre\\\/#article\",\"isPartOf\":{\"@id\":\"https:\\\/\\\/cfpmaresme.org\\\/es\\\/el-crae-ya-esta-preparado-por-un-ano-distinto-al-que-hemos-vivido-siempre\\\/\"},\"author\":{\"name\":\"CFPMaresme\",\"@id\":\"https:\\\/\\\/cfpmaresme.org\\\/#\\\/schema\\\/person\\\/b2634bcd796fafc667ea4055f61b9b2c\"},\"headline\":\"El CRAE ya est\u00e1 preparado por un a\u00f1o distinto al que hemos vivido siempre\",\"datePublished\":\"2021-06-16T11:45:21+00:00\",\"dateModified\":\"2021-09-07T10:05:24+00:00\",\"mainEntityOfPage\":{\"@id\":\"https:\\\/\\\/cfpmaresme.org\\\/es\\\/el-crae-ya-esta-preparado-por-un-ano-distinto-al-que-hemos-vivido-siempre\\\/\"},\"wordCount\":794,\"commentCount\":0,\"image\":{\"@id\":\"https:\\\/\\\/cfpmaresme.org\\\/es\\\/el-crae-ya-esta-preparado-por-un-ano-distinto-al-que-hemos-vivido-siempre\\\/#primaryimage\"},\"thumbnailUrl\":\"https:\\\/\\\/cfpmaresme.org\\\/wp-content\\\/uploads\\\/2021\\\/06\\\/cap\u00e7alera.jpg\",\"articleSection\":[\"\u00c1rea de infancia, adolescencia y fam\u00edlia\",\"CRAE\"],\"inLanguage\":\"es\"},{\"@type\":\"WebPage\",\"@id\":\"https:\\\/\\\/cfpmaresme.org\\\/es\\\/el-crae-ya-esta-preparado-por-un-ano-distinto-al-que-hemos-vivido-siempre\\\/\",\"url\":\"https:\\\/\\\/cfpmaresme.org\\\/es\\\/el-crae-ya-esta-preparado-por-un-ano-distinto-al-que-hemos-vivido-siempre\\\/\",\"name\":\"El CRAE ya est\u00e1 preparado por un a\u00f1o distinto al que hemos vivido siempre | CFP Maresme\",\"isPartOf\":{\"@id\":\"https:\\\/\\\/cfpmaresme.org\\\/#website\"},\"primaryImageOfPage\":{\"@id\":\"https:\\\/\\\/cfpmaresme.org\\\/es\\\/el-crae-ya-esta-preparado-por-un-ano-distinto-al-que-hemos-vivido-siempre\\\/#primaryimage\"},\"image\":{\"@id\":\"https:\\\/\\\/cfpmaresme.org\\\/es\\\/el-crae-ya-esta-preparado-por-un-ano-distinto-al-que-hemos-vivido-siempre\\\/#primaryimage\"},\"thumbnailUrl\":\"https:\\\/\\\/cfpmaresme.org\\\/wp-content\\\/uploads\\\/2021\\\/06\\\/cap\u00e7alera.jpg\",\"datePublished\":\"2021-06-16T11:45:21+00:00\",\"dateModified\":\"2021-09-07T10:05:24+00:00\",\"author\":{\"@id\":\"https:\\\/\\\/cfpmaresme.org\\\/#\\\/schema\\\/person\\\/b2634bcd796fafc667ea4055f61b9b2c\"},\"breadcrumb\":{\"@id\":\"https:\\\/\\\/cfpmaresme.org\\\/es\\\/el-crae-ya-esta-preparado-por-un-ano-distinto-al-que-hemos-vivido-siempre\\\/#breadcrumb\"},\"inLanguage\":\"es\",\"potentialAction\":[{\"@type\":\"ReadAction\",\"target\":[\"https:\\\/\\\/cfpmaresme.org\\\/es\\\/el-crae-ya-esta-preparado-por-un-ano-distinto-al-que-hemos-vivido-siempre\\\/\"]}]},{\"@type\":\"ImageObject\",\"inLanguage\":\"es\",\"@id\":\"https:\\\/\\\/cfpmaresme.org\\\/es\\\/el-crae-ya-esta-preparado-por-un-ano-distinto-al-que-hemos-vivido-siempre\\\/#primaryimage\",\"url\":\"https:\\\/\\\/cfpmaresme.org\\\/wp-content\\\/uploads\\\/2021\\\/06\\\/cap\u00e7alera.jpg\",\"contentUrl\":\"https:\\\/\\\/cfpmaresme.org\\\/wp-content\\\/uploads\\\/2021\\\/06\\\/cap\u00e7alera.jpg\",\"width\":1188,\"height\":655},{\"@type\":\"BreadcrumbList\",\"@id\":\"https:\\\/\\\/cfpmaresme.org\\\/es\\\/el-crae-ya-esta-preparado-por-un-ano-distinto-al-que-hemos-vivido-siempre\\\/#breadcrumb\",\"itemListElement\":[{\"@type\":\"ListItem\",\"position\":1,\"name\":\"Home\",\"item\":\"https:\\\/\\\/cfpmaresme.org\\\/es\\\/\"},{\"@type\":\"ListItem\",\"position\":2,\"name\":\"El CRAE ya est\u00e1 preparado por un a\u00f1o distinto al que hemos vivido siempre\"}]},{\"@type\":\"WebSite\",\"@id\":\"https:\\\/\\\/cfpmaresme.org\\\/#website\",\"url\":\"https:\\\/\\\/cfpmaresme.org\\\/\",\"name\":\"CFP Maresme\",\"description\":\"Centre Formaci\u00f3 Prevenci\u00f3\",\"potentialAction\":[{\"@type\":\"SearchAction\",\"target\":{\"@type\":\"EntryPoint\",\"urlTemplate\":\"https:\\\/\\\/cfpmaresme.org\\\/?s={search_term_string}\"},\"query-input\":{\"@type\":\"PropertyValueSpecification\",\"valueRequired\":true,\"valueName\":\"search_term_string\"}}],\"inLanguage\":\"es\"},{\"@type\":\"Person\",\"@id\":\"https:\\\/\\\/cfpmaresme.org\\\/#\\\/schema\\\/person\\\/b2634bcd796fafc667ea4055f61b9b2c\",\"name\":\"CFPMaresme\"}]}<\/script>\n<!-- \/ Yoast SEO plugin. -->","yoast_head_json":{"title":"El CRAE ya est\u00e1 preparado por un a\u00f1o distinto al que hemos vivido siempre | CFP Maresme","robots":{"index":"index","follow":"follow","max-snippet":"max-snippet:-1","max-image-preview":"max-image-preview:large","max-video-preview":"max-video-preview:-1"},"canonical":"https:\/\/cfpmaresme.org\/es\/el-crae-ya-esta-preparado-por-un-ano-distinto-al-que-hemos-vivido-siempre\/","og_locale":"es_ES","og_type":"article","og_title":"El CRAE ya est\u00e1 preparado por un a\u00f1o distinto al que hemos vivido siempre | CFP Maresme","og_description":"Quedan pocos d\u00edas porque los infantes y adolescentes del Centro Residencia de Acci\u00f3n Educativa (CRAE) del CFP, el Mas Sant Jordi, finalicen la etapa escolar y la programaci\u00f3n de verano ya est\u00e1 m\u00e1s que definida. Un verano que se prev\u00e9 muy distinto del 2020, marcado...","og_url":"https:\/\/cfpmaresme.org\/es\/el-crae-ya-esta-preparado-por-un-ano-distinto-al-que-hemos-vivido-siempre\/","og_site_name":"CFP Maresme","article_published_time":"2021-06-16T11:45:21+00:00","article_modified_time":"2021-09-07T10:05:24+00:00","og_image":[{"width":1188,"height":655,"url":"https:\/\/cfpmaresme.org\/wp-content\/uploads\/2021\/06\/cap\u00e7alera.jpg","type":"image\/jpeg"}],"author":"CFPMaresme","twitter_card":"summary_large_image","twitter_creator":"@cfpmaresme","twitter_site":"@cfpmaresme","twitter_misc":{"Escrito por":"CFPMaresme","Tiempo de lectura":"4 minutos"},"schema":{"@context":"https:\/\/schema.org","@graph":[{"@type":"Article","@id":"https:\/\/cfpmaresme.org\/es\/el-crae-ya-esta-preparado-por-un-ano-distinto-al-que-hemos-vivido-siempre\/#article","isPartOf":{"@id":"https:\/\/cfpmaresme.org\/es\/el-crae-ya-esta-preparado-por-un-ano-distinto-al-que-hemos-vivido-siempre\/"},"author":{"name":"CFPMaresme","@id":"https:\/\/cfpmaresme.org\/#\/schema\/person\/b2634bcd796fafc667ea4055f61b9b2c"},"headline":"El CRAE ya est\u00e1 preparado por un a\u00f1o distinto al que hemos vivido siempre","datePublished":"2021-06-16T11:45:21+00:00","dateModified":"2021-09-07T10:05:24+00:00","mainEntityOfPage":{"@id":"https:\/\/cfpmaresme.org\/es\/el-crae-ya-esta-preparado-por-un-ano-distinto-al-que-hemos-vivido-siempre\/"},"wordCount":794,"commentCount":0,"image":{"@id":"https:\/\/cfpmaresme.org\/es\/el-crae-ya-esta-preparado-por-un-ano-distinto-al-que-hemos-vivido-siempre\/#primaryimage"},"thumbnailUrl":"https:\/\/cfpmaresme.org\/wp-content\/uploads\/2021\/06\/cap\u00e7alera.jpg","articleSection":["\u00c1rea de infancia, adolescencia y fam\u00edlia","CRAE"],"inLanguage":"es"},{"@type":"WebPage","@id":"https:\/\/cfpmaresme.org\/es\/el-crae-ya-esta-preparado-por-un-ano-distinto-al-que-hemos-vivido-siempre\/","url":"https:\/\/cfpmaresme.org\/es\/el-crae-ya-esta-preparado-por-un-ano-distinto-al-que-hemos-vivido-siempre\/","name":"El CRAE ya est\u00e1 preparado por un a\u00f1o distinto al que hemos vivido siempre | CFP Maresme","isPartOf":{"@id":"https:\/\/cfpmaresme.org\/#website"},"primaryImageOfPage":{"@id":"https:\/\/cfpmaresme.org\/es\/el-crae-ya-esta-preparado-por-un-ano-distinto-al-que-hemos-vivido-siempre\/#primaryimage"},"image":{"@id":"https:\/\/cfpmaresme.org\/es\/el-crae-ya-esta-preparado-por-un-ano-distinto-al-que-hemos-vivido-siempre\/#primaryimage"},"thumbnailUrl":"https:\/\/cfpmaresme.org\/wp-content\/uploads\/2021\/06\/cap\u00e7alera.jpg","datePublished":"2021-06-16T11:45:21+00:00","dateModified":"2021-09-07T10:05:24+00:00","author":{"@id":"https:\/\/cfpmaresme.org\/#\/schema\/person\/b2634bcd796fafc667ea4055f61b9b2c"},"breadcrumb":{"@id":"https:\/\/cfpmaresme.org\/es\/el-crae-ya-esta-preparado-por-un-ano-distinto-al-que-hemos-vivido-siempre\/#breadcrumb"},"inLanguage":"es","potentialAction":[{"@type":"ReadAction","target":["https:\/\/cfpmaresme.org\/es\/el-crae-ya-esta-preparado-por-un-ano-distinto-al-que-hemos-vivido-siempre\/"]}]},{"@type":"ImageObject","inLanguage":"es","@id":"https:\/\/cfpmaresme.org\/es\/el-crae-ya-esta-preparado-por-un-ano-distinto-al-que-hemos-vivido-siempre\/#primaryimage","url":"https:\/\/cfpmaresme.org\/wp-content\/uploads\/2021\/06\/cap\u00e7alera.jpg","contentUrl":"https:\/\/cfpmaresme.org\/wp-content\/uploads\/2021\/06\/cap\u00e7alera.jpg","width":1188,"height":655},{"@type":"BreadcrumbList","@id":"https:\/\/cfpmaresme.org\/es\/el-crae-ya-esta-preparado-por-un-ano-distinto-al-que-hemos-vivido-siempre\/#breadcrumb","itemListElement":[{"@type":"ListItem","position":1,"name":"Home","item":"https:\/\/cfpmaresme.org\/es\/"},{"@type":"ListItem","position":2,"name":"El CRAE ya est\u00e1 preparado por un a\u00f1o distinto al que hemos vivido siempre"}]},{"@type":"WebSite","@id":"https:\/\/cfpmaresme.org\/#website","url":"https:\/\/cfpmaresme.org\/","name":"CFP Maresme","description":"Centre Formaci\u00f3 Prevenci\u00f3","potentialAction":[{"@type":"SearchAction","target":{"@type":"EntryPoint","urlTemplate":"https:\/\/cfpmaresme.org\/?s={search_term_string}"},"query-input":{"@type":"PropertyValueSpecification","valueRequired":true,"valueName":"search_term_string"}}],"inLanguage":"es"},{"@type":"Person","@id":"https:\/\/cfpmaresme.org\/#\/schema\/person\/b2634bcd796fafc667ea4055f61b9b2c","name":"CFPMaresme"}]}},"_links":{"self":[{"href":"https:\/\/cfpmaresme.org\/es\/wp-json\/wp\/v2\/posts\/25352","targetHints":{"allow":["GET"]}}],"collection":[{"href":"https:\/\/cfpmaresme.org\/es\/wp-json\/wp\/v2\/posts"}],"about":[{"href":"https:\/\/cfpmaresme.org\/es\/wp-json\/wp\/v2\/types\/post"}],"author":[{"embeddable":true,"href":"https:\/\/cfpmaresme.org\/es\/wp-json\/wp\/v2\/users\/2"}],"replies":[{"embeddable":true,"href":"https:\/\/cfpmaresme.org\/es\/wp-json\/wp\/v2\/comments?post=25352"}],"version-history":[{"count":2,"href":"https:\/\/cfpmaresme.org\/es\/wp-json\/wp\/v2\/posts\/25352\/revisions"}],"predecessor-version":[{"id":26335,"href":"https:\/\/cfpmaresme.org\/es\/wp-json\/wp\/v2\/posts\/25352\/revisions\/26335"}],"wp:featuredmedia":[{"embeddable":true,"href":"https:\/\/cfpmaresme.org\/es\/wp-json\/wp\/v2\/media\/25329"}],"wp:attachment":[{"href":"https:\/\/cfpmaresme.org\/es\/wp-json\/wp\/v2\/media?parent=25352"}],"wp:term":[{"taxonomy":"category","embeddable":true,"href":"https:\/\/cfpmaresme.org\/es\/wp-json\/wp\/v2\/categories?post=25352"},{"taxonomy":"post_tag","embeddable":true,"href":"https:\/\/cfpmaresme.org\/es\/wp-json\/wp\/v2\/tags?post=25352"}],"curies":[{"name":"wp","href":"https:\/\/api.w.org\/{rel}","templated":true}]}}