{"id":25527,"date":"2021-06-28T13:43:57","date_gmt":"2021-06-28T11:43:57","guid":{"rendered":"https:\/\/www.cfpmaresme.org\/?p=25527"},"modified":"2021-09-07T11:36:50","modified_gmt":"2021-09-07T09:36:50","slug":"de-la-necesidad-de-construir-una-casita-para-la-klosca-a-la-formacion-compartida-entre-jovenes-de-diversos-recursos","status":"publish","type":"post","link":"https:\/\/cfpmaresme.org\/es\/de-la-necesidad-de-construir-una-casita-para-la-klosca-a-la-formacion-compartida-entre-jovenes-de-diversos-recursos\/","title":{"rendered":"De la necesidad de construir una casita para La Klosca a la formaci\u00f3n compartida entre j\u00f3venes de diversos recursos"},"content":{"rendered":"<p>La <strong>transversalidad de los servicios del CFP<\/strong> da la oportunidad de que, a menudo, la necesidad de un recurso pueda ser cubierta por otro y, por otro lado, de que personas que atendemos puedan seguir un itinerario dentro de este engranaje de servicios. As\u00ed, tienen una <strong>atenci\u00f3n integral<\/strong>. Es el caso, por ejemplo, de alumnos de las Formaciones Ocupacionales que devienen trabajadores de los servicios comerciales o bien de j\u00f3venes de pisos que acceden a la \u00c1rea Diurna para adquirir competencias laborales.<\/p>\n<p>Siempre que surge una nueva necesidad, la persona responsable de cada servicio piensa c\u00f3mo se podr\u00eda satisfacer y, a la vez, como podr\u00eda ayudar a las personas que atendemos desde otros servicios para atender, mejorar las competencias o trabajar distintas habilidades.<\/p>\n<p>Es el caso de la construcci\u00f3n de una casa nueva de madera para Clara, la perrita que vive en <a href=\"https:\/\/laklosca.cat\/\" target=\"_blank\" rel=\"noopener noreferrer\">La Klosca,<\/a> el CET de producci\u00f3n de huevos ecol\u00f3gicos del CFP.<\/p>\n<p>&nbsp;<\/p>\n<h3>Un trabajo transversal entre distintos colectivos a los que formamos<\/h3>\n<p>El proyecto de construcci\u00f3n de la casita devino una oportunidad porque j\u00f3venes que aprenden carpinter\u00eda desde distintos servicios trabajasen conjuntamente. As\u00ed, j\u00f3venes del Programa Espec\u00edfico de Atenci\u00f3n a los Trastornos Psic\u00f3ticos Incipientes (PAE_TPI), del Prelaboral, de la \u00c1rea Diurna y un alumno en pr\u00e1cticas se han dedicado a hacerla recientemente.<\/p>\n<p>&nbsp;<\/p>\n<p>Se han podido conocer y aprender unos de otros y hemos podido dar una respuesta de formaci\u00f3n integral. Se han utilizado diversas metodolog\u00edas como la realizaci\u00f3n de los planos, la utilizaci\u00f3n de toda la maquinaria grande y peque\u00f1a para optimizar la madera y, adem\u00e1s, se ha realizado la construcci\u00f3n y el barnizado de la casita.<\/p>\n<p><img loading=\"lazy\" decoding=\"async\" class=\"aligncenter wp-image-25513\" src=\"https:\/\/www.cfpmaresme.org\/wp-content\/uploads\/2021\/06\/foto-klosca-retocada-1024x576.jpg\" alt=\"\" width=\"600\" height=\"338\" srcset=\"https:\/\/cfpmaresme.org\/wp-content\/uploads\/2021\/06\/foto-klosca-retocada-1024x576.jpg 1024w, https:\/\/cfpmaresme.org\/wp-content\/uploads\/2021\/06\/foto-klosca-retocada-300x169.jpg 300w, https:\/\/cfpmaresme.org\/wp-content\/uploads\/2021\/06\/foto-klosca-retocada-768x432.jpg 768w, https:\/\/cfpmaresme.org\/wp-content\/uploads\/2021\/06\/foto-klosca-retocada-1536x864.jpg 1536w, https:\/\/cfpmaresme.org\/wp-content\/uploads\/2021\/06\/foto-klosca-retocada-2048x1152.jpg 2048w, https:\/\/cfpmaresme.org\/wp-content\/uploads\/2021\/06\/foto-klosca-retocada-700x394.jpg 700w, https:\/\/cfpmaresme.org\/wp-content\/uploads\/2021\/06\/foto-klosca-retocada-539x303.jpg 539w\" sizes=\"auto, (max-width: 600px) 100vw, 600px\" \/><\/p>\n<p>En definitiva, un <strong>trabajo en equipo<\/strong> a fin de seguir aprendiendo, de crear sinergias entre unos y otros y de dar respuesta a una necesidad puntual. Una pr\u00e1ctica real de lo que se pueden encontrar cuando accedan al mercado laboral.<\/p>\n<p>&nbsp;<\/p>\n<p><strong>\u00a1Muchas felicidades por el resultado!\u00a0<\/strong><\/p>\n<p>&nbsp;<\/p>\n<p>&nbsp;<\/p>\n","protected":false},"excerpt":{"rendered":"<p>La transversalidad de los servicios del CFP da la oportunidad de que, a menudo, la necesidad de un recurso pueda ser cubierta por otro y, por otro lado, de que personas que atendemos puedan seguir un itinerario dentro de este engranaje de servicios. As\u00ed, tienen&#8230;<\/p>\n","protected":false},"author":2,"featured_media":25510,"comment_status":"open","ping_status":"open","sticky":false,"template":"","format":"standard","meta":{"footnotes":""},"categories":[1238,1195],"tags":[],"class_list":["post-25527","post","type-post","status-publish","format-standard","has-post-thumbnail","hentry","category-area-diurna-sociolaboral-es","category-servicio-prelaboral"],"yoast_head":"<!-- This site is optimized with the Yoast SEO plugin v27.4 - https:\/\/yoast.com\/product\/yoast-seo-wordpress\/ -->\n<title>De la necesidad de construir una casita para La Klosca a la formaci\u00f3n compartida entre j\u00f3venes de diversos recursos | CFP Maresme<\/title>\n<meta name=\"robots\" content=\"index, follow, max-snippet:-1, max-image-preview:large, max-video-preview:-1\" \/>\n<link rel=\"canonical\" href=\"https:\/\/cfpmaresme.org\/es\/de-la-necesidad-de-construir-una-casita-para-la-klosca-a-la-formacion-compartida-entre-jovenes-de-diversos-recursos\/\" \/>\n<meta property=\"og:locale\" content=\"es_ES\" \/>\n<meta property=\"og:type\" content=\"article\" \/>\n<meta property=\"og:title\" content=\"De la necesidad de construir una casita para La Klosca a la formaci\u00f3n compartida entre j\u00f3venes de diversos recursos | CFP Maresme\" \/>\n<meta property=\"og:description\" content=\"La transversalidad de los servicios del CFP da la oportunidad de que, a menudo, la necesidad de un recurso pueda ser cubierta por otro y, por otro lado, de que personas que atendemos puedan seguir un itinerario dentro de este engranaje de servicios. As\u00ed, tienen...\" \/>\n<meta property=\"og:url\" content=\"https:\/\/cfpmaresme.org\/es\/de-la-necesidad-de-construir-una-casita-para-la-klosca-a-la-formacion-compartida-entre-jovenes-de-diversos-recursos\/\" \/>\n<meta property=\"og:site_name\" content=\"CFP Maresme\" \/>\n<meta property=\"article:published_time\" content=\"2021-06-28T11:43:57+00:00\" \/>\n<meta property=\"article:modified_time\" content=\"2021-09-07T09:36:50+00:00\" \/>\n<meta property=\"og:image\" content=\"https:\/\/cfpmaresme.org\/wp-content\/uploads\/2021\/06\/banner.jpg\" \/>\n\t<meta property=\"og:image:width\" content=\"924\" \/>\n\t<meta property=\"og:image:height\" content=\"364\" \/>\n\t<meta property=\"og:image:type\" content=\"image\/jpeg\" \/>\n<meta name=\"author\" content=\"CFPMaresme\" \/>\n<meta name=\"twitter:card\" content=\"summary_large_image\" \/>\n<meta name=\"twitter:creator\" content=\"@cfpmaresme\" \/>\n<meta name=\"twitter:site\" content=\"@cfpmaresme\" \/>\n<meta name=\"twitter:label1\" content=\"Escrito por\" \/>\n\t<meta name=\"twitter:data1\" content=\"CFPMaresme\" \/>\n\t<meta name=\"twitter:label2\" content=\"Tiempo de lectura\" \/>\n\t<meta name=\"twitter:data2\" content=\"2 minutos\" \/>\n<script type=\"application\/ld+json\" class=\"yoast-schema-graph\">{\"@context\":\"https:\\\/\\\/schema.org\",\"@graph\":[{\"@type\":\"Article\",\"@id\":\"https:\\\/\\\/cfpmaresme.org\\\/es\\\/de-la-necesidad-de-construir-una-casita-para-la-klosca-a-la-formacion-compartida-entre-jovenes-de-diversos-recursos\\\/#article\",\"isPartOf\":{\"@id\":\"https:\\\/\\\/cfpmaresme.org\\\/es\\\/de-la-necesidad-de-construir-una-casita-para-la-klosca-a-la-formacion-compartida-entre-jovenes-de-diversos-recursos\\\/\"},\"author\":{\"name\":\"CFPMaresme\",\"@id\":\"https:\\\/\\\/cfpmaresme.org\\\/#\\\/schema\\\/person\\\/b2634bcd796fafc667ea4055f61b9b2c\"},\"headline\":\"De la necesidad de construir una casita para La Klosca a la formaci\u00f3n compartida entre j\u00f3venes de diversos recursos\",\"datePublished\":\"2021-06-28T11:43:57+00:00\",\"dateModified\":\"2021-09-07T09:36:50+00:00\",\"mainEntityOfPage\":{\"@id\":\"https:\\\/\\\/cfpmaresme.org\\\/es\\\/de-la-necesidad-de-construir-una-casita-para-la-klosca-a-la-formacion-compartida-entre-jovenes-de-diversos-recursos\\\/\"},\"wordCount\":364,\"commentCount\":0,\"image\":{\"@id\":\"https:\\\/\\\/cfpmaresme.org\\\/es\\\/de-la-necesidad-de-construir-una-casita-para-la-klosca-a-la-formacion-compartida-entre-jovenes-de-diversos-recursos\\\/#primaryimage\"},\"thumbnailUrl\":\"https:\\\/\\\/cfpmaresme.org\\\/wp-content\\\/uploads\\\/2021\\\/06\\\/banner.jpg\",\"articleSection\":[\"\u00c1rea Diurna\",\"Servicio Prelaboral\"],\"inLanguage\":\"es\"},{\"@type\":\"WebPage\",\"@id\":\"https:\\\/\\\/cfpmaresme.org\\\/es\\\/de-la-necesidad-de-construir-una-casita-para-la-klosca-a-la-formacion-compartida-entre-jovenes-de-diversos-recursos\\\/\",\"url\":\"https:\\\/\\\/cfpmaresme.org\\\/es\\\/de-la-necesidad-de-construir-una-casita-para-la-klosca-a-la-formacion-compartida-entre-jovenes-de-diversos-recursos\\\/\",\"name\":\"De la necesidad de construir una casita para La Klosca a la formaci\u00f3n compartida entre j\u00f3venes de diversos recursos | CFP Maresme\",\"isPartOf\":{\"@id\":\"https:\\\/\\\/cfpmaresme.org\\\/#website\"},\"primaryImageOfPage\":{\"@id\":\"https:\\\/\\\/cfpmaresme.org\\\/es\\\/de-la-necesidad-de-construir-una-casita-para-la-klosca-a-la-formacion-compartida-entre-jovenes-de-diversos-recursos\\\/#primaryimage\"},\"image\":{\"@id\":\"https:\\\/\\\/cfpmaresme.org\\\/es\\\/de-la-necesidad-de-construir-una-casita-para-la-klosca-a-la-formacion-compartida-entre-jovenes-de-diversos-recursos\\\/#primaryimage\"},\"thumbnailUrl\":\"https:\\\/\\\/cfpmaresme.org\\\/wp-content\\\/uploads\\\/2021\\\/06\\\/banner.jpg\",\"datePublished\":\"2021-06-28T11:43:57+00:00\",\"dateModified\":\"2021-09-07T09:36:50+00:00\",\"author\":{\"@id\":\"https:\\\/\\\/cfpmaresme.org\\\/#\\\/schema\\\/person\\\/b2634bcd796fafc667ea4055f61b9b2c\"},\"breadcrumb\":{\"@id\":\"https:\\\/\\\/cfpmaresme.org\\\/es\\\/de-la-necesidad-de-construir-una-casita-para-la-klosca-a-la-formacion-compartida-entre-jovenes-de-diversos-recursos\\\/#breadcrumb\"},\"inLanguage\":\"es\",\"potentialAction\":[{\"@type\":\"ReadAction\",\"target\":[\"https:\\\/\\\/cfpmaresme.org\\\/es\\\/de-la-necesidad-de-construir-una-casita-para-la-klosca-a-la-formacion-compartida-entre-jovenes-de-diversos-recursos\\\/\"]}]},{\"@type\":\"ImageObject\",\"inLanguage\":\"es\",\"@id\":\"https:\\\/\\\/cfpmaresme.org\\\/es\\\/de-la-necesidad-de-construir-una-casita-para-la-klosca-a-la-formacion-compartida-entre-jovenes-de-diversos-recursos\\\/#primaryimage\",\"url\":\"https:\\\/\\\/cfpmaresme.org\\\/wp-content\\\/uploads\\\/2021\\\/06\\\/banner.jpg\",\"contentUrl\":\"https:\\\/\\\/cfpmaresme.org\\\/wp-content\\\/uploads\\\/2021\\\/06\\\/banner.jpg\",\"width\":924,\"height\":364},{\"@type\":\"BreadcrumbList\",\"@id\":\"https:\\\/\\\/cfpmaresme.org\\\/es\\\/de-la-necesidad-de-construir-una-casita-para-la-klosca-a-la-formacion-compartida-entre-jovenes-de-diversos-recursos\\\/#breadcrumb\",\"itemListElement\":[{\"@type\":\"ListItem\",\"position\":1,\"name\":\"Home\",\"item\":\"https:\\\/\\\/cfpmaresme.org\\\/es\\\/\"},{\"@type\":\"ListItem\",\"position\":2,\"name\":\"De la necesidad de construir una casita para La Klosca a la formaci\u00f3n compartida entre j\u00f3venes de diversos recursos\"}]},{\"@type\":\"WebSite\",\"@id\":\"https:\\\/\\\/cfpmaresme.org\\\/#website\",\"url\":\"https:\\\/\\\/cfpmaresme.org\\\/\",\"name\":\"CFP Maresme\",\"description\":\"Centre Formaci\u00f3 Prevenci\u00f3\",\"potentialAction\":[{\"@type\":\"SearchAction\",\"target\":{\"@type\":\"EntryPoint\",\"urlTemplate\":\"https:\\\/\\\/cfpmaresme.org\\\/?s={search_term_string}\"},\"query-input\":{\"@type\":\"PropertyValueSpecification\",\"valueRequired\":true,\"valueName\":\"search_term_string\"}}],\"inLanguage\":\"es\"},{\"@type\":\"Person\",\"@id\":\"https:\\\/\\\/cfpmaresme.org\\\/#\\\/schema\\\/person\\\/b2634bcd796fafc667ea4055f61b9b2c\",\"name\":\"CFPMaresme\"}]}<\/script>\n<!-- \/ Yoast SEO plugin. -->","yoast_head_json":{"title":"De la necesidad de construir una casita para La Klosca a la formaci\u00f3n compartida entre j\u00f3venes de diversos recursos | CFP Maresme","robots":{"index":"index","follow":"follow","max-snippet":"max-snippet:-1","max-image-preview":"max-image-preview:large","max-video-preview":"max-video-preview:-1"},"canonical":"https:\/\/cfpmaresme.org\/es\/de-la-necesidad-de-construir-una-casita-para-la-klosca-a-la-formacion-compartida-entre-jovenes-de-diversos-recursos\/","og_locale":"es_ES","og_type":"article","og_title":"De la necesidad de construir una casita para La Klosca a la formaci\u00f3n compartida entre j\u00f3venes de diversos recursos | CFP Maresme","og_description":"La transversalidad de los servicios del CFP da la oportunidad de que, a menudo, la necesidad de un recurso pueda ser cubierta por otro y, por otro lado, de que personas que atendemos puedan seguir un itinerario dentro de este engranaje de servicios. As\u00ed, tienen...","og_url":"https:\/\/cfpmaresme.org\/es\/de-la-necesidad-de-construir-una-casita-para-la-klosca-a-la-formacion-compartida-entre-jovenes-de-diversos-recursos\/","og_site_name":"CFP Maresme","article_published_time":"2021-06-28T11:43:57+00:00","article_modified_time":"2021-09-07T09:36:50+00:00","og_image":[{"width":924,"height":364,"url":"https:\/\/cfpmaresme.org\/wp-content\/uploads\/2021\/06\/banner.jpg","type":"image\/jpeg"}],"author":"CFPMaresme","twitter_card":"summary_large_image","twitter_creator":"@cfpmaresme","twitter_site":"@cfpmaresme","twitter_misc":{"Escrito por":"CFPMaresme","Tiempo de lectura":"2 minutos"},"schema":{"@context":"https:\/\/schema.org","@graph":[{"@type":"Article","@id":"https:\/\/cfpmaresme.org\/es\/de-la-necesidad-de-construir-una-casita-para-la-klosca-a-la-formacion-compartida-entre-jovenes-de-diversos-recursos\/#article","isPartOf":{"@id":"https:\/\/cfpmaresme.org\/es\/de-la-necesidad-de-construir-una-casita-para-la-klosca-a-la-formacion-compartida-entre-jovenes-de-diversos-recursos\/"},"author":{"name":"CFPMaresme","@id":"https:\/\/cfpmaresme.org\/#\/schema\/person\/b2634bcd796fafc667ea4055f61b9b2c"},"headline":"De la necesidad de construir una casita para La Klosca a la formaci\u00f3n compartida entre j\u00f3venes de diversos recursos","datePublished":"2021-06-28T11:43:57+00:00","dateModified":"2021-09-07T09:36:50+00:00","mainEntityOfPage":{"@id":"https:\/\/cfpmaresme.org\/es\/de-la-necesidad-de-construir-una-casita-para-la-klosca-a-la-formacion-compartida-entre-jovenes-de-diversos-recursos\/"},"wordCount":364,"commentCount":0,"image":{"@id":"https:\/\/cfpmaresme.org\/es\/de-la-necesidad-de-construir-una-casita-para-la-klosca-a-la-formacion-compartida-entre-jovenes-de-diversos-recursos\/#primaryimage"},"thumbnailUrl":"https:\/\/cfpmaresme.org\/wp-content\/uploads\/2021\/06\/banner.jpg","articleSection":["\u00c1rea Diurna","Servicio Prelaboral"],"inLanguage":"es"},{"@type":"WebPage","@id":"https:\/\/cfpmaresme.org\/es\/de-la-necesidad-de-construir-una-casita-para-la-klosca-a-la-formacion-compartida-entre-jovenes-de-diversos-recursos\/","url":"https:\/\/cfpmaresme.org\/es\/de-la-necesidad-de-construir-una-casita-para-la-klosca-a-la-formacion-compartida-entre-jovenes-de-diversos-recursos\/","name":"De la necesidad de construir una casita para La Klosca a la formaci\u00f3n compartida entre j\u00f3venes de diversos recursos | CFP Maresme","isPartOf":{"@id":"https:\/\/cfpmaresme.org\/#website"},"primaryImageOfPage":{"@id":"https:\/\/cfpmaresme.org\/es\/de-la-necesidad-de-construir-una-casita-para-la-klosca-a-la-formacion-compartida-entre-jovenes-de-diversos-recursos\/#primaryimage"},"image":{"@id":"https:\/\/cfpmaresme.org\/es\/de-la-necesidad-de-construir-una-casita-para-la-klosca-a-la-formacion-compartida-entre-jovenes-de-diversos-recursos\/#primaryimage"},"thumbnailUrl":"https:\/\/cfpmaresme.org\/wp-content\/uploads\/2021\/06\/banner.jpg","datePublished":"2021-06-28T11:43:57+00:00","dateModified":"2021-09-07T09:36:50+00:00","author":{"@id":"https:\/\/cfpmaresme.org\/#\/schema\/person\/b2634bcd796fafc667ea4055f61b9b2c"},"breadcrumb":{"@id":"https:\/\/cfpmaresme.org\/es\/de-la-necesidad-de-construir-una-casita-para-la-klosca-a-la-formacion-compartida-entre-jovenes-de-diversos-recursos\/#breadcrumb"},"inLanguage":"es","potentialAction":[{"@type":"ReadAction","target":["https:\/\/cfpmaresme.org\/es\/de-la-necesidad-de-construir-una-casita-para-la-klosca-a-la-formacion-compartida-entre-jovenes-de-diversos-recursos\/"]}]},{"@type":"ImageObject","inLanguage":"es","@id":"https:\/\/cfpmaresme.org\/es\/de-la-necesidad-de-construir-una-casita-para-la-klosca-a-la-formacion-compartida-entre-jovenes-de-diversos-recursos\/#primaryimage","url":"https:\/\/cfpmaresme.org\/wp-content\/uploads\/2021\/06\/banner.jpg","contentUrl":"https:\/\/cfpmaresme.org\/wp-content\/uploads\/2021\/06\/banner.jpg","width":924,"height":364},{"@type":"BreadcrumbList","@id":"https:\/\/cfpmaresme.org\/es\/de-la-necesidad-de-construir-una-casita-para-la-klosca-a-la-formacion-compartida-entre-jovenes-de-diversos-recursos\/#breadcrumb","itemListElement":[{"@type":"ListItem","position":1,"name":"Home","item":"https:\/\/cfpmaresme.org\/es\/"},{"@type":"ListItem","position":2,"name":"De la necesidad de construir una casita para La Klosca a la formaci\u00f3n compartida entre j\u00f3venes de diversos recursos"}]},{"@type":"WebSite","@id":"https:\/\/cfpmaresme.org\/#website","url":"https:\/\/cfpmaresme.org\/","name":"CFP Maresme","description":"Centre Formaci\u00f3 Prevenci\u00f3","potentialAction":[{"@type":"SearchAction","target":{"@type":"EntryPoint","urlTemplate":"https:\/\/cfpmaresme.org\/?s={search_term_string}"},"query-input":{"@type":"PropertyValueSpecification","valueRequired":true,"valueName":"search_term_string"}}],"inLanguage":"es"},{"@type":"Person","@id":"https:\/\/cfpmaresme.org\/#\/schema\/person\/b2634bcd796fafc667ea4055f61b9b2c","name":"CFPMaresme"}]}},"_links":{"self":[{"href":"https:\/\/cfpmaresme.org\/es\/wp-json\/wp\/v2\/posts\/25527","targetHints":{"allow":["GET"]}}],"collection":[{"href":"https:\/\/cfpmaresme.org\/es\/wp-json\/wp\/v2\/posts"}],"about":[{"href":"https:\/\/cfpmaresme.org\/es\/wp-json\/wp\/v2\/types\/post"}],"author":[{"embeddable":true,"href":"https:\/\/cfpmaresme.org\/es\/wp-json\/wp\/v2\/users\/2"}],"replies":[{"embeddable":true,"href":"https:\/\/cfpmaresme.org\/es\/wp-json\/wp\/v2\/comments?post=25527"}],"version-history":[{"count":3,"href":"https:\/\/cfpmaresme.org\/es\/wp-json\/wp\/v2\/posts\/25527\/revisions"}],"predecessor-version":[{"id":25530,"href":"https:\/\/cfpmaresme.org\/es\/wp-json\/wp\/v2\/posts\/25527\/revisions\/25530"}],"wp:featuredmedia":[{"embeddable":true,"href":"https:\/\/cfpmaresme.org\/es\/wp-json\/wp\/v2\/media\/25510"}],"wp:attachment":[{"href":"https:\/\/cfpmaresme.org\/es\/wp-json\/wp\/v2\/media?parent=25527"}],"wp:term":[{"taxonomy":"category","embeddable":true,"href":"https:\/\/cfpmaresme.org\/es\/wp-json\/wp\/v2\/categories?post=25527"},{"taxonomy":"post_tag","embeddable":true,"href":"https:\/\/cfpmaresme.org\/es\/wp-json\/wp\/v2\/tags?post=25527"}],"curies":[{"name":"wp","href":"https:\/\/api.w.org\/{rel}","templated":true}]}}