{"id":25806,"date":"2021-06-20T13:32:48","date_gmt":"2021-06-20T11:32:48","guid":{"rendered":"https:\/\/www.cfpmaresme.org\/?p=25806"},"modified":"2022-05-25T10:28:35","modified_gmt":"2022-05-25T08:28:35","slug":"reflexiones-sobre-la-medicacion-psiquiatrica-ayer-y-hoy","status":"publish","type":"post","link":"https:\/\/cfpmaresme.org\/es\/reflexiones-sobre-la-medicacion-psiquiatrica-ayer-y-hoy\/","title":{"rendered":"\u00abReflexiones sobre la medicaci\u00f3n psiqui\u00e1trica. Ayer y hoy\u00bb"},"content":{"rendered":"<h4>Por Laura G\u00f3mez Quijada, psic\u00f3loga sanitaria colegiada n\u00fam. 22965 y jefe de servicio del SRC Burriac<\/h4>\n<p>&nbsp;<\/p>\n<p>Laura G\u00f3mez ha realizado este <a href=\"https:\/\/www.cfpmaresme.org\/wp-content\/uploads\/2021\/07\/ART\u00cdCULO.-REFLEXIONES-SOBRE-LA-MEDICACI\u00d3N-PSIQUI\u00c1TRICA.-AYER-Y-HOY.pdf\" target=\"_blank\" rel=\"noopener noreferrer\">art\u00edculo<\/a> a partir de los aprendizajes adquiridos y las reflexiones hechas en su 25\u00ba aniversario como profesional especializada en la atenci\u00f3n a personas que conviven con una problem\u00e1tica de salud mental.<\/p>\n<p><a href=\"https:\/\/www.cfpmaresme.org\/wp-content\/uploads\/2021\/07\/ART\u00cdCULO.-REFLEXIONES-SOBRE-LA-MEDICACI\u00d3N-PSIQUI\u00c1TRICA.-AYER-Y-HOY.pdf\" target=\"_blank\" rel=\"noopener noreferrer\">\u201cReflexiones sobre la medicaci\u00f3n psiqui\u00e1trica. Ayer y hoy\u00bb<\/a> empieza\u00a0 haciendo un <strong>repaso de los cambios de tendencia psiqui\u00e1tricos<\/strong> durante los \u00faltimos tiempos. Desde el inicio de la psiquiatr\u00eda organicista (siglo XX), pasando por la antipsiquiatria y acabando con la aparici\u00f3n de la psiquiatr\u00eda farmacol\u00f3gica.<\/p>\n<p>La principal tem\u00e1tica del art\u00edculo, como su nombre sugiere, es una <strong>detallada y argumentada reflexi\u00f3n sobre la psicofarmacolog\u00eda<\/strong>. La responsable del SRC trata temas que est\u00e1n tan en boga como los efectos secundarios de la farmacolog\u00eda; la relaci\u00f3n entre paciente, psiquiatra y tratamiento o la realidad de la cronificaci\u00f3n de los tratamientos. Tambi\u00e9n comparte su visi\u00f3n sobre la posibilidad de que convivan la terapia farmacol\u00f3gica y la psicosocial y el papel que juega la industria farmac\u00e9utica en este engranaje.<\/p>\n<p>Adem\u00e1s, lista y detalla los psicof\u00e1rmacos existentes y el tipo de tratamientos que se han utilizado y que se utilizan hoy en d\u00eda.<\/p>\n<p>El art\u00edculo concluye con la opini\u00f3n de Laura sobre c\u00f3mo tendr\u00edan que convivir los f\u00e1rmacos con la terapia psicosocial a fin de <strong>conseguir la recuperaci\u00f3n<\/strong> y la mejora de la calidad de vida de personas con una problem\u00e1tica de salud mental. Complementa esta opini\u00f3n con una alentadora <strong>historia de recuperaci\u00f3n vivida<\/strong>, en primera persona, con una persona que ha atendido durante los \u00faltimos a\u00f1os.<\/p>\n<p>&nbsp;<\/p>\n<p>Pod\u00e9is leer el art\u00edculo a trav\u00e9s del siguiente <a href=\"https:\/\/www.cfpmaresme.org\/wp-content\/uploads\/2021\/07\/ART\u00cdCULO.-REFLEXIONES-SOBRE-LA-MEDICACI\u00d3N-PSIQUI\u00c1TRICA.-AYER-Y-HOY.pdf\" target=\"_blank\" rel=\"noopener noreferrer\">enlace.\u00a0<\/a><\/p>\n","protected":false},"excerpt":{"rendered":"<p>Por Laura G\u00f3mez Quijada, psic\u00f3loga sanitaria colegiada n\u00fam. 22965 y jefe de servicio del SRC Burriac &nbsp; Laura G\u00f3mez ha realizado este art\u00edculo a partir de los aprendizajes adquiridos y las reflexiones hechas en su 25\u00ba aniversario como profesional especializada en la atenci\u00f3n a personas&#8230;<\/p>\n","protected":false},"author":2,"featured_media":25811,"comment_status":"open","ping_status":"open","sticky":false,"template":"","format":"standard","meta":{"footnotes":""},"categories":[1256],"tags":[],"class_list":["post-25806","post","type-post","status-publish","format-standard","has-post-thumbnail","hentry","category-articulos-profesionales"],"yoast_head":"<!-- This site is optimized with the Yoast SEO plugin v27.4 - https:\/\/yoast.com\/product\/yoast-seo-wordpress\/ -->\n<title>&quot;Reflexiones sobre la medicaci\u00f3n psiqui\u00e1trica. Ayer y hoy&quot; | CFP Maresme<\/title>\n<meta name=\"robots\" content=\"index, follow, max-snippet:-1, max-image-preview:large, max-video-preview:-1\" \/>\n<link rel=\"canonical\" href=\"https:\/\/cfpmaresme.org\/es\/reflexiones-sobre-la-medicacion-psiquiatrica-ayer-y-hoy\/\" \/>\n<meta property=\"og:locale\" content=\"es_ES\" \/>\n<meta property=\"og:type\" content=\"article\" \/>\n<meta property=\"og:title\" content=\"&quot;Reflexiones sobre la medicaci\u00f3n psiqui\u00e1trica. Ayer y hoy&quot; | CFP Maresme\" \/>\n<meta property=\"og:description\" content=\"Por Laura G\u00f3mez Quijada, psic\u00f3loga sanitaria colegiada n\u00fam. 22965 y jefe de servicio del SRC Burriac &nbsp; Laura G\u00f3mez ha realizado este art\u00edculo a partir de los aprendizajes adquiridos y las reflexiones hechas en su 25\u00ba aniversario como profesional especializada en la atenci\u00f3n a personas...\" \/>\n<meta property=\"og:url\" content=\"https:\/\/cfpmaresme.org\/es\/reflexiones-sobre-la-medicacion-psiquiatrica-ayer-y-hoy\/\" \/>\n<meta property=\"og:site_name\" content=\"CFP Maresme\" \/>\n<meta property=\"article:published_time\" content=\"2021-06-20T11:32:48+00:00\" \/>\n<meta property=\"article:modified_time\" content=\"2022-05-25T08:28:35+00:00\" \/>\n<meta property=\"og:image\" content=\"https:\/\/cfpmaresme.org\/wp-content\/uploads\/2021\/07\/banner-en-castell\u00e0.jpg\" \/>\n\t<meta property=\"og:image:width\" content=\"609\" \/>\n\t<meta property=\"og:image:height\" content=\"150\" \/>\n\t<meta property=\"og:image:type\" content=\"image\/jpeg\" \/>\n<meta name=\"author\" content=\"CFPMaresme\" \/>\n<meta name=\"twitter:card\" content=\"summary_large_image\" \/>\n<meta name=\"twitter:creator\" content=\"@cfpmaresme\" \/>\n<meta name=\"twitter:site\" content=\"@cfpmaresme\" \/>\n<meta name=\"twitter:label1\" content=\"Escrito por\" \/>\n\t<meta name=\"twitter:data1\" content=\"CFPMaresme\" \/>\n\t<meta name=\"twitter:label2\" content=\"Tiempo de lectura\" \/>\n\t<meta name=\"twitter:data2\" content=\"2 minutos\" \/>\n<script type=\"application\/ld+json\" class=\"yoast-schema-graph\">{\"@context\":\"https:\\\/\\\/schema.org\",\"@graph\":[{\"@type\":\"Article\",\"@id\":\"https:\\\/\\\/cfpmaresme.org\\\/es\\\/reflexiones-sobre-la-medicacion-psiquiatrica-ayer-y-hoy\\\/#article\",\"isPartOf\":{\"@id\":\"https:\\\/\\\/cfpmaresme.org\\\/es\\\/reflexiones-sobre-la-medicacion-psiquiatrica-ayer-y-hoy\\\/\"},\"author\":{\"name\":\"CFPMaresme\",\"@id\":\"https:\\\/\\\/cfpmaresme.org\\\/#\\\/schema\\\/person\\\/b2634bcd796fafc667ea4055f61b9b2c\"},\"headline\":\"\u00abReflexiones sobre la medicaci\u00f3n psiqui\u00e1trica. Ayer y hoy\u00bb\",\"datePublished\":\"2021-06-20T11:32:48+00:00\",\"dateModified\":\"2022-05-25T08:28:35+00:00\",\"mainEntityOfPage\":{\"@id\":\"https:\\\/\\\/cfpmaresme.org\\\/es\\\/reflexiones-sobre-la-medicacion-psiquiatrica-ayer-y-hoy\\\/\"},\"wordCount\":323,\"commentCount\":0,\"image\":{\"@id\":\"https:\\\/\\\/cfpmaresme.org\\\/es\\\/reflexiones-sobre-la-medicacion-psiquiatrica-ayer-y-hoy\\\/#primaryimage\"},\"thumbnailUrl\":\"https:\\\/\\\/cfpmaresme.org\\\/wp-content\\\/uploads\\\/2021\\\/07\\\/banner-en-castell\u00e0.jpg\",\"articleSection\":[\"Art\u00edculos profesionales\"],\"inLanguage\":\"es\"},{\"@type\":\"WebPage\",\"@id\":\"https:\\\/\\\/cfpmaresme.org\\\/es\\\/reflexiones-sobre-la-medicacion-psiquiatrica-ayer-y-hoy\\\/\",\"url\":\"https:\\\/\\\/cfpmaresme.org\\\/es\\\/reflexiones-sobre-la-medicacion-psiquiatrica-ayer-y-hoy\\\/\",\"name\":\"\\\"Reflexiones sobre la medicaci\u00f3n psiqui\u00e1trica. Ayer y hoy\\\" | CFP Maresme\",\"isPartOf\":{\"@id\":\"https:\\\/\\\/cfpmaresme.org\\\/#website\"},\"primaryImageOfPage\":{\"@id\":\"https:\\\/\\\/cfpmaresme.org\\\/es\\\/reflexiones-sobre-la-medicacion-psiquiatrica-ayer-y-hoy\\\/#primaryimage\"},\"image\":{\"@id\":\"https:\\\/\\\/cfpmaresme.org\\\/es\\\/reflexiones-sobre-la-medicacion-psiquiatrica-ayer-y-hoy\\\/#primaryimage\"},\"thumbnailUrl\":\"https:\\\/\\\/cfpmaresme.org\\\/wp-content\\\/uploads\\\/2021\\\/07\\\/banner-en-castell\u00e0.jpg\",\"datePublished\":\"2021-06-20T11:32:48+00:00\",\"dateModified\":\"2022-05-25T08:28:35+00:00\",\"author\":{\"@id\":\"https:\\\/\\\/cfpmaresme.org\\\/#\\\/schema\\\/person\\\/b2634bcd796fafc667ea4055f61b9b2c\"},\"breadcrumb\":{\"@id\":\"https:\\\/\\\/cfpmaresme.org\\\/es\\\/reflexiones-sobre-la-medicacion-psiquiatrica-ayer-y-hoy\\\/#breadcrumb\"},\"inLanguage\":\"es\",\"potentialAction\":[{\"@type\":\"ReadAction\",\"target\":[\"https:\\\/\\\/cfpmaresme.org\\\/es\\\/reflexiones-sobre-la-medicacion-psiquiatrica-ayer-y-hoy\\\/\"]}]},{\"@type\":\"ImageObject\",\"inLanguage\":\"es\",\"@id\":\"https:\\\/\\\/cfpmaresme.org\\\/es\\\/reflexiones-sobre-la-medicacion-psiquiatrica-ayer-y-hoy\\\/#primaryimage\",\"url\":\"https:\\\/\\\/cfpmaresme.org\\\/wp-content\\\/uploads\\\/2021\\\/07\\\/banner-en-castell\u00e0.jpg\",\"contentUrl\":\"https:\\\/\\\/cfpmaresme.org\\\/wp-content\\\/uploads\\\/2021\\\/07\\\/banner-en-castell\u00e0.jpg\",\"width\":609,\"height\":150},{\"@type\":\"BreadcrumbList\",\"@id\":\"https:\\\/\\\/cfpmaresme.org\\\/es\\\/reflexiones-sobre-la-medicacion-psiquiatrica-ayer-y-hoy\\\/#breadcrumb\",\"itemListElement\":[{\"@type\":\"ListItem\",\"position\":1,\"name\":\"Home\",\"item\":\"https:\\\/\\\/cfpmaresme.org\\\/es\\\/\"},{\"@type\":\"ListItem\",\"position\":2,\"name\":\"\u00abReflexiones sobre la medicaci\u00f3n psiqui\u00e1trica. Ayer y hoy\u00bb\"}]},{\"@type\":\"WebSite\",\"@id\":\"https:\\\/\\\/cfpmaresme.org\\\/#website\",\"url\":\"https:\\\/\\\/cfpmaresme.org\\\/\",\"name\":\"CFP Maresme\",\"description\":\"Centre Formaci\u00f3 Prevenci\u00f3\",\"potentialAction\":[{\"@type\":\"SearchAction\",\"target\":{\"@type\":\"EntryPoint\",\"urlTemplate\":\"https:\\\/\\\/cfpmaresme.org\\\/?s={search_term_string}\"},\"query-input\":{\"@type\":\"PropertyValueSpecification\",\"valueRequired\":true,\"valueName\":\"search_term_string\"}}],\"inLanguage\":\"es\"},{\"@type\":\"Person\",\"@id\":\"https:\\\/\\\/cfpmaresme.org\\\/#\\\/schema\\\/person\\\/b2634bcd796fafc667ea4055f61b9b2c\",\"name\":\"CFPMaresme\"}]}<\/script>\n<!-- \/ Yoast SEO plugin. -->","yoast_head_json":{"title":"\"Reflexiones sobre la medicaci\u00f3n psiqui\u00e1trica. Ayer y hoy\" | CFP Maresme","robots":{"index":"index","follow":"follow","max-snippet":"max-snippet:-1","max-image-preview":"max-image-preview:large","max-video-preview":"max-video-preview:-1"},"canonical":"https:\/\/cfpmaresme.org\/es\/reflexiones-sobre-la-medicacion-psiquiatrica-ayer-y-hoy\/","og_locale":"es_ES","og_type":"article","og_title":"\"Reflexiones sobre la medicaci\u00f3n psiqui\u00e1trica. Ayer y hoy\" | CFP Maresme","og_description":"Por Laura G\u00f3mez Quijada, psic\u00f3loga sanitaria colegiada n\u00fam. 22965 y jefe de servicio del SRC Burriac &nbsp; Laura G\u00f3mez ha realizado este art\u00edculo a partir de los aprendizajes adquiridos y las reflexiones hechas en su 25\u00ba aniversario como profesional especializada en la atenci\u00f3n a personas...","og_url":"https:\/\/cfpmaresme.org\/es\/reflexiones-sobre-la-medicacion-psiquiatrica-ayer-y-hoy\/","og_site_name":"CFP Maresme","article_published_time":"2021-06-20T11:32:48+00:00","article_modified_time":"2022-05-25T08:28:35+00:00","og_image":[{"width":609,"height":150,"url":"https:\/\/cfpmaresme.org\/wp-content\/uploads\/2021\/07\/banner-en-castell\u00e0.jpg","type":"image\/jpeg"}],"author":"CFPMaresme","twitter_card":"summary_large_image","twitter_creator":"@cfpmaresme","twitter_site":"@cfpmaresme","twitter_misc":{"Escrito por":"CFPMaresme","Tiempo de lectura":"2 minutos"},"schema":{"@context":"https:\/\/schema.org","@graph":[{"@type":"Article","@id":"https:\/\/cfpmaresme.org\/es\/reflexiones-sobre-la-medicacion-psiquiatrica-ayer-y-hoy\/#article","isPartOf":{"@id":"https:\/\/cfpmaresme.org\/es\/reflexiones-sobre-la-medicacion-psiquiatrica-ayer-y-hoy\/"},"author":{"name":"CFPMaresme","@id":"https:\/\/cfpmaresme.org\/#\/schema\/person\/b2634bcd796fafc667ea4055f61b9b2c"},"headline":"\u00abReflexiones sobre la medicaci\u00f3n psiqui\u00e1trica. Ayer y hoy\u00bb","datePublished":"2021-06-20T11:32:48+00:00","dateModified":"2022-05-25T08:28:35+00:00","mainEntityOfPage":{"@id":"https:\/\/cfpmaresme.org\/es\/reflexiones-sobre-la-medicacion-psiquiatrica-ayer-y-hoy\/"},"wordCount":323,"commentCount":0,"image":{"@id":"https:\/\/cfpmaresme.org\/es\/reflexiones-sobre-la-medicacion-psiquiatrica-ayer-y-hoy\/#primaryimage"},"thumbnailUrl":"https:\/\/cfpmaresme.org\/wp-content\/uploads\/2021\/07\/banner-en-castell\u00e0.jpg","articleSection":["Art\u00edculos profesionales"],"inLanguage":"es"},{"@type":"WebPage","@id":"https:\/\/cfpmaresme.org\/es\/reflexiones-sobre-la-medicacion-psiquiatrica-ayer-y-hoy\/","url":"https:\/\/cfpmaresme.org\/es\/reflexiones-sobre-la-medicacion-psiquiatrica-ayer-y-hoy\/","name":"\"Reflexiones sobre la medicaci\u00f3n psiqui\u00e1trica. Ayer y hoy\" | CFP Maresme","isPartOf":{"@id":"https:\/\/cfpmaresme.org\/#website"},"primaryImageOfPage":{"@id":"https:\/\/cfpmaresme.org\/es\/reflexiones-sobre-la-medicacion-psiquiatrica-ayer-y-hoy\/#primaryimage"},"image":{"@id":"https:\/\/cfpmaresme.org\/es\/reflexiones-sobre-la-medicacion-psiquiatrica-ayer-y-hoy\/#primaryimage"},"thumbnailUrl":"https:\/\/cfpmaresme.org\/wp-content\/uploads\/2021\/07\/banner-en-castell\u00e0.jpg","datePublished":"2021-06-20T11:32:48+00:00","dateModified":"2022-05-25T08:28:35+00:00","author":{"@id":"https:\/\/cfpmaresme.org\/#\/schema\/person\/b2634bcd796fafc667ea4055f61b9b2c"},"breadcrumb":{"@id":"https:\/\/cfpmaresme.org\/es\/reflexiones-sobre-la-medicacion-psiquiatrica-ayer-y-hoy\/#breadcrumb"},"inLanguage":"es","potentialAction":[{"@type":"ReadAction","target":["https:\/\/cfpmaresme.org\/es\/reflexiones-sobre-la-medicacion-psiquiatrica-ayer-y-hoy\/"]}]},{"@type":"ImageObject","inLanguage":"es","@id":"https:\/\/cfpmaresme.org\/es\/reflexiones-sobre-la-medicacion-psiquiatrica-ayer-y-hoy\/#primaryimage","url":"https:\/\/cfpmaresme.org\/wp-content\/uploads\/2021\/07\/banner-en-castell\u00e0.jpg","contentUrl":"https:\/\/cfpmaresme.org\/wp-content\/uploads\/2021\/07\/banner-en-castell\u00e0.jpg","width":609,"height":150},{"@type":"BreadcrumbList","@id":"https:\/\/cfpmaresme.org\/es\/reflexiones-sobre-la-medicacion-psiquiatrica-ayer-y-hoy\/#breadcrumb","itemListElement":[{"@type":"ListItem","position":1,"name":"Home","item":"https:\/\/cfpmaresme.org\/es\/"},{"@type":"ListItem","position":2,"name":"\u00abReflexiones sobre la medicaci\u00f3n psiqui\u00e1trica. Ayer y hoy\u00bb"}]},{"@type":"WebSite","@id":"https:\/\/cfpmaresme.org\/#website","url":"https:\/\/cfpmaresme.org\/","name":"CFP Maresme","description":"Centre Formaci\u00f3 Prevenci\u00f3","potentialAction":[{"@type":"SearchAction","target":{"@type":"EntryPoint","urlTemplate":"https:\/\/cfpmaresme.org\/?s={search_term_string}"},"query-input":{"@type":"PropertyValueSpecification","valueRequired":true,"valueName":"search_term_string"}}],"inLanguage":"es"},{"@type":"Person","@id":"https:\/\/cfpmaresme.org\/#\/schema\/person\/b2634bcd796fafc667ea4055f61b9b2c","name":"CFPMaresme"}]}},"_links":{"self":[{"href":"https:\/\/cfpmaresme.org\/es\/wp-json\/wp\/v2\/posts\/25806","targetHints":{"allow":["GET"]}}],"collection":[{"href":"https:\/\/cfpmaresme.org\/es\/wp-json\/wp\/v2\/posts"}],"about":[{"href":"https:\/\/cfpmaresme.org\/es\/wp-json\/wp\/v2\/types\/post"}],"author":[{"embeddable":true,"href":"https:\/\/cfpmaresme.org\/es\/wp-json\/wp\/v2\/users\/2"}],"replies":[{"embeddable":true,"href":"https:\/\/cfpmaresme.org\/es\/wp-json\/wp\/v2\/comments?post=25806"}],"version-history":[{"count":3,"href":"https:\/\/cfpmaresme.org\/es\/wp-json\/wp\/v2\/posts\/25806\/revisions"}],"predecessor-version":[{"id":25813,"href":"https:\/\/cfpmaresme.org\/es\/wp-json\/wp\/v2\/posts\/25806\/revisions\/25813"}],"wp:featuredmedia":[{"embeddable":true,"href":"https:\/\/cfpmaresme.org\/es\/wp-json\/wp\/v2\/media\/25811"}],"wp:attachment":[{"href":"https:\/\/cfpmaresme.org\/es\/wp-json\/wp\/v2\/media?parent=25806"}],"wp:term":[{"taxonomy":"category","embeddable":true,"href":"https:\/\/cfpmaresme.org\/es\/wp-json\/wp\/v2\/categories?post=25806"},{"taxonomy":"post_tag","embeddable":true,"href":"https:\/\/cfpmaresme.org\/es\/wp-json\/wp\/v2\/tags?post=25806"}],"curies":[{"name":"wp","href":"https:\/\/api.w.org\/{rel}","templated":true}]}}