{"id":25846,"date":"2018-09-21T15:12:21","date_gmt":"2018-09-21T13:12:21","guid":{"rendered":"https:\/\/www.cfpmaresme.org\/?p=25846"},"modified":"2021-07-21T16:23:38","modified_gmt":"2021-07-21T14:23:38","slug":"reprenem-lactivitat-fent-cami-per-als-usuaris-i-usuaries-de-lentitat","status":"publish","type":"post","link":"https:\/\/cfpmaresme.org\/es\/reprenem-lactivitat-fent-cami-per-als-usuaris-i-usuaries-de-lentitat\/","title":{"rendered":"Retomamos la actividad \u00abHaciendo camino\u00bb para usuarios y usuarias de la entidad"},"content":{"rendered":"<p><strong>Se trata de una actividad deportiva de car\u00e1cter complementario a las acciones que se ofrecen desde el Servicio de Intermediaci\u00f3n Laboral del CFP<\/strong><\/p>\n<p>&nbsp;<\/p>\n<p>Este mes de septiembre ha empezado de nuevo una actividad llamada \u00abHaciendo camino\u00bb, en la cual programan salidas con los usuarios y usuarias de la entidad a fin de salir a caminar. Est\u00e1 abierta a cualquier persona que est\u00e9 siendo atendida en el Centre y se enmarca dentro de las acciones de h\u00e1bitos saludables que se proponen desde el Servicio de Intermediaci\u00f3n Laboral de la entidad.<\/p>\n<p>&nbsp;<\/p>\n<p>Durante los \u00faltimos a\u00f1os ya se hab\u00eda llevado a cabo esta iniciativa pero este a\u00f1o se prev\u00e9 que se pueda establecer un calendario fijo para poder seguir con la actividad de manera peri\u00f3dica. La salud f\u00edsica y el fomento del deporte tambi\u00e9n es uno de los punto que el Centre de Formaci\u00f3 i Prevenci\u00f3 ofrece a sus usuarios y usuarias, a fin de poder cuidar nuestro cuerpo adem\u00e1s de procurar tener una buena salud mental.<\/p>\n","protected":false},"excerpt":{"rendered":"<p>Se trata de una actividad deportiva de car\u00e1cter complementario a las acciones que se ofrecen desde el Servicio de Intermediaci\u00f3n Laboral del CFP &nbsp; Este mes de septiembre ha empezado de nuevo una actividad llamada \u00abHaciendo camino\u00bb, en la cual programan salidas con los usuarios&#8230;<\/p>\n","protected":false},"author":2,"featured_media":17244,"comment_status":"open","ping_status":"open","sticky":false,"template":"","format":"standard","meta":{"footnotes":""},"categories":[1193],"tags":[639,630,745,635,704,705,638,623],"class_list":["post-25846","post","type-post","status-publish","format-standard","has-post-thumbnail","hentry","category-servicio-de-formacion-e-intermediacion-laboral","tag-activitat-es","tag-centre-es","tag-esport-es","tag-formacio-es","tag-intermediacio-es","tag-laboral-es","tag-prevencio-es","tag-servei-es"],"yoast_head":"<!-- This site is optimized with the Yoast SEO plugin v27.4 - https:\/\/yoast.com\/product\/yoast-seo-wordpress\/ -->\n<title>Retomamos la actividad &quot;Haciendo camino&quot; para usuarios y usuarias de la entidad | CFP Maresme<\/title>\n<meta name=\"robots\" content=\"index, follow, max-snippet:-1, max-image-preview:large, max-video-preview:-1\" \/>\n<link rel=\"canonical\" href=\"https:\/\/cfpmaresme.org\/es\/reprenem-lactivitat-fent-cami-per-als-usuaris-i-usuaries-de-lentitat\/\" \/>\n<meta property=\"og:locale\" content=\"es_ES\" \/>\n<meta property=\"og:type\" content=\"article\" \/>\n<meta property=\"og:title\" content=\"Retomamos la actividad &quot;Haciendo camino&quot; para usuarios y usuarias de la entidad | CFP Maresme\" \/>\n<meta property=\"og:description\" content=\"Se trata de una actividad deportiva de car\u00e1cter complementario a las acciones que se ofrecen desde el Servicio de Intermediaci\u00f3n Laboral del CFP &nbsp; Este mes de septiembre ha empezado de nuevo una actividad llamada \u00abHaciendo camino\u00bb, en la cual programan salidas con los usuarios...\" \/>\n<meta property=\"og:url\" content=\"https:\/\/cfpmaresme.org\/es\/reprenem-lactivitat-fent-cami-per-als-usuaris-i-usuaries-de-lentitat\/\" \/>\n<meta property=\"og:site_name\" content=\"CFP Maresme\" \/>\n<meta property=\"article:published_time\" content=\"2018-09-21T13:12:21+00:00\" \/>\n<meta property=\"article:modified_time\" content=\"2021-07-21T14:23:38+00:00\" \/>\n<meta property=\"og:image\" content=\"https:\/\/cfpmaresme.org\/wp-content\/uploads\/2019\/01\/2018-08-21.jpg\" \/>\n\t<meta property=\"og:image:width\" content=\"584\" \/>\n\t<meta property=\"og:image:height\" content=\"325\" \/>\n\t<meta property=\"og:image:type\" content=\"image\/jpeg\" \/>\n<meta name=\"author\" content=\"CFPMaresme\" \/>\n<meta name=\"twitter:card\" content=\"summary_large_image\" \/>\n<meta name=\"twitter:creator\" content=\"@cfpmaresme\" \/>\n<meta name=\"twitter:site\" content=\"@cfpmaresme\" \/>\n<meta name=\"twitter:label1\" content=\"Escrito por\" \/>\n\t<meta name=\"twitter:data1\" content=\"CFPMaresme\" \/>\n\t<meta name=\"twitter:label2\" content=\"Tiempo de lectura\" \/>\n\t<meta name=\"twitter:data2\" content=\"1 minuto\" \/>\n<script type=\"application\/ld+json\" class=\"yoast-schema-graph\">{\"@context\":\"https:\\\/\\\/schema.org\",\"@graph\":[{\"@type\":\"Article\",\"@id\":\"https:\\\/\\\/cfpmaresme.org\\\/es\\\/reprenem-lactivitat-fent-cami-per-als-usuaris-i-usuaries-de-lentitat\\\/#article\",\"isPartOf\":{\"@id\":\"https:\\\/\\\/cfpmaresme.org\\\/es\\\/reprenem-lactivitat-fent-cami-per-als-usuaris-i-usuaries-de-lentitat\\\/\"},\"author\":{\"name\":\"CFPMaresme\",\"@id\":\"https:\\\/\\\/cfpmaresme.org\\\/#\\\/schema\\\/person\\\/b2634bcd796fafc667ea4055f61b9b2c\"},\"headline\":\"Retomamos la actividad \u00abHaciendo camino\u00bb para usuarios y usuarias de la entidad\",\"datePublished\":\"2018-09-21T13:12:21+00:00\",\"dateModified\":\"2021-07-21T14:23:38+00:00\",\"mainEntityOfPage\":{\"@id\":\"https:\\\/\\\/cfpmaresme.org\\\/es\\\/reprenem-lactivitat-fent-cami-per-als-usuaris-i-usuaries-de-lentitat\\\/\"},\"wordCount\":189,\"commentCount\":0,\"image\":{\"@id\":\"https:\\\/\\\/cfpmaresme.org\\\/es\\\/reprenem-lactivitat-fent-cami-per-als-usuaris-i-usuaries-de-lentitat\\\/#primaryimage\"},\"thumbnailUrl\":\"https:\\\/\\\/cfpmaresme.org\\\/wp-content\\\/uploads\\\/2019\\\/01\\\/2018-08-21.jpg\",\"keywords\":[\"activitat\",\"centre\",\"esport\",\"formaci\u00f3\",\"intermediaci\u00f3\",\"laboral\",\"prevenci\u00f3\",\"servei\"],\"articleSection\":[\"Formaci\u00f3n e Intermediaci\u00f3n Laboral\"],\"inLanguage\":\"es\"},{\"@type\":\"WebPage\",\"@id\":\"https:\\\/\\\/cfpmaresme.org\\\/es\\\/reprenem-lactivitat-fent-cami-per-als-usuaris-i-usuaries-de-lentitat\\\/\",\"url\":\"https:\\\/\\\/cfpmaresme.org\\\/es\\\/reprenem-lactivitat-fent-cami-per-als-usuaris-i-usuaries-de-lentitat\\\/\",\"name\":\"Retomamos la actividad \\\"Haciendo camino\\\" para usuarios y usuarias de la entidad | CFP Maresme\",\"isPartOf\":{\"@id\":\"https:\\\/\\\/cfpmaresme.org\\\/#website\"},\"primaryImageOfPage\":{\"@id\":\"https:\\\/\\\/cfpmaresme.org\\\/es\\\/reprenem-lactivitat-fent-cami-per-als-usuaris-i-usuaries-de-lentitat\\\/#primaryimage\"},\"image\":{\"@id\":\"https:\\\/\\\/cfpmaresme.org\\\/es\\\/reprenem-lactivitat-fent-cami-per-als-usuaris-i-usuaries-de-lentitat\\\/#primaryimage\"},\"thumbnailUrl\":\"https:\\\/\\\/cfpmaresme.org\\\/wp-content\\\/uploads\\\/2019\\\/01\\\/2018-08-21.jpg\",\"datePublished\":\"2018-09-21T13:12:21+00:00\",\"dateModified\":\"2021-07-21T14:23:38+00:00\",\"author\":{\"@id\":\"https:\\\/\\\/cfpmaresme.org\\\/#\\\/schema\\\/person\\\/b2634bcd796fafc667ea4055f61b9b2c\"},\"breadcrumb\":{\"@id\":\"https:\\\/\\\/cfpmaresme.org\\\/es\\\/reprenem-lactivitat-fent-cami-per-als-usuaris-i-usuaries-de-lentitat\\\/#breadcrumb\"},\"inLanguage\":\"es\",\"potentialAction\":[{\"@type\":\"ReadAction\",\"target\":[\"https:\\\/\\\/cfpmaresme.org\\\/es\\\/reprenem-lactivitat-fent-cami-per-als-usuaris-i-usuaries-de-lentitat\\\/\"]}]},{\"@type\":\"ImageObject\",\"inLanguage\":\"es\",\"@id\":\"https:\\\/\\\/cfpmaresme.org\\\/es\\\/reprenem-lactivitat-fent-cami-per-als-usuaris-i-usuaries-de-lentitat\\\/#primaryimage\",\"url\":\"https:\\\/\\\/cfpmaresme.org\\\/wp-content\\\/uploads\\\/2019\\\/01\\\/2018-08-21.jpg\",\"contentUrl\":\"https:\\\/\\\/cfpmaresme.org\\\/wp-content\\\/uploads\\\/2019\\\/01\\\/2018-08-21.jpg\",\"width\":584,\"height\":325},{\"@type\":\"BreadcrumbList\",\"@id\":\"https:\\\/\\\/cfpmaresme.org\\\/es\\\/reprenem-lactivitat-fent-cami-per-als-usuaris-i-usuaries-de-lentitat\\\/#breadcrumb\",\"itemListElement\":[{\"@type\":\"ListItem\",\"position\":1,\"name\":\"Home\",\"item\":\"https:\\\/\\\/cfpmaresme.org\\\/es\\\/\"},{\"@type\":\"ListItem\",\"position\":2,\"name\":\"Retomamos la actividad \u00abHaciendo camino\u00bb para usuarios y usuarias de la entidad\"}]},{\"@type\":\"WebSite\",\"@id\":\"https:\\\/\\\/cfpmaresme.org\\\/#website\",\"url\":\"https:\\\/\\\/cfpmaresme.org\\\/\",\"name\":\"CFP Maresme\",\"description\":\"Centre Formaci\u00f3 Prevenci\u00f3\",\"potentialAction\":[{\"@type\":\"SearchAction\",\"target\":{\"@type\":\"EntryPoint\",\"urlTemplate\":\"https:\\\/\\\/cfpmaresme.org\\\/?s={search_term_string}\"},\"query-input\":{\"@type\":\"PropertyValueSpecification\",\"valueRequired\":true,\"valueName\":\"search_term_string\"}}],\"inLanguage\":\"es\"},{\"@type\":\"Person\",\"@id\":\"https:\\\/\\\/cfpmaresme.org\\\/#\\\/schema\\\/person\\\/b2634bcd796fafc667ea4055f61b9b2c\",\"name\":\"CFPMaresme\"}]}<\/script>\n<!-- \/ Yoast SEO plugin. -->","yoast_head_json":{"title":"Retomamos la actividad \"Haciendo camino\" para usuarios y usuarias de la entidad | CFP Maresme","robots":{"index":"index","follow":"follow","max-snippet":"max-snippet:-1","max-image-preview":"max-image-preview:large","max-video-preview":"max-video-preview:-1"},"canonical":"https:\/\/cfpmaresme.org\/es\/reprenem-lactivitat-fent-cami-per-als-usuaris-i-usuaries-de-lentitat\/","og_locale":"es_ES","og_type":"article","og_title":"Retomamos la actividad \"Haciendo camino\" para usuarios y usuarias de la entidad | CFP Maresme","og_description":"Se trata de una actividad deportiva de car\u00e1cter complementario a las acciones que se ofrecen desde el Servicio de Intermediaci\u00f3n Laboral del CFP &nbsp; Este mes de septiembre ha empezado de nuevo una actividad llamada \u00abHaciendo camino\u00bb, en la cual programan salidas con los usuarios...","og_url":"https:\/\/cfpmaresme.org\/es\/reprenem-lactivitat-fent-cami-per-als-usuaris-i-usuaries-de-lentitat\/","og_site_name":"CFP Maresme","article_published_time":"2018-09-21T13:12:21+00:00","article_modified_time":"2021-07-21T14:23:38+00:00","og_image":[{"width":584,"height":325,"url":"https:\/\/cfpmaresme.org\/wp-content\/uploads\/2019\/01\/2018-08-21.jpg","type":"image\/jpeg"}],"author":"CFPMaresme","twitter_card":"summary_large_image","twitter_creator":"@cfpmaresme","twitter_site":"@cfpmaresme","twitter_misc":{"Escrito por":"CFPMaresme","Tiempo de lectura":"1 minuto"},"schema":{"@context":"https:\/\/schema.org","@graph":[{"@type":"Article","@id":"https:\/\/cfpmaresme.org\/es\/reprenem-lactivitat-fent-cami-per-als-usuaris-i-usuaries-de-lentitat\/#article","isPartOf":{"@id":"https:\/\/cfpmaresme.org\/es\/reprenem-lactivitat-fent-cami-per-als-usuaris-i-usuaries-de-lentitat\/"},"author":{"name":"CFPMaresme","@id":"https:\/\/cfpmaresme.org\/#\/schema\/person\/b2634bcd796fafc667ea4055f61b9b2c"},"headline":"Retomamos la actividad \u00abHaciendo camino\u00bb para usuarios y usuarias de la entidad","datePublished":"2018-09-21T13:12:21+00:00","dateModified":"2021-07-21T14:23:38+00:00","mainEntityOfPage":{"@id":"https:\/\/cfpmaresme.org\/es\/reprenem-lactivitat-fent-cami-per-als-usuaris-i-usuaries-de-lentitat\/"},"wordCount":189,"commentCount":0,"image":{"@id":"https:\/\/cfpmaresme.org\/es\/reprenem-lactivitat-fent-cami-per-als-usuaris-i-usuaries-de-lentitat\/#primaryimage"},"thumbnailUrl":"https:\/\/cfpmaresme.org\/wp-content\/uploads\/2019\/01\/2018-08-21.jpg","keywords":["activitat","centre","esport","formaci\u00f3","intermediaci\u00f3","laboral","prevenci\u00f3","servei"],"articleSection":["Formaci\u00f3n e Intermediaci\u00f3n Laboral"],"inLanguage":"es"},{"@type":"WebPage","@id":"https:\/\/cfpmaresme.org\/es\/reprenem-lactivitat-fent-cami-per-als-usuaris-i-usuaries-de-lentitat\/","url":"https:\/\/cfpmaresme.org\/es\/reprenem-lactivitat-fent-cami-per-als-usuaris-i-usuaries-de-lentitat\/","name":"Retomamos la actividad \"Haciendo camino\" para usuarios y usuarias de la entidad | CFP Maresme","isPartOf":{"@id":"https:\/\/cfpmaresme.org\/#website"},"primaryImageOfPage":{"@id":"https:\/\/cfpmaresme.org\/es\/reprenem-lactivitat-fent-cami-per-als-usuaris-i-usuaries-de-lentitat\/#primaryimage"},"image":{"@id":"https:\/\/cfpmaresme.org\/es\/reprenem-lactivitat-fent-cami-per-als-usuaris-i-usuaries-de-lentitat\/#primaryimage"},"thumbnailUrl":"https:\/\/cfpmaresme.org\/wp-content\/uploads\/2019\/01\/2018-08-21.jpg","datePublished":"2018-09-21T13:12:21+00:00","dateModified":"2021-07-21T14:23:38+00:00","author":{"@id":"https:\/\/cfpmaresme.org\/#\/schema\/person\/b2634bcd796fafc667ea4055f61b9b2c"},"breadcrumb":{"@id":"https:\/\/cfpmaresme.org\/es\/reprenem-lactivitat-fent-cami-per-als-usuaris-i-usuaries-de-lentitat\/#breadcrumb"},"inLanguage":"es","potentialAction":[{"@type":"ReadAction","target":["https:\/\/cfpmaresme.org\/es\/reprenem-lactivitat-fent-cami-per-als-usuaris-i-usuaries-de-lentitat\/"]}]},{"@type":"ImageObject","inLanguage":"es","@id":"https:\/\/cfpmaresme.org\/es\/reprenem-lactivitat-fent-cami-per-als-usuaris-i-usuaries-de-lentitat\/#primaryimage","url":"https:\/\/cfpmaresme.org\/wp-content\/uploads\/2019\/01\/2018-08-21.jpg","contentUrl":"https:\/\/cfpmaresme.org\/wp-content\/uploads\/2019\/01\/2018-08-21.jpg","width":584,"height":325},{"@type":"BreadcrumbList","@id":"https:\/\/cfpmaresme.org\/es\/reprenem-lactivitat-fent-cami-per-als-usuaris-i-usuaries-de-lentitat\/#breadcrumb","itemListElement":[{"@type":"ListItem","position":1,"name":"Home","item":"https:\/\/cfpmaresme.org\/es\/"},{"@type":"ListItem","position":2,"name":"Retomamos la actividad \u00abHaciendo camino\u00bb para usuarios y usuarias de la entidad"}]},{"@type":"WebSite","@id":"https:\/\/cfpmaresme.org\/#website","url":"https:\/\/cfpmaresme.org\/","name":"CFP Maresme","description":"Centre Formaci\u00f3 Prevenci\u00f3","potentialAction":[{"@type":"SearchAction","target":{"@type":"EntryPoint","urlTemplate":"https:\/\/cfpmaresme.org\/?s={search_term_string}"},"query-input":{"@type":"PropertyValueSpecification","valueRequired":true,"valueName":"search_term_string"}}],"inLanguage":"es"},{"@type":"Person","@id":"https:\/\/cfpmaresme.org\/#\/schema\/person\/b2634bcd796fafc667ea4055f61b9b2c","name":"CFPMaresme"}]}},"_links":{"self":[{"href":"https:\/\/cfpmaresme.org\/es\/wp-json\/wp\/v2\/posts\/25846","targetHints":{"allow":["GET"]}}],"collection":[{"href":"https:\/\/cfpmaresme.org\/es\/wp-json\/wp\/v2\/posts"}],"about":[{"href":"https:\/\/cfpmaresme.org\/es\/wp-json\/wp\/v2\/types\/post"}],"author":[{"embeddable":true,"href":"https:\/\/cfpmaresme.org\/es\/wp-json\/wp\/v2\/users\/2"}],"replies":[{"embeddable":true,"href":"https:\/\/cfpmaresme.org\/es\/wp-json\/wp\/v2\/comments?post=25846"}],"version-history":[{"count":3,"href":"https:\/\/cfpmaresme.org\/es\/wp-json\/wp\/v2\/posts\/25846\/revisions"}],"predecessor-version":[{"id":25871,"href":"https:\/\/cfpmaresme.org\/es\/wp-json\/wp\/v2\/posts\/25846\/revisions\/25871"}],"wp:featuredmedia":[{"embeddable":true,"href":"https:\/\/cfpmaresme.org\/es\/wp-json\/wp\/v2\/media\/17244"}],"wp:attachment":[{"href":"https:\/\/cfpmaresme.org\/es\/wp-json\/wp\/v2\/media?parent=25846"}],"wp:term":[{"taxonomy":"category","embeddable":true,"href":"https:\/\/cfpmaresme.org\/es\/wp-json\/wp\/v2\/categories?post=25846"},{"taxonomy":"post_tag","embeddable":true,"href":"https:\/\/cfpmaresme.org\/es\/wp-json\/wp\/v2\/tags?post=25846"}],"curies":[{"name":"wp","href":"https:\/\/api.w.org\/{rel}","templated":true}]}}