{"id":25852,"date":"2018-05-28T15:32:30","date_gmt":"2018-05-28T13:32:30","guid":{"rendered":"https:\/\/www.cfpmaresme.org\/?p=25852"},"modified":"2021-07-22T14:13:25","modified_gmt":"2021-07-22T12:13:25","slug":"els-alumnes-del-curs-de-neteja-visiten-lescola-oficial-didiomes-del-maresme","status":"publish","type":"post","link":"https:\/\/cfpmaresme.org\/es\/els-alumnes-del-curs-de-neteja-visiten-lescola-oficial-didiomes-del-maresme\/","title":{"rendered":"Los alumnos del Curso de Limpieza visitan la escuela Oficial de idiomas del Maresme"},"content":{"rendered":"<p><strong>Los alumnos aprendieron las tareas diarias de una profesional del \u00e1mbito\u00a0<\/strong><\/p>\n<p>&nbsp;<\/p>\n<p>Las personas que est\u00e1n haciendo la formaci\u00f3n \u00abAuxiliar en servicios de limpieza\u00bb del CFP asistieron a la Escuela Oficial de Idiomas del Maresme el pasado 28 de mayo para recibir unos cuantos consejos de Mari, encargada del mantenimiento del edificio y trabajadora de la empresa Masterclean.<\/p>\n<p>&nbsp;<\/p>\n<p>Esta visita sirvi\u00f3 para que los alumnos viesen como es el trabajo diario que llevan a cabo los responsables de limpieza de esta escuela. La encargada de Masterclean les explic\u00f3 el material que utiliza y la organizaci\u00f3n de sus tareas de limpieza del equipamiento.<\/p>\n<p>&nbsp;<\/p>\n<p>Este a\u00f1o el curso \u00abAuxiliar en servicios de limpieza\u00bb, subvencionado por el Departamento de Trabajo, Aferes Sociales y Familia de la Generalitat de Catalunya y el Fondo Europeo, ha tenido dos convocatorias impartidas por el CFP. Ha incluido formaci\u00f3n te\u00f3rica y pr\u00e1cticas en empresas. Han participado 20 personas.<\/p>\n","protected":false},"excerpt":{"rendered":"<p>Los alumnos aprendieron las tareas diarias de una profesional del \u00e1mbito\u00a0 &nbsp; Las personas que est\u00e1n haciendo la formaci\u00f3n \u00abAuxiliar en servicios de limpieza\u00bb del CFP asistieron a la Escuela Oficial de Idiomas del Maresme el pasado 28 de mayo para recibir unos cuantos consejos&#8230;<\/p>\n","protected":false},"author":2,"featured_media":17169,"comment_status":"open","ping_status":"open","sticky":false,"template":"","format":"standard","meta":{"footnotes":""},"categories":[1193],"tags":[634,651,617],"class_list":["post-25852","post","type-post","status-publish","format-standard","has-post-thumbnail","hentry","category-servicio-de-formacion-e-intermediacion-laboral","tag-escola-es","tag-maresme-es","tag-mataro-es"],"yoast_head":"<!-- This site is optimized with the Yoast SEO plugin v27.4 - https:\/\/yoast.com\/product\/yoast-seo-wordpress\/ -->\n<title>Los alumnos del Curso de Limpieza visitan la escuela Oficial de idiomas del Maresme | CFP Maresme<\/title>\n<meta name=\"robots\" content=\"index, follow, max-snippet:-1, max-image-preview:large, max-video-preview:-1\" \/>\n<link rel=\"canonical\" href=\"https:\/\/cfpmaresme.org\/es\/els-alumnes-del-curs-de-neteja-visiten-lescola-oficial-didiomes-del-maresme\/\" \/>\n<meta property=\"og:locale\" content=\"es_ES\" \/>\n<meta property=\"og:type\" content=\"article\" \/>\n<meta property=\"og:title\" content=\"Los alumnos del Curso de Limpieza visitan la escuela Oficial de idiomas del Maresme | CFP Maresme\" \/>\n<meta property=\"og:description\" content=\"Los alumnos aprendieron las tareas diarias de una profesional del \u00e1mbito\u00a0 &nbsp; Las personas que est\u00e1n haciendo la formaci\u00f3n \u00abAuxiliar en servicios de limpieza\u00bb del CFP asistieron a la Escuela Oficial de Idiomas del Maresme el pasado 28 de mayo para recibir unos cuantos consejos...\" \/>\n<meta property=\"og:url\" content=\"https:\/\/cfpmaresme.org\/es\/els-alumnes-del-curs-de-neteja-visiten-lescola-oficial-didiomes-del-maresme\/\" \/>\n<meta property=\"og:site_name\" content=\"CFP Maresme\" \/>\n<meta property=\"article:published_time\" content=\"2018-05-28T13:32:30+00:00\" \/>\n<meta property=\"article:modified_time\" content=\"2021-07-22T12:13:25+00:00\" \/>\n<meta property=\"og:image\" content=\"https:\/\/cfpmaresme.org\/wp-content\/uploads\/2019\/01\/2018-05-29.jpg\" \/>\n\t<meta property=\"og:image:width\" content=\"584\" \/>\n\t<meta property=\"og:image:height\" content=\"330\" \/>\n\t<meta property=\"og:image:type\" content=\"image\/jpeg\" \/>\n<meta name=\"author\" content=\"CFPMaresme\" \/>\n<meta name=\"twitter:card\" content=\"summary_large_image\" \/>\n<meta name=\"twitter:creator\" content=\"@cfpmaresme\" \/>\n<meta name=\"twitter:site\" content=\"@cfpmaresme\" \/>\n<meta name=\"twitter:label1\" content=\"Escrito por\" \/>\n\t<meta name=\"twitter:data1\" content=\"CFPMaresme\" \/>\n\t<meta name=\"twitter:label2\" content=\"Tiempo de lectura\" \/>\n\t<meta name=\"twitter:data2\" content=\"1 minuto\" \/>\n<script type=\"application\/ld+json\" class=\"yoast-schema-graph\">{\"@context\":\"https:\\\/\\\/schema.org\",\"@graph\":[{\"@type\":\"Article\",\"@id\":\"https:\\\/\\\/cfpmaresme.org\\\/es\\\/els-alumnes-del-curs-de-neteja-visiten-lescola-oficial-didiomes-del-maresme\\\/#article\",\"isPartOf\":{\"@id\":\"https:\\\/\\\/cfpmaresme.org\\\/es\\\/els-alumnes-del-curs-de-neteja-visiten-lescola-oficial-didiomes-del-maresme\\\/\"},\"author\":{\"name\":\"CFPMaresme\",\"@id\":\"https:\\\/\\\/cfpmaresme.org\\\/#\\\/schema\\\/person\\\/b2634bcd796fafc667ea4055f61b9b2c\"},\"headline\":\"Los alumnos del Curso de Limpieza visitan la escuela Oficial de idiomas del Maresme\",\"datePublished\":\"2018-05-28T13:32:30+00:00\",\"dateModified\":\"2021-07-22T12:13:25+00:00\",\"mainEntityOfPage\":{\"@id\":\"https:\\\/\\\/cfpmaresme.org\\\/es\\\/els-alumnes-del-curs-de-neteja-visiten-lescola-oficial-didiomes-del-maresme\\\/\"},\"wordCount\":171,\"commentCount\":0,\"image\":{\"@id\":\"https:\\\/\\\/cfpmaresme.org\\\/es\\\/els-alumnes-del-curs-de-neteja-visiten-lescola-oficial-didiomes-del-maresme\\\/#primaryimage\"},\"thumbnailUrl\":\"https:\\\/\\\/cfpmaresme.org\\\/wp-content\\\/uploads\\\/2019\\\/01\\\/2018-05-29.jpg\",\"keywords\":[\"escola\",\"maresme\",\"matar\u00f3\"],\"articleSection\":[\"Formaci\u00f3n e Intermediaci\u00f3n Laboral\"],\"inLanguage\":\"es\"},{\"@type\":\"WebPage\",\"@id\":\"https:\\\/\\\/cfpmaresme.org\\\/es\\\/els-alumnes-del-curs-de-neteja-visiten-lescola-oficial-didiomes-del-maresme\\\/\",\"url\":\"https:\\\/\\\/cfpmaresme.org\\\/es\\\/els-alumnes-del-curs-de-neteja-visiten-lescola-oficial-didiomes-del-maresme\\\/\",\"name\":\"Los alumnos del Curso de Limpieza visitan la escuela Oficial de idiomas del Maresme | CFP Maresme\",\"isPartOf\":{\"@id\":\"https:\\\/\\\/cfpmaresme.org\\\/#website\"},\"primaryImageOfPage\":{\"@id\":\"https:\\\/\\\/cfpmaresme.org\\\/es\\\/els-alumnes-del-curs-de-neteja-visiten-lescola-oficial-didiomes-del-maresme\\\/#primaryimage\"},\"image\":{\"@id\":\"https:\\\/\\\/cfpmaresme.org\\\/es\\\/els-alumnes-del-curs-de-neteja-visiten-lescola-oficial-didiomes-del-maresme\\\/#primaryimage\"},\"thumbnailUrl\":\"https:\\\/\\\/cfpmaresme.org\\\/wp-content\\\/uploads\\\/2019\\\/01\\\/2018-05-29.jpg\",\"datePublished\":\"2018-05-28T13:32:30+00:00\",\"dateModified\":\"2021-07-22T12:13:25+00:00\",\"author\":{\"@id\":\"https:\\\/\\\/cfpmaresme.org\\\/#\\\/schema\\\/person\\\/b2634bcd796fafc667ea4055f61b9b2c\"},\"breadcrumb\":{\"@id\":\"https:\\\/\\\/cfpmaresme.org\\\/es\\\/els-alumnes-del-curs-de-neteja-visiten-lescola-oficial-didiomes-del-maresme\\\/#breadcrumb\"},\"inLanguage\":\"es\",\"potentialAction\":[{\"@type\":\"ReadAction\",\"target\":[\"https:\\\/\\\/cfpmaresme.org\\\/es\\\/els-alumnes-del-curs-de-neteja-visiten-lescola-oficial-didiomes-del-maresme\\\/\"]}]},{\"@type\":\"ImageObject\",\"inLanguage\":\"es\",\"@id\":\"https:\\\/\\\/cfpmaresme.org\\\/es\\\/els-alumnes-del-curs-de-neteja-visiten-lescola-oficial-didiomes-del-maresme\\\/#primaryimage\",\"url\":\"https:\\\/\\\/cfpmaresme.org\\\/wp-content\\\/uploads\\\/2019\\\/01\\\/2018-05-29.jpg\",\"contentUrl\":\"https:\\\/\\\/cfpmaresme.org\\\/wp-content\\\/uploads\\\/2019\\\/01\\\/2018-05-29.jpg\",\"width\":584,\"height\":330},{\"@type\":\"BreadcrumbList\",\"@id\":\"https:\\\/\\\/cfpmaresme.org\\\/es\\\/els-alumnes-del-curs-de-neteja-visiten-lescola-oficial-didiomes-del-maresme\\\/#breadcrumb\",\"itemListElement\":[{\"@type\":\"ListItem\",\"position\":1,\"name\":\"Home\",\"item\":\"https:\\\/\\\/cfpmaresme.org\\\/es\\\/\"},{\"@type\":\"ListItem\",\"position\":2,\"name\":\"Los alumnos del Curso de Limpieza visitan la escuela Oficial de idiomas del Maresme\"}]},{\"@type\":\"WebSite\",\"@id\":\"https:\\\/\\\/cfpmaresme.org\\\/#website\",\"url\":\"https:\\\/\\\/cfpmaresme.org\\\/\",\"name\":\"CFP Maresme\",\"description\":\"Centre Formaci\u00f3 Prevenci\u00f3\",\"potentialAction\":[{\"@type\":\"SearchAction\",\"target\":{\"@type\":\"EntryPoint\",\"urlTemplate\":\"https:\\\/\\\/cfpmaresme.org\\\/?s={search_term_string}\"},\"query-input\":{\"@type\":\"PropertyValueSpecification\",\"valueRequired\":true,\"valueName\":\"search_term_string\"}}],\"inLanguage\":\"es\"},{\"@type\":\"Person\",\"@id\":\"https:\\\/\\\/cfpmaresme.org\\\/#\\\/schema\\\/person\\\/b2634bcd796fafc667ea4055f61b9b2c\",\"name\":\"CFPMaresme\"}]}<\/script>\n<!-- \/ Yoast SEO plugin. -->","yoast_head_json":{"title":"Los alumnos del Curso de Limpieza visitan la escuela Oficial de idiomas del Maresme | CFP Maresme","robots":{"index":"index","follow":"follow","max-snippet":"max-snippet:-1","max-image-preview":"max-image-preview:large","max-video-preview":"max-video-preview:-1"},"canonical":"https:\/\/cfpmaresme.org\/es\/els-alumnes-del-curs-de-neteja-visiten-lescola-oficial-didiomes-del-maresme\/","og_locale":"es_ES","og_type":"article","og_title":"Los alumnos del Curso de Limpieza visitan la escuela Oficial de idiomas del Maresme | CFP Maresme","og_description":"Los alumnos aprendieron las tareas diarias de una profesional del \u00e1mbito\u00a0 &nbsp; Las personas que est\u00e1n haciendo la formaci\u00f3n \u00abAuxiliar en servicios de limpieza\u00bb del CFP asistieron a la Escuela Oficial de Idiomas del Maresme el pasado 28 de mayo para recibir unos cuantos consejos...","og_url":"https:\/\/cfpmaresme.org\/es\/els-alumnes-del-curs-de-neteja-visiten-lescola-oficial-didiomes-del-maresme\/","og_site_name":"CFP Maresme","article_published_time":"2018-05-28T13:32:30+00:00","article_modified_time":"2021-07-22T12:13:25+00:00","og_image":[{"width":584,"height":330,"url":"https:\/\/cfpmaresme.org\/wp-content\/uploads\/2019\/01\/2018-05-29.jpg","type":"image\/jpeg"}],"author":"CFPMaresme","twitter_card":"summary_large_image","twitter_creator":"@cfpmaresme","twitter_site":"@cfpmaresme","twitter_misc":{"Escrito por":"CFPMaresme","Tiempo de lectura":"1 minuto"},"schema":{"@context":"https:\/\/schema.org","@graph":[{"@type":"Article","@id":"https:\/\/cfpmaresme.org\/es\/els-alumnes-del-curs-de-neteja-visiten-lescola-oficial-didiomes-del-maresme\/#article","isPartOf":{"@id":"https:\/\/cfpmaresme.org\/es\/els-alumnes-del-curs-de-neteja-visiten-lescola-oficial-didiomes-del-maresme\/"},"author":{"name":"CFPMaresme","@id":"https:\/\/cfpmaresme.org\/#\/schema\/person\/b2634bcd796fafc667ea4055f61b9b2c"},"headline":"Los alumnos del Curso de Limpieza visitan la escuela Oficial de idiomas del Maresme","datePublished":"2018-05-28T13:32:30+00:00","dateModified":"2021-07-22T12:13:25+00:00","mainEntityOfPage":{"@id":"https:\/\/cfpmaresme.org\/es\/els-alumnes-del-curs-de-neteja-visiten-lescola-oficial-didiomes-del-maresme\/"},"wordCount":171,"commentCount":0,"image":{"@id":"https:\/\/cfpmaresme.org\/es\/els-alumnes-del-curs-de-neteja-visiten-lescola-oficial-didiomes-del-maresme\/#primaryimage"},"thumbnailUrl":"https:\/\/cfpmaresme.org\/wp-content\/uploads\/2019\/01\/2018-05-29.jpg","keywords":["escola","maresme","matar\u00f3"],"articleSection":["Formaci\u00f3n e Intermediaci\u00f3n Laboral"],"inLanguage":"es"},{"@type":"WebPage","@id":"https:\/\/cfpmaresme.org\/es\/els-alumnes-del-curs-de-neteja-visiten-lescola-oficial-didiomes-del-maresme\/","url":"https:\/\/cfpmaresme.org\/es\/els-alumnes-del-curs-de-neteja-visiten-lescola-oficial-didiomes-del-maresme\/","name":"Los alumnos del Curso de Limpieza visitan la escuela Oficial de idiomas del Maresme | CFP Maresme","isPartOf":{"@id":"https:\/\/cfpmaresme.org\/#website"},"primaryImageOfPage":{"@id":"https:\/\/cfpmaresme.org\/es\/els-alumnes-del-curs-de-neteja-visiten-lescola-oficial-didiomes-del-maresme\/#primaryimage"},"image":{"@id":"https:\/\/cfpmaresme.org\/es\/els-alumnes-del-curs-de-neteja-visiten-lescola-oficial-didiomes-del-maresme\/#primaryimage"},"thumbnailUrl":"https:\/\/cfpmaresme.org\/wp-content\/uploads\/2019\/01\/2018-05-29.jpg","datePublished":"2018-05-28T13:32:30+00:00","dateModified":"2021-07-22T12:13:25+00:00","author":{"@id":"https:\/\/cfpmaresme.org\/#\/schema\/person\/b2634bcd796fafc667ea4055f61b9b2c"},"breadcrumb":{"@id":"https:\/\/cfpmaresme.org\/es\/els-alumnes-del-curs-de-neteja-visiten-lescola-oficial-didiomes-del-maresme\/#breadcrumb"},"inLanguage":"es","potentialAction":[{"@type":"ReadAction","target":["https:\/\/cfpmaresme.org\/es\/els-alumnes-del-curs-de-neteja-visiten-lescola-oficial-didiomes-del-maresme\/"]}]},{"@type":"ImageObject","inLanguage":"es","@id":"https:\/\/cfpmaresme.org\/es\/els-alumnes-del-curs-de-neteja-visiten-lescola-oficial-didiomes-del-maresme\/#primaryimage","url":"https:\/\/cfpmaresme.org\/wp-content\/uploads\/2019\/01\/2018-05-29.jpg","contentUrl":"https:\/\/cfpmaresme.org\/wp-content\/uploads\/2019\/01\/2018-05-29.jpg","width":584,"height":330},{"@type":"BreadcrumbList","@id":"https:\/\/cfpmaresme.org\/es\/els-alumnes-del-curs-de-neteja-visiten-lescola-oficial-didiomes-del-maresme\/#breadcrumb","itemListElement":[{"@type":"ListItem","position":1,"name":"Home","item":"https:\/\/cfpmaresme.org\/es\/"},{"@type":"ListItem","position":2,"name":"Los alumnos del Curso de Limpieza visitan la escuela Oficial de idiomas del Maresme"}]},{"@type":"WebSite","@id":"https:\/\/cfpmaresme.org\/#website","url":"https:\/\/cfpmaresme.org\/","name":"CFP Maresme","description":"Centre Formaci\u00f3 Prevenci\u00f3","potentialAction":[{"@type":"SearchAction","target":{"@type":"EntryPoint","urlTemplate":"https:\/\/cfpmaresme.org\/?s={search_term_string}"},"query-input":{"@type":"PropertyValueSpecification","valueRequired":true,"valueName":"search_term_string"}}],"inLanguage":"es"},{"@type":"Person","@id":"https:\/\/cfpmaresme.org\/#\/schema\/person\/b2634bcd796fafc667ea4055f61b9b2c","name":"CFPMaresme"}]}},"_links":{"self":[{"href":"https:\/\/cfpmaresme.org\/es\/wp-json\/wp\/v2\/posts\/25852","targetHints":{"allow":["GET"]}}],"collection":[{"href":"https:\/\/cfpmaresme.org\/es\/wp-json\/wp\/v2\/posts"}],"about":[{"href":"https:\/\/cfpmaresme.org\/es\/wp-json\/wp\/v2\/types\/post"}],"author":[{"embeddable":true,"href":"https:\/\/cfpmaresme.org\/es\/wp-json\/wp\/v2\/users\/2"}],"replies":[{"embeddable":true,"href":"https:\/\/cfpmaresme.org\/es\/wp-json\/wp\/v2\/comments?post=25852"}],"version-history":[{"count":3,"href":"https:\/\/cfpmaresme.org\/es\/wp-json\/wp\/v2\/posts\/25852\/revisions"}],"predecessor-version":[{"id":25899,"href":"https:\/\/cfpmaresme.org\/es\/wp-json\/wp\/v2\/posts\/25852\/revisions\/25899"}],"wp:featuredmedia":[{"embeddable":true,"href":"https:\/\/cfpmaresme.org\/es\/wp-json\/wp\/v2\/media\/17169"}],"wp:attachment":[{"href":"https:\/\/cfpmaresme.org\/es\/wp-json\/wp\/v2\/media?parent=25852"}],"wp:term":[{"taxonomy":"category","embeddable":true,"href":"https:\/\/cfpmaresme.org\/es\/wp-json\/wp\/v2\/categories?post=25852"},{"taxonomy":"post_tag","embeddable":true,"href":"https:\/\/cfpmaresme.org\/es\/wp-json\/wp\/v2\/tags?post=25852"}],"curies":[{"name":"wp","href":"https:\/\/api.w.org\/{rel}","templated":true}]}}