{"id":26068,"date":"2018-07-24T14:00:15","date_gmt":"2018-07-24T12:00:15","guid":{"rendered":"https:\/\/www.cfpmaresme.org\/?p=26068"},"modified":"2021-08-03T14:07:40","modified_gmt":"2021-08-03T12:07:40","slug":"el-cfp-recibe-una-de-las-ayudas-sociales-y-culturales-de-la-fundacion-iluro-de-este-ano","status":"publish","type":"post","link":"https:\/\/cfpmaresme.org\/es\/el-cfp-recibe-una-de-las-ayudas-sociales-y-culturales-de-la-fundacion-iluro-de-este-ano\/","title":{"rendered":"El CFP recibe una de las ayudas sociales y culturales de la Fundaci\u00f3n Iluro de este a\u00f1o"},"content":{"rendered":"<p><strong>La Casa Coll i Reg\u00e0s fue el escenario del libramiento de ayudas sociales y culturales que la Fundaci\u00f3 Iluro otorga este a\u00f1o. El CFP fue una de l as 7 entidades que recibir\u00e1n su aportaci\u00f3n econ\u00f3mica\u00a0<\/strong><\/p>\n<p>&nbsp;<\/p>\n<p>El CFP ha sido una de las 7 entidades que han recibido las ayudas sociales y culturales de la Fundaci\u00f3 Iluro este a\u00f1o.\u00a0 El pasado 23 de julio, Jaume Rodon, en representaci\u00f3n de la asociaci\u00f3n, fue el encargado de recibir la subvenci\u00f3n\u00a0 la Casa Coll i Reg\u00e0s de Matar\u00f3 como escenario.<\/p>\n<p>&nbsp;<\/p>\n<p>La motivaci\u00f3n de estas ayudas que otorga la Fundaci\u00f3 Iluro es apoyar proyectos de car\u00e1cter social o cultural que generan un impacto positivo en el territorio. El Centre de Formaci\u00f3 i Prevenci\u00f3 se tuvo en consideraci\u00f3n por su trabajo en la integraci\u00f3n laboral y formativa de colectivos en situaci\u00f3n de riesgo en nuestra ciudad.<\/p>\n<p>Las 7 entidades que fueron presentes en el acto de libramiento fueron:<\/p>\n<p>Fundaci\u00f3 Sant Joaquim<\/p>\n<p>Associaci\u00f3 de ve\u00efns de Rocafonda-l\u2019Esperan\u00e7a i Ciutat Jard\u00ed<\/p>\n<p>C\u00e0ritas Interparroquial de Matar\u00f3<\/p>\n<p>Centre de Formaci\u00f3 i Prevenci\u00f3<\/p>\n<p>Fundaci\u00f3 Carta de la Pau dirigida a l\u2019ONU<\/p>\n<p>Administraci\u00f3 de Les Santes<\/p>\n<p>Centre Logop\u00e8dia \u2018La Volta\u2019<\/p>\n","protected":false},"excerpt":{"rendered":"<p>La Casa Coll i Reg\u00e0s fue el escenario del libramiento de ayudas sociales y culturales que la Fundaci\u00f3 Iluro otorga este a\u00f1o. El CFP fue una de l as 7 entidades que recibir\u00e1n su aportaci\u00f3n econ\u00f3mica\u00a0 &nbsp; El CFP ha sido una de las 7&#8230;<\/p>\n","protected":false},"author":2,"featured_media":17220,"comment_status":"open","ping_status":"open","sticky":false,"template":"","format":"standard","meta":{"footnotes":""},"categories":[1187],"tags":[964,729,766,794,723,793,622,701],"class_list":["post-26068","post","type-post","status-publish","format-standard","has-post-thumbnail","hentry","category-cfp-maresme-es","tag-caritas-es","tag-cultural-es","tag-fundacio-es","tag-iluro-es","tag-integracio-es","tag-sant-es","tag-santes-es","tag-social-es"],"yoast_head":"<!-- This site is optimized with the Yoast SEO plugin v27.4 - https:\/\/yoast.com\/product\/yoast-seo-wordpress\/ -->\n<title>El CFP recibe una de las ayudas sociales y culturales de la Fundaci\u00f3n Iluro de este a\u00f1o | CFP Maresme<\/title>\n<meta name=\"robots\" content=\"index, follow, max-snippet:-1, max-image-preview:large, max-video-preview:-1\" \/>\n<link rel=\"canonical\" href=\"https:\/\/cfpmaresme.org\/es\/el-cfp-recibe-una-de-las-ayudas-sociales-y-culturales-de-la-fundacion-iluro-de-este-ano\/\" \/>\n<meta property=\"og:locale\" content=\"es_ES\" \/>\n<meta property=\"og:type\" content=\"article\" \/>\n<meta property=\"og:title\" content=\"El CFP recibe una de las ayudas sociales y culturales de la Fundaci\u00f3n Iluro de este a\u00f1o | CFP Maresme\" \/>\n<meta property=\"og:description\" content=\"La Casa Coll i Reg\u00e0s fue el escenario del libramiento de ayudas sociales y culturales que la Fundaci\u00f3 Iluro otorga este a\u00f1o. El CFP fue una de l as 7 entidades que recibir\u00e1n su aportaci\u00f3n econ\u00f3mica\u00a0 &nbsp; El CFP ha sido una de las 7...\" \/>\n<meta property=\"og:url\" content=\"https:\/\/cfpmaresme.org\/es\/el-cfp-recibe-una-de-las-ayudas-sociales-y-culturales-de-la-fundacion-iluro-de-este-ano\/\" \/>\n<meta property=\"og:site_name\" content=\"CFP Maresme\" \/>\n<meta property=\"article:published_time\" content=\"2018-07-24T12:00:15+00:00\" \/>\n<meta property=\"article:modified_time\" content=\"2021-08-03T12:07:40+00:00\" \/>\n<meta property=\"og:image\" content=\"https:\/\/cfpmaresme.org\/wp-content\/uploads\/2019\/01\/2018-07-24.jpg\" \/>\n\t<meta property=\"og:image:width\" content=\"584\" \/>\n\t<meta property=\"og:image:height\" content=\"329\" \/>\n\t<meta property=\"og:image:type\" content=\"image\/jpeg\" \/>\n<meta name=\"author\" content=\"CFPMaresme\" \/>\n<meta name=\"twitter:card\" content=\"summary_large_image\" \/>\n<meta name=\"twitter:creator\" content=\"@cfpmaresme\" \/>\n<meta name=\"twitter:site\" content=\"@cfpmaresme\" \/>\n<meta name=\"twitter:label1\" content=\"Escrito por\" \/>\n\t<meta name=\"twitter:data1\" content=\"CFPMaresme\" \/>\n\t<meta name=\"twitter:label2\" content=\"Tiempo de lectura\" \/>\n\t<meta name=\"twitter:data2\" content=\"1 minuto\" \/>\n<script type=\"application\/ld+json\" class=\"yoast-schema-graph\">{\"@context\":\"https:\\\/\\\/schema.org\",\"@graph\":[{\"@type\":\"Article\",\"@id\":\"https:\\\/\\\/cfpmaresme.org\\\/es\\\/el-cfp-recibe-una-de-las-ayudas-sociales-y-culturales-de-la-fundacion-iluro-de-este-ano\\\/#article\",\"isPartOf\":{\"@id\":\"https:\\\/\\\/cfpmaresme.org\\\/es\\\/el-cfp-recibe-una-de-las-ayudas-sociales-y-culturales-de-la-fundacion-iluro-de-este-ano\\\/\"},\"author\":{\"name\":\"CFPMaresme\",\"@id\":\"https:\\\/\\\/cfpmaresme.org\\\/#\\\/schema\\\/person\\\/b2634bcd796fafc667ea4055f61b9b2c\"},\"headline\":\"El CFP recibe una de las ayudas sociales y culturales de la Fundaci\u00f3n Iluro de este a\u00f1o\",\"datePublished\":\"2018-07-24T12:00:15+00:00\",\"dateModified\":\"2021-08-03T12:07:40+00:00\",\"mainEntityOfPage\":{\"@id\":\"https:\\\/\\\/cfpmaresme.org\\\/es\\\/el-cfp-recibe-una-de-las-ayudas-sociales-y-culturales-de-la-fundacion-iluro-de-este-ano\\\/\"},\"wordCount\":227,\"commentCount\":0,\"image\":{\"@id\":\"https:\\\/\\\/cfpmaresme.org\\\/es\\\/el-cfp-recibe-una-de-las-ayudas-sociales-y-culturales-de-la-fundacion-iluro-de-este-ano\\\/#primaryimage\"},\"thumbnailUrl\":\"https:\\\/\\\/cfpmaresme.org\\\/wp-content\\\/uploads\\\/2019\\\/01\\\/2018-07-24.jpg\",\"keywords\":[\"caritas\",\"cultural\",\"fundaci\u00f3\",\"iluro\",\"integraci\u00f3\",\"sant\",\"santes\",\"social\"],\"articleSection\":[\"CFP Maresme\"],\"inLanguage\":\"es\"},{\"@type\":\"WebPage\",\"@id\":\"https:\\\/\\\/cfpmaresme.org\\\/es\\\/el-cfp-recibe-una-de-las-ayudas-sociales-y-culturales-de-la-fundacion-iluro-de-este-ano\\\/\",\"url\":\"https:\\\/\\\/cfpmaresme.org\\\/es\\\/el-cfp-recibe-una-de-las-ayudas-sociales-y-culturales-de-la-fundacion-iluro-de-este-ano\\\/\",\"name\":\"El CFP recibe una de las ayudas sociales y culturales de la Fundaci\u00f3n Iluro de este a\u00f1o | CFP Maresme\",\"isPartOf\":{\"@id\":\"https:\\\/\\\/cfpmaresme.org\\\/#website\"},\"primaryImageOfPage\":{\"@id\":\"https:\\\/\\\/cfpmaresme.org\\\/es\\\/el-cfp-recibe-una-de-las-ayudas-sociales-y-culturales-de-la-fundacion-iluro-de-este-ano\\\/#primaryimage\"},\"image\":{\"@id\":\"https:\\\/\\\/cfpmaresme.org\\\/es\\\/el-cfp-recibe-una-de-las-ayudas-sociales-y-culturales-de-la-fundacion-iluro-de-este-ano\\\/#primaryimage\"},\"thumbnailUrl\":\"https:\\\/\\\/cfpmaresme.org\\\/wp-content\\\/uploads\\\/2019\\\/01\\\/2018-07-24.jpg\",\"datePublished\":\"2018-07-24T12:00:15+00:00\",\"dateModified\":\"2021-08-03T12:07:40+00:00\",\"author\":{\"@id\":\"https:\\\/\\\/cfpmaresme.org\\\/#\\\/schema\\\/person\\\/b2634bcd796fafc667ea4055f61b9b2c\"},\"breadcrumb\":{\"@id\":\"https:\\\/\\\/cfpmaresme.org\\\/es\\\/el-cfp-recibe-una-de-las-ayudas-sociales-y-culturales-de-la-fundacion-iluro-de-este-ano\\\/#breadcrumb\"},\"inLanguage\":\"es\",\"potentialAction\":[{\"@type\":\"ReadAction\",\"target\":[\"https:\\\/\\\/cfpmaresme.org\\\/es\\\/el-cfp-recibe-una-de-las-ayudas-sociales-y-culturales-de-la-fundacion-iluro-de-este-ano\\\/\"]}]},{\"@type\":\"ImageObject\",\"inLanguage\":\"es\",\"@id\":\"https:\\\/\\\/cfpmaresme.org\\\/es\\\/el-cfp-recibe-una-de-las-ayudas-sociales-y-culturales-de-la-fundacion-iluro-de-este-ano\\\/#primaryimage\",\"url\":\"https:\\\/\\\/cfpmaresme.org\\\/wp-content\\\/uploads\\\/2019\\\/01\\\/2018-07-24.jpg\",\"contentUrl\":\"https:\\\/\\\/cfpmaresme.org\\\/wp-content\\\/uploads\\\/2019\\\/01\\\/2018-07-24.jpg\",\"width\":584,\"height\":329},{\"@type\":\"BreadcrumbList\",\"@id\":\"https:\\\/\\\/cfpmaresme.org\\\/es\\\/el-cfp-recibe-una-de-las-ayudas-sociales-y-culturales-de-la-fundacion-iluro-de-este-ano\\\/#breadcrumb\",\"itemListElement\":[{\"@type\":\"ListItem\",\"position\":1,\"name\":\"Home\",\"item\":\"https:\\\/\\\/cfpmaresme.org\\\/es\\\/\"},{\"@type\":\"ListItem\",\"position\":2,\"name\":\"El CFP recibe una de las ayudas sociales y culturales de la Fundaci\u00f3n Iluro de este a\u00f1o\"}]},{\"@type\":\"WebSite\",\"@id\":\"https:\\\/\\\/cfpmaresme.org\\\/#website\",\"url\":\"https:\\\/\\\/cfpmaresme.org\\\/\",\"name\":\"CFP Maresme\",\"description\":\"Centre Formaci\u00f3 Prevenci\u00f3\",\"potentialAction\":[{\"@type\":\"SearchAction\",\"target\":{\"@type\":\"EntryPoint\",\"urlTemplate\":\"https:\\\/\\\/cfpmaresme.org\\\/?s={search_term_string}\"},\"query-input\":{\"@type\":\"PropertyValueSpecification\",\"valueRequired\":true,\"valueName\":\"search_term_string\"}}],\"inLanguage\":\"es\"},{\"@type\":\"Person\",\"@id\":\"https:\\\/\\\/cfpmaresme.org\\\/#\\\/schema\\\/person\\\/b2634bcd796fafc667ea4055f61b9b2c\",\"name\":\"CFPMaresme\"}]}<\/script>\n<!-- \/ Yoast SEO plugin. -->","yoast_head_json":{"title":"El CFP recibe una de las ayudas sociales y culturales de la Fundaci\u00f3n Iluro de este a\u00f1o | CFP Maresme","robots":{"index":"index","follow":"follow","max-snippet":"max-snippet:-1","max-image-preview":"max-image-preview:large","max-video-preview":"max-video-preview:-1"},"canonical":"https:\/\/cfpmaresme.org\/es\/el-cfp-recibe-una-de-las-ayudas-sociales-y-culturales-de-la-fundacion-iluro-de-este-ano\/","og_locale":"es_ES","og_type":"article","og_title":"El CFP recibe una de las ayudas sociales y culturales de la Fundaci\u00f3n Iluro de este a\u00f1o | CFP Maresme","og_description":"La Casa Coll i Reg\u00e0s fue el escenario del libramiento de ayudas sociales y culturales que la Fundaci\u00f3 Iluro otorga este a\u00f1o. El CFP fue una de l as 7 entidades que recibir\u00e1n su aportaci\u00f3n econ\u00f3mica\u00a0 &nbsp; El CFP ha sido una de las 7...","og_url":"https:\/\/cfpmaresme.org\/es\/el-cfp-recibe-una-de-las-ayudas-sociales-y-culturales-de-la-fundacion-iluro-de-este-ano\/","og_site_name":"CFP Maresme","article_published_time":"2018-07-24T12:00:15+00:00","article_modified_time":"2021-08-03T12:07:40+00:00","og_image":[{"width":584,"height":329,"url":"https:\/\/cfpmaresme.org\/wp-content\/uploads\/2019\/01\/2018-07-24.jpg","type":"image\/jpeg"}],"author":"CFPMaresme","twitter_card":"summary_large_image","twitter_creator":"@cfpmaresme","twitter_site":"@cfpmaresme","twitter_misc":{"Escrito por":"CFPMaresme","Tiempo de lectura":"1 minuto"},"schema":{"@context":"https:\/\/schema.org","@graph":[{"@type":"Article","@id":"https:\/\/cfpmaresme.org\/es\/el-cfp-recibe-una-de-las-ayudas-sociales-y-culturales-de-la-fundacion-iluro-de-este-ano\/#article","isPartOf":{"@id":"https:\/\/cfpmaresme.org\/es\/el-cfp-recibe-una-de-las-ayudas-sociales-y-culturales-de-la-fundacion-iluro-de-este-ano\/"},"author":{"name":"CFPMaresme","@id":"https:\/\/cfpmaresme.org\/#\/schema\/person\/b2634bcd796fafc667ea4055f61b9b2c"},"headline":"El CFP recibe una de las ayudas sociales y culturales de la Fundaci\u00f3n Iluro de este a\u00f1o","datePublished":"2018-07-24T12:00:15+00:00","dateModified":"2021-08-03T12:07:40+00:00","mainEntityOfPage":{"@id":"https:\/\/cfpmaresme.org\/es\/el-cfp-recibe-una-de-las-ayudas-sociales-y-culturales-de-la-fundacion-iluro-de-este-ano\/"},"wordCount":227,"commentCount":0,"image":{"@id":"https:\/\/cfpmaresme.org\/es\/el-cfp-recibe-una-de-las-ayudas-sociales-y-culturales-de-la-fundacion-iluro-de-este-ano\/#primaryimage"},"thumbnailUrl":"https:\/\/cfpmaresme.org\/wp-content\/uploads\/2019\/01\/2018-07-24.jpg","keywords":["caritas","cultural","fundaci\u00f3","iluro","integraci\u00f3","sant","santes","social"],"articleSection":["CFP Maresme"],"inLanguage":"es"},{"@type":"WebPage","@id":"https:\/\/cfpmaresme.org\/es\/el-cfp-recibe-una-de-las-ayudas-sociales-y-culturales-de-la-fundacion-iluro-de-este-ano\/","url":"https:\/\/cfpmaresme.org\/es\/el-cfp-recibe-una-de-las-ayudas-sociales-y-culturales-de-la-fundacion-iluro-de-este-ano\/","name":"El CFP recibe una de las ayudas sociales y culturales de la Fundaci\u00f3n Iluro de este a\u00f1o | CFP Maresme","isPartOf":{"@id":"https:\/\/cfpmaresme.org\/#website"},"primaryImageOfPage":{"@id":"https:\/\/cfpmaresme.org\/es\/el-cfp-recibe-una-de-las-ayudas-sociales-y-culturales-de-la-fundacion-iluro-de-este-ano\/#primaryimage"},"image":{"@id":"https:\/\/cfpmaresme.org\/es\/el-cfp-recibe-una-de-las-ayudas-sociales-y-culturales-de-la-fundacion-iluro-de-este-ano\/#primaryimage"},"thumbnailUrl":"https:\/\/cfpmaresme.org\/wp-content\/uploads\/2019\/01\/2018-07-24.jpg","datePublished":"2018-07-24T12:00:15+00:00","dateModified":"2021-08-03T12:07:40+00:00","author":{"@id":"https:\/\/cfpmaresme.org\/#\/schema\/person\/b2634bcd796fafc667ea4055f61b9b2c"},"breadcrumb":{"@id":"https:\/\/cfpmaresme.org\/es\/el-cfp-recibe-una-de-las-ayudas-sociales-y-culturales-de-la-fundacion-iluro-de-este-ano\/#breadcrumb"},"inLanguage":"es","potentialAction":[{"@type":"ReadAction","target":["https:\/\/cfpmaresme.org\/es\/el-cfp-recibe-una-de-las-ayudas-sociales-y-culturales-de-la-fundacion-iluro-de-este-ano\/"]}]},{"@type":"ImageObject","inLanguage":"es","@id":"https:\/\/cfpmaresme.org\/es\/el-cfp-recibe-una-de-las-ayudas-sociales-y-culturales-de-la-fundacion-iluro-de-este-ano\/#primaryimage","url":"https:\/\/cfpmaresme.org\/wp-content\/uploads\/2019\/01\/2018-07-24.jpg","contentUrl":"https:\/\/cfpmaresme.org\/wp-content\/uploads\/2019\/01\/2018-07-24.jpg","width":584,"height":329},{"@type":"BreadcrumbList","@id":"https:\/\/cfpmaresme.org\/es\/el-cfp-recibe-una-de-las-ayudas-sociales-y-culturales-de-la-fundacion-iluro-de-este-ano\/#breadcrumb","itemListElement":[{"@type":"ListItem","position":1,"name":"Home","item":"https:\/\/cfpmaresme.org\/es\/"},{"@type":"ListItem","position":2,"name":"El CFP recibe una de las ayudas sociales y culturales de la Fundaci\u00f3n Iluro de este a\u00f1o"}]},{"@type":"WebSite","@id":"https:\/\/cfpmaresme.org\/#website","url":"https:\/\/cfpmaresme.org\/","name":"CFP Maresme","description":"Centre Formaci\u00f3 Prevenci\u00f3","potentialAction":[{"@type":"SearchAction","target":{"@type":"EntryPoint","urlTemplate":"https:\/\/cfpmaresme.org\/?s={search_term_string}"},"query-input":{"@type":"PropertyValueSpecification","valueRequired":true,"valueName":"search_term_string"}}],"inLanguage":"es"},{"@type":"Person","@id":"https:\/\/cfpmaresme.org\/#\/schema\/person\/b2634bcd796fafc667ea4055f61b9b2c","name":"CFPMaresme"}]}},"_links":{"self":[{"href":"https:\/\/cfpmaresme.org\/es\/wp-json\/wp\/v2\/posts\/26068","targetHints":{"allow":["GET"]}}],"collection":[{"href":"https:\/\/cfpmaresme.org\/es\/wp-json\/wp\/v2\/posts"}],"about":[{"href":"https:\/\/cfpmaresme.org\/es\/wp-json\/wp\/v2\/types\/post"}],"author":[{"embeddable":true,"href":"https:\/\/cfpmaresme.org\/es\/wp-json\/wp\/v2\/users\/2"}],"replies":[{"embeddable":true,"href":"https:\/\/cfpmaresme.org\/es\/wp-json\/wp\/v2\/comments?post=26068"}],"version-history":[{"count":3,"href":"https:\/\/cfpmaresme.org\/es\/wp-json\/wp\/v2\/posts\/26068\/revisions"}],"predecessor-version":[{"id":26071,"href":"https:\/\/cfpmaresme.org\/es\/wp-json\/wp\/v2\/posts\/26068\/revisions\/26071"}],"wp:featuredmedia":[{"embeddable":true,"href":"https:\/\/cfpmaresme.org\/es\/wp-json\/wp\/v2\/media\/17220"}],"wp:attachment":[{"href":"https:\/\/cfpmaresme.org\/es\/wp-json\/wp\/v2\/media?parent=26068"}],"wp:term":[{"taxonomy":"category","embeddable":true,"href":"https:\/\/cfpmaresme.org\/es\/wp-json\/wp\/v2\/categories?post=26068"},{"taxonomy":"post_tag","embeddable":true,"href":"https:\/\/cfpmaresme.org\/es\/wp-json\/wp\/v2\/tags?post=26068"}],"curies":[{"name":"wp","href":"https:\/\/api.w.org\/{rel}","templated":true}]}}